{"id":109038,"date":"2023-06-19T18:56:54","date_gmt":"2023-06-19T16:56:54","guid":{"rendered":"https:\/\/batijournal.com\/?p=109038"},"modified":"2023-06-19T18:56:54","modified_gmt":"2023-06-19T16:56:54","slug":"du-23-au-25-juin-journees-du-patrimoine-de-pays-et-des-moulins","status":"publish","type":"post","link":"https:\/\/batijournal.com\/index.php\/du-23-au-25-juin-journees-du-patrimoine-de-pays-et-des-moulins\/109038\/","title":{"rendered":"Du 23 au 25 juin : journ\u00e9es du patrimoine de pays et des moulins"},"content":{"rendered":"<p>Pour la premi\u00e8re fois cette ann\u00e9e, les journ\u00e9es du patrimoine de pays et des moulins se d\u00e9rouleront sur 3 jours afin de permettre aux scolaires de prendre part \u00e0 cette f\u00eate en s&rsquo;appropriant, d\u00e8s le plus jeune \u00e2ge, leur patrimoine local. Le patrimoine de pays est avant toute chose un patrimoine local : ses mat\u00e9riaux sont ceux de son territoire, sa forme est toujours adapt\u00e9e aux conditions de vie des habitants. Il est donc par nature vernaculaire, c\u2019est-\u00e0-dire propre \u00e0 un pays et \u00e0 ses habitants. \u00c0 l\u2019initiative de la F\u00e9d\u00e9ration Patrimoine-Environnement depuis 25 ans, les Journ\u00e9es du Patrimoine de Pays et des Moulins valorisent ce patrimoine, tentent d\u2019apporter un autre regard sur cet h\u00e9ritage et permettent une prise de conscience de ses richesses. Pr\u00e8s de 100 000 visiteurs participent chaque ann\u00e9e aux 1 000 animations propos\u00e9es partout en France : visites de sites, randonn\u00e9es, circuits de d\u00e9couverte, d\u00e9monstrations de savoir-faire, conf\u00e9rences, animations jeune public, sont organis\u00e9s. Ces animations sont \u00e0 l\u2019initiative d\u2019associations, de particuliers, d\u2019offices de tourisme ou encore de collectivit\u00e9s. Du 23 au 25 juin 2023.<\/p>\n<p>www.patrimoinedepays-moulins.org<\/p>\n<p>&nbsp;<\/p>\n","protected":false},"excerpt":{"rendered":"<p>Pour la premi\u00e8re fois cette ann\u00e9e, les journ\u00e9es du patrimoine de pays et des moulins se d\u00e9rouleront sur 3 jours afin de permettre aux scolaires de prendre part \u00e0 cette f\u00eate en s&rsquo;appropriant, d\u00e8s le plus jeune \u00e2ge, leur patrimoine local. Le patrimoine de pays est avant toute chose un patrimoine local : ses mat\u00e9riaux [&hellip;]<\/p>\n","protected":false},"author":17,"featured_media":109039,"comment_status":"closed","ping_status":"closed","sticky":false,"template":"","format":"standard","meta":{"_et_pb_use_builder":"","_et_pb_old_content":"","_et_gb_content_width":"","footnotes":""},"categories":[10530,6362,10789,10785],"tags":[9557],"class_list":["post-109038","post","type-post","status-publish","format-standard","has-post-thumbnail","hentry","category-actualites","category-services-equipements","category-publications-atrium","category-atrium","tag-journee-du-patrimoine-de-pays-et-des-moulins"],"yoast_head":"<!-- This site is optimized with the Yoast SEO plugin v27.4 - https:\/\/yoast.com\/product\/yoast-seo-wordpress\/ -->\n<title>Du 23 au 25 juin : journ\u00e9es du patrimoine de pays et des moulins<\/title>\n<meta name=\"robots\" content=\"index, follow, max-snippet:-1, max-image-preview:large, max-video-preview:-1\" \/>\n<link rel=\"canonical\" href=\"https:\/\/batijournal.com\/index.php\/du-23-au-25-juin-journees-du-patrimoine-de-pays-et-des-moulins\/109038\/\" \/>\n<meta property=\"og:locale\" content=\"fr_FR\" \/>\n<meta property=\"og:type\" content=\"article\" \/>\n<meta property=\"og:title\" content=\"Du 23 au 25 juin : journ\u00e9es du patrimoine de pays et des moulins\" \/>\n<meta property=\"og:description\" content=\"Pour la premi\u00e8re fois cette ann\u00e9e, les journ\u00e9es du patrimoine de pays et des moulins se d\u00e9rouleront sur 3 jours afin de permettre aux scolaires de prendre part \u00e0 cette f\u00eate en s&rsquo;appropriant, d\u00e8s le plus jeune \u00e2ge, leur patrimoine local. Le patrimoine de pays est avant toute chose un patrimoine local : ses mat\u00e9riaux [&hellip;]\" \/>\n<meta property=\"og:url\" content=\"https:\/\/batijournal.com\/index.php\/du-23-au-25-juin-journees-du-patrimoine-de-pays-et-des-moulins\/109038\/\" \/>\n<meta property=\"og:site_name\" content=\"Batijournal\" \/>\n<meta property=\"article:published_time\" content=\"2023-06-19T16:56:54+00:00\" \/>\n<meta property=\"og:image\" content=\"https:\/\/batijournal.com\/wp-content\/uploads\/2023\/06\/JPPM_2023_Affiche-carre_leger.jpg\" \/>\n\t<meta property=\"og:image:width\" content=\"1900\" \/>\n\t<meta property=\"og:image:height\" content=\"1900\" \/>\n\t<meta property=\"og:image:type\" content=\"image\/jpeg\" \/>\n<meta name=\"author\" content=\"St\u00e9phane Miget\" \/>\n<meta name=\"twitter:card\" content=\"summary_large_image\" \/>\n<meta name=\"twitter:creator\" content=\"@bati_journal\" \/>\n<meta name=\"twitter:site\" content=\"@bati_journal\" \/>\n<meta name=\"twitter:label1\" content=\"\u00c9crit par\" \/>\n\t<meta name=\"twitter:data1\" content=\"St\u00e9phane Miget\" \/>\n\t<meta name=\"twitter:label2\" content=\"Dur\u00e9e de lecture estim\u00e9e\" \/>\n\t<meta name=\"twitter:data2\" content=\"1 minute\" \/>\n<script type=\"application\/ld+json\" class=\"yoast-schema-graph\">{\"@context\":\"https:\\\/\\\/schema.org\",\"@graph\":[{\"@type\":\"Article\",\"@id\":\"https:\\\/\\\/batijournal.com\\\/index.php\\\/du-23-au-25-juin-journees-du-patrimoine-de-pays-et-des-moulins\\\/109038\\\/#article\",\"isPartOf\":{\"@id\":\"https:\\\/\\\/batijournal.com\\\/index.php\\\/du-23-au-25-juin-journees-du-patrimoine-de-pays-et-des-moulins\\\/109038\\\/\"},\"author\":{\"name\":\"St\u00e9phane Miget\",\"@id\":\"https:\\\/\\\/batijournal.com\\\/#\\\/schema\\\/person\\\/1dc96ec6957aa1ccb25ebe78bb19f100\"},\"headline\":\"Du 23 au 25 juin : journ\u00e9es du patrimoine de pays et des moulins\",\"datePublished\":\"2023-06-19T16:56:54+00:00\",\"mainEntityOfPage\":{\"@id\":\"https:\\\/\\\/batijournal.com\\\/index.php\\\/du-23-au-25-juin-journees-du-patrimoine-de-pays-et-des-moulins\\\/109038\\\/\"},\"wordCount\":207,\"image\":{\"@id\":\"https:\\\/\\\/batijournal.com\\\/index.php\\\/du-23-au-25-juin-journees-du-patrimoine-de-pays-et-des-moulins\\\/109038\\\/#primaryimage\"},\"thumbnailUrl\":\"https:\\\/\\\/batijournal.com\\\/wp-content\\\/uploads\\\/2023\\\/06\\\/JPPM_2023_Affiche-carre_leger.jpg\",\"keywords\":[\"journee du patrimoine de pays et des moulins\"],\"articleSection\":[\"Actualit\u00e9s\",\"Divers\",\"zz_Actualit\u00e9s - Atrium\",\"zz_Atrium Patrimoine\"],\"inLanguage\":\"fr-FR\"},{\"@type\":\"WebPage\",\"@id\":\"https:\\\/\\\/batijournal.com\\\/index.php\\\/du-23-au-25-juin-journees-du-patrimoine-de-pays-et-des-moulins\\\/109038\\\/\",\"url\":\"https:\\\/\\\/batijournal.com\\\/index.php\\\/du-23-au-25-juin-journees-du-patrimoine-de-pays-et-des-moulins\\\/109038\\\/\",\"name\":\"Du 23 au 25 juin : journ\u00e9es du patrimoine de pays et des moulins\",\"isPartOf\":{\"@id\":\"https:\\\/\\\/batijournal.com\\\/#website\"},\"primaryImageOfPage\":{\"@id\":\"https:\\\/\\\/batijournal.com\\\/index.php\\\/du-23-au-25-juin-journees-du-patrimoine-de-pays-et-des-moulins\\\/109038\\\/#primaryimage\"},\"image\":{\"@id\":\"https:\\\/\\\/batijournal.com\\\/index.php\\\/du-23-au-25-juin-journees-du-patrimoine-de-pays-et-des-moulins\\\/109038\\\/#primaryimage\"},\"thumbnailUrl\":\"https:\\\/\\\/batijournal.com\\\/wp-content\\\/uploads\\\/2023\\\/06\\\/JPPM_2023_Affiche-carre_leger.jpg\",\"datePublished\":\"2023-06-19T16:56:54+00:00\",\"author\":{\"@id\":\"https:\\\/\\\/batijournal.com\\\/#\\\/schema\\\/person\\\/1dc96ec6957aa1ccb25ebe78bb19f100\"},\"breadcrumb\":{\"@id\":\"https:\\\/\\\/batijournal.com\\\/index.php\\\/du-23-au-25-juin-journees-du-patrimoine-de-pays-et-des-moulins\\\/109038\\\/#breadcrumb\"},\"inLanguage\":\"fr-FR\",\"potentialAction\":[{\"@type\":\"ReadAction\",\"target\":[\"https:\\\/\\\/batijournal.com\\\/index.php\\\/du-23-au-25-juin-journees-du-patrimoine-de-pays-et-des-moulins\\\/109038\\\/\"]}]},{\"@type\":\"ImageObject\",\"inLanguage\":\"fr-FR\",\"@id\":\"https:\\\/\\\/batijournal.com\\\/index.php\\\/du-23-au-25-juin-journees-du-patrimoine-de-pays-et-des-moulins\\\/109038\\\/#primaryimage\",\"url\":\"https:\\\/\\\/batijournal.com\\\/wp-content\\\/uploads\\\/2023\\\/06\\\/JPPM_2023_Affiche-carre_leger.jpg\",\"contentUrl\":\"https:\\\/\\\/batijournal.com\\\/wp-content\\\/uploads\\\/2023\\\/06\\\/JPPM_2023_Affiche-carre_leger.jpg\",\"width\":1900,\"height\":1900},{\"@type\":\"BreadcrumbList\",\"@id\":\"https:\\\/\\\/batijournal.com\\\/index.php\\\/du-23-au-25-juin-journees-du-patrimoine-de-pays-et-des-moulins\\\/109038\\\/#breadcrumb\",\"itemListElement\":[{\"@type\":\"ListItem\",\"position\":1,\"name\":\"Accueil\",\"item\":\"https:\\\/\\\/batijournal.com\\\/\"},{\"@type\":\"ListItem\",\"position\":2,\"name\":\"Actualit\u00e9s\",\"item\":\"https:\\\/\\\/batijournal.com\\\/index.php\\\/category\\\/actualites\\\/\"},{\"@type\":\"ListItem\",\"position\":3,\"name\":\"Du 23 au 25 juin : journ\u00e9es du patrimoine de pays et des moulins\"}]},{\"@type\":\"WebSite\",\"@id\":\"https:\\\/\\\/batijournal.com\\\/#website\",\"url\":\"https:\\\/\\\/batijournal.com\\\/\",\"name\":\"Batijournal\",\"description\":\"L&#039;actualit\u00e9 du b\u00e2timent\",\"potentialAction\":[{\"@type\":\"SearchAction\",\"target\":{\"@type\":\"EntryPoint\",\"urlTemplate\":\"https:\\\/\\\/batijournal.com\\\/?s={search_term_string}\"},\"query-input\":{\"@type\":\"PropertyValueSpecification\",\"valueRequired\":true,\"valueName\":\"search_term_string\"}}],\"inLanguage\":\"fr-FR\"},{\"@type\":\"Person\",\"@id\":\"https:\\\/\\\/batijournal.com\\\/#\\\/schema\\\/person\\\/1dc96ec6957aa1ccb25ebe78bb19f100\",\"name\":\"St\u00e9phane Miget\",\"image\":{\"@type\":\"ImageObject\",\"inLanguage\":\"fr-FR\",\"@id\":\"https:\\\/\\\/secure.gravatar.com\\\/avatar\\\/89915563d925342126b8ef0281b93d9d7fc337043e8df017f780908eb9644451?s=96&d=mm&r=g\",\"url\":\"https:\\\/\\\/secure.gravatar.com\\\/avatar\\\/89915563d925342126b8ef0281b93d9d7fc337043e8df017f780908eb9644451?s=96&d=mm&r=g\",\"contentUrl\":\"https:\\\/\\\/secure.gravatar.com\\\/avatar\\\/89915563d925342126b8ef0281b93d9d7fc337043e8df017f780908eb9644451?s=96&d=mm&r=g\",\"caption\":\"St\u00e9phane Miget\"},\"url\":\"https:\\\/\\\/batijournal.com\\\/index.php\\\/author\\\/stephane\\\/\"}]}<\/script>\n<!-- \/ Yoast SEO plugin. -->","yoast_head_json":{"title":"Du 23 au 25 juin : journ\u00e9es du patrimoine de pays et des moulins","robots":{"index":"index","follow":"follow","max-snippet":"max-snippet:-1","max-image-preview":"max-image-preview:large","max-video-preview":"max-video-preview:-1"},"canonical":"https:\/\/batijournal.com\/index.php\/du-23-au-25-juin-journees-du-patrimoine-de-pays-et-des-moulins\/109038\/","og_locale":"fr_FR","og_type":"article","og_title":"Du 23 au 25 juin : journ\u00e9es du patrimoine de pays et des moulins","og_description":"Pour la premi\u00e8re fois cette ann\u00e9e, les journ\u00e9es du patrimoine de pays et des moulins se d\u00e9rouleront sur 3 jours afin de permettre aux scolaires de prendre part \u00e0 cette f\u00eate en s&rsquo;appropriant, d\u00e8s le plus jeune \u00e2ge, leur patrimoine local. Le patrimoine de pays est avant toute chose un patrimoine local : ses mat\u00e9riaux [&hellip;]","og_url":"https:\/\/batijournal.com\/index.php\/du-23-au-25-juin-journees-du-patrimoine-de-pays-et-des-moulins\/109038\/","og_site_name":"Batijournal","article_published_time":"2023-06-19T16:56:54+00:00","og_image":[{"width":1900,"height":1900,"url":"https:\/\/batijournal.com\/wp-content\/uploads\/2023\/06\/JPPM_2023_Affiche-carre_leger.jpg","type":"image\/jpeg"}],"author":"St\u00e9phane Miget","twitter_card":"summary_large_image","twitter_creator":"@bati_journal","twitter_site":"@bati_journal","twitter_misc":{"\u00c9crit par":"St\u00e9phane Miget","Dur\u00e9e de lecture estim\u00e9e":"1 minute"},"schema":{"@context":"https:\/\/schema.org","@graph":[{"@type":"Article","@id":"https:\/\/batijournal.com\/index.php\/du-23-au-25-juin-journees-du-patrimoine-de-pays-et-des-moulins\/109038\/#article","isPartOf":{"@id":"https:\/\/batijournal.com\/index.php\/du-23-au-25-juin-journees-du-patrimoine-de-pays-et-des-moulins\/109038\/"},"author":{"name":"St\u00e9phane Miget","@id":"https:\/\/batijournal.com\/#\/schema\/person\/1dc96ec6957aa1ccb25ebe78bb19f100"},"headline":"Du 23 au 25 juin : journ\u00e9es du patrimoine de pays et des moulins","datePublished":"2023-06-19T16:56:54+00:00","mainEntityOfPage":{"@id":"https:\/\/batijournal.com\/index.php\/du-23-au-25-juin-journees-du-patrimoine-de-pays-et-des-moulins\/109038\/"},"wordCount":207,"image":{"@id":"https:\/\/batijournal.com\/index.php\/du-23-au-25-juin-journees-du-patrimoine-de-pays-et-des-moulins\/109038\/#primaryimage"},"thumbnailUrl":"https:\/\/batijournal.com\/wp-content\/uploads\/2023\/06\/JPPM_2023_Affiche-carre_leger.jpg","keywords":["journee du patrimoine de pays et des moulins"],"articleSection":["Actualit\u00e9s","Divers","zz_Actualit\u00e9s - Atrium","zz_Atrium Patrimoine"],"inLanguage":"fr-FR"},{"@type":"WebPage","@id":"https:\/\/batijournal.com\/index.php\/du-23-au-25-juin-journees-du-patrimoine-de-pays-et-des-moulins\/109038\/","url":"https:\/\/batijournal.com\/index.php\/du-23-au-25-juin-journees-du-patrimoine-de-pays-et-des-moulins\/109038\/","name":"Du 23 au 25 juin : journ\u00e9es du patrimoine de pays et des moulins","isPartOf":{"@id":"https:\/\/batijournal.com\/#website"},"primaryImageOfPage":{"@id":"https:\/\/batijournal.com\/index.php\/du-23-au-25-juin-journees-du-patrimoine-de-pays-et-des-moulins\/109038\/#primaryimage"},"image":{"@id":"https:\/\/batijournal.com\/index.php\/du-23-au-25-juin-journees-du-patrimoine-de-pays-et-des-moulins\/109038\/#primaryimage"},"thumbnailUrl":"https:\/\/batijournal.com\/wp-content\/uploads\/2023\/06\/JPPM_2023_Affiche-carre_leger.jpg","datePublished":"2023-06-19T16:56:54+00:00","author":{"@id":"https:\/\/batijournal.com\/#\/schema\/person\/1dc96ec6957aa1ccb25ebe78bb19f100"},"breadcrumb":{"@id":"https:\/\/batijournal.com\/index.php\/du-23-au-25-juin-journees-du-patrimoine-de-pays-et-des-moulins\/109038\/#breadcrumb"},"inLanguage":"fr-FR","potentialAction":[{"@type":"ReadAction","target":["https:\/\/batijournal.com\/index.php\/du-23-au-25-juin-journees-du-patrimoine-de-pays-et-des-moulins\/109038\/"]}]},{"@type":"ImageObject","inLanguage":"fr-FR","@id":"https:\/\/batijournal.com\/index.php\/du-23-au-25-juin-journees-du-patrimoine-de-pays-et-des-moulins\/109038\/#primaryimage","url":"https:\/\/batijournal.com\/wp-content\/uploads\/2023\/06\/JPPM_2023_Affiche-carre_leger.jpg","contentUrl":"https:\/\/batijournal.com\/wp-content\/uploads\/2023\/06\/JPPM_2023_Affiche-carre_leger.jpg","width":1900,"height":1900},{"@type":"BreadcrumbList","@id":"https:\/\/batijournal.com\/index.php\/du-23-au-25-juin-journees-du-patrimoine-de-pays-et-des-moulins\/109038\/#breadcrumb","itemListElement":[{"@type":"ListItem","position":1,"name":"Accueil","item":"https:\/\/batijournal.com\/"},{"@type":"ListItem","position":2,"name":"Actualit\u00e9s","item":"https:\/\/batijournal.com\/index.php\/category\/actualites\/"},{"@type":"ListItem","position":3,"name":"Du 23 au 25 juin : journ\u00e9es du patrimoine de pays et des moulins"}]},{"@type":"WebSite","@id":"https:\/\/batijournal.com\/#website","url":"https:\/\/batijournal.com\/","name":"Batijournal","description":"L&#039;actualit\u00e9 du b\u00e2timent","potentialAction":[{"@type":"SearchAction","target":{"@type":"EntryPoint","urlTemplate":"https:\/\/batijournal.com\/?s={search_term_string}"},"query-input":{"@type":"PropertyValueSpecification","valueRequired":true,"valueName":"search_term_string"}}],"inLanguage":"fr-FR"},{"@type":"Person","@id":"https:\/\/batijournal.com\/#\/schema\/person\/1dc96ec6957aa1ccb25ebe78bb19f100","name":"St\u00e9phane Miget","image":{"@type":"ImageObject","inLanguage":"fr-FR","@id":"https:\/\/secure.gravatar.com\/avatar\/89915563d925342126b8ef0281b93d9d7fc337043e8df017f780908eb9644451?s=96&d=mm&r=g","url":"https:\/\/secure.gravatar.com\/avatar\/89915563d925342126b8ef0281b93d9d7fc337043e8df017f780908eb9644451?s=96&d=mm&r=g","contentUrl":"https:\/\/secure.gravatar.com\/avatar\/89915563d925342126b8ef0281b93d9d7fc337043e8df017f780908eb9644451?s=96&d=mm&r=g","caption":"St\u00e9phane Miget"},"url":"https:\/\/batijournal.com\/index.php\/author\/stephane\/"}]}},"_links":{"self":[{"href":"https:\/\/batijournal.com\/index.php\/wp-json\/wp\/v2\/posts\/109038","targetHints":{"allow":["GET"]}}],"collection":[{"href":"https:\/\/batijournal.com\/index.php\/wp-json\/wp\/v2\/posts"}],"about":[{"href":"https:\/\/batijournal.com\/index.php\/wp-json\/wp\/v2\/types\/post"}],"author":[{"embeddable":true,"href":"https:\/\/batijournal.com\/index.php\/wp-json\/wp\/v2\/users\/17"}],"replies":[{"embeddable":true,"href":"https:\/\/batijournal.com\/index.php\/wp-json\/wp\/v2\/comments?post=109038"}],"version-history":[{"count":0,"href":"https:\/\/batijournal.com\/index.php\/wp-json\/wp\/v2\/posts\/109038\/revisions"}],"wp:featuredmedia":[{"embeddable":true,"href":"https:\/\/batijournal.com\/index.php\/wp-json\/wp\/v2\/media\/109039"}],"wp:attachment":[{"href":"https:\/\/batijournal.com\/index.php\/wp-json\/wp\/v2\/media?parent=109038"}],"wp:term":[{"taxonomy":"category","embeddable":true,"href":"https:\/\/batijournal.com\/index.php\/wp-json\/wp\/v2\/categories?post=109038"},{"taxonomy":"post_tag","embeddable":true,"href":"https:\/\/batijournal.com\/index.php\/wp-json\/wp\/v2\/tags?post=109038"}],"curies":[{"name":"wp","href":"https:\/\/api.w.org\/{rel}","templated":true}]}}