{"id":109048,"date":"2023-06-21T21:20:22","date_gmt":"2023-06-21T19:20:22","guid":{"rendered":"https:\/\/batijournal.com\/?p=109048"},"modified":"2023-06-21T21:20:22","modified_gmt":"2023-06-21T19:20:22","slug":"menhirs-detruits-de-carnac-7-ans-pour-oublier-la-fouille-preventive-prescrite","status":"publish","type":"post","link":"https:\/\/batijournal.com\/index.php\/menhirs-detruits-de-carnac-7-ans-pour-oublier-la-fouille-preventive-prescrite\/109048\/","title":{"rendered":"Menhirs d\u00e9truits de Carnac, 7 ans pour oublier la fouille pr\u00e9ventive prescrite"},"content":{"rendered":"<p>D\u00e9but avril 2023, la construction d&rsquo;un magasin de bricolage a d\u00e9but\u00e9 \u00e0 Carnac. Le permis de construire ayant \u00e9t\u00e9 d\u00e9livr\u00e9 par la municipalit\u00e9 en 2022. Christian Obeltz, arch\u00e9ologue amateur, a d\u00e9nonc\u00e9, d\u00e9but juin 2023, dans les colonnes de l&rsquo; association \u00ab\u00a0Sites et Monuments\u00a0\u00bb la destruction de 39 menhirs d&rsquo;un site qui \u00e9tait r\u00e9f\u00e9renc\u00e9 depuis 2015 dans la base Patriarche\/Carte arch\u00e9ologique nationale (n\u00b056 034 0240). D\u00e9j\u00e0, en 2014, un projet avort\u00e9 de supermarch\u00e9 avait eu pour obligation la r\u00e9alisation d\u2019un diagnostic arch\u00e9ologique pr\u00e9alable. Cette op\u00e9ration r\u00e9alis\u00e9e par l\u2019INRAP en mars 2015, a consist\u00e9 \u00e0 creuser 8 tranch\u00e9es de 3 m\u00e8tres de large, sur un terrain partiellement encombr\u00e9 de d\u00e9blais, de d\u00e9chets divers et de bosquets. Aucun vestige arch\u00e9ologique n\u2019a alors \u00e9t\u00e9 d\u00e9couvert. En revanche, deux anciennes cl\u00f4tures dissimul\u00e9es dans les taillis construites \u00e0 partir de blocs dress\u00e9s, reli\u00e9s par des murets de pierre s\u00e8che sont apparues. Dans l\u2019une des cl\u00f4tures, les blocs avaient manifestement \u00e9t\u00e9 d\u00e9plac\u00e9s pour construire le muret. L\u2019autre ensemble \u00e9tait plus complexe d&rsquo;interpr\u00e9tation. Les blocs de 0,50 \u00e0 1m\u00e8tre de haut \u00e9taient implant\u00e9s plus profond\u00e9ment dans la terre : \u00ab\u00a0exactement dans leur place d\u2019origine depuis 7000 ans\u00a0\u00bb selon Christian Obeltz. A l&rsquo;\u00e9poque, devant la probable valeur de ces alignements, la DRAC Bretagne avait prescrit une fouille sur 2000 m\u00b2 mais, aucune suite n\u2019avait \u00e9t\u00e9 donn\u00e9e par le ma\u00eetre d\u2019ouvrage puisque le permis de construire pour le supermarch\u00e9 avait \u00e9t\u00e9 refus\u00e9 pour des raisons non li\u00e9es \u00e0 l\u2019arch\u00e9ologie. Lorsqu&rsquo;en 2022, la ville de Carnac a \u00e9t\u00e9 saisie par le m\u00eame propri\u00e9taire d\u2019une nouvelle demande de permis de construire, l&rsquo;architecte des b\u00e2timents de France a rendu un avis favorable. Dans un communiqu\u00e9, la Drac d\u00e9fend cette position et le permis accord\u00e9 \u00ab\u00a0du fait du caract\u00e8re encore incertain et dans tous les cas non majeur des vestiges tels que r\u00e9v\u00e9l\u00e9s par le diagnostic, l\u2019atteinte \u00e0 un site ayant une valeur arch\u00e9ologique n\u2019est pas \u00e9tablie\u00a0\u00bb oubliant la fouille pr\u00e9ventive qui n&rsquo;avait pas pu avoir lieu. Autre argument de poids, le PLU de la commune pr\u00e9voit que la zone du projet est une zone d\u2019activit\u00e9. Pourtant, en 2015, l&rsquo;INRAP disait en conclusion de son rapport qu&rsquo;un \u00ab\u00a0d\u00e9broussaillage partiel avait permis d\u2019identifier une vingtaine de st\u00e8les, agenc\u00e9es en file, pour lesquelles les caract\u00e9ristiques morphologiques et les stigmates observ\u00e9s sur les surfaces sugg\u00e8raient leur origine et pour certaines leur position primaire.\u00a0\u00bb<\/p>\n<p><a href=\"https:\/\/www.sitesetmonuments.org\/carnac-amenagements-brutaux-aux-abords-des-alignements-de-menhirs\">https:\/\/www.sitesetmonuments.org\/carnac-amenagements-brutaux-aux-abords-des-alignements-de-menhirs<\/a><\/p>\n<p>&nbsp;<\/p>\n<p>Photo : un exemple de r\u00e9emploi de menhir &#8211; \u00a0Wikim\u00e9dia &#8211;\u00a0Vassil<\/p>\n","protected":false},"excerpt":{"rendered":"<p>D\u00e9but avril 2023, la construction d&rsquo;un magasin de bricolage a d\u00e9but\u00e9 \u00e0 Carnac. Le permis de construire ayant \u00e9t\u00e9 d\u00e9livr\u00e9 par la municipalit\u00e9 en 2022. Christian Obeltz, arch\u00e9ologue amateur, a d\u00e9nonc\u00e9, d\u00e9but juin 2023, dans les colonnes de l&rsquo; association \u00ab\u00a0Sites et Monuments\u00a0\u00bb la destruction de 39 menhirs d&rsquo;un site qui \u00e9tait r\u00e9f\u00e9renc\u00e9 depuis 2015 [&hellip;]<\/p>\n","protected":false},"author":17,"featured_media":109049,"comment_status":"closed","ping_status":"closed","sticky":false,"template":"","format":"standard","meta":{"_et_pb_use_builder":"","_et_pb_old_content":"","_et_gb_content_width":"","footnotes":""},"categories":[10530,6362,10789,10785],"tags":[12875,6454],"class_list":["post-109048","post","type-post","status-publish","format-standard","has-post-thumbnail","hentry","category-actualites","category-services-equipements","category-publications-atrium","category-atrium","tag-archeologie","tag-inrap"],"yoast_head":"<!-- This site is optimized with the Yoast SEO plugin v27.4 - https:\/\/yoast.com\/product\/yoast-seo-wordpress\/ -->\n<title>Menhirs d\u00e9truits de Carnac, 7 ans pour oublier la fouille pr\u00e9ventive prescrite<\/title>\n<meta name=\"robots\" content=\"index, follow, max-snippet:-1, max-image-preview:large, max-video-preview:-1\" \/>\n<link rel=\"canonical\" href=\"https:\/\/batijournal.com\/index.php\/menhirs-detruits-de-carnac-7-ans-pour-oublier-la-fouille-preventive-prescrite\/109048\/\" \/>\n<meta property=\"og:locale\" content=\"fr_FR\" \/>\n<meta property=\"og:type\" content=\"article\" \/>\n<meta property=\"og:title\" content=\"Menhirs d\u00e9truits de Carnac, 7 ans pour oublier la fouille pr\u00e9ventive prescrite\" \/>\n<meta property=\"og:description\" content=\"D\u00e9but avril 2023, la construction d&rsquo;un magasin de bricolage a d\u00e9but\u00e9 \u00e0 Carnac. Le permis de construire ayant \u00e9t\u00e9 d\u00e9livr\u00e9 par la municipalit\u00e9 en 2022. Christian Obeltz, arch\u00e9ologue amateur, a d\u00e9nonc\u00e9, d\u00e9but juin 2023, dans les colonnes de l&rsquo; association \u00ab\u00a0Sites et Monuments\u00a0\u00bb la destruction de 39 menhirs d&rsquo;un site qui \u00e9tait r\u00e9f\u00e9renc\u00e9 depuis 2015 [&hellip;]\" \/>\n<meta property=\"og:url\" content=\"https:\/\/batijournal.com\/index.php\/menhirs-detruits-de-carnac-7-ans-pour-oublier-la-fouille-preventive-prescrite\/109048\/\" \/>\n<meta property=\"og:site_name\" content=\"Batijournal\" \/>\n<meta property=\"article:published_time\" content=\"2023-06-21T19:20:22+00:00\" \/>\n<meta property=\"og:image\" content=\"https:\/\/batijournal.com\/wp-content\/uploads\/2023\/06\/800px-Carnac_Village_reemploi_1.jpg\" \/>\n\t<meta property=\"og:image:width\" content=\"800\" \/>\n\t<meta property=\"og:image:height\" content=\"506\" \/>\n\t<meta property=\"og:image:type\" content=\"image\/jpeg\" \/>\n<meta name=\"author\" content=\"St\u00e9phane Miget\" \/>\n<meta name=\"twitter:card\" content=\"summary_large_image\" \/>\n<meta name=\"twitter:creator\" content=\"@bati_journal\" \/>\n<meta name=\"twitter:site\" content=\"@bati_journal\" \/>\n<meta name=\"twitter:label1\" content=\"\u00c9crit par\" \/>\n\t<meta name=\"twitter:data1\" content=\"St\u00e9phane Miget\" \/>\n\t<meta name=\"twitter:label2\" content=\"Dur\u00e9e de lecture estim\u00e9e\" \/>\n\t<meta name=\"twitter:data2\" content=\"2 minutes\" \/>\n<script type=\"application\/ld+json\" class=\"yoast-schema-graph\">{\"@context\":\"https:\\\/\\\/schema.org\",\"@graph\":[{\"@type\":\"Article\",\"@id\":\"https:\\\/\\\/batijournal.com\\\/index.php\\\/menhirs-detruits-de-carnac-7-ans-pour-oublier-la-fouille-preventive-prescrite\\\/109048\\\/#article\",\"isPartOf\":{\"@id\":\"https:\\\/\\\/batijournal.com\\\/index.php\\\/menhirs-detruits-de-carnac-7-ans-pour-oublier-la-fouille-preventive-prescrite\\\/109048\\\/\"},\"author\":{\"name\":\"St\u00e9phane Miget\",\"@id\":\"https:\\\/\\\/batijournal.com\\\/#\\\/schema\\\/person\\\/1dc96ec6957aa1ccb25ebe78bb19f100\"},\"headline\":\"Menhirs d\u00e9truits de Carnac, 7 ans pour oublier la fouille pr\u00e9ventive prescrite\",\"datePublished\":\"2023-06-21T19:20:22+00:00\",\"mainEntityOfPage\":{\"@id\":\"https:\\\/\\\/batijournal.com\\\/index.php\\\/menhirs-detruits-de-carnac-7-ans-pour-oublier-la-fouille-preventive-prescrite\\\/109048\\\/\"},\"wordCount\":474,\"image\":{\"@id\":\"https:\\\/\\\/batijournal.com\\\/index.php\\\/menhirs-detruits-de-carnac-7-ans-pour-oublier-la-fouille-preventive-prescrite\\\/109048\\\/#primaryimage\"},\"thumbnailUrl\":\"https:\\\/\\\/batijournal.com\\\/wp-content\\\/uploads\\\/2023\\\/06\\\/800px-Carnac_Village_reemploi_1.jpg\",\"keywords\":[\"arch\u00e9ologie\",\"inrap\"],\"articleSection\":[\"Actualit\u00e9s\",\"Divers\",\"zz_Actualit\u00e9s - Atrium\",\"zz_Atrium Patrimoine\"],\"inLanguage\":\"fr-FR\"},{\"@type\":\"WebPage\",\"@id\":\"https:\\\/\\\/batijournal.com\\\/index.php\\\/menhirs-detruits-de-carnac-7-ans-pour-oublier-la-fouille-preventive-prescrite\\\/109048\\\/\",\"url\":\"https:\\\/\\\/batijournal.com\\\/index.php\\\/menhirs-detruits-de-carnac-7-ans-pour-oublier-la-fouille-preventive-prescrite\\\/109048\\\/\",\"name\":\"Menhirs d\u00e9truits de Carnac, 7 ans pour oublier la fouille pr\u00e9ventive prescrite\",\"isPartOf\":{\"@id\":\"https:\\\/\\\/batijournal.com\\\/#website\"},\"primaryImageOfPage\":{\"@id\":\"https:\\\/\\\/batijournal.com\\\/index.php\\\/menhirs-detruits-de-carnac-7-ans-pour-oublier-la-fouille-preventive-prescrite\\\/109048\\\/#primaryimage\"},\"image\":{\"@id\":\"https:\\\/\\\/batijournal.com\\\/index.php\\\/menhirs-detruits-de-carnac-7-ans-pour-oublier-la-fouille-preventive-prescrite\\\/109048\\\/#primaryimage\"},\"thumbnailUrl\":\"https:\\\/\\\/batijournal.com\\\/wp-content\\\/uploads\\\/2023\\\/06\\\/800px-Carnac_Village_reemploi_1.jpg\",\"datePublished\":\"2023-06-21T19:20:22+00:00\",\"author\":{\"@id\":\"https:\\\/\\\/batijournal.com\\\/#\\\/schema\\\/person\\\/1dc96ec6957aa1ccb25ebe78bb19f100\"},\"breadcrumb\":{\"@id\":\"https:\\\/\\\/batijournal.com\\\/index.php\\\/menhirs-detruits-de-carnac-7-ans-pour-oublier-la-fouille-preventive-prescrite\\\/109048\\\/#breadcrumb\"},\"inLanguage\":\"fr-FR\",\"potentialAction\":[{\"@type\":\"ReadAction\",\"target\":[\"https:\\\/\\\/batijournal.com\\\/index.php\\\/menhirs-detruits-de-carnac-7-ans-pour-oublier-la-fouille-preventive-prescrite\\\/109048\\\/\"]}]},{\"@type\":\"ImageObject\",\"inLanguage\":\"fr-FR\",\"@id\":\"https:\\\/\\\/batijournal.com\\\/index.php\\\/menhirs-detruits-de-carnac-7-ans-pour-oublier-la-fouille-preventive-prescrite\\\/109048\\\/#primaryimage\",\"url\":\"https:\\\/\\\/batijournal.com\\\/wp-content\\\/uploads\\\/2023\\\/06\\\/800px-Carnac_Village_reemploi_1.jpg\",\"contentUrl\":\"https:\\\/\\\/batijournal.com\\\/wp-content\\\/uploads\\\/2023\\\/06\\\/800px-Carnac_Village_reemploi_1.jpg\",\"width\":800,\"height\":506},{\"@type\":\"BreadcrumbList\",\"@id\":\"https:\\\/\\\/batijournal.com\\\/index.php\\\/menhirs-detruits-de-carnac-7-ans-pour-oublier-la-fouille-preventive-prescrite\\\/109048\\\/#breadcrumb\",\"itemListElement\":[{\"@type\":\"ListItem\",\"position\":1,\"name\":\"Accueil\",\"item\":\"https:\\\/\\\/batijournal.com\\\/\"},{\"@type\":\"ListItem\",\"position\":2,\"name\":\"Actualit\u00e9s\",\"item\":\"https:\\\/\\\/batijournal.com\\\/index.php\\\/category\\\/actualites\\\/\"},{\"@type\":\"ListItem\",\"position\":3,\"name\":\"Menhirs d\u00e9truits de Carnac, 7 ans pour oublier la fouille pr\u00e9ventive prescrite\"}]},{\"@type\":\"WebSite\",\"@id\":\"https:\\\/\\\/batijournal.com\\\/#website\",\"url\":\"https:\\\/\\\/batijournal.com\\\/\",\"name\":\"Batijournal\",\"description\":\"L&#039;actualit\u00e9 du b\u00e2timent\",\"potentialAction\":[{\"@type\":\"SearchAction\",\"target\":{\"@type\":\"EntryPoint\",\"urlTemplate\":\"https:\\\/\\\/batijournal.com\\\/?s={search_term_string}\"},\"query-input\":{\"@type\":\"PropertyValueSpecification\",\"valueRequired\":true,\"valueName\":\"search_term_string\"}}],\"inLanguage\":\"fr-FR\"},{\"@type\":\"Person\",\"@id\":\"https:\\\/\\\/batijournal.com\\\/#\\\/schema\\\/person\\\/1dc96ec6957aa1ccb25ebe78bb19f100\",\"name\":\"St\u00e9phane Miget\",\"image\":{\"@type\":\"ImageObject\",\"inLanguage\":\"fr-FR\",\"@id\":\"https:\\\/\\\/secure.gravatar.com\\\/avatar\\\/89915563d925342126b8ef0281b93d9d7fc337043e8df017f780908eb9644451?s=96&d=mm&r=g\",\"url\":\"https:\\\/\\\/secure.gravatar.com\\\/avatar\\\/89915563d925342126b8ef0281b93d9d7fc337043e8df017f780908eb9644451?s=96&d=mm&r=g\",\"contentUrl\":\"https:\\\/\\\/secure.gravatar.com\\\/avatar\\\/89915563d925342126b8ef0281b93d9d7fc337043e8df017f780908eb9644451?s=96&d=mm&r=g\",\"caption\":\"St\u00e9phane Miget\"},\"url\":\"https:\\\/\\\/batijournal.com\\\/index.php\\\/author\\\/stephane\\\/\"}]}<\/script>\n<!-- \/ Yoast SEO plugin. -->","yoast_head_json":{"title":"Menhirs d\u00e9truits de Carnac, 7 ans pour oublier la fouille pr\u00e9ventive prescrite","robots":{"index":"index","follow":"follow","max-snippet":"max-snippet:-1","max-image-preview":"max-image-preview:large","max-video-preview":"max-video-preview:-1"},"canonical":"https:\/\/batijournal.com\/index.php\/menhirs-detruits-de-carnac-7-ans-pour-oublier-la-fouille-preventive-prescrite\/109048\/","og_locale":"fr_FR","og_type":"article","og_title":"Menhirs d\u00e9truits de Carnac, 7 ans pour oublier la fouille pr\u00e9ventive prescrite","og_description":"D\u00e9but avril 2023, la construction d&rsquo;un magasin de bricolage a d\u00e9but\u00e9 \u00e0 Carnac. Le permis de construire ayant \u00e9t\u00e9 d\u00e9livr\u00e9 par la municipalit\u00e9 en 2022. Christian Obeltz, arch\u00e9ologue amateur, a d\u00e9nonc\u00e9, d\u00e9but juin 2023, dans les colonnes de l&rsquo; association \u00ab\u00a0Sites et Monuments\u00a0\u00bb la destruction de 39 menhirs d&rsquo;un site qui \u00e9tait r\u00e9f\u00e9renc\u00e9 depuis 2015 [&hellip;]","og_url":"https:\/\/batijournal.com\/index.php\/menhirs-detruits-de-carnac-7-ans-pour-oublier-la-fouille-preventive-prescrite\/109048\/","og_site_name":"Batijournal","article_published_time":"2023-06-21T19:20:22+00:00","og_image":[{"width":800,"height":506,"url":"https:\/\/batijournal.com\/wp-content\/uploads\/2023\/06\/800px-Carnac_Village_reemploi_1.jpg","type":"image\/jpeg"}],"author":"St\u00e9phane Miget","twitter_card":"summary_large_image","twitter_creator":"@bati_journal","twitter_site":"@bati_journal","twitter_misc":{"\u00c9crit par":"St\u00e9phane Miget","Dur\u00e9e de lecture estim\u00e9e":"2 minutes"},"schema":{"@context":"https:\/\/schema.org","@graph":[{"@type":"Article","@id":"https:\/\/batijournal.com\/index.php\/menhirs-detruits-de-carnac-7-ans-pour-oublier-la-fouille-preventive-prescrite\/109048\/#article","isPartOf":{"@id":"https:\/\/batijournal.com\/index.php\/menhirs-detruits-de-carnac-7-ans-pour-oublier-la-fouille-preventive-prescrite\/109048\/"},"author":{"name":"St\u00e9phane Miget","@id":"https:\/\/batijournal.com\/#\/schema\/person\/1dc96ec6957aa1ccb25ebe78bb19f100"},"headline":"Menhirs d\u00e9truits de Carnac, 7 ans pour oublier la fouille pr\u00e9ventive prescrite","datePublished":"2023-06-21T19:20:22+00:00","mainEntityOfPage":{"@id":"https:\/\/batijournal.com\/index.php\/menhirs-detruits-de-carnac-7-ans-pour-oublier-la-fouille-preventive-prescrite\/109048\/"},"wordCount":474,"image":{"@id":"https:\/\/batijournal.com\/index.php\/menhirs-detruits-de-carnac-7-ans-pour-oublier-la-fouille-preventive-prescrite\/109048\/#primaryimage"},"thumbnailUrl":"https:\/\/batijournal.com\/wp-content\/uploads\/2023\/06\/800px-Carnac_Village_reemploi_1.jpg","keywords":["arch\u00e9ologie","inrap"],"articleSection":["Actualit\u00e9s","Divers","zz_Actualit\u00e9s - Atrium","zz_Atrium Patrimoine"],"inLanguage":"fr-FR"},{"@type":"WebPage","@id":"https:\/\/batijournal.com\/index.php\/menhirs-detruits-de-carnac-7-ans-pour-oublier-la-fouille-preventive-prescrite\/109048\/","url":"https:\/\/batijournal.com\/index.php\/menhirs-detruits-de-carnac-7-ans-pour-oublier-la-fouille-preventive-prescrite\/109048\/","name":"Menhirs d\u00e9truits de Carnac, 7 ans pour oublier la fouille pr\u00e9ventive prescrite","isPartOf":{"@id":"https:\/\/batijournal.com\/#website"},"primaryImageOfPage":{"@id":"https:\/\/batijournal.com\/index.php\/menhirs-detruits-de-carnac-7-ans-pour-oublier-la-fouille-preventive-prescrite\/109048\/#primaryimage"},"image":{"@id":"https:\/\/batijournal.com\/index.php\/menhirs-detruits-de-carnac-7-ans-pour-oublier-la-fouille-preventive-prescrite\/109048\/#primaryimage"},"thumbnailUrl":"https:\/\/batijournal.com\/wp-content\/uploads\/2023\/06\/800px-Carnac_Village_reemploi_1.jpg","datePublished":"2023-06-21T19:20:22+00:00","author":{"@id":"https:\/\/batijournal.com\/#\/schema\/person\/1dc96ec6957aa1ccb25ebe78bb19f100"},"breadcrumb":{"@id":"https:\/\/batijournal.com\/index.php\/menhirs-detruits-de-carnac-7-ans-pour-oublier-la-fouille-preventive-prescrite\/109048\/#breadcrumb"},"inLanguage":"fr-FR","potentialAction":[{"@type":"ReadAction","target":["https:\/\/batijournal.com\/index.php\/menhirs-detruits-de-carnac-7-ans-pour-oublier-la-fouille-preventive-prescrite\/109048\/"]}]},{"@type":"ImageObject","inLanguage":"fr-FR","@id":"https:\/\/batijournal.com\/index.php\/menhirs-detruits-de-carnac-7-ans-pour-oublier-la-fouille-preventive-prescrite\/109048\/#primaryimage","url":"https:\/\/batijournal.com\/wp-content\/uploads\/2023\/06\/800px-Carnac_Village_reemploi_1.jpg","contentUrl":"https:\/\/batijournal.com\/wp-content\/uploads\/2023\/06\/800px-Carnac_Village_reemploi_1.jpg","width":800,"height":506},{"@type":"BreadcrumbList","@id":"https:\/\/batijournal.com\/index.php\/menhirs-detruits-de-carnac-7-ans-pour-oublier-la-fouille-preventive-prescrite\/109048\/#breadcrumb","itemListElement":[{"@type":"ListItem","position":1,"name":"Accueil","item":"https:\/\/batijournal.com\/"},{"@type":"ListItem","position":2,"name":"Actualit\u00e9s","item":"https:\/\/batijournal.com\/index.php\/category\/actualites\/"},{"@type":"ListItem","position":3,"name":"Menhirs d\u00e9truits de Carnac, 7 ans pour oublier la fouille pr\u00e9ventive prescrite"}]},{"@type":"WebSite","@id":"https:\/\/batijournal.com\/#website","url":"https:\/\/batijournal.com\/","name":"Batijournal","description":"L&#039;actualit\u00e9 du b\u00e2timent","potentialAction":[{"@type":"SearchAction","target":{"@type":"EntryPoint","urlTemplate":"https:\/\/batijournal.com\/?s={search_term_string}"},"query-input":{"@type":"PropertyValueSpecification","valueRequired":true,"valueName":"search_term_string"}}],"inLanguage":"fr-FR"},{"@type":"Person","@id":"https:\/\/batijournal.com\/#\/schema\/person\/1dc96ec6957aa1ccb25ebe78bb19f100","name":"St\u00e9phane Miget","image":{"@type":"ImageObject","inLanguage":"fr-FR","@id":"https:\/\/secure.gravatar.com\/avatar\/89915563d925342126b8ef0281b93d9d7fc337043e8df017f780908eb9644451?s=96&d=mm&r=g","url":"https:\/\/secure.gravatar.com\/avatar\/89915563d925342126b8ef0281b93d9d7fc337043e8df017f780908eb9644451?s=96&d=mm&r=g","contentUrl":"https:\/\/secure.gravatar.com\/avatar\/89915563d925342126b8ef0281b93d9d7fc337043e8df017f780908eb9644451?s=96&d=mm&r=g","caption":"St\u00e9phane Miget"},"url":"https:\/\/batijournal.com\/index.php\/author\/stephane\/"}]}},"_links":{"self":[{"href":"https:\/\/batijournal.com\/index.php\/wp-json\/wp\/v2\/posts\/109048","targetHints":{"allow":["GET"]}}],"collection":[{"href":"https:\/\/batijournal.com\/index.php\/wp-json\/wp\/v2\/posts"}],"about":[{"href":"https:\/\/batijournal.com\/index.php\/wp-json\/wp\/v2\/types\/post"}],"author":[{"embeddable":true,"href":"https:\/\/batijournal.com\/index.php\/wp-json\/wp\/v2\/users\/17"}],"replies":[{"embeddable":true,"href":"https:\/\/batijournal.com\/index.php\/wp-json\/wp\/v2\/comments?post=109048"}],"version-history":[{"count":0,"href":"https:\/\/batijournal.com\/index.php\/wp-json\/wp\/v2\/posts\/109048\/revisions"}],"wp:featuredmedia":[{"embeddable":true,"href":"https:\/\/batijournal.com\/index.php\/wp-json\/wp\/v2\/media\/109049"}],"wp:attachment":[{"href":"https:\/\/batijournal.com\/index.php\/wp-json\/wp\/v2\/media?parent=109048"}],"wp:term":[{"taxonomy":"category","embeddable":true,"href":"https:\/\/batijournal.com\/index.php\/wp-json\/wp\/v2\/categories?post=109048"},{"taxonomy":"post_tag","embeddable":true,"href":"https:\/\/batijournal.com\/index.php\/wp-json\/wp\/v2\/tags?post=109048"}],"curies":[{"name":"wp","href":"https:\/\/api.w.org\/{rel}","templated":true}]}}