{"id":109060,"date":"2023-06-26T17:40:44","date_gmt":"2023-06-26T15:40:44","guid":{"rendered":"https:\/\/batijournal.com\/?p=109060"},"modified":"2023-06-26T17:40:44","modified_gmt":"2023-06-26T15:40:44","slug":"verywoodmetiers-les-metiers-du-bois-veulent-donner-envie","status":"publish","type":"post","link":"https:\/\/batijournal.com\/index.php\/verywoodmetiers-les-metiers-du-bois-veulent-donner-envie\/109060\/","title":{"rendered":"#VeryWoodM\u00e9tiers : les m\u00e9tiers du bois veulent donner envie"},"content":{"rendered":"<p>La fili\u00e8re for\u00eat bois se mobilise en lan\u00e7ant un programme national de d\u00e9couverte des m\u00e9tiers de la For\u00eat et du Bois, baptis\u00e9 #VeryWoodM\u00e9tiers. Pendant trois jours, du 4 au 6 octobre 2023, les entreprises de la F\u00e9d\u00e9ration Nationale du Bois (FNB), des Coop\u00e9ratives Foresti\u00e8res (UCFF) et de la F\u00e9d\u00e9ration Entrepreneurs des Territoires (FNEDT) ouvriront leurs portes partout en France. L\u2019occasion unique pour les jeunes et les actifs en reconversion de s\u2019immerger dans l\u2019univers passionnant de ces m\u00e9tiers du vivant (Op\u00e9rateur de scierie, Bucheron, Technicien et Ing\u00e9nieur Forestier, Op\u00e9rateur Sylvicole, Conducteur d\u2019engin forestier&#8230;) : ils rassemblent des activit\u00e9s aussi vari\u00e9es qu\u2019entretenir et g\u00e9rer la for\u00eat, prendre soin et faire grandir les arbres, les r\u00e9colter, les transformer pour concevoir des produits en bois&#8230; D\u00e8s maintenant, les entreprises du secteur sont invit\u00e9es \u00e0 cr\u00e9er leur \u00e9v\u00e9nement #VeryWoodM\u00e9tiers et l\u2019inscrire sur la carte nationale interactive sur le site <a href=\"http:\/\/www.verywoodmetiers.fr\">www.verywoodmetiers.fr<\/a><\/p>\n<p>&nbsp;<\/p>\n","protected":false},"excerpt":{"rendered":"<p>La fili\u00e8re for\u00eat bois se mobilise en lan\u00e7ant un programme national de d\u00e9couverte des m\u00e9tiers de la For\u00eat et du Bois, baptis\u00e9 #VeryWoodM\u00e9tiers. Pendant trois jours, du 4 au 6 octobre 2023, les entreprises de la F\u00e9d\u00e9ration Nationale du Bois (FNB), des Coop\u00e9ratives Foresti\u00e8res (UCFF) et de la F\u00e9d\u00e9ration Entrepreneurs des Territoires (FNEDT) ouvriront leurs [&hellip;]<\/p>\n","protected":false},"author":17,"featured_media":109061,"comment_status":"closed","ping_status":"closed","sticky":false,"template":"","format":"standard","meta":{"_et_pb_use_builder":"","_et_pb_old_content":"","_et_gb_content_width":"","footnotes":""},"categories":[10530,6362,10769,10764],"tags":[3307,517],"class_list":["post-109060","post","type-post","status-publish","format-standard","has-post-thumbnail","hentry","category-actualites","category-services-equipements","category-publications","category-woodsurfer","tag-filiere-foret-bois","tag-formation"],"yoast_head":"<!-- This site is optimized with the Yoast SEO plugin v27.4 - https:\/\/yoast.com\/product\/yoast-seo-wordpress\/ -->\n<title>#VeryWoodM\u00e9tiers : les m\u00e9tiers du bois veulent donner envie<\/title>\n<meta name=\"robots\" content=\"index, follow, max-snippet:-1, max-image-preview:large, max-video-preview:-1\" \/>\n<link rel=\"canonical\" href=\"https:\/\/batijournal.com\/index.php\/verywoodmetiers-les-metiers-du-bois-veulent-donner-envie\/109060\/\" \/>\n<meta property=\"og:locale\" content=\"fr_FR\" \/>\n<meta property=\"og:type\" content=\"article\" \/>\n<meta property=\"og:title\" content=\"#VeryWoodM\u00e9tiers : les m\u00e9tiers du bois veulent donner envie\" \/>\n<meta property=\"og:description\" content=\"La fili\u00e8re for\u00eat bois se mobilise en lan\u00e7ant un programme national de d\u00e9couverte des m\u00e9tiers de la For\u00eat et du Bois, baptis\u00e9 #VeryWoodM\u00e9tiers. Pendant trois jours, du 4 au 6 octobre 2023, les entreprises de la F\u00e9d\u00e9ration Nationale du Bois (FNB), des Coop\u00e9ratives Foresti\u00e8res (UCFF) et de la F\u00e9d\u00e9ration Entrepreneurs des Territoires (FNEDT) ouvriront leurs [&hellip;]\" \/>\n<meta property=\"og:url\" content=\"https:\/\/batijournal.com\/index.php\/verywoodmetiers-les-metiers-du-bois-veulent-donner-envie\/109060\/\" \/>\n<meta property=\"og:site_name\" content=\"Batijournal\" \/>\n<meta property=\"article:published_time\" content=\"2023-06-26T15:40:44+00:00\" \/>\n<meta property=\"og:image\" content=\"https:\/\/batijournal.com\/wp-content\/uploads\/2023\/06\/verywoodmeteirs.jpg\" \/>\n\t<meta property=\"og:image:width\" content=\"848\" \/>\n\t<meta property=\"og:image:height\" content=\"848\" \/>\n\t<meta property=\"og:image:type\" content=\"image\/jpeg\" \/>\n<meta name=\"author\" content=\"St\u00e9phane Miget\" \/>\n<meta name=\"twitter:card\" content=\"summary_large_image\" \/>\n<meta name=\"twitter:creator\" content=\"@bati_journal\" \/>\n<meta name=\"twitter:site\" content=\"@bati_journal\" \/>\n<meta name=\"twitter:label1\" content=\"\u00c9crit par\" \/>\n\t<meta name=\"twitter:data1\" content=\"St\u00e9phane Miget\" \/>\n\t<meta name=\"twitter:label2\" content=\"Dur\u00e9e de lecture estim\u00e9e\" \/>\n\t<meta name=\"twitter:data2\" content=\"1 minute\" \/>\n<script type=\"application\/ld+json\" class=\"yoast-schema-graph\">{\"@context\":\"https:\\\/\\\/schema.org\",\"@graph\":[{\"@type\":\"Article\",\"@id\":\"https:\\\/\\\/batijournal.com\\\/index.php\\\/verywoodmetiers-les-metiers-du-bois-veulent-donner-envie\\\/109060\\\/#article\",\"isPartOf\":{\"@id\":\"https:\\\/\\\/batijournal.com\\\/index.php\\\/verywoodmetiers-les-metiers-du-bois-veulent-donner-envie\\\/109060\\\/\"},\"author\":{\"name\":\"St\u00e9phane Miget\",\"@id\":\"https:\\\/\\\/batijournal.com\\\/#\\\/schema\\\/person\\\/1dc96ec6957aa1ccb25ebe78bb19f100\"},\"headline\":\"#VeryWoodM\u00e9tiers : les m\u00e9tiers du bois veulent donner envie\",\"datePublished\":\"2023-06-26T15:40:44+00:00\",\"mainEntityOfPage\":{\"@id\":\"https:\\\/\\\/batijournal.com\\\/index.php\\\/verywoodmetiers-les-metiers-du-bois-veulent-donner-envie\\\/109060\\\/\"},\"wordCount\":186,\"image\":{\"@id\":\"https:\\\/\\\/batijournal.com\\\/index.php\\\/verywoodmetiers-les-metiers-du-bois-veulent-donner-envie\\\/109060\\\/#primaryimage\"},\"thumbnailUrl\":\"https:\\\/\\\/batijournal.com\\\/wp-content\\\/uploads\\\/2023\\\/06\\\/verywoodmeteirs.jpg\",\"keywords\":[\"fili\u00e8re for\u00eat-bois\",\"formation\"],\"articleSection\":[\"Actualit\u00e9s\",\"Divers\",\"zz_Actualit\u00e9s - Woodsurfer\",\"zz_Woodsurfer\"],\"inLanguage\":\"fr-FR\"},{\"@type\":\"WebPage\",\"@id\":\"https:\\\/\\\/batijournal.com\\\/index.php\\\/verywoodmetiers-les-metiers-du-bois-veulent-donner-envie\\\/109060\\\/\",\"url\":\"https:\\\/\\\/batijournal.com\\\/index.php\\\/verywoodmetiers-les-metiers-du-bois-veulent-donner-envie\\\/109060\\\/\",\"name\":\"#VeryWoodM\u00e9tiers : les m\u00e9tiers du bois veulent donner envie\",\"isPartOf\":{\"@id\":\"https:\\\/\\\/batijournal.com\\\/#website\"},\"primaryImageOfPage\":{\"@id\":\"https:\\\/\\\/batijournal.com\\\/index.php\\\/verywoodmetiers-les-metiers-du-bois-veulent-donner-envie\\\/109060\\\/#primaryimage\"},\"image\":{\"@id\":\"https:\\\/\\\/batijournal.com\\\/index.php\\\/verywoodmetiers-les-metiers-du-bois-veulent-donner-envie\\\/109060\\\/#primaryimage\"},\"thumbnailUrl\":\"https:\\\/\\\/batijournal.com\\\/wp-content\\\/uploads\\\/2023\\\/06\\\/verywoodmeteirs.jpg\",\"datePublished\":\"2023-06-26T15:40:44+00:00\",\"author\":{\"@id\":\"https:\\\/\\\/batijournal.com\\\/#\\\/schema\\\/person\\\/1dc96ec6957aa1ccb25ebe78bb19f100\"},\"breadcrumb\":{\"@id\":\"https:\\\/\\\/batijournal.com\\\/index.php\\\/verywoodmetiers-les-metiers-du-bois-veulent-donner-envie\\\/109060\\\/#breadcrumb\"},\"inLanguage\":\"fr-FR\",\"potentialAction\":[{\"@type\":\"ReadAction\",\"target\":[\"https:\\\/\\\/batijournal.com\\\/index.php\\\/verywoodmetiers-les-metiers-du-bois-veulent-donner-envie\\\/109060\\\/\"]}]},{\"@type\":\"ImageObject\",\"inLanguage\":\"fr-FR\",\"@id\":\"https:\\\/\\\/batijournal.com\\\/index.php\\\/verywoodmetiers-les-metiers-du-bois-veulent-donner-envie\\\/109060\\\/#primaryimage\",\"url\":\"https:\\\/\\\/batijournal.com\\\/wp-content\\\/uploads\\\/2023\\\/06\\\/verywoodmeteirs.jpg\",\"contentUrl\":\"https:\\\/\\\/batijournal.com\\\/wp-content\\\/uploads\\\/2023\\\/06\\\/verywoodmeteirs.jpg\",\"width\":848,\"height\":848},{\"@type\":\"BreadcrumbList\",\"@id\":\"https:\\\/\\\/batijournal.com\\\/index.php\\\/verywoodmetiers-les-metiers-du-bois-veulent-donner-envie\\\/109060\\\/#breadcrumb\",\"itemListElement\":[{\"@type\":\"ListItem\",\"position\":1,\"name\":\"Accueil\",\"item\":\"https:\\\/\\\/batijournal.com\\\/\"},{\"@type\":\"ListItem\",\"position\":2,\"name\":\"Actualit\u00e9s\",\"item\":\"https:\\\/\\\/batijournal.com\\\/index.php\\\/category\\\/actualites\\\/\"},{\"@type\":\"ListItem\",\"position\":3,\"name\":\"#VeryWoodM\u00e9tiers : les m\u00e9tiers du bois veulent donner envie\"}]},{\"@type\":\"WebSite\",\"@id\":\"https:\\\/\\\/batijournal.com\\\/#website\",\"url\":\"https:\\\/\\\/batijournal.com\\\/\",\"name\":\"Batijournal\",\"description\":\"L&#039;actualit\u00e9 du b\u00e2timent\",\"potentialAction\":[{\"@type\":\"SearchAction\",\"target\":{\"@type\":\"EntryPoint\",\"urlTemplate\":\"https:\\\/\\\/batijournal.com\\\/?s={search_term_string}\"},\"query-input\":{\"@type\":\"PropertyValueSpecification\",\"valueRequired\":true,\"valueName\":\"search_term_string\"}}],\"inLanguage\":\"fr-FR\"},{\"@type\":\"Person\",\"@id\":\"https:\\\/\\\/batijournal.com\\\/#\\\/schema\\\/person\\\/1dc96ec6957aa1ccb25ebe78bb19f100\",\"name\":\"St\u00e9phane Miget\",\"image\":{\"@type\":\"ImageObject\",\"inLanguage\":\"fr-FR\",\"@id\":\"https:\\\/\\\/secure.gravatar.com\\\/avatar\\\/89915563d925342126b8ef0281b93d9d7fc337043e8df017f780908eb9644451?s=96&d=mm&r=g\",\"url\":\"https:\\\/\\\/secure.gravatar.com\\\/avatar\\\/89915563d925342126b8ef0281b93d9d7fc337043e8df017f780908eb9644451?s=96&d=mm&r=g\",\"contentUrl\":\"https:\\\/\\\/secure.gravatar.com\\\/avatar\\\/89915563d925342126b8ef0281b93d9d7fc337043e8df017f780908eb9644451?s=96&d=mm&r=g\",\"caption\":\"St\u00e9phane Miget\"},\"url\":\"https:\\\/\\\/batijournal.com\\\/index.php\\\/author\\\/stephane\\\/\"}]}<\/script>\n<!-- \/ Yoast SEO plugin. -->","yoast_head_json":{"title":"#VeryWoodM\u00e9tiers : les m\u00e9tiers du bois veulent donner envie","robots":{"index":"index","follow":"follow","max-snippet":"max-snippet:-1","max-image-preview":"max-image-preview:large","max-video-preview":"max-video-preview:-1"},"canonical":"https:\/\/batijournal.com\/index.php\/verywoodmetiers-les-metiers-du-bois-veulent-donner-envie\/109060\/","og_locale":"fr_FR","og_type":"article","og_title":"#VeryWoodM\u00e9tiers : les m\u00e9tiers du bois veulent donner envie","og_description":"La fili\u00e8re for\u00eat bois se mobilise en lan\u00e7ant un programme national de d\u00e9couverte des m\u00e9tiers de la For\u00eat et du Bois, baptis\u00e9 #VeryWoodM\u00e9tiers. Pendant trois jours, du 4 au 6 octobre 2023, les entreprises de la F\u00e9d\u00e9ration Nationale du Bois (FNB), des Coop\u00e9ratives Foresti\u00e8res (UCFF) et de la F\u00e9d\u00e9ration Entrepreneurs des Territoires (FNEDT) ouvriront leurs [&hellip;]","og_url":"https:\/\/batijournal.com\/index.php\/verywoodmetiers-les-metiers-du-bois-veulent-donner-envie\/109060\/","og_site_name":"Batijournal","article_published_time":"2023-06-26T15:40:44+00:00","og_image":[{"width":848,"height":848,"url":"https:\/\/batijournal.com\/wp-content\/uploads\/2023\/06\/verywoodmeteirs.jpg","type":"image\/jpeg"}],"author":"St\u00e9phane Miget","twitter_card":"summary_large_image","twitter_creator":"@bati_journal","twitter_site":"@bati_journal","twitter_misc":{"\u00c9crit par":"St\u00e9phane Miget","Dur\u00e9e de lecture estim\u00e9e":"1 minute"},"schema":{"@context":"https:\/\/schema.org","@graph":[{"@type":"Article","@id":"https:\/\/batijournal.com\/index.php\/verywoodmetiers-les-metiers-du-bois-veulent-donner-envie\/109060\/#article","isPartOf":{"@id":"https:\/\/batijournal.com\/index.php\/verywoodmetiers-les-metiers-du-bois-veulent-donner-envie\/109060\/"},"author":{"name":"St\u00e9phane Miget","@id":"https:\/\/batijournal.com\/#\/schema\/person\/1dc96ec6957aa1ccb25ebe78bb19f100"},"headline":"#VeryWoodM\u00e9tiers : les m\u00e9tiers du bois veulent donner envie","datePublished":"2023-06-26T15:40:44+00:00","mainEntityOfPage":{"@id":"https:\/\/batijournal.com\/index.php\/verywoodmetiers-les-metiers-du-bois-veulent-donner-envie\/109060\/"},"wordCount":186,"image":{"@id":"https:\/\/batijournal.com\/index.php\/verywoodmetiers-les-metiers-du-bois-veulent-donner-envie\/109060\/#primaryimage"},"thumbnailUrl":"https:\/\/batijournal.com\/wp-content\/uploads\/2023\/06\/verywoodmeteirs.jpg","keywords":["fili\u00e8re for\u00eat-bois","formation"],"articleSection":["Actualit\u00e9s","Divers","zz_Actualit\u00e9s - Woodsurfer","zz_Woodsurfer"],"inLanguage":"fr-FR"},{"@type":"WebPage","@id":"https:\/\/batijournal.com\/index.php\/verywoodmetiers-les-metiers-du-bois-veulent-donner-envie\/109060\/","url":"https:\/\/batijournal.com\/index.php\/verywoodmetiers-les-metiers-du-bois-veulent-donner-envie\/109060\/","name":"#VeryWoodM\u00e9tiers : les m\u00e9tiers du bois veulent donner envie","isPartOf":{"@id":"https:\/\/batijournal.com\/#website"},"primaryImageOfPage":{"@id":"https:\/\/batijournal.com\/index.php\/verywoodmetiers-les-metiers-du-bois-veulent-donner-envie\/109060\/#primaryimage"},"image":{"@id":"https:\/\/batijournal.com\/index.php\/verywoodmetiers-les-metiers-du-bois-veulent-donner-envie\/109060\/#primaryimage"},"thumbnailUrl":"https:\/\/batijournal.com\/wp-content\/uploads\/2023\/06\/verywoodmeteirs.jpg","datePublished":"2023-06-26T15:40:44+00:00","author":{"@id":"https:\/\/batijournal.com\/#\/schema\/person\/1dc96ec6957aa1ccb25ebe78bb19f100"},"breadcrumb":{"@id":"https:\/\/batijournal.com\/index.php\/verywoodmetiers-les-metiers-du-bois-veulent-donner-envie\/109060\/#breadcrumb"},"inLanguage":"fr-FR","potentialAction":[{"@type":"ReadAction","target":["https:\/\/batijournal.com\/index.php\/verywoodmetiers-les-metiers-du-bois-veulent-donner-envie\/109060\/"]}]},{"@type":"ImageObject","inLanguage":"fr-FR","@id":"https:\/\/batijournal.com\/index.php\/verywoodmetiers-les-metiers-du-bois-veulent-donner-envie\/109060\/#primaryimage","url":"https:\/\/batijournal.com\/wp-content\/uploads\/2023\/06\/verywoodmeteirs.jpg","contentUrl":"https:\/\/batijournal.com\/wp-content\/uploads\/2023\/06\/verywoodmeteirs.jpg","width":848,"height":848},{"@type":"BreadcrumbList","@id":"https:\/\/batijournal.com\/index.php\/verywoodmetiers-les-metiers-du-bois-veulent-donner-envie\/109060\/#breadcrumb","itemListElement":[{"@type":"ListItem","position":1,"name":"Accueil","item":"https:\/\/batijournal.com\/"},{"@type":"ListItem","position":2,"name":"Actualit\u00e9s","item":"https:\/\/batijournal.com\/index.php\/category\/actualites\/"},{"@type":"ListItem","position":3,"name":"#VeryWoodM\u00e9tiers : les m\u00e9tiers du bois veulent donner envie"}]},{"@type":"WebSite","@id":"https:\/\/batijournal.com\/#website","url":"https:\/\/batijournal.com\/","name":"Batijournal","description":"L&#039;actualit\u00e9 du b\u00e2timent","potentialAction":[{"@type":"SearchAction","target":{"@type":"EntryPoint","urlTemplate":"https:\/\/batijournal.com\/?s={search_term_string}"},"query-input":{"@type":"PropertyValueSpecification","valueRequired":true,"valueName":"search_term_string"}}],"inLanguage":"fr-FR"},{"@type":"Person","@id":"https:\/\/batijournal.com\/#\/schema\/person\/1dc96ec6957aa1ccb25ebe78bb19f100","name":"St\u00e9phane Miget","image":{"@type":"ImageObject","inLanguage":"fr-FR","@id":"https:\/\/secure.gravatar.com\/avatar\/89915563d925342126b8ef0281b93d9d7fc337043e8df017f780908eb9644451?s=96&d=mm&r=g","url":"https:\/\/secure.gravatar.com\/avatar\/89915563d925342126b8ef0281b93d9d7fc337043e8df017f780908eb9644451?s=96&d=mm&r=g","contentUrl":"https:\/\/secure.gravatar.com\/avatar\/89915563d925342126b8ef0281b93d9d7fc337043e8df017f780908eb9644451?s=96&d=mm&r=g","caption":"St\u00e9phane Miget"},"url":"https:\/\/batijournal.com\/index.php\/author\/stephane\/"}]}},"_links":{"self":[{"href":"https:\/\/batijournal.com\/index.php\/wp-json\/wp\/v2\/posts\/109060","targetHints":{"allow":["GET"]}}],"collection":[{"href":"https:\/\/batijournal.com\/index.php\/wp-json\/wp\/v2\/posts"}],"about":[{"href":"https:\/\/batijournal.com\/index.php\/wp-json\/wp\/v2\/types\/post"}],"author":[{"embeddable":true,"href":"https:\/\/batijournal.com\/index.php\/wp-json\/wp\/v2\/users\/17"}],"replies":[{"embeddable":true,"href":"https:\/\/batijournal.com\/index.php\/wp-json\/wp\/v2\/comments?post=109060"}],"version-history":[{"count":0,"href":"https:\/\/batijournal.com\/index.php\/wp-json\/wp\/v2\/posts\/109060\/revisions"}],"wp:featuredmedia":[{"embeddable":true,"href":"https:\/\/batijournal.com\/index.php\/wp-json\/wp\/v2\/media\/109061"}],"wp:attachment":[{"href":"https:\/\/batijournal.com\/index.php\/wp-json\/wp\/v2\/media?parent=109060"}],"wp:term":[{"taxonomy":"category","embeddable":true,"href":"https:\/\/batijournal.com\/index.php\/wp-json\/wp\/v2\/categories?post=109060"},{"taxonomy":"post_tag","embeddable":true,"href":"https:\/\/batijournal.com\/index.php\/wp-json\/wp\/v2\/tags?post=109060"}],"curies":[{"name":"wp","href":"https:\/\/api.w.org\/{rel}","templated":true}]}}