{"id":109063,"date":"2023-06-28T17:28:23","date_gmt":"2023-06-28T15:28:23","guid":{"rendered":"https:\/\/batijournal.com\/?p=109063"},"modified":"2023-06-28T17:28:23","modified_gmt":"2023-06-28T15:28:23","slug":"rehabilitation-de-lancien-batiment-des-galeries-lafayette-de-marseille","status":"publish","type":"post","link":"https:\/\/batijournal.com\/index.php\/rehabilitation-de-lancien-batiment-des-galeries-lafayette-de-marseille\/109063\/","title":{"rendered":"R\u00e9habilitation de l&rsquo;ancien b\u00e2timent des Galeries Lafayette de Marseille"},"content":{"rendered":"<p>La r\u00e9habilitation du b\u00e2timent des Galeries Lafayette de la rue Saint Ferr\u00e9ol \u00e0 Marseille a \u00e9t\u00e9 un d\u00e9fi majeur pour le cabinet d\u2019architecture Gautier + Conquet. Ce b\u00e2timent exceptionnel est en r\u00e9alit\u00e9 un h\u00e9ritage testamentaire l\u00e9gu\u00e9 par le marbrier Jules Cantini. Une clause particuli\u00e8re stipule son inali\u00e9nabilit\u00e9 et justifie son importance patrimoniale et culturelle. Face \u00e0 cette contrainte, il \u00e9tait imp\u00e9ratif de trouver une nouvelle vocation pour ces vastes espaces Art D\u00e9co, devenus obsol\u00e8tes en termes de normes et d\u2019usages, et malheureusement d\u00e9natur\u00e9s au fil des ann\u00e9es par des transformations successives. L&rsquo;objectif du cabinet d&rsquo;architecture a \u00e9t\u00e9 de pr\u00e9server l\u2019essence et l\u2019int\u00e9grit\u00e9 du b\u00e2timent tout en le transformant en un lieu adapt\u00e9 aux besoins et aux attentes contemporaines. Le Groupe Lorillard a jou\u00e9 un r\u00f4le essentiel dans cette r\u00e9habilitation en mettant en \u0153uvre un travail particulier sur les menuiseries. Dans le cadre de ce projet ambitieux, 110 menuiseries \u00e0 frappe en aluminium \u00e0 ouvrant cach\u00e9 ainsi que 185 menuiseries \u00e0 frappe en bois ont \u00e9t\u00e9 soigneusement con\u00e7ues pour assurer la conservation et le remplacement fid\u00e8le des anciennes fen\u00eatres et des \u00e9l\u00e9ments d\u00e9coratifs tels que les pilastres, les chapiteaux et les lambrequins.<br \/>\nLes menuiseries \u00e0 frappe en aluminium \u00e0 ouvrant cach\u00e9 ont \u00e9t\u00e9 choisies pour leur esth\u00e9tisme moderne et leur performance remarquable. Leur conception \u00e0 ouvrant cach\u00e9 pr\u00e9serve l\u2019esth\u00e9tique ext\u00e9rieure du b\u00e2timent, tout en assurant un confort int\u00e9rieur. Elles sont install\u00e9es en int\u00e9rieur sur le patio central et viennent souligner la coh\u00e9rence de l\u2019ensemble par leur aspect m\u00e9tallique et leur coloris gris anthracite. La finesse des profil\u00e9s rappelle celle des verri\u00e8res de la terrasse les surplombant. Un travail minutieux de tramage et d\u2019alignement des menuiseries a \u00e9t\u00e9 r\u00e9alis\u00e9 en coh\u00e9rence avec le calepinage des pierres des fa\u00e7ades du patio afin qu\u2019elles soient parfaitement dispos\u00e9es dans la hauteur des \u00e9tages. Ces menuiseries garantissent une isolation thermique et acoustique optimale, tout en offrant une grande r\u00e9sistance aux intemp\u00e9ries.<br \/>\nLes menuiseries \u00e0 frappe en bois, elles ont \u00e9t\u00e9 r\u00e9alis\u00e9es avec le plus grand savoir- faire, en respectant les techniques artisanales traditionnelles. Le bois, mat\u00e9riau noble par excellence, a \u00e9t\u00e9 choisi pour sa durabilit\u00e9 et son aspect chaleureux.<br \/>\nCes menuiseries ont \u00e9t\u00e9 minutieusement travaill\u00e9es pour reproduire \u00e0 l\u2019identique les fen\u00eatres d\u2019origine, ainsi que les ornements tels que les pilastres, les chapiteaux et les lambrequins. Cela a permis de pr\u00e9server l\u2019authenticit\u00e9 et le charme de l\u2019architecture Art D\u00e9co du b\u00e2timent tout en assurant des performances thermiques d\u00e9passant l\u2019objectif fix\u00e9 par le cahier des charges (Uw = 1.4 atteint contre 1.5 attendu).\u00a0Mises en \u0153uvre sur les 4 fa\u00e7ades du b\u00e2timent, une acoustique sp\u00e9cifique (32 et 35 dB) a \u00e9t\u00e9 d\u00e9velopp\u00e9e par le bureau d\u2019\u00e9tudes du Groupe Lorillard pour les menuiseries donnant sur la rue Haxo.<\/p>\n","protected":false},"excerpt":{"rendered":"<p>La r\u00e9habilitation du b\u00e2timent des Galeries Lafayette de la rue Saint Ferr\u00e9ol \u00e0 Marseille a \u00e9t\u00e9 un d\u00e9fi majeur pour le cabinet d\u2019architecture Gautier + Conquet. Ce b\u00e2timent exceptionnel est en r\u00e9alit\u00e9 un h\u00e9ritage testamentaire l\u00e9gu\u00e9 par le marbrier Jules Cantini. Une clause particuli\u00e8re stipule son inali\u00e9nabilit\u00e9 et justifie son importance patrimoniale et culturelle. Face [&hellip;]<\/p>\n","protected":false},"author":17,"featured_media":109064,"comment_status":"closed","ping_status":"closed","sticky":false,"template":"","format":"standard","meta":{"_et_pb_use_builder":"","_et_pb_old_content":"","_et_gb_content_width":"","footnotes":""},"categories":[10530,6340,10771,10775,10789,10785],"tags":[1016],"class_list":["post-109063","post","type-post","status-publish","format-standard","has-post-thumbnail","hentry","category-actualites","category-architecture-conception","category-5facades","category-actualites-5facades","category-publications-atrium","category-atrium","tag-menuiseries"],"yoast_head":"<!-- This site is optimized with the Yoast SEO plugin v27.4 - https:\/\/yoast.com\/product\/yoast-seo-wordpress\/ -->\n<title>R\u00e9habilitation de l&#039;ancien b\u00e2timent des Galeries Lafayette de Marseille<\/title>\n<meta name=\"robots\" content=\"index, follow, max-snippet:-1, max-image-preview:large, max-video-preview:-1\" \/>\n<link rel=\"canonical\" href=\"https:\/\/batijournal.com\/index.php\/rehabilitation-de-lancien-batiment-des-galeries-lafayette-de-marseille\/109063\/\" \/>\n<meta property=\"og:locale\" content=\"fr_FR\" \/>\n<meta property=\"og:type\" content=\"article\" \/>\n<meta property=\"og:title\" content=\"R\u00e9habilitation de l&#039;ancien b\u00e2timent des Galeries Lafayette de Marseille\" \/>\n<meta property=\"og:description\" content=\"La r\u00e9habilitation du b\u00e2timent des Galeries Lafayette de la rue Saint Ferr\u00e9ol \u00e0 Marseille a \u00e9t\u00e9 un d\u00e9fi majeur pour le cabinet d\u2019architecture Gautier + Conquet. Ce b\u00e2timent exceptionnel est en r\u00e9alit\u00e9 un h\u00e9ritage testamentaire l\u00e9gu\u00e9 par le marbrier Jules Cantini. Une clause particuli\u00e8re stipule son inali\u00e9nabilit\u00e9 et justifie son importance patrimoniale et culturelle. Face [&hellip;]\" \/>\n<meta property=\"og:url\" content=\"https:\/\/batijournal.com\/index.php\/rehabilitation-de-lancien-batiment-des-galeries-lafayette-de-marseille\/109063\/\" \/>\n<meta property=\"og:site_name\" content=\"Batijournal\" \/>\n<meta property=\"article:published_time\" content=\"2023-06-28T15:28:23+00:00\" \/>\n<meta property=\"og:image\" content=\"https:\/\/batijournal.com\/wp-content\/uploads\/2023\/06\/Galeries-Lafayette-de-la-rue-Saint-Ferreol-Marseille-Lorillard.jpg\" \/>\n\t<meta property=\"og:image:width\" content=\"1112\" \/>\n\t<meta property=\"og:image:height\" content=\"625\" \/>\n\t<meta property=\"og:image:type\" content=\"image\/jpeg\" \/>\n<meta name=\"author\" content=\"St\u00e9phane Miget\" \/>\n<meta name=\"twitter:card\" content=\"summary_large_image\" \/>\n<meta name=\"twitter:creator\" content=\"@bati_journal\" \/>\n<meta name=\"twitter:site\" content=\"@bati_journal\" \/>\n<meta name=\"twitter:label1\" content=\"\u00c9crit par\" \/>\n\t<meta name=\"twitter:data1\" content=\"St\u00e9phane Miget\" \/>\n\t<meta name=\"twitter:label2\" content=\"Dur\u00e9e de lecture estim\u00e9e\" \/>\n\t<meta name=\"twitter:data2\" content=\"3 minutes\" \/>\n<script type=\"application\/ld+json\" class=\"yoast-schema-graph\">{\"@context\":\"https:\\\/\\\/schema.org\",\"@graph\":[{\"@type\":\"Article\",\"@id\":\"https:\\\/\\\/batijournal.com\\\/index.php\\\/rehabilitation-de-lancien-batiment-des-galeries-lafayette-de-marseille\\\/109063\\\/#article\",\"isPartOf\":{\"@id\":\"https:\\\/\\\/batijournal.com\\\/index.php\\\/rehabilitation-de-lancien-batiment-des-galeries-lafayette-de-marseille\\\/109063\\\/\"},\"author\":{\"name\":\"St\u00e9phane Miget\",\"@id\":\"https:\\\/\\\/batijournal.com\\\/#\\\/schema\\\/person\\\/1dc96ec6957aa1ccb25ebe78bb19f100\"},\"headline\":\"R\u00e9habilitation de l&rsquo;ancien b\u00e2timent des Galeries Lafayette de Marseille\",\"datePublished\":\"2023-06-28T15:28:23+00:00\",\"mainEntityOfPage\":{\"@id\":\"https:\\\/\\\/batijournal.com\\\/index.php\\\/rehabilitation-de-lancien-batiment-des-galeries-lafayette-de-marseille\\\/109063\\\/\"},\"wordCount\":516,\"image\":{\"@id\":\"https:\\\/\\\/batijournal.com\\\/index.php\\\/rehabilitation-de-lancien-batiment-des-galeries-lafayette-de-marseille\\\/109063\\\/#primaryimage\"},\"thumbnailUrl\":\"https:\\\/\\\/batijournal.com\\\/wp-content\\\/uploads\\\/2023\\\/06\\\/Galeries-Lafayette-de-la-rue-Saint-Ferreol-Marseille-Lorillard.jpg\",\"keywords\":[\"menuiseries\"],\"articleSection\":[\"Actualit\u00e9s\",\"Architecture &amp; Conception\",\"zz_5fa\u00e7ades\",\"zz_Actualit\u00e9s - 5fa\u00e7ades\",\"zz_Actualit\u00e9s - Atrium\",\"zz_Atrium Patrimoine\"],\"inLanguage\":\"fr-FR\"},{\"@type\":\"WebPage\",\"@id\":\"https:\\\/\\\/batijournal.com\\\/index.php\\\/rehabilitation-de-lancien-batiment-des-galeries-lafayette-de-marseille\\\/109063\\\/\",\"url\":\"https:\\\/\\\/batijournal.com\\\/index.php\\\/rehabilitation-de-lancien-batiment-des-galeries-lafayette-de-marseille\\\/109063\\\/\",\"name\":\"R\u00e9habilitation de l'ancien b\u00e2timent des Galeries Lafayette de Marseille\",\"isPartOf\":{\"@id\":\"https:\\\/\\\/batijournal.com\\\/#website\"},\"primaryImageOfPage\":{\"@id\":\"https:\\\/\\\/batijournal.com\\\/index.php\\\/rehabilitation-de-lancien-batiment-des-galeries-lafayette-de-marseille\\\/109063\\\/#primaryimage\"},\"image\":{\"@id\":\"https:\\\/\\\/batijournal.com\\\/index.php\\\/rehabilitation-de-lancien-batiment-des-galeries-lafayette-de-marseille\\\/109063\\\/#primaryimage\"},\"thumbnailUrl\":\"https:\\\/\\\/batijournal.com\\\/wp-content\\\/uploads\\\/2023\\\/06\\\/Galeries-Lafayette-de-la-rue-Saint-Ferreol-Marseille-Lorillard.jpg\",\"datePublished\":\"2023-06-28T15:28:23+00:00\",\"author\":{\"@id\":\"https:\\\/\\\/batijournal.com\\\/#\\\/schema\\\/person\\\/1dc96ec6957aa1ccb25ebe78bb19f100\"},\"breadcrumb\":{\"@id\":\"https:\\\/\\\/batijournal.com\\\/index.php\\\/rehabilitation-de-lancien-batiment-des-galeries-lafayette-de-marseille\\\/109063\\\/#breadcrumb\"},\"inLanguage\":\"fr-FR\",\"potentialAction\":[{\"@type\":\"ReadAction\",\"target\":[\"https:\\\/\\\/batijournal.com\\\/index.php\\\/rehabilitation-de-lancien-batiment-des-galeries-lafayette-de-marseille\\\/109063\\\/\"]}]},{\"@type\":\"ImageObject\",\"inLanguage\":\"fr-FR\",\"@id\":\"https:\\\/\\\/batijournal.com\\\/index.php\\\/rehabilitation-de-lancien-batiment-des-galeries-lafayette-de-marseille\\\/109063\\\/#primaryimage\",\"url\":\"https:\\\/\\\/batijournal.com\\\/wp-content\\\/uploads\\\/2023\\\/06\\\/Galeries-Lafayette-de-la-rue-Saint-Ferreol-Marseille-Lorillard.jpg\",\"contentUrl\":\"https:\\\/\\\/batijournal.com\\\/wp-content\\\/uploads\\\/2023\\\/06\\\/Galeries-Lafayette-de-la-rue-Saint-Ferreol-Marseille-Lorillard.jpg\",\"width\":1112,\"height\":625},{\"@type\":\"BreadcrumbList\",\"@id\":\"https:\\\/\\\/batijournal.com\\\/index.php\\\/rehabilitation-de-lancien-batiment-des-galeries-lafayette-de-marseille\\\/109063\\\/#breadcrumb\",\"itemListElement\":[{\"@type\":\"ListItem\",\"position\":1,\"name\":\"Accueil\",\"item\":\"https:\\\/\\\/batijournal.com\\\/\"},{\"@type\":\"ListItem\",\"position\":2,\"name\":\"Actualit\u00e9s\",\"item\":\"https:\\\/\\\/batijournal.com\\\/index.php\\\/category\\\/actualites\\\/\"},{\"@type\":\"ListItem\",\"position\":3,\"name\":\"R\u00e9habilitation de l&rsquo;ancien b\u00e2timent des Galeries Lafayette de Marseille\"}]},{\"@type\":\"WebSite\",\"@id\":\"https:\\\/\\\/batijournal.com\\\/#website\",\"url\":\"https:\\\/\\\/batijournal.com\\\/\",\"name\":\"Batijournal\",\"description\":\"L&#039;actualit\u00e9 du b\u00e2timent\",\"potentialAction\":[{\"@type\":\"SearchAction\",\"target\":{\"@type\":\"EntryPoint\",\"urlTemplate\":\"https:\\\/\\\/batijournal.com\\\/?s={search_term_string}\"},\"query-input\":{\"@type\":\"PropertyValueSpecification\",\"valueRequired\":true,\"valueName\":\"search_term_string\"}}],\"inLanguage\":\"fr-FR\"},{\"@type\":\"Person\",\"@id\":\"https:\\\/\\\/batijournal.com\\\/#\\\/schema\\\/person\\\/1dc96ec6957aa1ccb25ebe78bb19f100\",\"name\":\"St\u00e9phane Miget\",\"image\":{\"@type\":\"ImageObject\",\"inLanguage\":\"fr-FR\",\"@id\":\"https:\\\/\\\/secure.gravatar.com\\\/avatar\\\/89915563d925342126b8ef0281b93d9d7fc337043e8df017f780908eb9644451?s=96&d=mm&r=g\",\"url\":\"https:\\\/\\\/secure.gravatar.com\\\/avatar\\\/89915563d925342126b8ef0281b93d9d7fc337043e8df017f780908eb9644451?s=96&d=mm&r=g\",\"contentUrl\":\"https:\\\/\\\/secure.gravatar.com\\\/avatar\\\/89915563d925342126b8ef0281b93d9d7fc337043e8df017f780908eb9644451?s=96&d=mm&r=g\",\"caption\":\"St\u00e9phane Miget\"},\"url\":\"https:\\\/\\\/batijournal.com\\\/index.php\\\/author\\\/stephane\\\/\"}]}<\/script>\n<!-- \/ Yoast SEO plugin. -->","yoast_head_json":{"title":"R\u00e9habilitation de l'ancien b\u00e2timent des Galeries Lafayette de Marseille","robots":{"index":"index","follow":"follow","max-snippet":"max-snippet:-1","max-image-preview":"max-image-preview:large","max-video-preview":"max-video-preview:-1"},"canonical":"https:\/\/batijournal.com\/index.php\/rehabilitation-de-lancien-batiment-des-galeries-lafayette-de-marseille\/109063\/","og_locale":"fr_FR","og_type":"article","og_title":"R\u00e9habilitation de l'ancien b\u00e2timent des Galeries Lafayette de Marseille","og_description":"La r\u00e9habilitation du b\u00e2timent des Galeries Lafayette de la rue Saint Ferr\u00e9ol \u00e0 Marseille a \u00e9t\u00e9 un d\u00e9fi majeur pour le cabinet d\u2019architecture Gautier + Conquet. Ce b\u00e2timent exceptionnel est en r\u00e9alit\u00e9 un h\u00e9ritage testamentaire l\u00e9gu\u00e9 par le marbrier Jules Cantini. Une clause particuli\u00e8re stipule son inali\u00e9nabilit\u00e9 et justifie son importance patrimoniale et culturelle. Face [&hellip;]","og_url":"https:\/\/batijournal.com\/index.php\/rehabilitation-de-lancien-batiment-des-galeries-lafayette-de-marseille\/109063\/","og_site_name":"Batijournal","article_published_time":"2023-06-28T15:28:23+00:00","og_image":[{"width":1112,"height":625,"url":"https:\/\/batijournal.com\/wp-content\/uploads\/2023\/06\/Galeries-Lafayette-de-la-rue-Saint-Ferreol-Marseille-Lorillard.jpg","type":"image\/jpeg"}],"author":"St\u00e9phane Miget","twitter_card":"summary_large_image","twitter_creator":"@bati_journal","twitter_site":"@bati_journal","twitter_misc":{"\u00c9crit par":"St\u00e9phane Miget","Dur\u00e9e de lecture estim\u00e9e":"3 minutes"},"schema":{"@context":"https:\/\/schema.org","@graph":[{"@type":"Article","@id":"https:\/\/batijournal.com\/index.php\/rehabilitation-de-lancien-batiment-des-galeries-lafayette-de-marseille\/109063\/#article","isPartOf":{"@id":"https:\/\/batijournal.com\/index.php\/rehabilitation-de-lancien-batiment-des-galeries-lafayette-de-marseille\/109063\/"},"author":{"name":"St\u00e9phane Miget","@id":"https:\/\/batijournal.com\/#\/schema\/person\/1dc96ec6957aa1ccb25ebe78bb19f100"},"headline":"R\u00e9habilitation de l&rsquo;ancien b\u00e2timent des Galeries Lafayette de Marseille","datePublished":"2023-06-28T15:28:23+00:00","mainEntityOfPage":{"@id":"https:\/\/batijournal.com\/index.php\/rehabilitation-de-lancien-batiment-des-galeries-lafayette-de-marseille\/109063\/"},"wordCount":516,"image":{"@id":"https:\/\/batijournal.com\/index.php\/rehabilitation-de-lancien-batiment-des-galeries-lafayette-de-marseille\/109063\/#primaryimage"},"thumbnailUrl":"https:\/\/batijournal.com\/wp-content\/uploads\/2023\/06\/Galeries-Lafayette-de-la-rue-Saint-Ferreol-Marseille-Lorillard.jpg","keywords":["menuiseries"],"articleSection":["Actualit\u00e9s","Architecture &amp; Conception","zz_5fa\u00e7ades","zz_Actualit\u00e9s - 5fa\u00e7ades","zz_Actualit\u00e9s - Atrium","zz_Atrium Patrimoine"],"inLanguage":"fr-FR"},{"@type":"WebPage","@id":"https:\/\/batijournal.com\/index.php\/rehabilitation-de-lancien-batiment-des-galeries-lafayette-de-marseille\/109063\/","url":"https:\/\/batijournal.com\/index.php\/rehabilitation-de-lancien-batiment-des-galeries-lafayette-de-marseille\/109063\/","name":"R\u00e9habilitation de l'ancien b\u00e2timent des Galeries Lafayette de Marseille","isPartOf":{"@id":"https:\/\/batijournal.com\/#website"},"primaryImageOfPage":{"@id":"https:\/\/batijournal.com\/index.php\/rehabilitation-de-lancien-batiment-des-galeries-lafayette-de-marseille\/109063\/#primaryimage"},"image":{"@id":"https:\/\/batijournal.com\/index.php\/rehabilitation-de-lancien-batiment-des-galeries-lafayette-de-marseille\/109063\/#primaryimage"},"thumbnailUrl":"https:\/\/batijournal.com\/wp-content\/uploads\/2023\/06\/Galeries-Lafayette-de-la-rue-Saint-Ferreol-Marseille-Lorillard.jpg","datePublished":"2023-06-28T15:28:23+00:00","author":{"@id":"https:\/\/batijournal.com\/#\/schema\/person\/1dc96ec6957aa1ccb25ebe78bb19f100"},"breadcrumb":{"@id":"https:\/\/batijournal.com\/index.php\/rehabilitation-de-lancien-batiment-des-galeries-lafayette-de-marseille\/109063\/#breadcrumb"},"inLanguage":"fr-FR","potentialAction":[{"@type":"ReadAction","target":["https:\/\/batijournal.com\/index.php\/rehabilitation-de-lancien-batiment-des-galeries-lafayette-de-marseille\/109063\/"]}]},{"@type":"ImageObject","inLanguage":"fr-FR","@id":"https:\/\/batijournal.com\/index.php\/rehabilitation-de-lancien-batiment-des-galeries-lafayette-de-marseille\/109063\/#primaryimage","url":"https:\/\/batijournal.com\/wp-content\/uploads\/2023\/06\/Galeries-Lafayette-de-la-rue-Saint-Ferreol-Marseille-Lorillard.jpg","contentUrl":"https:\/\/batijournal.com\/wp-content\/uploads\/2023\/06\/Galeries-Lafayette-de-la-rue-Saint-Ferreol-Marseille-Lorillard.jpg","width":1112,"height":625},{"@type":"BreadcrumbList","@id":"https:\/\/batijournal.com\/index.php\/rehabilitation-de-lancien-batiment-des-galeries-lafayette-de-marseille\/109063\/#breadcrumb","itemListElement":[{"@type":"ListItem","position":1,"name":"Accueil","item":"https:\/\/batijournal.com\/"},{"@type":"ListItem","position":2,"name":"Actualit\u00e9s","item":"https:\/\/batijournal.com\/index.php\/category\/actualites\/"},{"@type":"ListItem","position":3,"name":"R\u00e9habilitation de l&rsquo;ancien b\u00e2timent des Galeries Lafayette de Marseille"}]},{"@type":"WebSite","@id":"https:\/\/batijournal.com\/#website","url":"https:\/\/batijournal.com\/","name":"Batijournal","description":"L&#039;actualit\u00e9 du b\u00e2timent","potentialAction":[{"@type":"SearchAction","target":{"@type":"EntryPoint","urlTemplate":"https:\/\/batijournal.com\/?s={search_term_string}"},"query-input":{"@type":"PropertyValueSpecification","valueRequired":true,"valueName":"search_term_string"}}],"inLanguage":"fr-FR"},{"@type":"Person","@id":"https:\/\/batijournal.com\/#\/schema\/person\/1dc96ec6957aa1ccb25ebe78bb19f100","name":"St\u00e9phane Miget","image":{"@type":"ImageObject","inLanguage":"fr-FR","@id":"https:\/\/secure.gravatar.com\/avatar\/89915563d925342126b8ef0281b93d9d7fc337043e8df017f780908eb9644451?s=96&d=mm&r=g","url":"https:\/\/secure.gravatar.com\/avatar\/89915563d925342126b8ef0281b93d9d7fc337043e8df017f780908eb9644451?s=96&d=mm&r=g","contentUrl":"https:\/\/secure.gravatar.com\/avatar\/89915563d925342126b8ef0281b93d9d7fc337043e8df017f780908eb9644451?s=96&d=mm&r=g","caption":"St\u00e9phane Miget"},"url":"https:\/\/batijournal.com\/index.php\/author\/stephane\/"}]}},"_links":{"self":[{"href":"https:\/\/batijournal.com\/index.php\/wp-json\/wp\/v2\/posts\/109063","targetHints":{"allow":["GET"]}}],"collection":[{"href":"https:\/\/batijournal.com\/index.php\/wp-json\/wp\/v2\/posts"}],"about":[{"href":"https:\/\/batijournal.com\/index.php\/wp-json\/wp\/v2\/types\/post"}],"author":[{"embeddable":true,"href":"https:\/\/batijournal.com\/index.php\/wp-json\/wp\/v2\/users\/17"}],"replies":[{"embeddable":true,"href":"https:\/\/batijournal.com\/index.php\/wp-json\/wp\/v2\/comments?post=109063"}],"version-history":[{"count":0,"href":"https:\/\/batijournal.com\/index.php\/wp-json\/wp\/v2\/posts\/109063\/revisions"}],"wp:featuredmedia":[{"embeddable":true,"href":"https:\/\/batijournal.com\/index.php\/wp-json\/wp\/v2\/media\/109064"}],"wp:attachment":[{"href":"https:\/\/batijournal.com\/index.php\/wp-json\/wp\/v2\/media?parent=109063"}],"wp:term":[{"taxonomy":"category","embeddable":true,"href":"https:\/\/batijournal.com\/index.php\/wp-json\/wp\/v2\/categories?post=109063"},{"taxonomy":"post_tag","embeddable":true,"href":"https:\/\/batijournal.com\/index.php\/wp-json\/wp\/v2\/tags?post=109063"}],"curies":[{"name":"wp","href":"https:\/\/api.w.org\/{rel}","templated":true}]}}