{"id":109078,"date":"2023-06-30T15:49:47","date_gmt":"2023-06-30T13:49:47","guid":{"rendered":"https:\/\/batijournal.com\/?p=109078"},"modified":"2023-06-30T15:49:47","modified_gmt":"2023-06-30T13:49:47","slug":"montage-a-blanc-des-deux-premieres-fermes-de-la-charpente-de-la-nef-de-notre-dame-de-paris","status":"publish","type":"post","link":"https:\/\/batijournal.com\/index.php\/montage-a-blanc-des-deux-premieres-fermes-de-la-charpente-de-la-nef-de-notre-dame-de-paris\/109078\/","title":{"rendered":"Montage \u00e0 blanc des deux premi\u00e8res fermes de la charpente de la nef de Notre-Dame de Paris"},"content":{"rendered":"<p>Apr\u00e8s <a href=\"https:\/\/www.atrium-patrimoine.com\/montage-a-blanc-de-la-charpente-de-notre-dame-de-paris\/116910\">le montage \u00e0 blanc des premi\u00e8res trav\u00e9es de la charpente du ch\u0153ur de Notre-Dame de Paris<\/a> en mai, en Anjou, l\u2019\u00e9tablissement public annonce le montage \u00e0 blanc, dans l\u2019Eure, des deux premi\u00e8res fermes de la charpente en ch\u00eane massif de la nef. Cette \u00e9tape marque le bon avancement de ces travaux qui conduiront au montage de ces charpentes sur la nef de la cath\u00e9drale, dans les tout prochains mois. La charpente de la nef est un ouvrage en ch\u00eane massif aux dimensions remarquables, de 35 m\u00e8tres de longueur, de 14 m\u00e8tres de largeur et d\u2019une hauteur de 10 m\u00e8tres. Elle est compos\u00e9e de 57 fermes, principales et secondaires, formant 11 trav\u00e9es. Cette charpente qui datait de la fin du XIIe si\u00e8cle et du d\u00e9but du XIIIe si\u00e8cle, enti\u00e8rement d\u00e9truite par l\u2019incendie du 15 avril 2019, est reconstruite en bois de ch\u00eane massif selon un dessin fid\u00e8le \u00e0 l\u2019ouvrage m\u00e9di\u00e9val, conform\u00e9ment aux avis de la Commission nationale du patrimoine et de l\u2019architecture (CNPA). Elle utilise la taille manuelle, particuli\u00e8rement adapt\u00e9e au dessin de ces charpentes, respectueuse du fil du bois, et garantissant une tr\u00e8s bonne p\u00e9rennit\u00e9. Ces travaux ont \u00e9t\u00e9 confi\u00e9s par l\u2019\u00e9tablissement public, \u00e0 partir des \u00e9tudes men\u00e9es par les architectes en chef des monuments historiques, ma\u00eetres d\u2019\u0153uvre, au groupement d\u2019entreprises Ateliers Desmonts, en charg\u00e9 plus particuli\u00e8rement de la reconstruction de la charpente de la nef, et Ateliers Perrault, mandataire, en charge de celle du ch\u0153ur.<\/p>\n<p>&nbsp;<\/p>\n<p>Photo :\u00a0<u>David Bordes \u00a9 Reb\u00e2tir Notre-Dame de Paris<\/u><\/p>\n","protected":false},"excerpt":{"rendered":"<p>Apr\u00e8s le montage \u00e0 blanc des premi\u00e8res trav\u00e9es de la charpente du ch\u0153ur de Notre-Dame de Paris en mai, en Anjou, l\u2019\u00e9tablissement public annonce le montage \u00e0 blanc, dans l\u2019Eure, des deux premi\u00e8res fermes de la charpente en ch\u00eane massif de la nef. Cette \u00e9tape marque le bon avancement de ces travaux qui conduiront au [&hellip;]<\/p>\n","protected":false},"author":17,"featured_media":109079,"comment_status":"closed","ping_status":"closed","sticky":false,"template":"","format":"standard","meta":{"_et_pb_use_builder":"","_et_pb_old_content":"","_et_gb_content_width":"","footnotes":""},"categories":[10530,6340,10789,10785],"tags":[4474,6842],"class_list":["post-109078","post","type-post","status-publish","format-standard","has-post-thumbnail","hentry","category-actualites","category-architecture-conception","category-publications-atrium","category-atrium","tag-monuments-historiques","tag-notre-dame-de-paris"],"yoast_head":"<!-- This site is optimized with the Yoast SEO plugin v27.4 - https:\/\/yoast.com\/product\/yoast-seo-wordpress\/ -->\n<title>Montage \u00e0 blanc des deux premi\u00e8res fermes de la charpente de la nef de Notre-Dame de Paris<\/title>\n<meta name=\"robots\" content=\"index, follow, max-snippet:-1, max-image-preview:large, max-video-preview:-1\" \/>\n<link rel=\"canonical\" href=\"https:\/\/batijournal.com\/index.php\/montage-a-blanc-des-deux-premieres-fermes-de-la-charpente-de-la-nef-de-notre-dame-de-paris\/109078\/\" \/>\n<meta property=\"og:locale\" content=\"fr_FR\" \/>\n<meta property=\"og:type\" content=\"article\" \/>\n<meta property=\"og:title\" content=\"Montage \u00e0 blanc des deux premi\u00e8res fermes de la charpente de la nef de Notre-Dame de Paris\" \/>\n<meta property=\"og:description\" content=\"Apr\u00e8s le montage \u00e0 blanc des premi\u00e8res trav\u00e9es de la charpente du ch\u0153ur de Notre-Dame de Paris en mai, en Anjou, l\u2019\u00e9tablissement public annonce le montage \u00e0 blanc, dans l\u2019Eure, des deux premi\u00e8res fermes de la charpente en ch\u00eane massif de la nef. Cette \u00e9tape marque le bon avancement de ces travaux qui conduiront au [&hellip;]\" \/>\n<meta property=\"og:url\" content=\"https:\/\/batijournal.com\/index.php\/montage-a-blanc-des-deux-premieres-fermes-de-la-charpente-de-la-nef-de-notre-dame-de-paris\/109078\/\" \/>\n<meta property=\"og:site_name\" content=\"Batijournal\" \/>\n<meta property=\"article:published_time\" content=\"2023-06-30T13:49:47+00:00\" \/>\n<meta property=\"og:image\" content=\"https:\/\/batijournal.com\/wp-content\/uploads\/2023\/06\/montage-a-blanc-fermes-nef-cathedrale-de-paris-notre-dame.jpg\" \/>\n\t<meta property=\"og:image:width\" content=\"1000\" \/>\n\t<meta property=\"og:image:height\" content=\"666\" \/>\n\t<meta property=\"og:image:type\" content=\"image\/jpeg\" \/>\n<meta name=\"author\" content=\"St\u00e9phane Miget\" \/>\n<meta name=\"twitter:card\" content=\"summary_large_image\" \/>\n<meta name=\"twitter:creator\" content=\"@bati_journal\" \/>\n<meta name=\"twitter:site\" content=\"@bati_journal\" \/>\n<meta name=\"twitter:label1\" content=\"\u00c9crit par\" \/>\n\t<meta name=\"twitter:data1\" content=\"St\u00e9phane Miget\" \/>\n\t<meta name=\"twitter:label2\" content=\"Dur\u00e9e de lecture estim\u00e9e\" \/>\n\t<meta name=\"twitter:data2\" content=\"1 minute\" \/>\n<script type=\"application\/ld+json\" class=\"yoast-schema-graph\">{\"@context\":\"https:\\\/\\\/schema.org\",\"@graph\":[{\"@type\":\"Article\",\"@id\":\"https:\\\/\\\/batijournal.com\\\/index.php\\\/montage-a-blanc-des-deux-premieres-fermes-de-la-charpente-de-la-nef-de-notre-dame-de-paris\\\/109078\\\/#article\",\"isPartOf\":{\"@id\":\"https:\\\/\\\/batijournal.com\\\/index.php\\\/montage-a-blanc-des-deux-premieres-fermes-de-la-charpente-de-la-nef-de-notre-dame-de-paris\\\/109078\\\/\"},\"author\":{\"name\":\"St\u00e9phane Miget\",\"@id\":\"https:\\\/\\\/batijournal.com\\\/#\\\/schema\\\/person\\\/1dc96ec6957aa1ccb25ebe78bb19f100\"},\"headline\":\"Montage \u00e0 blanc des deux premi\u00e8res fermes de la charpente de la nef de Notre-Dame de Paris\",\"datePublished\":\"2023-06-30T13:49:47+00:00\",\"mainEntityOfPage\":{\"@id\":\"https:\\\/\\\/batijournal.com\\\/index.php\\\/montage-a-blanc-des-deux-premieres-fermes-de-la-charpente-de-la-nef-de-notre-dame-de-paris\\\/109078\\\/\"},\"wordCount\":293,\"image\":{\"@id\":\"https:\\\/\\\/batijournal.com\\\/index.php\\\/montage-a-blanc-des-deux-premieres-fermes-de-la-charpente-de-la-nef-de-notre-dame-de-paris\\\/109078\\\/#primaryimage\"},\"thumbnailUrl\":\"https:\\\/\\\/batijournal.com\\\/wp-content\\\/uploads\\\/2023\\\/06\\\/montage-a-blanc-fermes-nef-cathedrale-de-paris-notre-dame.jpg\",\"keywords\":[\"monuments historiques\",\"notre dame de paris\"],\"articleSection\":[\"Actualit\u00e9s\",\"Architecture &amp; Conception\",\"zz_Actualit\u00e9s - Atrium\",\"zz_Atrium Patrimoine\"],\"inLanguage\":\"fr-FR\"},{\"@type\":\"WebPage\",\"@id\":\"https:\\\/\\\/batijournal.com\\\/index.php\\\/montage-a-blanc-des-deux-premieres-fermes-de-la-charpente-de-la-nef-de-notre-dame-de-paris\\\/109078\\\/\",\"url\":\"https:\\\/\\\/batijournal.com\\\/index.php\\\/montage-a-blanc-des-deux-premieres-fermes-de-la-charpente-de-la-nef-de-notre-dame-de-paris\\\/109078\\\/\",\"name\":\"Montage \u00e0 blanc des deux premi\u00e8res fermes de la charpente de la nef de Notre-Dame de Paris\",\"isPartOf\":{\"@id\":\"https:\\\/\\\/batijournal.com\\\/#website\"},\"primaryImageOfPage\":{\"@id\":\"https:\\\/\\\/batijournal.com\\\/index.php\\\/montage-a-blanc-des-deux-premieres-fermes-de-la-charpente-de-la-nef-de-notre-dame-de-paris\\\/109078\\\/#primaryimage\"},\"image\":{\"@id\":\"https:\\\/\\\/batijournal.com\\\/index.php\\\/montage-a-blanc-des-deux-premieres-fermes-de-la-charpente-de-la-nef-de-notre-dame-de-paris\\\/109078\\\/#primaryimage\"},\"thumbnailUrl\":\"https:\\\/\\\/batijournal.com\\\/wp-content\\\/uploads\\\/2023\\\/06\\\/montage-a-blanc-fermes-nef-cathedrale-de-paris-notre-dame.jpg\",\"datePublished\":\"2023-06-30T13:49:47+00:00\",\"author\":{\"@id\":\"https:\\\/\\\/batijournal.com\\\/#\\\/schema\\\/person\\\/1dc96ec6957aa1ccb25ebe78bb19f100\"},\"breadcrumb\":{\"@id\":\"https:\\\/\\\/batijournal.com\\\/index.php\\\/montage-a-blanc-des-deux-premieres-fermes-de-la-charpente-de-la-nef-de-notre-dame-de-paris\\\/109078\\\/#breadcrumb\"},\"inLanguage\":\"fr-FR\",\"potentialAction\":[{\"@type\":\"ReadAction\",\"target\":[\"https:\\\/\\\/batijournal.com\\\/index.php\\\/montage-a-blanc-des-deux-premieres-fermes-de-la-charpente-de-la-nef-de-notre-dame-de-paris\\\/109078\\\/\"]}]},{\"@type\":\"ImageObject\",\"inLanguage\":\"fr-FR\",\"@id\":\"https:\\\/\\\/batijournal.com\\\/index.php\\\/montage-a-blanc-des-deux-premieres-fermes-de-la-charpente-de-la-nef-de-notre-dame-de-paris\\\/109078\\\/#primaryimage\",\"url\":\"https:\\\/\\\/batijournal.com\\\/wp-content\\\/uploads\\\/2023\\\/06\\\/montage-a-blanc-fermes-nef-cathedrale-de-paris-notre-dame.jpg\",\"contentUrl\":\"https:\\\/\\\/batijournal.com\\\/wp-content\\\/uploads\\\/2023\\\/06\\\/montage-a-blanc-fermes-nef-cathedrale-de-paris-notre-dame.jpg\",\"width\":1000,\"height\":666},{\"@type\":\"BreadcrumbList\",\"@id\":\"https:\\\/\\\/batijournal.com\\\/index.php\\\/montage-a-blanc-des-deux-premieres-fermes-de-la-charpente-de-la-nef-de-notre-dame-de-paris\\\/109078\\\/#breadcrumb\",\"itemListElement\":[{\"@type\":\"ListItem\",\"position\":1,\"name\":\"Accueil\",\"item\":\"https:\\\/\\\/batijournal.com\\\/\"},{\"@type\":\"ListItem\",\"position\":2,\"name\":\"Actualit\u00e9s\",\"item\":\"https:\\\/\\\/batijournal.com\\\/index.php\\\/category\\\/actualites\\\/\"},{\"@type\":\"ListItem\",\"position\":3,\"name\":\"Montage \u00e0 blanc des deux premi\u00e8res fermes de la charpente de la nef de Notre-Dame de Paris\"}]},{\"@type\":\"WebSite\",\"@id\":\"https:\\\/\\\/batijournal.com\\\/#website\",\"url\":\"https:\\\/\\\/batijournal.com\\\/\",\"name\":\"Batijournal\",\"description\":\"L&#039;actualit\u00e9 du b\u00e2timent\",\"potentialAction\":[{\"@type\":\"SearchAction\",\"target\":{\"@type\":\"EntryPoint\",\"urlTemplate\":\"https:\\\/\\\/batijournal.com\\\/?s={search_term_string}\"},\"query-input\":{\"@type\":\"PropertyValueSpecification\",\"valueRequired\":true,\"valueName\":\"search_term_string\"}}],\"inLanguage\":\"fr-FR\"},{\"@type\":\"Person\",\"@id\":\"https:\\\/\\\/batijournal.com\\\/#\\\/schema\\\/person\\\/1dc96ec6957aa1ccb25ebe78bb19f100\",\"name\":\"St\u00e9phane Miget\",\"image\":{\"@type\":\"ImageObject\",\"inLanguage\":\"fr-FR\",\"@id\":\"https:\\\/\\\/secure.gravatar.com\\\/avatar\\\/89915563d925342126b8ef0281b93d9d7fc337043e8df017f780908eb9644451?s=96&d=mm&r=g\",\"url\":\"https:\\\/\\\/secure.gravatar.com\\\/avatar\\\/89915563d925342126b8ef0281b93d9d7fc337043e8df017f780908eb9644451?s=96&d=mm&r=g\",\"contentUrl\":\"https:\\\/\\\/secure.gravatar.com\\\/avatar\\\/89915563d925342126b8ef0281b93d9d7fc337043e8df017f780908eb9644451?s=96&d=mm&r=g\",\"caption\":\"St\u00e9phane Miget\"},\"url\":\"https:\\\/\\\/batijournal.com\\\/index.php\\\/author\\\/stephane\\\/\"}]}<\/script>\n<!-- \/ Yoast SEO plugin. -->","yoast_head_json":{"title":"Montage \u00e0 blanc des deux premi\u00e8res fermes de la charpente de la nef de Notre-Dame de Paris","robots":{"index":"index","follow":"follow","max-snippet":"max-snippet:-1","max-image-preview":"max-image-preview:large","max-video-preview":"max-video-preview:-1"},"canonical":"https:\/\/batijournal.com\/index.php\/montage-a-blanc-des-deux-premieres-fermes-de-la-charpente-de-la-nef-de-notre-dame-de-paris\/109078\/","og_locale":"fr_FR","og_type":"article","og_title":"Montage \u00e0 blanc des deux premi\u00e8res fermes de la charpente de la nef de Notre-Dame de Paris","og_description":"Apr\u00e8s le montage \u00e0 blanc des premi\u00e8res trav\u00e9es de la charpente du ch\u0153ur de Notre-Dame de Paris en mai, en Anjou, l\u2019\u00e9tablissement public annonce le montage \u00e0 blanc, dans l\u2019Eure, des deux premi\u00e8res fermes de la charpente en ch\u00eane massif de la nef. Cette \u00e9tape marque le bon avancement de ces travaux qui conduiront au [&hellip;]","og_url":"https:\/\/batijournal.com\/index.php\/montage-a-blanc-des-deux-premieres-fermes-de-la-charpente-de-la-nef-de-notre-dame-de-paris\/109078\/","og_site_name":"Batijournal","article_published_time":"2023-06-30T13:49:47+00:00","og_image":[{"width":1000,"height":666,"url":"https:\/\/batijournal.com\/wp-content\/uploads\/2023\/06\/montage-a-blanc-fermes-nef-cathedrale-de-paris-notre-dame.jpg","type":"image\/jpeg"}],"author":"St\u00e9phane Miget","twitter_card":"summary_large_image","twitter_creator":"@bati_journal","twitter_site":"@bati_journal","twitter_misc":{"\u00c9crit par":"St\u00e9phane Miget","Dur\u00e9e de lecture estim\u00e9e":"1 minute"},"schema":{"@context":"https:\/\/schema.org","@graph":[{"@type":"Article","@id":"https:\/\/batijournal.com\/index.php\/montage-a-blanc-des-deux-premieres-fermes-de-la-charpente-de-la-nef-de-notre-dame-de-paris\/109078\/#article","isPartOf":{"@id":"https:\/\/batijournal.com\/index.php\/montage-a-blanc-des-deux-premieres-fermes-de-la-charpente-de-la-nef-de-notre-dame-de-paris\/109078\/"},"author":{"name":"St\u00e9phane Miget","@id":"https:\/\/batijournal.com\/#\/schema\/person\/1dc96ec6957aa1ccb25ebe78bb19f100"},"headline":"Montage \u00e0 blanc des deux premi\u00e8res fermes de la charpente de la nef de Notre-Dame de Paris","datePublished":"2023-06-30T13:49:47+00:00","mainEntityOfPage":{"@id":"https:\/\/batijournal.com\/index.php\/montage-a-blanc-des-deux-premieres-fermes-de-la-charpente-de-la-nef-de-notre-dame-de-paris\/109078\/"},"wordCount":293,"image":{"@id":"https:\/\/batijournal.com\/index.php\/montage-a-blanc-des-deux-premieres-fermes-de-la-charpente-de-la-nef-de-notre-dame-de-paris\/109078\/#primaryimage"},"thumbnailUrl":"https:\/\/batijournal.com\/wp-content\/uploads\/2023\/06\/montage-a-blanc-fermes-nef-cathedrale-de-paris-notre-dame.jpg","keywords":["monuments historiques","notre dame de paris"],"articleSection":["Actualit\u00e9s","Architecture &amp; Conception","zz_Actualit\u00e9s - Atrium","zz_Atrium Patrimoine"],"inLanguage":"fr-FR"},{"@type":"WebPage","@id":"https:\/\/batijournal.com\/index.php\/montage-a-blanc-des-deux-premieres-fermes-de-la-charpente-de-la-nef-de-notre-dame-de-paris\/109078\/","url":"https:\/\/batijournal.com\/index.php\/montage-a-blanc-des-deux-premieres-fermes-de-la-charpente-de-la-nef-de-notre-dame-de-paris\/109078\/","name":"Montage \u00e0 blanc des deux premi\u00e8res fermes de la charpente de la nef de Notre-Dame de Paris","isPartOf":{"@id":"https:\/\/batijournal.com\/#website"},"primaryImageOfPage":{"@id":"https:\/\/batijournal.com\/index.php\/montage-a-blanc-des-deux-premieres-fermes-de-la-charpente-de-la-nef-de-notre-dame-de-paris\/109078\/#primaryimage"},"image":{"@id":"https:\/\/batijournal.com\/index.php\/montage-a-blanc-des-deux-premieres-fermes-de-la-charpente-de-la-nef-de-notre-dame-de-paris\/109078\/#primaryimage"},"thumbnailUrl":"https:\/\/batijournal.com\/wp-content\/uploads\/2023\/06\/montage-a-blanc-fermes-nef-cathedrale-de-paris-notre-dame.jpg","datePublished":"2023-06-30T13:49:47+00:00","author":{"@id":"https:\/\/batijournal.com\/#\/schema\/person\/1dc96ec6957aa1ccb25ebe78bb19f100"},"breadcrumb":{"@id":"https:\/\/batijournal.com\/index.php\/montage-a-blanc-des-deux-premieres-fermes-de-la-charpente-de-la-nef-de-notre-dame-de-paris\/109078\/#breadcrumb"},"inLanguage":"fr-FR","potentialAction":[{"@type":"ReadAction","target":["https:\/\/batijournal.com\/index.php\/montage-a-blanc-des-deux-premieres-fermes-de-la-charpente-de-la-nef-de-notre-dame-de-paris\/109078\/"]}]},{"@type":"ImageObject","inLanguage":"fr-FR","@id":"https:\/\/batijournal.com\/index.php\/montage-a-blanc-des-deux-premieres-fermes-de-la-charpente-de-la-nef-de-notre-dame-de-paris\/109078\/#primaryimage","url":"https:\/\/batijournal.com\/wp-content\/uploads\/2023\/06\/montage-a-blanc-fermes-nef-cathedrale-de-paris-notre-dame.jpg","contentUrl":"https:\/\/batijournal.com\/wp-content\/uploads\/2023\/06\/montage-a-blanc-fermes-nef-cathedrale-de-paris-notre-dame.jpg","width":1000,"height":666},{"@type":"BreadcrumbList","@id":"https:\/\/batijournal.com\/index.php\/montage-a-blanc-des-deux-premieres-fermes-de-la-charpente-de-la-nef-de-notre-dame-de-paris\/109078\/#breadcrumb","itemListElement":[{"@type":"ListItem","position":1,"name":"Accueil","item":"https:\/\/batijournal.com\/"},{"@type":"ListItem","position":2,"name":"Actualit\u00e9s","item":"https:\/\/batijournal.com\/index.php\/category\/actualites\/"},{"@type":"ListItem","position":3,"name":"Montage \u00e0 blanc des deux premi\u00e8res fermes de la charpente de la nef de Notre-Dame de Paris"}]},{"@type":"WebSite","@id":"https:\/\/batijournal.com\/#website","url":"https:\/\/batijournal.com\/","name":"Batijournal","description":"L&#039;actualit\u00e9 du b\u00e2timent","potentialAction":[{"@type":"SearchAction","target":{"@type":"EntryPoint","urlTemplate":"https:\/\/batijournal.com\/?s={search_term_string}"},"query-input":{"@type":"PropertyValueSpecification","valueRequired":true,"valueName":"search_term_string"}}],"inLanguage":"fr-FR"},{"@type":"Person","@id":"https:\/\/batijournal.com\/#\/schema\/person\/1dc96ec6957aa1ccb25ebe78bb19f100","name":"St\u00e9phane Miget","image":{"@type":"ImageObject","inLanguage":"fr-FR","@id":"https:\/\/secure.gravatar.com\/avatar\/89915563d925342126b8ef0281b93d9d7fc337043e8df017f780908eb9644451?s=96&d=mm&r=g","url":"https:\/\/secure.gravatar.com\/avatar\/89915563d925342126b8ef0281b93d9d7fc337043e8df017f780908eb9644451?s=96&d=mm&r=g","contentUrl":"https:\/\/secure.gravatar.com\/avatar\/89915563d925342126b8ef0281b93d9d7fc337043e8df017f780908eb9644451?s=96&d=mm&r=g","caption":"St\u00e9phane Miget"},"url":"https:\/\/batijournal.com\/index.php\/author\/stephane\/"}]}},"_links":{"self":[{"href":"https:\/\/batijournal.com\/index.php\/wp-json\/wp\/v2\/posts\/109078","targetHints":{"allow":["GET"]}}],"collection":[{"href":"https:\/\/batijournal.com\/index.php\/wp-json\/wp\/v2\/posts"}],"about":[{"href":"https:\/\/batijournal.com\/index.php\/wp-json\/wp\/v2\/types\/post"}],"author":[{"embeddable":true,"href":"https:\/\/batijournal.com\/index.php\/wp-json\/wp\/v2\/users\/17"}],"replies":[{"embeddable":true,"href":"https:\/\/batijournal.com\/index.php\/wp-json\/wp\/v2\/comments?post=109078"}],"version-history":[{"count":0,"href":"https:\/\/batijournal.com\/index.php\/wp-json\/wp\/v2\/posts\/109078\/revisions"}],"wp:featuredmedia":[{"embeddable":true,"href":"https:\/\/batijournal.com\/index.php\/wp-json\/wp\/v2\/media\/109079"}],"wp:attachment":[{"href":"https:\/\/batijournal.com\/index.php\/wp-json\/wp\/v2\/media?parent=109078"}],"wp:term":[{"taxonomy":"category","embeddable":true,"href":"https:\/\/batijournal.com\/index.php\/wp-json\/wp\/v2\/categories?post=109078"},{"taxonomy":"post_tag","embeddable":true,"href":"https:\/\/batijournal.com\/index.php\/wp-json\/wp\/v2\/tags?post=109078"}],"curies":[{"name":"wp","href":"https:\/\/api.w.org\/{rel}","templated":true}]}}