{"id":109085,"date":"2023-07-03T21:45:28","date_gmt":"2023-07-03T19:45:28","guid":{"rendered":"https:\/\/batijournal.com\/?p=109085"},"modified":"2023-07-03T21:45:28","modified_gmt":"2023-07-03T19:45:28","slug":"la-fondation-abbe-pierre-alerte-sur-la-precarite-energetique-dete","status":"publish","type":"post","link":"https:\/\/batijournal.com\/index.php\/la-fondation-abbe-pierre-alerte-sur-la-precarite-energetique-dete\/109085\/","title":{"rendered":"La fondation Abb\u00e9-Pierre alerte sur la pr\u00e9carit\u00e9 \u00e9nerg\u00e9tique d&rsquo;\u00e9t\u00e9"},"content":{"rendered":"<p>En \u00e9t\u00e9, les passoires \u00e9nerg\u00e9tiques se transforment en v\u00e9ritables bouilloires. Or, la pr\u00e9carit\u00e9 \u00e9nerg\u00e9tique est encore largement associ\u00e9e au ressenti du froid dans son logement, et trop peu \u00e0 l\u2019inhabitabilit\u00e9 li\u00e9e aux pics de chaleur. En effet, la d\u00e9finition de la pr\u00e9carit\u00e9 \u00e9nerg\u00e9tique inclut des indicateurs li\u00e9s au taux d\u2019effort \u00e9nerg\u00e9tique et au ressenti du froid, mais ne tient pas compte pour le moment des difficult\u00e9s \u00e0 maintenir une temp\u00e9rature acceptable dans son logement pendant les p\u00e9riodes de chaleur. Pourtant, de plus en plus de personnes sont expos\u00e9es \u00e0 la pr\u00e9carit\u00e9 \u00e9nerg\u00e9tique en \u00e9t\u00e9, un ph\u00e9nom\u00e8ne accentu\u00e9 par le changement climatique et les vagues de chaleur extr\u00eames de plus en plus fr\u00e9quentes, avec des effets parfois dramatiques sur la sant\u00e9. Pour elles, l\u2019enjeu n\u2019est pas simplement le \u00ab confort d\u2019\u00e9t\u00e9 \u00bb, mais l\u2019habitabilit\u00e9 m\u00eame de leurs logements plusieurs mois par an. La pr\u00e9carit\u00e9 \u00e9nerg\u00e9tique d\u2019\u00e9t\u00e9 est un enjeu de sant\u00e9 publique, comme ont pu le d\u00e9montrer les canicules meurtri\u00e8res de 2003, et plus r\u00e9cemment de 2022. Pr\u00e8s de 15 000 d\u00e9c\u00e8s en exc\u00e8s seraient imputables \u00e0 la chaleur en France en 2003, qui a particuli\u00e8rement touch\u00e9 les personnes \u00e2g\u00e9es de plus de 75 ans. L\u2019\u00e9t\u00e9 2022 a quant \u00e0 lui \u00e9t\u00e9 le plus meurtrier depuis 2003, avec un exc\u00e8s de mortalit\u00e9 de plus de 2 800 personnes lors des canicules, soit 16,7 % de plus par rapport aux cinq ann\u00e9es pr\u00e9c\u00e9dentes. Si on prend en compte l\u2019ensemble de la p\u00e9riode estivale (du 1er juin \u00e0 la mi-ao\u00fbt), l\u2019INSEE estime m\u00eame \u00e0 11 000 le nombre de d\u00e9c\u00e8s suppl\u00e9mentaires en France m\u00e9tropolitaine, toutes causes confondues. Cela d\u00e9montre que m\u00eame en dessous des seuils de canicule, il existe des risques sani- taires li\u00e9s \u00e0 l\u2019exc\u00e8s de chaleur. Notre parc de logements n\u2019est pas non plus con\u00e7u pour faire face \u00e0 la multiplication des vagues de chaleur. Les 5,2 millions de passoires thermiques impossible \u00e0 chauffer en hiver se transforment en bouilloires \u00e9nerg\u00e9tiques impossibles \u00e0 refroidir en \u00e9t\u00e9. Les raisons sont similaires. Des isolations peu performantes, des expositions ne r\u00e9pondant pas aux principes de l\u2019architecture bioclimatique, l\u2019absence de protections solaires ou de simples volets peuvent participer \u00e0 rendre certains logements quasi inhabitables pendant la p\u00e9riode estivale. Dans certains cas, la protection du patrimoine ou les r\u00e8glements de copropri\u00e9t\u00e9 emp\u00eachent m\u00eame l\u2019installation de volets ou de protections solaires en fa\u00e7ade. Pourtant, les protections solaires sont l\u2019une des meilleures solutions pour r\u00e9duire la pr\u00e9carit\u00e9 \u00e9nerg\u00e9tique en \u00e9t\u00e9, sans avoir d\u2019impact sur la consommation d\u2019\u00e9nergie d\u2019un b\u00e2timent et donc sans \u00e9mission de gaz \u00e0 effet de serre. Selon le type de protection solaire utilis\u00e9, il est possible de r\u00e9duire la temp\u00e9rature int\u00e9rieure de 2 \u00e0 5 \u00b0C.<\/p>\n<p><a href=\"https:\/\/www.fondation-abbe-pierre.fr\/sites\/default\/files\/2023-06\/Brochure-Precarite-energetique-ete.pdf\">https:\/\/www.fondation-abbe-pierre.fr\/sites\/default\/files\/2023-06\/Brochure-Precarite-energetique-ete.pdf<\/a><\/p>\n<p>&nbsp;<\/p>\n","protected":false},"excerpt":{"rendered":"<p>En \u00e9t\u00e9, les passoires \u00e9nerg\u00e9tiques se transforment en v\u00e9ritables bouilloires. Or, la pr\u00e9carit\u00e9 \u00e9nerg\u00e9tique est encore largement associ\u00e9e au ressenti du froid dans son logement, et trop peu \u00e0 l\u2019inhabitabilit\u00e9 li\u00e9e aux pics de chaleur. En effet, la d\u00e9finition de la pr\u00e9carit\u00e9 \u00e9nerg\u00e9tique inclut des indicateurs li\u00e9s au taux d\u2019effort \u00e9nerg\u00e9tique et au ressenti du [&hellip;]<\/p>\n","protected":false},"author":17,"featured_media":108931,"comment_status":"closed","ping_status":"closed","sticky":false,"template":"","format":"standard","meta":{"_et_pb_use_builder":"","_et_pb_old_content":"","_et_gb_content_width":"","footnotes":""},"categories":[10736,10530,6351,10789,10785],"tags":[1130],"class_list":["post-109085","post","type-post","status-publish","format-standard","has-post-thumbnail","hentry","category-a-la-une","category-actualites","category-energie-environnement","category-publications-atrium","category-atrium","tag-precarite-energetique"],"yoast_head":"<!-- This site is optimized with the Yoast SEO plugin v27.4 - https:\/\/yoast.com\/product\/yoast-seo-wordpress\/ -->\n<title>La fondation Abb\u00e9-Pierre alerte sur la pr\u00e9carit\u00e9 \u00e9nerg\u00e9tique d&#039;\u00e9t\u00e9<\/title>\n<meta name=\"robots\" content=\"index, follow, max-snippet:-1, max-image-preview:large, max-video-preview:-1\" \/>\n<link rel=\"canonical\" href=\"https:\/\/batijournal.com\/index.php\/la-fondation-abbe-pierre-alerte-sur-la-precarite-energetique-dete\/109085\/\" \/>\n<meta property=\"og:locale\" content=\"fr_FR\" \/>\n<meta property=\"og:type\" content=\"article\" \/>\n<meta property=\"og:title\" content=\"La fondation Abb\u00e9-Pierre alerte sur la pr\u00e9carit\u00e9 \u00e9nerg\u00e9tique d&#039;\u00e9t\u00e9\" \/>\n<meta property=\"og:description\" content=\"En \u00e9t\u00e9, les passoires \u00e9nerg\u00e9tiques se transforment en v\u00e9ritables bouilloires. Or, la pr\u00e9carit\u00e9 \u00e9nerg\u00e9tique est encore largement associ\u00e9e au ressenti du froid dans son logement, et trop peu \u00e0 l\u2019inhabitabilit\u00e9 li\u00e9e aux pics de chaleur. En effet, la d\u00e9finition de la pr\u00e9carit\u00e9 \u00e9nerg\u00e9tique inclut des indicateurs li\u00e9s au taux d\u2019effort \u00e9nerg\u00e9tique et au ressenti du [&hellip;]\" \/>\n<meta property=\"og:url\" content=\"https:\/\/batijournal.com\/index.php\/la-fondation-abbe-pierre-alerte-sur-la-precarite-energetique-dete\/109085\/\" \/>\n<meta property=\"og:site_name\" content=\"Batijournal\" \/>\n<meta property=\"article:published_time\" content=\"2023-07-03T19:45:28+00:00\" \/>\n<meta property=\"og:image\" content=\"https:\/\/batijournal.com\/wp-content\/uploads\/2023\/05\/pompe-a-chaleur.jpg\" \/>\n\t<meta property=\"og:image:width\" content=\"800\" \/>\n\t<meta property=\"og:image:height\" content=\"600\" \/>\n\t<meta property=\"og:image:type\" content=\"image\/jpeg\" \/>\n<meta name=\"author\" content=\"St\u00e9phane Miget\" \/>\n<meta name=\"twitter:card\" content=\"summary_large_image\" \/>\n<meta name=\"twitter:creator\" content=\"@bati_journal\" \/>\n<meta name=\"twitter:site\" content=\"@bati_journal\" \/>\n<meta name=\"twitter:label1\" content=\"\u00c9crit par\" \/>\n\t<meta name=\"twitter:data1\" content=\"St\u00e9phane Miget\" \/>\n\t<meta name=\"twitter:label2\" content=\"Dur\u00e9e de lecture estim\u00e9e\" \/>\n\t<meta name=\"twitter:data2\" content=\"3 minutes\" \/>\n<script type=\"application\/ld+json\" class=\"yoast-schema-graph\">{\"@context\":\"https:\\\/\\\/schema.org\",\"@graph\":[{\"@type\":\"Article\",\"@id\":\"https:\\\/\\\/batijournal.com\\\/index.php\\\/la-fondation-abbe-pierre-alerte-sur-la-precarite-energetique-dete\\\/109085\\\/#article\",\"isPartOf\":{\"@id\":\"https:\\\/\\\/batijournal.com\\\/index.php\\\/la-fondation-abbe-pierre-alerte-sur-la-precarite-energetique-dete\\\/109085\\\/\"},\"author\":{\"name\":\"St\u00e9phane Miget\",\"@id\":\"https:\\\/\\\/batijournal.com\\\/#\\\/schema\\\/person\\\/1dc96ec6957aa1ccb25ebe78bb19f100\"},\"headline\":\"La fondation Abb\u00e9-Pierre alerte sur la pr\u00e9carit\u00e9 \u00e9nerg\u00e9tique d&rsquo;\u00e9t\u00e9\",\"datePublished\":\"2023-07-03T19:45:28+00:00\",\"mainEntityOfPage\":{\"@id\":\"https:\\\/\\\/batijournal.com\\\/index.php\\\/la-fondation-abbe-pierre-alerte-sur-la-precarite-energetique-dete\\\/109085\\\/\"},\"wordCount\":515,\"image\":{\"@id\":\"https:\\\/\\\/batijournal.com\\\/index.php\\\/la-fondation-abbe-pierre-alerte-sur-la-precarite-energetique-dete\\\/109085\\\/#primaryimage\"},\"thumbnailUrl\":\"https:\\\/\\\/batijournal.com\\\/wp-content\\\/uploads\\\/2023\\\/05\\\/pompe-a-chaleur.jpg\",\"keywords\":[\"pr\u00e9carit\u00e9 \u00e9nerg\u00e9tique\"],\"articleSection\":[\"A la Une\",\"Actualit\u00e9s\",\"\u00c9nergie &amp; Environnement\",\"zz_Actualit\u00e9s - Atrium\",\"zz_Atrium Patrimoine\"],\"inLanguage\":\"fr-FR\"},{\"@type\":\"WebPage\",\"@id\":\"https:\\\/\\\/batijournal.com\\\/index.php\\\/la-fondation-abbe-pierre-alerte-sur-la-precarite-energetique-dete\\\/109085\\\/\",\"url\":\"https:\\\/\\\/batijournal.com\\\/index.php\\\/la-fondation-abbe-pierre-alerte-sur-la-precarite-energetique-dete\\\/109085\\\/\",\"name\":\"La fondation Abb\u00e9-Pierre alerte sur la pr\u00e9carit\u00e9 \u00e9nerg\u00e9tique d'\u00e9t\u00e9\",\"isPartOf\":{\"@id\":\"https:\\\/\\\/batijournal.com\\\/#website\"},\"primaryImageOfPage\":{\"@id\":\"https:\\\/\\\/batijournal.com\\\/index.php\\\/la-fondation-abbe-pierre-alerte-sur-la-precarite-energetique-dete\\\/109085\\\/#primaryimage\"},\"image\":{\"@id\":\"https:\\\/\\\/batijournal.com\\\/index.php\\\/la-fondation-abbe-pierre-alerte-sur-la-precarite-energetique-dete\\\/109085\\\/#primaryimage\"},\"thumbnailUrl\":\"https:\\\/\\\/batijournal.com\\\/wp-content\\\/uploads\\\/2023\\\/05\\\/pompe-a-chaleur.jpg\",\"datePublished\":\"2023-07-03T19:45:28+00:00\",\"author\":{\"@id\":\"https:\\\/\\\/batijournal.com\\\/#\\\/schema\\\/person\\\/1dc96ec6957aa1ccb25ebe78bb19f100\"},\"breadcrumb\":{\"@id\":\"https:\\\/\\\/batijournal.com\\\/index.php\\\/la-fondation-abbe-pierre-alerte-sur-la-precarite-energetique-dete\\\/109085\\\/#breadcrumb\"},\"inLanguage\":\"fr-FR\",\"potentialAction\":[{\"@type\":\"ReadAction\",\"target\":[\"https:\\\/\\\/batijournal.com\\\/index.php\\\/la-fondation-abbe-pierre-alerte-sur-la-precarite-energetique-dete\\\/109085\\\/\"]}]},{\"@type\":\"ImageObject\",\"inLanguage\":\"fr-FR\",\"@id\":\"https:\\\/\\\/batijournal.com\\\/index.php\\\/la-fondation-abbe-pierre-alerte-sur-la-precarite-energetique-dete\\\/109085\\\/#primaryimage\",\"url\":\"https:\\\/\\\/batijournal.com\\\/wp-content\\\/uploads\\\/2023\\\/05\\\/pompe-a-chaleur.jpg\",\"contentUrl\":\"https:\\\/\\\/batijournal.com\\\/wp-content\\\/uploads\\\/2023\\\/05\\\/pompe-a-chaleur.jpg\",\"width\":800,\"height\":600},{\"@type\":\"BreadcrumbList\",\"@id\":\"https:\\\/\\\/batijournal.com\\\/index.php\\\/la-fondation-abbe-pierre-alerte-sur-la-precarite-energetique-dete\\\/109085\\\/#breadcrumb\",\"itemListElement\":[{\"@type\":\"ListItem\",\"position\":1,\"name\":\"Accueil\",\"item\":\"https:\\\/\\\/batijournal.com\\\/\"},{\"@type\":\"ListItem\",\"position\":2,\"name\":\"Actualit\u00e9s\",\"item\":\"https:\\\/\\\/batijournal.com\\\/index.php\\\/category\\\/actualites\\\/\"},{\"@type\":\"ListItem\",\"position\":3,\"name\":\"La fondation Abb\u00e9-Pierre alerte sur la pr\u00e9carit\u00e9 \u00e9nerg\u00e9tique d&rsquo;\u00e9t\u00e9\"}]},{\"@type\":\"WebSite\",\"@id\":\"https:\\\/\\\/batijournal.com\\\/#website\",\"url\":\"https:\\\/\\\/batijournal.com\\\/\",\"name\":\"Batijournal\",\"description\":\"L&#039;actualit\u00e9 du b\u00e2timent\",\"potentialAction\":[{\"@type\":\"SearchAction\",\"target\":{\"@type\":\"EntryPoint\",\"urlTemplate\":\"https:\\\/\\\/batijournal.com\\\/?s={search_term_string}\"},\"query-input\":{\"@type\":\"PropertyValueSpecification\",\"valueRequired\":true,\"valueName\":\"search_term_string\"}}],\"inLanguage\":\"fr-FR\"},{\"@type\":\"Person\",\"@id\":\"https:\\\/\\\/batijournal.com\\\/#\\\/schema\\\/person\\\/1dc96ec6957aa1ccb25ebe78bb19f100\",\"name\":\"St\u00e9phane Miget\",\"image\":{\"@type\":\"ImageObject\",\"inLanguage\":\"fr-FR\",\"@id\":\"https:\\\/\\\/secure.gravatar.com\\\/avatar\\\/89915563d925342126b8ef0281b93d9d7fc337043e8df017f780908eb9644451?s=96&d=mm&r=g\",\"url\":\"https:\\\/\\\/secure.gravatar.com\\\/avatar\\\/89915563d925342126b8ef0281b93d9d7fc337043e8df017f780908eb9644451?s=96&d=mm&r=g\",\"contentUrl\":\"https:\\\/\\\/secure.gravatar.com\\\/avatar\\\/89915563d925342126b8ef0281b93d9d7fc337043e8df017f780908eb9644451?s=96&d=mm&r=g\",\"caption\":\"St\u00e9phane Miget\"},\"url\":\"https:\\\/\\\/batijournal.com\\\/index.php\\\/author\\\/stephane\\\/\"}]}<\/script>\n<!-- \/ Yoast SEO plugin. -->","yoast_head_json":{"title":"La fondation Abb\u00e9-Pierre alerte sur la pr\u00e9carit\u00e9 \u00e9nerg\u00e9tique d'\u00e9t\u00e9","robots":{"index":"index","follow":"follow","max-snippet":"max-snippet:-1","max-image-preview":"max-image-preview:large","max-video-preview":"max-video-preview:-1"},"canonical":"https:\/\/batijournal.com\/index.php\/la-fondation-abbe-pierre-alerte-sur-la-precarite-energetique-dete\/109085\/","og_locale":"fr_FR","og_type":"article","og_title":"La fondation Abb\u00e9-Pierre alerte sur la pr\u00e9carit\u00e9 \u00e9nerg\u00e9tique d'\u00e9t\u00e9","og_description":"En \u00e9t\u00e9, les passoires \u00e9nerg\u00e9tiques se transforment en v\u00e9ritables bouilloires. Or, la pr\u00e9carit\u00e9 \u00e9nerg\u00e9tique est encore largement associ\u00e9e au ressenti du froid dans son logement, et trop peu \u00e0 l\u2019inhabitabilit\u00e9 li\u00e9e aux pics de chaleur. En effet, la d\u00e9finition de la pr\u00e9carit\u00e9 \u00e9nerg\u00e9tique inclut des indicateurs li\u00e9s au taux d\u2019effort \u00e9nerg\u00e9tique et au ressenti du [&hellip;]","og_url":"https:\/\/batijournal.com\/index.php\/la-fondation-abbe-pierre-alerte-sur-la-precarite-energetique-dete\/109085\/","og_site_name":"Batijournal","article_published_time":"2023-07-03T19:45:28+00:00","og_image":[{"width":800,"height":600,"url":"https:\/\/batijournal.com\/wp-content\/uploads\/2023\/05\/pompe-a-chaleur.jpg","type":"image\/jpeg"}],"author":"St\u00e9phane Miget","twitter_card":"summary_large_image","twitter_creator":"@bati_journal","twitter_site":"@bati_journal","twitter_misc":{"\u00c9crit par":"St\u00e9phane Miget","Dur\u00e9e de lecture estim\u00e9e":"3 minutes"},"schema":{"@context":"https:\/\/schema.org","@graph":[{"@type":"Article","@id":"https:\/\/batijournal.com\/index.php\/la-fondation-abbe-pierre-alerte-sur-la-precarite-energetique-dete\/109085\/#article","isPartOf":{"@id":"https:\/\/batijournal.com\/index.php\/la-fondation-abbe-pierre-alerte-sur-la-precarite-energetique-dete\/109085\/"},"author":{"name":"St\u00e9phane Miget","@id":"https:\/\/batijournal.com\/#\/schema\/person\/1dc96ec6957aa1ccb25ebe78bb19f100"},"headline":"La fondation Abb\u00e9-Pierre alerte sur la pr\u00e9carit\u00e9 \u00e9nerg\u00e9tique d&rsquo;\u00e9t\u00e9","datePublished":"2023-07-03T19:45:28+00:00","mainEntityOfPage":{"@id":"https:\/\/batijournal.com\/index.php\/la-fondation-abbe-pierre-alerte-sur-la-precarite-energetique-dete\/109085\/"},"wordCount":515,"image":{"@id":"https:\/\/batijournal.com\/index.php\/la-fondation-abbe-pierre-alerte-sur-la-precarite-energetique-dete\/109085\/#primaryimage"},"thumbnailUrl":"https:\/\/batijournal.com\/wp-content\/uploads\/2023\/05\/pompe-a-chaleur.jpg","keywords":["pr\u00e9carit\u00e9 \u00e9nerg\u00e9tique"],"articleSection":["A la Une","Actualit\u00e9s","\u00c9nergie &amp; Environnement","zz_Actualit\u00e9s - Atrium","zz_Atrium Patrimoine"],"inLanguage":"fr-FR"},{"@type":"WebPage","@id":"https:\/\/batijournal.com\/index.php\/la-fondation-abbe-pierre-alerte-sur-la-precarite-energetique-dete\/109085\/","url":"https:\/\/batijournal.com\/index.php\/la-fondation-abbe-pierre-alerte-sur-la-precarite-energetique-dete\/109085\/","name":"La fondation Abb\u00e9-Pierre alerte sur la pr\u00e9carit\u00e9 \u00e9nerg\u00e9tique d'\u00e9t\u00e9","isPartOf":{"@id":"https:\/\/batijournal.com\/#website"},"primaryImageOfPage":{"@id":"https:\/\/batijournal.com\/index.php\/la-fondation-abbe-pierre-alerte-sur-la-precarite-energetique-dete\/109085\/#primaryimage"},"image":{"@id":"https:\/\/batijournal.com\/index.php\/la-fondation-abbe-pierre-alerte-sur-la-precarite-energetique-dete\/109085\/#primaryimage"},"thumbnailUrl":"https:\/\/batijournal.com\/wp-content\/uploads\/2023\/05\/pompe-a-chaleur.jpg","datePublished":"2023-07-03T19:45:28+00:00","author":{"@id":"https:\/\/batijournal.com\/#\/schema\/person\/1dc96ec6957aa1ccb25ebe78bb19f100"},"breadcrumb":{"@id":"https:\/\/batijournal.com\/index.php\/la-fondation-abbe-pierre-alerte-sur-la-precarite-energetique-dete\/109085\/#breadcrumb"},"inLanguage":"fr-FR","potentialAction":[{"@type":"ReadAction","target":["https:\/\/batijournal.com\/index.php\/la-fondation-abbe-pierre-alerte-sur-la-precarite-energetique-dete\/109085\/"]}]},{"@type":"ImageObject","inLanguage":"fr-FR","@id":"https:\/\/batijournal.com\/index.php\/la-fondation-abbe-pierre-alerte-sur-la-precarite-energetique-dete\/109085\/#primaryimage","url":"https:\/\/batijournal.com\/wp-content\/uploads\/2023\/05\/pompe-a-chaleur.jpg","contentUrl":"https:\/\/batijournal.com\/wp-content\/uploads\/2023\/05\/pompe-a-chaleur.jpg","width":800,"height":600},{"@type":"BreadcrumbList","@id":"https:\/\/batijournal.com\/index.php\/la-fondation-abbe-pierre-alerte-sur-la-precarite-energetique-dete\/109085\/#breadcrumb","itemListElement":[{"@type":"ListItem","position":1,"name":"Accueil","item":"https:\/\/batijournal.com\/"},{"@type":"ListItem","position":2,"name":"Actualit\u00e9s","item":"https:\/\/batijournal.com\/index.php\/category\/actualites\/"},{"@type":"ListItem","position":3,"name":"La fondation Abb\u00e9-Pierre alerte sur la pr\u00e9carit\u00e9 \u00e9nerg\u00e9tique d&rsquo;\u00e9t\u00e9"}]},{"@type":"WebSite","@id":"https:\/\/batijournal.com\/#website","url":"https:\/\/batijournal.com\/","name":"Batijournal","description":"L&#039;actualit\u00e9 du b\u00e2timent","potentialAction":[{"@type":"SearchAction","target":{"@type":"EntryPoint","urlTemplate":"https:\/\/batijournal.com\/?s={search_term_string}"},"query-input":{"@type":"PropertyValueSpecification","valueRequired":true,"valueName":"search_term_string"}}],"inLanguage":"fr-FR"},{"@type":"Person","@id":"https:\/\/batijournal.com\/#\/schema\/person\/1dc96ec6957aa1ccb25ebe78bb19f100","name":"St\u00e9phane Miget","image":{"@type":"ImageObject","inLanguage":"fr-FR","@id":"https:\/\/secure.gravatar.com\/avatar\/89915563d925342126b8ef0281b93d9d7fc337043e8df017f780908eb9644451?s=96&d=mm&r=g","url":"https:\/\/secure.gravatar.com\/avatar\/89915563d925342126b8ef0281b93d9d7fc337043e8df017f780908eb9644451?s=96&d=mm&r=g","contentUrl":"https:\/\/secure.gravatar.com\/avatar\/89915563d925342126b8ef0281b93d9d7fc337043e8df017f780908eb9644451?s=96&d=mm&r=g","caption":"St\u00e9phane Miget"},"url":"https:\/\/batijournal.com\/index.php\/author\/stephane\/"}]}},"_links":{"self":[{"href":"https:\/\/batijournal.com\/index.php\/wp-json\/wp\/v2\/posts\/109085","targetHints":{"allow":["GET"]}}],"collection":[{"href":"https:\/\/batijournal.com\/index.php\/wp-json\/wp\/v2\/posts"}],"about":[{"href":"https:\/\/batijournal.com\/index.php\/wp-json\/wp\/v2\/types\/post"}],"author":[{"embeddable":true,"href":"https:\/\/batijournal.com\/index.php\/wp-json\/wp\/v2\/users\/17"}],"replies":[{"embeddable":true,"href":"https:\/\/batijournal.com\/index.php\/wp-json\/wp\/v2\/comments?post=109085"}],"version-history":[{"count":0,"href":"https:\/\/batijournal.com\/index.php\/wp-json\/wp\/v2\/posts\/109085\/revisions"}],"wp:featuredmedia":[{"embeddable":true,"href":"https:\/\/batijournal.com\/index.php\/wp-json\/wp\/v2\/media\/108931"}],"wp:attachment":[{"href":"https:\/\/batijournal.com\/index.php\/wp-json\/wp\/v2\/media?parent=109085"}],"wp:term":[{"taxonomy":"category","embeddable":true,"href":"https:\/\/batijournal.com\/index.php\/wp-json\/wp\/v2\/categories?post=109085"},{"taxonomy":"post_tag","embeddable":true,"href":"https:\/\/batijournal.com\/index.php\/wp-json\/wp\/v2\/tags?post=109085"}],"curies":[{"name":"wp","href":"https:\/\/api.w.org\/{rel}","templated":true}]}}