{"id":109086,"date":"2023-07-04T07:48:21","date_gmt":"2023-07-04T05:48:21","guid":{"rendered":"https:\/\/batijournal.com\/?p=109086"},"modified":"2023-07-04T07:48:21","modified_gmt":"2023-07-04T05:48:21","slug":"comite-de-pilotage-je-renove-mon-logement","status":"publish","type":"post","link":"https:\/\/batijournal.com\/index.php\/comite-de-pilotage-je-renove-mon-logement\/109086\/","title":{"rendered":"Comit\u00e9 de pilotage \u00ab Je r\u00e9nove mon logement \u00bb"},"content":{"rendered":"<p>Christophe B\u00e9chu, Agn\u00e8s Pannier-Runacher, Stanislas Guerini et Olivier Klein installent le comit\u00e9 de pilotage \u00ab Je r\u00e9nove mon logement \u00bb r\u00e9unissant l\u2019ensemble des parties prenantes (administrations, comit\u00e9 d\u2019usagers et acteurs institutionnels) avec un double objectif : assurer un maillage de tout le territoire d\u2019ici 2025 avec 2600 points d\u2019information et conseil \u00ab France Renov \u00bb, afin d\u2019accompagner de fa\u00e7on personnalis\u00e9e les fran\u00e7ais dans la pr\u00e9paration de leur dossier de r\u00e9novation de logement et s\u00e9curiser davantage le parcours usager en accentuant notamment la lutte contre la fraude. Ce comit\u00e9 se r\u00e9unira plusieurs fois par an pour suivre l\u2019avanc\u00e9e des chantiers et travailler \u00e0 l\u2019am\u00e9lioration du parcours des usagers.<\/p>\n","protected":false},"excerpt":{"rendered":"<p>Christophe B\u00e9chu, Agn\u00e8s Pannier-Runacher, Stanislas Guerini et Olivier Klein installent le comit\u00e9 de pilotage \u00ab Je r\u00e9nove mon logement \u00bb r\u00e9unissant l\u2019ensemble des parties prenantes (administrations, comit\u00e9 d\u2019usagers et acteurs institutionnels) avec un double objectif : assurer un maillage de tout le territoire d\u2019ici 2025 avec 2600 points d\u2019information et conseil \u00ab France Renov \u00bb, [&hellip;]<\/p>\n","protected":false},"author":17,"featured_media":86453,"comment_status":"closed","ping_status":"closed","sticky":false,"template":"","format":"standard","meta":{"_et_pb_use_builder":"","_et_pb_old_content":"","_et_gb_content_width":"","footnotes":""},"categories":[10530,6351,10781,10778],"tags":[12942],"class_list":["post-109086","post","type-post","status-publish","format-standard","has-post-thumbnail","hentry","category-actualites","category-energie-environnement","category-publications-planete","category-planete","tag-maprimerenov"],"yoast_head":"<!-- This site is optimized with the Yoast SEO plugin v27.4 - https:\/\/yoast.com\/product\/yoast-seo-wordpress\/ -->\n<title>Comit\u00e9 de pilotage \u00ab Je r\u00e9nove mon logement \u00bb<\/title>\n<meta name=\"robots\" content=\"index, follow, max-snippet:-1, max-image-preview:large, max-video-preview:-1\" \/>\n<link rel=\"canonical\" href=\"https:\/\/batijournal.com\/index.php\/comite-de-pilotage-je-renove-mon-logement\/109086\/\" \/>\n<meta property=\"og:locale\" content=\"fr_FR\" \/>\n<meta property=\"og:type\" content=\"article\" \/>\n<meta property=\"og:title\" content=\"Comit\u00e9 de pilotage \u00ab Je r\u00e9nove mon logement \u00bb\" \/>\n<meta property=\"og:description\" content=\"Christophe B\u00e9chu, Agn\u00e8s Pannier-Runacher, Stanislas Guerini et Olivier Klein installent le comit\u00e9 de pilotage \u00ab Je r\u00e9nove mon logement \u00bb r\u00e9unissant l\u2019ensemble des parties prenantes (administrations, comit\u00e9 d\u2019usagers et acteurs institutionnels) avec un double objectif : assurer un maillage de tout le territoire d\u2019ici 2025 avec 2600 points d\u2019information et conseil \u00ab France Renov \u00bb, [&hellip;]\" \/>\n<meta property=\"og:url\" content=\"https:\/\/batijournal.com\/index.php\/comite-de-pilotage-je-renove-mon-logement\/109086\/\" \/>\n<meta property=\"og:site_name\" content=\"Batijournal\" \/>\n<meta property=\"article:published_time\" content=\"2023-07-04T05:48:21+00:00\" \/>\n<meta property=\"og:image\" content=\"https:\/\/batijournal.com\/wp-content\/uploads\/2015\/03\/97273383.jpg\" \/>\n\t<meta property=\"og:image:width\" content=\"600\" \/>\n\t<meta property=\"og:image:height\" content=\"560\" \/>\n\t<meta property=\"og:image:type\" content=\"image\/jpeg\" \/>\n<meta name=\"author\" content=\"St\u00e9phane Miget\" \/>\n<meta name=\"twitter:card\" content=\"summary_large_image\" \/>\n<meta name=\"twitter:creator\" content=\"@bati_journal\" \/>\n<meta name=\"twitter:site\" content=\"@bati_journal\" \/>\n<meta name=\"twitter:label1\" content=\"\u00c9crit par\" \/>\n\t<meta name=\"twitter:data1\" content=\"St\u00e9phane Miget\" \/>\n\t<meta name=\"twitter:label2\" content=\"Dur\u00e9e de lecture estim\u00e9e\" \/>\n\t<meta name=\"twitter:data2\" content=\"1 minute\" \/>\n<script type=\"application\/ld+json\" class=\"yoast-schema-graph\">{\"@context\":\"https:\\\/\\\/schema.org\",\"@graph\":[{\"@type\":\"Article\",\"@id\":\"https:\\\/\\\/batijournal.com\\\/index.php\\\/comite-de-pilotage-je-renove-mon-logement\\\/109086\\\/#article\",\"isPartOf\":{\"@id\":\"https:\\\/\\\/batijournal.com\\\/index.php\\\/comite-de-pilotage-je-renove-mon-logement\\\/109086\\\/\"},\"author\":{\"name\":\"St\u00e9phane Miget\",\"@id\":\"https:\\\/\\\/batijournal.com\\\/#\\\/schema\\\/person\\\/1dc96ec6957aa1ccb25ebe78bb19f100\"},\"headline\":\"Comit\u00e9 de pilotage \u00ab Je r\u00e9nove mon logement \u00bb\",\"datePublished\":\"2023-07-04T05:48:21+00:00\",\"mainEntityOfPage\":{\"@id\":\"https:\\\/\\\/batijournal.com\\\/index.php\\\/comite-de-pilotage-je-renove-mon-logement\\\/109086\\\/\"},\"wordCount\":127,\"image\":{\"@id\":\"https:\\\/\\\/batijournal.com\\\/index.php\\\/comite-de-pilotage-je-renove-mon-logement\\\/109086\\\/#primaryimage\"},\"thumbnailUrl\":\"https:\\\/\\\/batijournal.com\\\/wp-content\\\/uploads\\\/2015\\\/03\\\/97273383.jpg\",\"keywords\":[\"MaPrimeRenov\"],\"articleSection\":[\"Actualit\u00e9s\",\"\u00c9nergie &amp; Environnement\",\"zz_Actualit\u00e9s - Plan\u00e8te\",\"zz_Plan\u00e8te B\u00e2timent\"],\"inLanguage\":\"fr-FR\"},{\"@type\":\"WebPage\",\"@id\":\"https:\\\/\\\/batijournal.com\\\/index.php\\\/comite-de-pilotage-je-renove-mon-logement\\\/109086\\\/\",\"url\":\"https:\\\/\\\/batijournal.com\\\/index.php\\\/comite-de-pilotage-je-renove-mon-logement\\\/109086\\\/\",\"name\":\"Comit\u00e9 de pilotage \u00ab Je r\u00e9nove mon logement \u00bb\",\"isPartOf\":{\"@id\":\"https:\\\/\\\/batijournal.com\\\/#website\"},\"primaryImageOfPage\":{\"@id\":\"https:\\\/\\\/batijournal.com\\\/index.php\\\/comite-de-pilotage-je-renove-mon-logement\\\/109086\\\/#primaryimage\"},\"image\":{\"@id\":\"https:\\\/\\\/batijournal.com\\\/index.php\\\/comite-de-pilotage-je-renove-mon-logement\\\/109086\\\/#primaryimage\"},\"thumbnailUrl\":\"https:\\\/\\\/batijournal.com\\\/wp-content\\\/uploads\\\/2015\\\/03\\\/97273383.jpg\",\"datePublished\":\"2023-07-04T05:48:21+00:00\",\"author\":{\"@id\":\"https:\\\/\\\/batijournal.com\\\/#\\\/schema\\\/person\\\/1dc96ec6957aa1ccb25ebe78bb19f100\"},\"breadcrumb\":{\"@id\":\"https:\\\/\\\/batijournal.com\\\/index.php\\\/comite-de-pilotage-je-renove-mon-logement\\\/109086\\\/#breadcrumb\"},\"inLanguage\":\"fr-FR\",\"potentialAction\":[{\"@type\":\"ReadAction\",\"target\":[\"https:\\\/\\\/batijournal.com\\\/index.php\\\/comite-de-pilotage-je-renove-mon-logement\\\/109086\\\/\"]}]},{\"@type\":\"ImageObject\",\"inLanguage\":\"fr-FR\",\"@id\":\"https:\\\/\\\/batijournal.com\\\/index.php\\\/comite-de-pilotage-je-renove-mon-logement\\\/109086\\\/#primaryimage\",\"url\":\"https:\\\/\\\/batijournal.com\\\/wp-content\\\/uploads\\\/2015\\\/03\\\/97273383.jpg\",\"contentUrl\":\"https:\\\/\\\/batijournal.com\\\/wp-content\\\/uploads\\\/2015\\\/03\\\/97273383.jpg\",\"width\":600,\"height\":560,\"caption\":\"r\u00e9novation\"},{\"@type\":\"BreadcrumbList\",\"@id\":\"https:\\\/\\\/batijournal.com\\\/index.php\\\/comite-de-pilotage-je-renove-mon-logement\\\/109086\\\/#breadcrumb\",\"itemListElement\":[{\"@type\":\"ListItem\",\"position\":1,\"name\":\"Accueil\",\"item\":\"https:\\\/\\\/batijournal.com\\\/\"},{\"@type\":\"ListItem\",\"position\":2,\"name\":\"Actualit\u00e9s\",\"item\":\"https:\\\/\\\/batijournal.com\\\/index.php\\\/category\\\/actualites\\\/\"},{\"@type\":\"ListItem\",\"position\":3,\"name\":\"Comit\u00e9 de pilotage \u00ab Je r\u00e9nove mon logement \u00bb\"}]},{\"@type\":\"WebSite\",\"@id\":\"https:\\\/\\\/batijournal.com\\\/#website\",\"url\":\"https:\\\/\\\/batijournal.com\\\/\",\"name\":\"Batijournal\",\"description\":\"L&#039;actualit\u00e9 du b\u00e2timent\",\"potentialAction\":[{\"@type\":\"SearchAction\",\"target\":{\"@type\":\"EntryPoint\",\"urlTemplate\":\"https:\\\/\\\/batijournal.com\\\/?s={search_term_string}\"},\"query-input\":{\"@type\":\"PropertyValueSpecification\",\"valueRequired\":true,\"valueName\":\"search_term_string\"}}],\"inLanguage\":\"fr-FR\"},{\"@type\":\"Person\",\"@id\":\"https:\\\/\\\/batijournal.com\\\/#\\\/schema\\\/person\\\/1dc96ec6957aa1ccb25ebe78bb19f100\",\"name\":\"St\u00e9phane Miget\",\"image\":{\"@type\":\"ImageObject\",\"inLanguage\":\"fr-FR\",\"@id\":\"https:\\\/\\\/secure.gravatar.com\\\/avatar\\\/89915563d925342126b8ef0281b93d9d7fc337043e8df017f780908eb9644451?s=96&d=mm&r=g\",\"url\":\"https:\\\/\\\/secure.gravatar.com\\\/avatar\\\/89915563d925342126b8ef0281b93d9d7fc337043e8df017f780908eb9644451?s=96&d=mm&r=g\",\"contentUrl\":\"https:\\\/\\\/secure.gravatar.com\\\/avatar\\\/89915563d925342126b8ef0281b93d9d7fc337043e8df017f780908eb9644451?s=96&d=mm&r=g\",\"caption\":\"St\u00e9phane Miget\"},\"url\":\"https:\\\/\\\/batijournal.com\\\/index.php\\\/author\\\/stephane\\\/\"}]}<\/script>\n<!-- \/ Yoast SEO plugin. -->","yoast_head_json":{"title":"Comit\u00e9 de pilotage \u00ab Je r\u00e9nove mon logement \u00bb","robots":{"index":"index","follow":"follow","max-snippet":"max-snippet:-1","max-image-preview":"max-image-preview:large","max-video-preview":"max-video-preview:-1"},"canonical":"https:\/\/batijournal.com\/index.php\/comite-de-pilotage-je-renove-mon-logement\/109086\/","og_locale":"fr_FR","og_type":"article","og_title":"Comit\u00e9 de pilotage \u00ab Je r\u00e9nove mon logement \u00bb","og_description":"Christophe B\u00e9chu, Agn\u00e8s Pannier-Runacher, Stanislas Guerini et Olivier Klein installent le comit\u00e9 de pilotage \u00ab Je r\u00e9nove mon logement \u00bb r\u00e9unissant l\u2019ensemble des parties prenantes (administrations, comit\u00e9 d\u2019usagers et acteurs institutionnels) avec un double objectif : assurer un maillage de tout le territoire d\u2019ici 2025 avec 2600 points d\u2019information et conseil \u00ab France Renov \u00bb, [&hellip;]","og_url":"https:\/\/batijournal.com\/index.php\/comite-de-pilotage-je-renove-mon-logement\/109086\/","og_site_name":"Batijournal","article_published_time":"2023-07-04T05:48:21+00:00","og_image":[{"width":600,"height":560,"url":"https:\/\/batijournal.com\/wp-content\/uploads\/2015\/03\/97273383.jpg","type":"image\/jpeg"}],"author":"St\u00e9phane Miget","twitter_card":"summary_large_image","twitter_creator":"@bati_journal","twitter_site":"@bati_journal","twitter_misc":{"\u00c9crit par":"St\u00e9phane Miget","Dur\u00e9e de lecture estim\u00e9e":"1 minute"},"schema":{"@context":"https:\/\/schema.org","@graph":[{"@type":"Article","@id":"https:\/\/batijournal.com\/index.php\/comite-de-pilotage-je-renove-mon-logement\/109086\/#article","isPartOf":{"@id":"https:\/\/batijournal.com\/index.php\/comite-de-pilotage-je-renove-mon-logement\/109086\/"},"author":{"name":"St\u00e9phane Miget","@id":"https:\/\/batijournal.com\/#\/schema\/person\/1dc96ec6957aa1ccb25ebe78bb19f100"},"headline":"Comit\u00e9 de pilotage \u00ab Je r\u00e9nove mon logement \u00bb","datePublished":"2023-07-04T05:48:21+00:00","mainEntityOfPage":{"@id":"https:\/\/batijournal.com\/index.php\/comite-de-pilotage-je-renove-mon-logement\/109086\/"},"wordCount":127,"image":{"@id":"https:\/\/batijournal.com\/index.php\/comite-de-pilotage-je-renove-mon-logement\/109086\/#primaryimage"},"thumbnailUrl":"https:\/\/batijournal.com\/wp-content\/uploads\/2015\/03\/97273383.jpg","keywords":["MaPrimeRenov"],"articleSection":["Actualit\u00e9s","\u00c9nergie &amp; Environnement","zz_Actualit\u00e9s - Plan\u00e8te","zz_Plan\u00e8te B\u00e2timent"],"inLanguage":"fr-FR"},{"@type":"WebPage","@id":"https:\/\/batijournal.com\/index.php\/comite-de-pilotage-je-renove-mon-logement\/109086\/","url":"https:\/\/batijournal.com\/index.php\/comite-de-pilotage-je-renove-mon-logement\/109086\/","name":"Comit\u00e9 de pilotage \u00ab Je r\u00e9nove mon logement \u00bb","isPartOf":{"@id":"https:\/\/batijournal.com\/#website"},"primaryImageOfPage":{"@id":"https:\/\/batijournal.com\/index.php\/comite-de-pilotage-je-renove-mon-logement\/109086\/#primaryimage"},"image":{"@id":"https:\/\/batijournal.com\/index.php\/comite-de-pilotage-je-renove-mon-logement\/109086\/#primaryimage"},"thumbnailUrl":"https:\/\/batijournal.com\/wp-content\/uploads\/2015\/03\/97273383.jpg","datePublished":"2023-07-04T05:48:21+00:00","author":{"@id":"https:\/\/batijournal.com\/#\/schema\/person\/1dc96ec6957aa1ccb25ebe78bb19f100"},"breadcrumb":{"@id":"https:\/\/batijournal.com\/index.php\/comite-de-pilotage-je-renove-mon-logement\/109086\/#breadcrumb"},"inLanguage":"fr-FR","potentialAction":[{"@type":"ReadAction","target":["https:\/\/batijournal.com\/index.php\/comite-de-pilotage-je-renove-mon-logement\/109086\/"]}]},{"@type":"ImageObject","inLanguage":"fr-FR","@id":"https:\/\/batijournal.com\/index.php\/comite-de-pilotage-je-renove-mon-logement\/109086\/#primaryimage","url":"https:\/\/batijournal.com\/wp-content\/uploads\/2015\/03\/97273383.jpg","contentUrl":"https:\/\/batijournal.com\/wp-content\/uploads\/2015\/03\/97273383.jpg","width":600,"height":560,"caption":"r\u00e9novation"},{"@type":"BreadcrumbList","@id":"https:\/\/batijournal.com\/index.php\/comite-de-pilotage-je-renove-mon-logement\/109086\/#breadcrumb","itemListElement":[{"@type":"ListItem","position":1,"name":"Accueil","item":"https:\/\/batijournal.com\/"},{"@type":"ListItem","position":2,"name":"Actualit\u00e9s","item":"https:\/\/batijournal.com\/index.php\/category\/actualites\/"},{"@type":"ListItem","position":3,"name":"Comit\u00e9 de pilotage \u00ab Je r\u00e9nove mon logement \u00bb"}]},{"@type":"WebSite","@id":"https:\/\/batijournal.com\/#website","url":"https:\/\/batijournal.com\/","name":"Batijournal","description":"L&#039;actualit\u00e9 du b\u00e2timent","potentialAction":[{"@type":"SearchAction","target":{"@type":"EntryPoint","urlTemplate":"https:\/\/batijournal.com\/?s={search_term_string}"},"query-input":{"@type":"PropertyValueSpecification","valueRequired":true,"valueName":"search_term_string"}}],"inLanguage":"fr-FR"},{"@type":"Person","@id":"https:\/\/batijournal.com\/#\/schema\/person\/1dc96ec6957aa1ccb25ebe78bb19f100","name":"St\u00e9phane Miget","image":{"@type":"ImageObject","inLanguage":"fr-FR","@id":"https:\/\/secure.gravatar.com\/avatar\/89915563d925342126b8ef0281b93d9d7fc337043e8df017f780908eb9644451?s=96&d=mm&r=g","url":"https:\/\/secure.gravatar.com\/avatar\/89915563d925342126b8ef0281b93d9d7fc337043e8df017f780908eb9644451?s=96&d=mm&r=g","contentUrl":"https:\/\/secure.gravatar.com\/avatar\/89915563d925342126b8ef0281b93d9d7fc337043e8df017f780908eb9644451?s=96&d=mm&r=g","caption":"St\u00e9phane Miget"},"url":"https:\/\/batijournal.com\/index.php\/author\/stephane\/"}]}},"_links":{"self":[{"href":"https:\/\/batijournal.com\/index.php\/wp-json\/wp\/v2\/posts\/109086","targetHints":{"allow":["GET"]}}],"collection":[{"href":"https:\/\/batijournal.com\/index.php\/wp-json\/wp\/v2\/posts"}],"about":[{"href":"https:\/\/batijournal.com\/index.php\/wp-json\/wp\/v2\/types\/post"}],"author":[{"embeddable":true,"href":"https:\/\/batijournal.com\/index.php\/wp-json\/wp\/v2\/users\/17"}],"replies":[{"embeddable":true,"href":"https:\/\/batijournal.com\/index.php\/wp-json\/wp\/v2\/comments?post=109086"}],"version-history":[{"count":0,"href":"https:\/\/batijournal.com\/index.php\/wp-json\/wp\/v2\/posts\/109086\/revisions"}],"wp:featuredmedia":[{"embeddable":true,"href":"https:\/\/batijournal.com\/index.php\/wp-json\/wp\/v2\/media\/86453"}],"wp:attachment":[{"href":"https:\/\/batijournal.com\/index.php\/wp-json\/wp\/v2\/media?parent=109086"}],"wp:term":[{"taxonomy":"category","embeddable":true,"href":"https:\/\/batijournal.com\/index.php\/wp-json\/wp\/v2\/categories?post=109086"},{"taxonomy":"post_tag","embeddable":true,"href":"https:\/\/batijournal.com\/index.php\/wp-json\/wp\/v2\/tags?post=109086"}],"curies":[{"name":"wp","href":"https:\/\/api.w.org\/{rel}","templated":true}]}}