{"id":109102,"date":"2023-07-10T15:45:29","date_gmt":"2023-07-10T13:45:29","guid":{"rendered":"https:\/\/batijournal.com\/?p=109102"},"modified":"2023-07-10T15:45:29","modified_gmt":"2023-07-10T13:45:29","slug":"effondrement-des-permis-de-construire-et-des-mises-en-chantier","status":"publish","type":"post","link":"https:\/\/batijournal.com\/index.php\/effondrement-des-permis-de-construire-et-des-mises-en-chantier\/109102\/","title":{"rendered":"Effondrement des permis de construire et des mises en chantier"},"content":{"rendered":"<p>Pour la FFB, la crise du logement neuf s\u2019intensifie \u00e0 nouveau. Sur cinq mois \u00e0 fin mai 2023, l\u2019effondrement des permis ressort aux environs de -30\u00a0% et la chute des mises en chantier s\u2019acc\u00e9l\u00e8re \u00e0 -17,2\u00a0%. L\u2019individuel affiche des \u00e9volutions respectives de -37,4\u00a0% et -21,5\u00a0%. Par ailleurs, \u00e0 l\u2019amont de la fili\u00e8re, sur la m\u00eame p\u00e9riode, les ventes dans l\u2019individuel diffus chutent de 36,2\u00a0%, rythme proche de celui enregistr\u00e9 du c\u00f4t\u00e9 des promoteurs entre les premiers trimestres 2022 et 2023, soit -36,6\u00a0%. Le non r\u00e9sidentiel neuf conna\u00eet une situation moins favorable qu\u2019attendue. Entre les premiers quinquamestres 2022 et 2023, les surfaces commenc\u00e9es abandonnent 23,1\u00a0% et tous les segments hors h\u00f4tellerie contribuent \u00e0 ce mouvement. S\u2019agissant des surfaces autoris\u00e9es, elles diminuent de 4,0\u00a0%, bien que les h\u00e9bergements h\u00f4teliers, les b\u00e2timents publics ainsi que les b\u00e2timents industriels et assimil\u00e9s s\u2019affichent encore en hausse. L\u2019activit\u00e9 en am\u00e9lioration-entretien ralentit de nouveau, \u00e0 +1,0\u00a0% \u00e0 prix constants sur le premier trimestre 2023. Il en va de m\u00eame de la r\u00e9novation \u00e9nerg\u00e9tique, \u00e0 +1,1\u00a0%. Et si les perspectives ressortent moins d\u00e9grad\u00e9es pour l\u2019\u00e9t\u00e9, elles ne laissent pas esp\u00e9rer de r\u00e9elle reprise. Au global, les carnets de commandes encore garnis garantissent l\u2019activit\u00e9 des prochains mois, mais l\u2019horizon s\u2019assombrit clairement. De ce fait, on ne constate plus qu\u2019une petite progression de l\u2019emploi sur le d\u00e9but 2023 et un tassement des perspectives en ce domaine, voire une d\u00e9gradation chez les artisans.<\/p>\n<p>Pour Olivier Salleron, pr\u00e9sident de la FFB :<em> \u00ab\u00a0L\u2019in\u00e9vitable crise du logement neuf gagne l\u2019ensemble du territoire. Elle r\u00e9sulte avant tout d\u2019un redoutable effet de ciseau entre durcissement du march\u00e9 du cr\u00e9dit et forte hausse des co\u00fbts du foncier comme de la construction, notamment sous l\u2019effet de dispositions r\u00e8glementaires et normatives. On pense notamment aux r\u00e8gles du Haut-Conseil de stabilit\u00e9 financi\u00e8re, \u00e0 la r\u00e9glementation environnementale 2020, ou au \u00ab\u00a0Z\u00e9ro artificialisation nette\u00a0\u00bb, appliqu\u00e9 par anticipation comme un simple \u00ab\u00a0z\u00e9ro artificialisation\u00a0\u00bb.\u00a0\u00bb<\/em><\/p>\n","protected":false},"excerpt":{"rendered":"<p>Pour la FFB, la crise du logement neuf s\u2019intensifie \u00e0 nouveau. Sur cinq mois \u00e0 fin mai 2023, l\u2019effondrement des permis ressort aux environs de -30\u00a0% et la chute des mises en chantier s\u2019acc\u00e9l\u00e8re \u00e0 -17,2\u00a0%. L\u2019individuel affiche des \u00e9volutions respectives de -37,4\u00a0% et -21,5\u00a0%. Par ailleurs, \u00e0 l\u2019amont de la fili\u00e8re, sur la m\u00eame [&hellip;]<\/p>\n","protected":false},"author":17,"featured_media":108696,"comment_status":"closed","ping_status":"closed","sticky":false,"template":"","format":"standard","meta":{"_et_pb_use_builder":"","_et_pb_old_content":"","_et_gb_content_width":"","footnotes":""},"categories":[10736,10530,6345],"tags":[373,1338],"class_list":["post-109102","post","type-post","status-publish","format-standard","has-post-thumbnail","hentry","category-a-la-une","category-actualites","category-economie-marches","tag-ffb","tag-statistiques"],"yoast_head":"<!-- This site is optimized with the Yoast SEO plugin v27.4 - https:\/\/yoast.com\/product\/yoast-seo-wordpress\/ -->\n<title>Effondrement des permis de construire et des mises en chantier<\/title>\n<meta name=\"robots\" content=\"index, follow, max-snippet:-1, max-image-preview:large, max-video-preview:-1\" \/>\n<link rel=\"canonical\" href=\"https:\/\/batijournal.com\/index.php\/effondrement-des-permis-de-construire-et-des-mises-en-chantier\/109102\/\" \/>\n<meta property=\"og:locale\" content=\"fr_FR\" \/>\n<meta property=\"og:type\" content=\"article\" \/>\n<meta property=\"og:title\" content=\"Effondrement des permis de construire et des mises en chantier\" \/>\n<meta property=\"og:description\" content=\"Pour la FFB, la crise du logement neuf s\u2019intensifie \u00e0 nouveau. Sur cinq mois \u00e0 fin mai 2023, l\u2019effondrement des permis ressort aux environs de -30\u00a0% et la chute des mises en chantier s\u2019acc\u00e9l\u00e8re \u00e0 -17,2\u00a0%. L\u2019individuel affiche des \u00e9volutions respectives de -37,4\u00a0% et -21,5\u00a0%. Par ailleurs, \u00e0 l\u2019amont de la fili\u00e8re, sur la m\u00eame [&hellip;]\" \/>\n<meta property=\"og:url\" content=\"https:\/\/batijournal.com\/index.php\/effondrement-des-permis-de-construire-et-des-mises-en-chantier\/109102\/\" \/>\n<meta property=\"og:site_name\" content=\"Batijournal\" \/>\n<meta property=\"article:published_time\" content=\"2023-07-10T13:45:29+00:00\" \/>\n<meta property=\"og:image\" content=\"https:\/\/batijournal.com\/wp-content\/uploads\/2023\/03\/grue-chantier.jpg\" \/>\n\t<meta property=\"og:image:width\" content=\"1000\" \/>\n\t<meta property=\"og:image:height\" content=\"761\" \/>\n\t<meta property=\"og:image:type\" content=\"image\/jpeg\" \/>\n<meta name=\"author\" content=\"St\u00e9phane Miget\" \/>\n<meta name=\"twitter:card\" content=\"summary_large_image\" \/>\n<meta name=\"twitter:creator\" content=\"@bati_journal\" \/>\n<meta name=\"twitter:site\" content=\"@bati_journal\" \/>\n<meta name=\"twitter:label1\" content=\"\u00c9crit par\" \/>\n\t<meta name=\"twitter:data1\" content=\"St\u00e9phane Miget\" \/>\n\t<meta name=\"twitter:label2\" content=\"Dur\u00e9e de lecture estim\u00e9e\" \/>\n\t<meta name=\"twitter:data2\" content=\"2 minutes\" \/>\n<script type=\"application\/ld+json\" class=\"yoast-schema-graph\">{\"@context\":\"https:\\\/\\\/schema.org\",\"@graph\":[{\"@type\":\"Article\",\"@id\":\"https:\\\/\\\/batijournal.com\\\/index.php\\\/effondrement-des-permis-de-construire-et-des-mises-en-chantier\\\/109102\\\/#article\",\"isPartOf\":{\"@id\":\"https:\\\/\\\/batijournal.com\\\/index.php\\\/effondrement-des-permis-de-construire-et-des-mises-en-chantier\\\/109102\\\/\"},\"author\":{\"name\":\"St\u00e9phane Miget\",\"@id\":\"https:\\\/\\\/batijournal.com\\\/#\\\/schema\\\/person\\\/1dc96ec6957aa1ccb25ebe78bb19f100\"},\"headline\":\"Effondrement des permis de construire et des mises en chantier\",\"datePublished\":\"2023-07-10T13:45:29+00:00\",\"mainEntityOfPage\":{\"@id\":\"https:\\\/\\\/batijournal.com\\\/index.php\\\/effondrement-des-permis-de-construire-et-des-mises-en-chantier\\\/109102\\\/\"},\"wordCount\":355,\"image\":{\"@id\":\"https:\\\/\\\/batijournal.com\\\/index.php\\\/effondrement-des-permis-de-construire-et-des-mises-en-chantier\\\/109102\\\/#primaryimage\"},\"thumbnailUrl\":\"https:\\\/\\\/batijournal.com\\\/wp-content\\\/uploads\\\/2023\\\/03\\\/grue-chantier.jpg\",\"keywords\":[\"ffb\",\"statistiques\"],\"articleSection\":[\"A la Une\",\"Actualit\u00e9s\",\"\u00c9conomie &amp; March\u00e9s\"],\"inLanguage\":\"fr-FR\"},{\"@type\":\"WebPage\",\"@id\":\"https:\\\/\\\/batijournal.com\\\/index.php\\\/effondrement-des-permis-de-construire-et-des-mises-en-chantier\\\/109102\\\/\",\"url\":\"https:\\\/\\\/batijournal.com\\\/index.php\\\/effondrement-des-permis-de-construire-et-des-mises-en-chantier\\\/109102\\\/\",\"name\":\"Effondrement des permis de construire et des mises en chantier\",\"isPartOf\":{\"@id\":\"https:\\\/\\\/batijournal.com\\\/#website\"},\"primaryImageOfPage\":{\"@id\":\"https:\\\/\\\/batijournal.com\\\/index.php\\\/effondrement-des-permis-de-construire-et-des-mises-en-chantier\\\/109102\\\/#primaryimage\"},\"image\":{\"@id\":\"https:\\\/\\\/batijournal.com\\\/index.php\\\/effondrement-des-permis-de-construire-et-des-mises-en-chantier\\\/109102\\\/#primaryimage\"},\"thumbnailUrl\":\"https:\\\/\\\/batijournal.com\\\/wp-content\\\/uploads\\\/2023\\\/03\\\/grue-chantier.jpg\",\"datePublished\":\"2023-07-10T13:45:29+00:00\",\"author\":{\"@id\":\"https:\\\/\\\/batijournal.com\\\/#\\\/schema\\\/person\\\/1dc96ec6957aa1ccb25ebe78bb19f100\"},\"breadcrumb\":{\"@id\":\"https:\\\/\\\/batijournal.com\\\/index.php\\\/effondrement-des-permis-de-construire-et-des-mises-en-chantier\\\/109102\\\/#breadcrumb\"},\"inLanguage\":\"fr-FR\",\"potentialAction\":[{\"@type\":\"ReadAction\",\"target\":[\"https:\\\/\\\/batijournal.com\\\/index.php\\\/effondrement-des-permis-de-construire-et-des-mises-en-chantier\\\/109102\\\/\"]}]},{\"@type\":\"ImageObject\",\"inLanguage\":\"fr-FR\",\"@id\":\"https:\\\/\\\/batijournal.com\\\/index.php\\\/effondrement-des-permis-de-construire-et-des-mises-en-chantier\\\/109102\\\/#primaryimage\",\"url\":\"https:\\\/\\\/batijournal.com\\\/wp-content\\\/uploads\\\/2023\\\/03\\\/grue-chantier.jpg\",\"contentUrl\":\"https:\\\/\\\/batijournal.com\\\/wp-content\\\/uploads\\\/2023\\\/03\\\/grue-chantier.jpg\",\"width\":1000,\"height\":761},{\"@type\":\"BreadcrumbList\",\"@id\":\"https:\\\/\\\/batijournal.com\\\/index.php\\\/effondrement-des-permis-de-construire-et-des-mises-en-chantier\\\/109102\\\/#breadcrumb\",\"itemListElement\":[{\"@type\":\"ListItem\",\"position\":1,\"name\":\"Accueil\",\"item\":\"https:\\\/\\\/batijournal.com\\\/\"},{\"@type\":\"ListItem\",\"position\":2,\"name\":\"Actualit\u00e9s\",\"item\":\"https:\\\/\\\/batijournal.com\\\/index.php\\\/category\\\/actualites\\\/\"},{\"@type\":\"ListItem\",\"position\":3,\"name\":\"Effondrement des permis de construire et des mises en chantier\"}]},{\"@type\":\"WebSite\",\"@id\":\"https:\\\/\\\/batijournal.com\\\/#website\",\"url\":\"https:\\\/\\\/batijournal.com\\\/\",\"name\":\"Batijournal\",\"description\":\"L&#039;actualit\u00e9 du b\u00e2timent\",\"potentialAction\":[{\"@type\":\"SearchAction\",\"target\":{\"@type\":\"EntryPoint\",\"urlTemplate\":\"https:\\\/\\\/batijournal.com\\\/?s={search_term_string}\"},\"query-input\":{\"@type\":\"PropertyValueSpecification\",\"valueRequired\":true,\"valueName\":\"search_term_string\"}}],\"inLanguage\":\"fr-FR\"},{\"@type\":\"Person\",\"@id\":\"https:\\\/\\\/batijournal.com\\\/#\\\/schema\\\/person\\\/1dc96ec6957aa1ccb25ebe78bb19f100\",\"name\":\"St\u00e9phane Miget\",\"image\":{\"@type\":\"ImageObject\",\"inLanguage\":\"fr-FR\",\"@id\":\"https:\\\/\\\/secure.gravatar.com\\\/avatar\\\/89915563d925342126b8ef0281b93d9d7fc337043e8df017f780908eb9644451?s=96&d=mm&r=g\",\"url\":\"https:\\\/\\\/secure.gravatar.com\\\/avatar\\\/89915563d925342126b8ef0281b93d9d7fc337043e8df017f780908eb9644451?s=96&d=mm&r=g\",\"contentUrl\":\"https:\\\/\\\/secure.gravatar.com\\\/avatar\\\/89915563d925342126b8ef0281b93d9d7fc337043e8df017f780908eb9644451?s=96&d=mm&r=g\",\"caption\":\"St\u00e9phane Miget\"},\"url\":\"https:\\\/\\\/batijournal.com\\\/index.php\\\/author\\\/stephane\\\/\"}]}<\/script>\n<!-- \/ Yoast SEO plugin. -->","yoast_head_json":{"title":"Effondrement des permis de construire et des mises en chantier","robots":{"index":"index","follow":"follow","max-snippet":"max-snippet:-1","max-image-preview":"max-image-preview:large","max-video-preview":"max-video-preview:-1"},"canonical":"https:\/\/batijournal.com\/index.php\/effondrement-des-permis-de-construire-et-des-mises-en-chantier\/109102\/","og_locale":"fr_FR","og_type":"article","og_title":"Effondrement des permis de construire et des mises en chantier","og_description":"Pour la FFB, la crise du logement neuf s\u2019intensifie \u00e0 nouveau. Sur cinq mois \u00e0 fin mai 2023, l\u2019effondrement des permis ressort aux environs de -30\u00a0% et la chute des mises en chantier s\u2019acc\u00e9l\u00e8re \u00e0 -17,2\u00a0%. L\u2019individuel affiche des \u00e9volutions respectives de -37,4\u00a0% et -21,5\u00a0%. Par ailleurs, \u00e0 l\u2019amont de la fili\u00e8re, sur la m\u00eame [&hellip;]","og_url":"https:\/\/batijournal.com\/index.php\/effondrement-des-permis-de-construire-et-des-mises-en-chantier\/109102\/","og_site_name":"Batijournal","article_published_time":"2023-07-10T13:45:29+00:00","og_image":[{"width":1000,"height":761,"url":"https:\/\/batijournal.com\/wp-content\/uploads\/2023\/03\/grue-chantier.jpg","type":"image\/jpeg"}],"author":"St\u00e9phane Miget","twitter_card":"summary_large_image","twitter_creator":"@bati_journal","twitter_site":"@bati_journal","twitter_misc":{"\u00c9crit par":"St\u00e9phane Miget","Dur\u00e9e de lecture estim\u00e9e":"2 minutes"},"schema":{"@context":"https:\/\/schema.org","@graph":[{"@type":"Article","@id":"https:\/\/batijournal.com\/index.php\/effondrement-des-permis-de-construire-et-des-mises-en-chantier\/109102\/#article","isPartOf":{"@id":"https:\/\/batijournal.com\/index.php\/effondrement-des-permis-de-construire-et-des-mises-en-chantier\/109102\/"},"author":{"name":"St\u00e9phane Miget","@id":"https:\/\/batijournal.com\/#\/schema\/person\/1dc96ec6957aa1ccb25ebe78bb19f100"},"headline":"Effondrement des permis de construire et des mises en chantier","datePublished":"2023-07-10T13:45:29+00:00","mainEntityOfPage":{"@id":"https:\/\/batijournal.com\/index.php\/effondrement-des-permis-de-construire-et-des-mises-en-chantier\/109102\/"},"wordCount":355,"image":{"@id":"https:\/\/batijournal.com\/index.php\/effondrement-des-permis-de-construire-et-des-mises-en-chantier\/109102\/#primaryimage"},"thumbnailUrl":"https:\/\/batijournal.com\/wp-content\/uploads\/2023\/03\/grue-chantier.jpg","keywords":["ffb","statistiques"],"articleSection":["A la Une","Actualit\u00e9s","\u00c9conomie &amp; March\u00e9s"],"inLanguage":"fr-FR"},{"@type":"WebPage","@id":"https:\/\/batijournal.com\/index.php\/effondrement-des-permis-de-construire-et-des-mises-en-chantier\/109102\/","url":"https:\/\/batijournal.com\/index.php\/effondrement-des-permis-de-construire-et-des-mises-en-chantier\/109102\/","name":"Effondrement des permis de construire et des mises en chantier","isPartOf":{"@id":"https:\/\/batijournal.com\/#website"},"primaryImageOfPage":{"@id":"https:\/\/batijournal.com\/index.php\/effondrement-des-permis-de-construire-et-des-mises-en-chantier\/109102\/#primaryimage"},"image":{"@id":"https:\/\/batijournal.com\/index.php\/effondrement-des-permis-de-construire-et-des-mises-en-chantier\/109102\/#primaryimage"},"thumbnailUrl":"https:\/\/batijournal.com\/wp-content\/uploads\/2023\/03\/grue-chantier.jpg","datePublished":"2023-07-10T13:45:29+00:00","author":{"@id":"https:\/\/batijournal.com\/#\/schema\/person\/1dc96ec6957aa1ccb25ebe78bb19f100"},"breadcrumb":{"@id":"https:\/\/batijournal.com\/index.php\/effondrement-des-permis-de-construire-et-des-mises-en-chantier\/109102\/#breadcrumb"},"inLanguage":"fr-FR","potentialAction":[{"@type":"ReadAction","target":["https:\/\/batijournal.com\/index.php\/effondrement-des-permis-de-construire-et-des-mises-en-chantier\/109102\/"]}]},{"@type":"ImageObject","inLanguage":"fr-FR","@id":"https:\/\/batijournal.com\/index.php\/effondrement-des-permis-de-construire-et-des-mises-en-chantier\/109102\/#primaryimage","url":"https:\/\/batijournal.com\/wp-content\/uploads\/2023\/03\/grue-chantier.jpg","contentUrl":"https:\/\/batijournal.com\/wp-content\/uploads\/2023\/03\/grue-chantier.jpg","width":1000,"height":761},{"@type":"BreadcrumbList","@id":"https:\/\/batijournal.com\/index.php\/effondrement-des-permis-de-construire-et-des-mises-en-chantier\/109102\/#breadcrumb","itemListElement":[{"@type":"ListItem","position":1,"name":"Accueil","item":"https:\/\/batijournal.com\/"},{"@type":"ListItem","position":2,"name":"Actualit\u00e9s","item":"https:\/\/batijournal.com\/index.php\/category\/actualites\/"},{"@type":"ListItem","position":3,"name":"Effondrement des permis de construire et des mises en chantier"}]},{"@type":"WebSite","@id":"https:\/\/batijournal.com\/#website","url":"https:\/\/batijournal.com\/","name":"Batijournal","description":"L&#039;actualit\u00e9 du b\u00e2timent","potentialAction":[{"@type":"SearchAction","target":{"@type":"EntryPoint","urlTemplate":"https:\/\/batijournal.com\/?s={search_term_string}"},"query-input":{"@type":"PropertyValueSpecification","valueRequired":true,"valueName":"search_term_string"}}],"inLanguage":"fr-FR"},{"@type":"Person","@id":"https:\/\/batijournal.com\/#\/schema\/person\/1dc96ec6957aa1ccb25ebe78bb19f100","name":"St\u00e9phane Miget","image":{"@type":"ImageObject","inLanguage":"fr-FR","@id":"https:\/\/secure.gravatar.com\/avatar\/89915563d925342126b8ef0281b93d9d7fc337043e8df017f780908eb9644451?s=96&d=mm&r=g","url":"https:\/\/secure.gravatar.com\/avatar\/89915563d925342126b8ef0281b93d9d7fc337043e8df017f780908eb9644451?s=96&d=mm&r=g","contentUrl":"https:\/\/secure.gravatar.com\/avatar\/89915563d925342126b8ef0281b93d9d7fc337043e8df017f780908eb9644451?s=96&d=mm&r=g","caption":"St\u00e9phane Miget"},"url":"https:\/\/batijournal.com\/index.php\/author\/stephane\/"}]}},"_links":{"self":[{"href":"https:\/\/batijournal.com\/index.php\/wp-json\/wp\/v2\/posts\/109102","targetHints":{"allow":["GET"]}}],"collection":[{"href":"https:\/\/batijournal.com\/index.php\/wp-json\/wp\/v2\/posts"}],"about":[{"href":"https:\/\/batijournal.com\/index.php\/wp-json\/wp\/v2\/types\/post"}],"author":[{"embeddable":true,"href":"https:\/\/batijournal.com\/index.php\/wp-json\/wp\/v2\/users\/17"}],"replies":[{"embeddable":true,"href":"https:\/\/batijournal.com\/index.php\/wp-json\/wp\/v2\/comments?post=109102"}],"version-history":[{"count":0,"href":"https:\/\/batijournal.com\/index.php\/wp-json\/wp\/v2\/posts\/109102\/revisions"}],"wp:featuredmedia":[{"embeddable":true,"href":"https:\/\/batijournal.com\/index.php\/wp-json\/wp\/v2\/media\/108696"}],"wp:attachment":[{"href":"https:\/\/batijournal.com\/index.php\/wp-json\/wp\/v2\/media?parent=109102"}],"wp:term":[{"taxonomy":"category","embeddable":true,"href":"https:\/\/batijournal.com\/index.php\/wp-json\/wp\/v2\/categories?post=109102"},{"taxonomy":"post_tag","embeddable":true,"href":"https:\/\/batijournal.com\/index.php\/wp-json\/wp\/v2\/tags?post=109102"}],"curies":[{"name":"wp","href":"https:\/\/api.w.org\/{rel}","templated":true}]}}