{"id":109105,"date":"2023-07-13T17:19:24","date_gmt":"2023-07-13T15:19:24","guid":{"rendered":"https:\/\/batijournal.com\/?p=109105"},"modified":"2023-07-13T17:19:24","modified_gmt":"2023-07-13T15:19:24","slug":"pour-ses-160-ans-lauxiliaire-lance-son-roadshow-de-linnovation","status":"publish","type":"post","link":"https:\/\/batijournal.com\/index.php\/pour-ses-160-ans-lauxiliaire-lance-son-roadshow-de-linnovation\/109105\/","title":{"rendered":"Pour ses 160 ans, l\u2019Auxiliaire lance son Roadshow de l\u2019innovation"},"content":{"rendered":"<p>L\u2019Auxiliaire, mutuelle d\u2019assurance des professionnels du BTP, f\u00eate en 2023 ses 160 ann\u00e9es au service de tous les professionnels du BTP. Apr\u00e8s son emm\u00e9nagement rue Garibaldi en juin 2022, la mutuelle lyonnaise a plac\u00e9 2023 sous le signe de l\u2019innovation. L\u2019Auxiliaire renforce le lien de proximit\u00e9 et d\u2019\u00e9coute qu\u2019elle entretient avec ses soci\u00e9taires et lance son Roadshow de l\u2019innovation, une s\u00e9rie d\u2019ateliers cr\u00e9atifs et collaboratifs destin\u00e9s \u00e0 recueillir les besoins de ses soci\u00e9taires et \u00e0 identifier les id\u00e9es qui feront nos offres et services de demain. Lors de chacun des 12 \u00e9v\u00e9nements locaux, une dizaine de soci\u00e9taires \u00ab ambassadeurs \u00bb prend part \u00e0 une exp\u00e9rience collective in\u00e9dite et participe \u00e0 un atelier ludique lors duquel il leur est demand\u00e9 de partager leurs id\u00e9es autour d\u2019une th\u00e9matique et d\u2019imaginer un concept innovant. Parmi les th\u00e9matiques abord\u00e9es, la pr\u00e9vention des risques, le partage des ressources sur chantier et l\u2019\u00e9conomie circulaire ou encore l\u2019intelligence artificielle. Les id\u00e9es \u00e9mises lors de ce Roadshow de 12 dates seront rassembl\u00e9es sous la forme d\u2019un \u00ab mur de l\u2019innovation \u00bb, partag\u00e9 \u00e0 tous en fin d\u2019ann\u00e9e 2023 ! L\u2019ensemble des soci\u00e9taires pourra alors s\u2019exprimer sur ces id\u00e9es.<br \/>\nProchaines dates :<br \/>\n15 septembre \u00e0 10h pour les soci\u00e9taires des Alpes-de-Haute-Provence (agence de Digne)<br \/>\n29 septembre \u00e0 10h pour les soci\u00e9taires de Dr\u00f4me-Ard\u00e8che (agence de Valence)<br \/>\n5 octobre \u00e0 17h pour les soci\u00e9taires du Jura (agence de Dole)<br \/>\n13 octobre \u00e0 10h pour les soci\u00e9taires du Rh\u00f4ne (agence de Lyon-Villeurbanne)<br \/>\n19 octobre \u00e0 17h pour les soci\u00e9taires de Savoie (agence de Chamb\u00e9ry)<br \/>\n20 octobre \u00e0 10h pour les soci\u00e9taires du Vaucluse (agence d\u2019Avignon)<\/p>\n","protected":false},"excerpt":{"rendered":"<p>L\u2019Auxiliaire, mutuelle d\u2019assurance des professionnels du BTP, f\u00eate en 2023 ses 160 ann\u00e9es au service de tous les professionnels du BTP. Apr\u00e8s son emm\u00e9nagement rue Garibaldi en juin 2022, la mutuelle lyonnaise a plac\u00e9 2023 sous le signe de l\u2019innovation. L\u2019Auxiliaire renforce le lien de proximit\u00e9 et d\u2019\u00e9coute qu\u2019elle entretient avec ses soci\u00e9taires et lance [&hellip;]<\/p>\n","protected":false},"author":17,"featured_media":109106,"comment_status":"closed","ping_status":"closed","sticky":false,"template":"","format":"standard","meta":{"_et_pb_use_builder":"","_et_pb_old_content":"","_et_gb_content_width":"","footnotes":""},"categories":[10530,6362],"tags":[13171],"class_list":["post-109105","post","type-post","status-publish","format-standard","has-post-thumbnail","hentry","category-actualites","category-services-equipements","tag-assurance"],"yoast_head":"<!-- This site is optimized with the Yoast SEO plugin v27.4 - https:\/\/yoast.com\/product\/yoast-seo-wordpress\/ -->\n<title>Pour ses 160 ans, l\u2019Auxiliaire lance son Roadshow de l\u2019innovation<\/title>\n<meta name=\"robots\" content=\"index, follow, max-snippet:-1, max-image-preview:large, max-video-preview:-1\" \/>\n<link rel=\"canonical\" href=\"https:\/\/batijournal.com\/index.php\/pour-ses-160-ans-lauxiliaire-lance-son-roadshow-de-linnovation\/109105\/\" \/>\n<meta property=\"og:locale\" content=\"fr_FR\" \/>\n<meta property=\"og:type\" content=\"article\" \/>\n<meta property=\"og:title\" content=\"Pour ses 160 ans, l\u2019Auxiliaire lance son Roadshow de l\u2019innovation\" \/>\n<meta property=\"og:description\" content=\"L\u2019Auxiliaire, mutuelle d\u2019assurance des professionnels du BTP, f\u00eate en 2023 ses 160 ann\u00e9es au service de tous les professionnels du BTP. Apr\u00e8s son emm\u00e9nagement rue Garibaldi en juin 2022, la mutuelle lyonnaise a plac\u00e9 2023 sous le signe de l\u2019innovation. L\u2019Auxiliaire renforce le lien de proximit\u00e9 et d\u2019\u00e9coute qu\u2019elle entretient avec ses soci\u00e9taires et lance [&hellip;]\" \/>\n<meta property=\"og:url\" content=\"https:\/\/batijournal.com\/index.php\/pour-ses-160-ans-lauxiliaire-lance-son-roadshow-de-linnovation\/109105\/\" \/>\n<meta property=\"og:site_name\" content=\"Batijournal\" \/>\n<meta property=\"article:published_time\" content=\"2023-07-13T15:19:24+00:00\" \/>\n<meta property=\"og:image\" content=\"https:\/\/batijournal.com\/wp-content\/uploads\/2023\/07\/logo-auxiliaire-mutuelle-btp-scaled.jpg\" \/>\n\t<meta property=\"og:image:width\" content=\"2560\" \/>\n\t<meta property=\"og:image:height\" content=\"776\" \/>\n\t<meta property=\"og:image:type\" content=\"image\/jpeg\" \/>\n<meta name=\"author\" content=\"St\u00e9phane Miget\" \/>\n<meta name=\"twitter:card\" content=\"summary_large_image\" \/>\n<meta name=\"twitter:creator\" content=\"@bati_journal\" \/>\n<meta name=\"twitter:site\" content=\"@bati_journal\" \/>\n<meta name=\"twitter:label1\" content=\"\u00c9crit par\" \/>\n\t<meta name=\"twitter:data1\" content=\"St\u00e9phane Miget\" \/>\n\t<meta name=\"twitter:label2\" content=\"Dur\u00e9e de lecture estim\u00e9e\" \/>\n\t<meta name=\"twitter:data2\" content=\"1 minute\" \/>\n<script type=\"application\/ld+json\" class=\"yoast-schema-graph\">{\"@context\":\"https:\\\/\\\/schema.org\",\"@graph\":[{\"@type\":\"Article\",\"@id\":\"https:\\\/\\\/batijournal.com\\\/index.php\\\/pour-ses-160-ans-lauxiliaire-lance-son-roadshow-de-linnovation\\\/109105\\\/#article\",\"isPartOf\":{\"@id\":\"https:\\\/\\\/batijournal.com\\\/index.php\\\/pour-ses-160-ans-lauxiliaire-lance-son-roadshow-de-linnovation\\\/109105\\\/\"},\"author\":{\"name\":\"St\u00e9phane Miget\",\"@id\":\"https:\\\/\\\/batijournal.com\\\/#\\\/schema\\\/person\\\/1dc96ec6957aa1ccb25ebe78bb19f100\"},\"headline\":\"Pour ses 160 ans, l\u2019Auxiliaire lance son Roadshow de l\u2019innovation\",\"datePublished\":\"2023-07-13T15:19:24+00:00\",\"mainEntityOfPage\":{\"@id\":\"https:\\\/\\\/batijournal.com\\\/index.php\\\/pour-ses-160-ans-lauxiliaire-lance-son-roadshow-de-linnovation\\\/109105\\\/\"},\"wordCount\":297,\"image\":{\"@id\":\"https:\\\/\\\/batijournal.com\\\/index.php\\\/pour-ses-160-ans-lauxiliaire-lance-son-roadshow-de-linnovation\\\/109105\\\/#primaryimage\"},\"thumbnailUrl\":\"https:\\\/\\\/batijournal.com\\\/wp-content\\\/uploads\\\/2023\\\/07\\\/logo-auxiliaire-mutuelle-btp-scaled.jpg\",\"keywords\":[\"assurance\"],\"articleSection\":[\"Actualit\u00e9s\",\"Divers\"],\"inLanguage\":\"fr-FR\"},{\"@type\":\"WebPage\",\"@id\":\"https:\\\/\\\/batijournal.com\\\/index.php\\\/pour-ses-160-ans-lauxiliaire-lance-son-roadshow-de-linnovation\\\/109105\\\/\",\"url\":\"https:\\\/\\\/batijournal.com\\\/index.php\\\/pour-ses-160-ans-lauxiliaire-lance-son-roadshow-de-linnovation\\\/109105\\\/\",\"name\":\"Pour ses 160 ans, l\u2019Auxiliaire lance son Roadshow de l\u2019innovation\",\"isPartOf\":{\"@id\":\"https:\\\/\\\/batijournal.com\\\/#website\"},\"primaryImageOfPage\":{\"@id\":\"https:\\\/\\\/batijournal.com\\\/index.php\\\/pour-ses-160-ans-lauxiliaire-lance-son-roadshow-de-linnovation\\\/109105\\\/#primaryimage\"},\"image\":{\"@id\":\"https:\\\/\\\/batijournal.com\\\/index.php\\\/pour-ses-160-ans-lauxiliaire-lance-son-roadshow-de-linnovation\\\/109105\\\/#primaryimage\"},\"thumbnailUrl\":\"https:\\\/\\\/batijournal.com\\\/wp-content\\\/uploads\\\/2023\\\/07\\\/logo-auxiliaire-mutuelle-btp-scaled.jpg\",\"datePublished\":\"2023-07-13T15:19:24+00:00\",\"author\":{\"@id\":\"https:\\\/\\\/batijournal.com\\\/#\\\/schema\\\/person\\\/1dc96ec6957aa1ccb25ebe78bb19f100\"},\"breadcrumb\":{\"@id\":\"https:\\\/\\\/batijournal.com\\\/index.php\\\/pour-ses-160-ans-lauxiliaire-lance-son-roadshow-de-linnovation\\\/109105\\\/#breadcrumb\"},\"inLanguage\":\"fr-FR\",\"potentialAction\":[{\"@type\":\"ReadAction\",\"target\":[\"https:\\\/\\\/batijournal.com\\\/index.php\\\/pour-ses-160-ans-lauxiliaire-lance-son-roadshow-de-linnovation\\\/109105\\\/\"]}]},{\"@type\":\"ImageObject\",\"inLanguage\":\"fr-FR\",\"@id\":\"https:\\\/\\\/batijournal.com\\\/index.php\\\/pour-ses-160-ans-lauxiliaire-lance-son-roadshow-de-linnovation\\\/109105\\\/#primaryimage\",\"url\":\"https:\\\/\\\/batijournal.com\\\/wp-content\\\/uploads\\\/2023\\\/07\\\/logo-auxiliaire-mutuelle-btp-scaled.jpg\",\"contentUrl\":\"https:\\\/\\\/batijournal.com\\\/wp-content\\\/uploads\\\/2023\\\/07\\\/logo-auxiliaire-mutuelle-btp-scaled.jpg\",\"width\":2560,\"height\":776},{\"@type\":\"BreadcrumbList\",\"@id\":\"https:\\\/\\\/batijournal.com\\\/index.php\\\/pour-ses-160-ans-lauxiliaire-lance-son-roadshow-de-linnovation\\\/109105\\\/#breadcrumb\",\"itemListElement\":[{\"@type\":\"ListItem\",\"position\":1,\"name\":\"Accueil\",\"item\":\"https:\\\/\\\/batijournal.com\\\/\"},{\"@type\":\"ListItem\",\"position\":2,\"name\":\"Actualit\u00e9s\",\"item\":\"https:\\\/\\\/batijournal.com\\\/index.php\\\/category\\\/actualites\\\/\"},{\"@type\":\"ListItem\",\"position\":3,\"name\":\"Pour ses 160 ans, l\u2019Auxiliaire lance son Roadshow de l\u2019innovation\"}]},{\"@type\":\"WebSite\",\"@id\":\"https:\\\/\\\/batijournal.com\\\/#website\",\"url\":\"https:\\\/\\\/batijournal.com\\\/\",\"name\":\"Batijournal\",\"description\":\"L&#039;actualit\u00e9 du b\u00e2timent\",\"potentialAction\":[{\"@type\":\"SearchAction\",\"target\":{\"@type\":\"EntryPoint\",\"urlTemplate\":\"https:\\\/\\\/batijournal.com\\\/?s={search_term_string}\"},\"query-input\":{\"@type\":\"PropertyValueSpecification\",\"valueRequired\":true,\"valueName\":\"search_term_string\"}}],\"inLanguage\":\"fr-FR\"},{\"@type\":\"Person\",\"@id\":\"https:\\\/\\\/batijournal.com\\\/#\\\/schema\\\/person\\\/1dc96ec6957aa1ccb25ebe78bb19f100\",\"name\":\"St\u00e9phane Miget\",\"image\":{\"@type\":\"ImageObject\",\"inLanguage\":\"fr-FR\",\"@id\":\"https:\\\/\\\/secure.gravatar.com\\\/avatar\\\/89915563d925342126b8ef0281b93d9d7fc337043e8df017f780908eb9644451?s=96&d=mm&r=g\",\"url\":\"https:\\\/\\\/secure.gravatar.com\\\/avatar\\\/89915563d925342126b8ef0281b93d9d7fc337043e8df017f780908eb9644451?s=96&d=mm&r=g\",\"contentUrl\":\"https:\\\/\\\/secure.gravatar.com\\\/avatar\\\/89915563d925342126b8ef0281b93d9d7fc337043e8df017f780908eb9644451?s=96&d=mm&r=g\",\"caption\":\"St\u00e9phane Miget\"},\"url\":\"https:\\\/\\\/batijournal.com\\\/index.php\\\/author\\\/stephane\\\/\"}]}<\/script>\n<!-- \/ Yoast SEO plugin. -->","yoast_head_json":{"title":"Pour ses 160 ans, l\u2019Auxiliaire lance son Roadshow de l\u2019innovation","robots":{"index":"index","follow":"follow","max-snippet":"max-snippet:-1","max-image-preview":"max-image-preview:large","max-video-preview":"max-video-preview:-1"},"canonical":"https:\/\/batijournal.com\/index.php\/pour-ses-160-ans-lauxiliaire-lance-son-roadshow-de-linnovation\/109105\/","og_locale":"fr_FR","og_type":"article","og_title":"Pour ses 160 ans, l\u2019Auxiliaire lance son Roadshow de l\u2019innovation","og_description":"L\u2019Auxiliaire, mutuelle d\u2019assurance des professionnels du BTP, f\u00eate en 2023 ses 160 ann\u00e9es au service de tous les professionnels du BTP. Apr\u00e8s son emm\u00e9nagement rue Garibaldi en juin 2022, la mutuelle lyonnaise a plac\u00e9 2023 sous le signe de l\u2019innovation. L\u2019Auxiliaire renforce le lien de proximit\u00e9 et d\u2019\u00e9coute qu\u2019elle entretient avec ses soci\u00e9taires et lance [&hellip;]","og_url":"https:\/\/batijournal.com\/index.php\/pour-ses-160-ans-lauxiliaire-lance-son-roadshow-de-linnovation\/109105\/","og_site_name":"Batijournal","article_published_time":"2023-07-13T15:19:24+00:00","og_image":[{"width":2560,"height":776,"url":"https:\/\/batijournal.com\/wp-content\/uploads\/2023\/07\/logo-auxiliaire-mutuelle-btp-scaled.jpg","type":"image\/jpeg"}],"author":"St\u00e9phane Miget","twitter_card":"summary_large_image","twitter_creator":"@bati_journal","twitter_site":"@bati_journal","twitter_misc":{"\u00c9crit par":"St\u00e9phane Miget","Dur\u00e9e de lecture estim\u00e9e":"1 minute"},"schema":{"@context":"https:\/\/schema.org","@graph":[{"@type":"Article","@id":"https:\/\/batijournal.com\/index.php\/pour-ses-160-ans-lauxiliaire-lance-son-roadshow-de-linnovation\/109105\/#article","isPartOf":{"@id":"https:\/\/batijournal.com\/index.php\/pour-ses-160-ans-lauxiliaire-lance-son-roadshow-de-linnovation\/109105\/"},"author":{"name":"St\u00e9phane Miget","@id":"https:\/\/batijournal.com\/#\/schema\/person\/1dc96ec6957aa1ccb25ebe78bb19f100"},"headline":"Pour ses 160 ans, l\u2019Auxiliaire lance son Roadshow de l\u2019innovation","datePublished":"2023-07-13T15:19:24+00:00","mainEntityOfPage":{"@id":"https:\/\/batijournal.com\/index.php\/pour-ses-160-ans-lauxiliaire-lance-son-roadshow-de-linnovation\/109105\/"},"wordCount":297,"image":{"@id":"https:\/\/batijournal.com\/index.php\/pour-ses-160-ans-lauxiliaire-lance-son-roadshow-de-linnovation\/109105\/#primaryimage"},"thumbnailUrl":"https:\/\/batijournal.com\/wp-content\/uploads\/2023\/07\/logo-auxiliaire-mutuelle-btp-scaled.jpg","keywords":["assurance"],"articleSection":["Actualit\u00e9s","Divers"],"inLanguage":"fr-FR"},{"@type":"WebPage","@id":"https:\/\/batijournal.com\/index.php\/pour-ses-160-ans-lauxiliaire-lance-son-roadshow-de-linnovation\/109105\/","url":"https:\/\/batijournal.com\/index.php\/pour-ses-160-ans-lauxiliaire-lance-son-roadshow-de-linnovation\/109105\/","name":"Pour ses 160 ans, l\u2019Auxiliaire lance son Roadshow de l\u2019innovation","isPartOf":{"@id":"https:\/\/batijournal.com\/#website"},"primaryImageOfPage":{"@id":"https:\/\/batijournal.com\/index.php\/pour-ses-160-ans-lauxiliaire-lance-son-roadshow-de-linnovation\/109105\/#primaryimage"},"image":{"@id":"https:\/\/batijournal.com\/index.php\/pour-ses-160-ans-lauxiliaire-lance-son-roadshow-de-linnovation\/109105\/#primaryimage"},"thumbnailUrl":"https:\/\/batijournal.com\/wp-content\/uploads\/2023\/07\/logo-auxiliaire-mutuelle-btp-scaled.jpg","datePublished":"2023-07-13T15:19:24+00:00","author":{"@id":"https:\/\/batijournal.com\/#\/schema\/person\/1dc96ec6957aa1ccb25ebe78bb19f100"},"breadcrumb":{"@id":"https:\/\/batijournal.com\/index.php\/pour-ses-160-ans-lauxiliaire-lance-son-roadshow-de-linnovation\/109105\/#breadcrumb"},"inLanguage":"fr-FR","potentialAction":[{"@type":"ReadAction","target":["https:\/\/batijournal.com\/index.php\/pour-ses-160-ans-lauxiliaire-lance-son-roadshow-de-linnovation\/109105\/"]}]},{"@type":"ImageObject","inLanguage":"fr-FR","@id":"https:\/\/batijournal.com\/index.php\/pour-ses-160-ans-lauxiliaire-lance-son-roadshow-de-linnovation\/109105\/#primaryimage","url":"https:\/\/batijournal.com\/wp-content\/uploads\/2023\/07\/logo-auxiliaire-mutuelle-btp-scaled.jpg","contentUrl":"https:\/\/batijournal.com\/wp-content\/uploads\/2023\/07\/logo-auxiliaire-mutuelle-btp-scaled.jpg","width":2560,"height":776},{"@type":"BreadcrumbList","@id":"https:\/\/batijournal.com\/index.php\/pour-ses-160-ans-lauxiliaire-lance-son-roadshow-de-linnovation\/109105\/#breadcrumb","itemListElement":[{"@type":"ListItem","position":1,"name":"Accueil","item":"https:\/\/batijournal.com\/"},{"@type":"ListItem","position":2,"name":"Actualit\u00e9s","item":"https:\/\/batijournal.com\/index.php\/category\/actualites\/"},{"@type":"ListItem","position":3,"name":"Pour ses 160 ans, l\u2019Auxiliaire lance son Roadshow de l\u2019innovation"}]},{"@type":"WebSite","@id":"https:\/\/batijournal.com\/#website","url":"https:\/\/batijournal.com\/","name":"Batijournal","description":"L&#039;actualit\u00e9 du b\u00e2timent","potentialAction":[{"@type":"SearchAction","target":{"@type":"EntryPoint","urlTemplate":"https:\/\/batijournal.com\/?s={search_term_string}"},"query-input":{"@type":"PropertyValueSpecification","valueRequired":true,"valueName":"search_term_string"}}],"inLanguage":"fr-FR"},{"@type":"Person","@id":"https:\/\/batijournal.com\/#\/schema\/person\/1dc96ec6957aa1ccb25ebe78bb19f100","name":"St\u00e9phane Miget","image":{"@type":"ImageObject","inLanguage":"fr-FR","@id":"https:\/\/secure.gravatar.com\/avatar\/89915563d925342126b8ef0281b93d9d7fc337043e8df017f780908eb9644451?s=96&d=mm&r=g","url":"https:\/\/secure.gravatar.com\/avatar\/89915563d925342126b8ef0281b93d9d7fc337043e8df017f780908eb9644451?s=96&d=mm&r=g","contentUrl":"https:\/\/secure.gravatar.com\/avatar\/89915563d925342126b8ef0281b93d9d7fc337043e8df017f780908eb9644451?s=96&d=mm&r=g","caption":"St\u00e9phane Miget"},"url":"https:\/\/batijournal.com\/index.php\/author\/stephane\/"}]}},"_links":{"self":[{"href":"https:\/\/batijournal.com\/index.php\/wp-json\/wp\/v2\/posts\/109105","targetHints":{"allow":["GET"]}}],"collection":[{"href":"https:\/\/batijournal.com\/index.php\/wp-json\/wp\/v2\/posts"}],"about":[{"href":"https:\/\/batijournal.com\/index.php\/wp-json\/wp\/v2\/types\/post"}],"author":[{"embeddable":true,"href":"https:\/\/batijournal.com\/index.php\/wp-json\/wp\/v2\/users\/17"}],"replies":[{"embeddable":true,"href":"https:\/\/batijournal.com\/index.php\/wp-json\/wp\/v2\/comments?post=109105"}],"version-history":[{"count":0,"href":"https:\/\/batijournal.com\/index.php\/wp-json\/wp\/v2\/posts\/109105\/revisions"}],"wp:featuredmedia":[{"embeddable":true,"href":"https:\/\/batijournal.com\/index.php\/wp-json\/wp\/v2\/media\/109106"}],"wp:attachment":[{"href":"https:\/\/batijournal.com\/index.php\/wp-json\/wp\/v2\/media?parent=109105"}],"wp:term":[{"taxonomy":"category","embeddable":true,"href":"https:\/\/batijournal.com\/index.php\/wp-json\/wp\/v2\/categories?post=109105"},{"taxonomy":"post_tag","embeddable":true,"href":"https:\/\/batijournal.com\/index.php\/wp-json\/wp\/v2\/tags?post=109105"}],"curies":[{"name":"wp","href":"https:\/\/api.w.org\/{rel}","templated":true}]}}