{"id":109107,"date":"2023-07-13T17:28:06","date_gmt":"2023-07-13T15:28:06","guid":{"rendered":"https:\/\/batijournal.com\/?p=109107"},"modified":"2023-07-13T17:28:06","modified_gmt":"2023-07-13T15:28:06","slug":"triple-concours-darchitecture-dans-le-cadre-du-futur-plu-bioclimatique-de-paris","status":"publish","type":"post","link":"https:\/\/batijournal.com\/index.php\/triple-concours-darchitecture-dans-le-cadre-du-futur-plu-bioclimatique-de-paris\/109107\/","title":{"rendered":"Triple concours d\u2019architecture dans le cadre du futur PLU Bioclimatique de Paris"},"content":{"rendered":"<p>PariSeine, promotrice publique, lance un triple concours d\u2019architecture pour des petits projets complexes d\u2019int\u00e9r\u00eat g\u00e9n\u00e9ral suite \u00e0 l\u2019attribution de trois sites par La Ville de Paris. Les trois projets des concours d\u2019architecture sont situ\u00e9s dans les 13e, 14e et 20e arrondissements et marquent la volont\u00e9 d\u2019inscrire cette nouvelle g\u00e9n\u00e9ration de projets dans le cadre du futur PLU Bioclimatique, en anticipation de son application. Sur des sites petits et complexes, \u00e9loign\u00e9s des standards de la promotion immobili\u00e8re priv\u00e9e, PariSeine propose un mod\u00e8le original de promotion publique. Ces fonciers complexes feront l&rsquo;objet d&rsquo;op\u00e9rations de promotion publique m\u00ealant cr\u00e9ation de logements abordables, reconstitution de services publics et renaturation d&rsquo;espaces imperm\u00e9abilis\u00e9s. Les \u00e9quipes de ma\u00eetrise d\u2019\u0153uvre seront notamment attendues sur leur capacit\u00e9 \u00e0 concevoir des projets \u201csur-mesure\u201d, r\u00e9pondant aux d\u00e9fis caract\u00e9ristiques de la ville dense par une r\u00e9ponse d\u2019int\u00e9r\u00eat g\u00e9n\u00e9ral, du point de vue social, urbain et environnemental. En particulier, ces petits programmes immobiliers devront conjuguer de fortes attentes programmatiques, architecturales et environnementales. Mixant diff\u00e9rentes typologies de logements et des services publics indispensables au fonctionnement de la ville, les projets auront \u00e0 c\u0153ur d\u2019offrir une r\u00e9ponse \u00e9quilibr\u00e9e : espaces v\u00e9g\u00e9talis\u00e9s et renaturation des sols, sur\u00e9l\u00e9vations raisonnables, mat\u00e9riaux de r\u00e9emploi et biosourc\u00e9s\u2026 Sur les trois sites, les objectifs sont de 31 logements cr\u00e9\u00e9s, dont 9 en Bail R\u00e9el Solidaire (accession sociale \u00e0 la propri\u00e9t\u00e9), plus de 1500 m\u00b2 de services publics et \u00e9quipements de proximit\u00e9 cr\u00e9\u00e9s ou reconstitu\u00e9s; au moins 1 400 m\u00b2 d&rsquo;espaces v\u00e9g\u00e9talis\u00e9s dont la moiti\u00e9 en pleine terre.<\/p>\n<p>Calendrier :<br \/>\n&#8211; Juillet 2023 : Lancement des concours de ma\u00eetrise d\u2019\u0153uvre<br \/>\n&#8211; Septembre\/Octobre 2023 : Pr\u00e9-s\u00e9lection de 3 \u00e9quipes admises \u00e0 concourir par site<br \/>\n&#8211; D\u00e9cembre 2023 \/ Janvier 2024 : D\u00e9signation des laur\u00e9ats<\/p>\n<p>Photo : Aujourd&rsquo;hui int\u00e9gralement imperm\u00e9abilis\u00e9, le petit foncier de la rue des Pyr\u00e9n\u00e9es h\u00e9berge un ensemble de b\u00e2timents \u00e0 rez-de-chauss\u00e9e occup\u00e9s par la Direction de la Propret\u00e9 et de l&rsquo;Eau (DPE) de la Ville de Paris. Celui-ci accueille bureaux, magasin de stockage, stationnement et espaces utiles au personnel. Entre deux murs pignons aveugles tr\u00e8s \u00e9nergivores, cette dent creuse pourra accueillir un immeuble de 7 niveaux, reconstituant les services publics au niveau de la rue, et d\u00e9veloppant une offre de logements en \u00e9tages.<\/p>\n","protected":false},"excerpt":{"rendered":"<p>PariSeine, promotrice publique, lance un triple concours d\u2019architecture pour des petits projets complexes d\u2019int\u00e9r\u00eat g\u00e9n\u00e9ral suite \u00e0 l\u2019attribution de trois sites par La Ville de Paris. Les trois projets des concours d\u2019architecture sont situ\u00e9s dans les 13e, 14e et 20e arrondissements et marquent la volont\u00e9 d\u2019inscrire cette nouvelle g\u00e9n\u00e9ration de projets dans le cadre du [&hellip;]<\/p>\n","protected":false},"author":17,"featured_media":109109,"comment_status":"closed","ping_status":"closed","sticky":false,"template":"","format":"standard","meta":{"_et_pb_use_builder":"","_et_pb_old_content":"","_et_gb_content_width":"","footnotes":""},"categories":[10530,6340],"tags":[12901,1625,1281,13172],"class_list":["post-109107","post","type-post","status-publish","format-standard","has-post-thumbnail","hentry","category-actualites","category-architecture-conception","tag-architecture","tag-paris","tag-plu","tag-plu-bioclimatique"],"yoast_head":"<!-- This site is optimized with the Yoast SEO plugin v27.4 - https:\/\/yoast.com\/product\/yoast-seo-wordpress\/ -->\n<title>Triple concours d\u2019architecture dans le cadre du futur PLU Bioclimatique de Paris<\/title>\n<meta name=\"robots\" content=\"index, follow, max-snippet:-1, max-image-preview:large, max-video-preview:-1\" \/>\n<link rel=\"canonical\" href=\"https:\/\/batijournal.com\/index.php\/triple-concours-darchitecture-dans-le-cadre-du-futur-plu-bioclimatique-de-paris\/109107\/\" \/>\n<meta property=\"og:locale\" content=\"fr_FR\" \/>\n<meta property=\"og:type\" content=\"article\" \/>\n<meta property=\"og:title\" content=\"Triple concours d\u2019architecture dans le cadre du futur PLU Bioclimatique de Paris\" \/>\n<meta property=\"og:description\" content=\"PariSeine, promotrice publique, lance un triple concours d\u2019architecture pour des petits projets complexes d\u2019int\u00e9r\u00eat g\u00e9n\u00e9ral suite \u00e0 l\u2019attribution de trois sites par La Ville de Paris. Les trois projets des concours d\u2019architecture sont situ\u00e9s dans les 13e, 14e et 20e arrondissements et marquent la volont\u00e9 d\u2019inscrire cette nouvelle g\u00e9n\u00e9ration de projets dans le cadre du [&hellip;]\" \/>\n<meta property=\"og:url\" content=\"https:\/\/batijournal.com\/index.php\/triple-concours-darchitecture-dans-le-cadre-du-futur-plu-bioclimatique-de-paris\/109107\/\" \/>\n<meta property=\"og:site_name\" content=\"Batijournal\" \/>\n<meta property=\"article:published_time\" content=\"2023-07-13T15:28:06+00:00\" \/>\n<meta property=\"og:image\" content=\"https:\/\/batijournal.com\/wp-content\/uploads\/2023\/07\/16-rue-Henri-et-Ernest-Rousselle-Paris-13.png\" \/>\n\t<meta property=\"og:image:width\" content=\"827\" \/>\n\t<meta property=\"og:image:height\" content=\"535\" \/>\n\t<meta property=\"og:image:type\" content=\"image\/png\" \/>\n<meta name=\"author\" content=\"St\u00e9phane Miget\" \/>\n<meta name=\"twitter:card\" content=\"summary_large_image\" \/>\n<meta name=\"twitter:creator\" content=\"@bati_journal\" \/>\n<meta name=\"twitter:site\" content=\"@bati_journal\" \/>\n<meta name=\"twitter:label1\" content=\"\u00c9crit par\" \/>\n\t<meta name=\"twitter:data1\" content=\"St\u00e9phane Miget\" \/>\n\t<meta name=\"twitter:label2\" content=\"Dur\u00e9e de lecture estim\u00e9e\" \/>\n\t<meta name=\"twitter:data2\" content=\"2 minutes\" \/>\n<script type=\"application\/ld+json\" class=\"yoast-schema-graph\">{\"@context\":\"https:\\\/\\\/schema.org\",\"@graph\":[{\"@type\":\"Article\",\"@id\":\"https:\\\/\\\/batijournal.com\\\/index.php\\\/triple-concours-darchitecture-dans-le-cadre-du-futur-plu-bioclimatique-de-paris\\\/109107\\\/#article\",\"isPartOf\":{\"@id\":\"https:\\\/\\\/batijournal.com\\\/index.php\\\/triple-concours-darchitecture-dans-le-cadre-du-futur-plu-bioclimatique-de-paris\\\/109107\\\/\"},\"author\":{\"name\":\"St\u00e9phane Miget\",\"@id\":\"https:\\\/\\\/batijournal.com\\\/#\\\/schema\\\/person\\\/1dc96ec6957aa1ccb25ebe78bb19f100\"},\"headline\":\"Triple concours d\u2019architecture dans le cadre du futur PLU Bioclimatique de Paris\",\"datePublished\":\"2023-07-13T15:28:06+00:00\",\"mainEntityOfPage\":{\"@id\":\"https:\\\/\\\/batijournal.com\\\/index.php\\\/triple-concours-darchitecture-dans-le-cadre-du-futur-plu-bioclimatique-de-paris\\\/109107\\\/\"},\"wordCount\":429,\"image\":{\"@id\":\"https:\\\/\\\/batijournal.com\\\/index.php\\\/triple-concours-darchitecture-dans-le-cadre-du-futur-plu-bioclimatique-de-paris\\\/109107\\\/#primaryimage\"},\"thumbnailUrl\":\"https:\\\/\\\/batijournal.com\\\/wp-content\\\/uploads\\\/2023\\\/07\\\/16-rue-Henri-et-Ernest-Rousselle-Paris-13.png\",\"keywords\":[\"architecture\",\"paris\",\"plu\",\"plu bioclimatique\"],\"articleSection\":[\"Actualit\u00e9s\",\"Architecture &amp; Conception\"],\"inLanguage\":\"fr-FR\"},{\"@type\":\"WebPage\",\"@id\":\"https:\\\/\\\/batijournal.com\\\/index.php\\\/triple-concours-darchitecture-dans-le-cadre-du-futur-plu-bioclimatique-de-paris\\\/109107\\\/\",\"url\":\"https:\\\/\\\/batijournal.com\\\/index.php\\\/triple-concours-darchitecture-dans-le-cadre-du-futur-plu-bioclimatique-de-paris\\\/109107\\\/\",\"name\":\"Triple concours d\u2019architecture dans le cadre du futur PLU Bioclimatique de Paris\",\"isPartOf\":{\"@id\":\"https:\\\/\\\/batijournal.com\\\/#website\"},\"primaryImageOfPage\":{\"@id\":\"https:\\\/\\\/batijournal.com\\\/index.php\\\/triple-concours-darchitecture-dans-le-cadre-du-futur-plu-bioclimatique-de-paris\\\/109107\\\/#primaryimage\"},\"image\":{\"@id\":\"https:\\\/\\\/batijournal.com\\\/index.php\\\/triple-concours-darchitecture-dans-le-cadre-du-futur-plu-bioclimatique-de-paris\\\/109107\\\/#primaryimage\"},\"thumbnailUrl\":\"https:\\\/\\\/batijournal.com\\\/wp-content\\\/uploads\\\/2023\\\/07\\\/16-rue-Henri-et-Ernest-Rousselle-Paris-13.png\",\"datePublished\":\"2023-07-13T15:28:06+00:00\",\"author\":{\"@id\":\"https:\\\/\\\/batijournal.com\\\/#\\\/schema\\\/person\\\/1dc96ec6957aa1ccb25ebe78bb19f100\"},\"breadcrumb\":{\"@id\":\"https:\\\/\\\/batijournal.com\\\/index.php\\\/triple-concours-darchitecture-dans-le-cadre-du-futur-plu-bioclimatique-de-paris\\\/109107\\\/#breadcrumb\"},\"inLanguage\":\"fr-FR\",\"potentialAction\":[{\"@type\":\"ReadAction\",\"target\":[\"https:\\\/\\\/batijournal.com\\\/index.php\\\/triple-concours-darchitecture-dans-le-cadre-du-futur-plu-bioclimatique-de-paris\\\/109107\\\/\"]}]},{\"@type\":\"ImageObject\",\"inLanguage\":\"fr-FR\",\"@id\":\"https:\\\/\\\/batijournal.com\\\/index.php\\\/triple-concours-darchitecture-dans-le-cadre-du-futur-plu-bioclimatique-de-paris\\\/109107\\\/#primaryimage\",\"url\":\"https:\\\/\\\/batijournal.com\\\/wp-content\\\/uploads\\\/2023\\\/07\\\/16-rue-Henri-et-Ernest-Rousselle-Paris-13.png\",\"contentUrl\":\"https:\\\/\\\/batijournal.com\\\/wp-content\\\/uploads\\\/2023\\\/07\\\/16-rue-Henri-et-Ernest-Rousselle-Paris-13.png\",\"width\":827,\"height\":535},{\"@type\":\"BreadcrumbList\",\"@id\":\"https:\\\/\\\/batijournal.com\\\/index.php\\\/triple-concours-darchitecture-dans-le-cadre-du-futur-plu-bioclimatique-de-paris\\\/109107\\\/#breadcrumb\",\"itemListElement\":[{\"@type\":\"ListItem\",\"position\":1,\"name\":\"Accueil\",\"item\":\"https:\\\/\\\/batijournal.com\\\/\"},{\"@type\":\"ListItem\",\"position\":2,\"name\":\"Actualit\u00e9s\",\"item\":\"https:\\\/\\\/batijournal.com\\\/index.php\\\/category\\\/actualites\\\/\"},{\"@type\":\"ListItem\",\"position\":3,\"name\":\"Triple concours d\u2019architecture dans le cadre du futur PLU Bioclimatique de Paris\"}]},{\"@type\":\"WebSite\",\"@id\":\"https:\\\/\\\/batijournal.com\\\/#website\",\"url\":\"https:\\\/\\\/batijournal.com\\\/\",\"name\":\"Batijournal\",\"description\":\"L&#039;actualit\u00e9 du b\u00e2timent\",\"potentialAction\":[{\"@type\":\"SearchAction\",\"target\":{\"@type\":\"EntryPoint\",\"urlTemplate\":\"https:\\\/\\\/batijournal.com\\\/?s={search_term_string}\"},\"query-input\":{\"@type\":\"PropertyValueSpecification\",\"valueRequired\":true,\"valueName\":\"search_term_string\"}}],\"inLanguage\":\"fr-FR\"},{\"@type\":\"Person\",\"@id\":\"https:\\\/\\\/batijournal.com\\\/#\\\/schema\\\/person\\\/1dc96ec6957aa1ccb25ebe78bb19f100\",\"name\":\"St\u00e9phane Miget\",\"image\":{\"@type\":\"ImageObject\",\"inLanguage\":\"fr-FR\",\"@id\":\"https:\\\/\\\/secure.gravatar.com\\\/avatar\\\/89915563d925342126b8ef0281b93d9d7fc337043e8df017f780908eb9644451?s=96&d=mm&r=g\",\"url\":\"https:\\\/\\\/secure.gravatar.com\\\/avatar\\\/89915563d925342126b8ef0281b93d9d7fc337043e8df017f780908eb9644451?s=96&d=mm&r=g\",\"contentUrl\":\"https:\\\/\\\/secure.gravatar.com\\\/avatar\\\/89915563d925342126b8ef0281b93d9d7fc337043e8df017f780908eb9644451?s=96&d=mm&r=g\",\"caption\":\"St\u00e9phane Miget\"},\"url\":\"https:\\\/\\\/batijournal.com\\\/index.php\\\/author\\\/stephane\\\/\"}]}<\/script>\n<!-- \/ Yoast SEO plugin. -->","yoast_head_json":{"title":"Triple concours d\u2019architecture dans le cadre du futur PLU Bioclimatique de Paris","robots":{"index":"index","follow":"follow","max-snippet":"max-snippet:-1","max-image-preview":"max-image-preview:large","max-video-preview":"max-video-preview:-1"},"canonical":"https:\/\/batijournal.com\/index.php\/triple-concours-darchitecture-dans-le-cadre-du-futur-plu-bioclimatique-de-paris\/109107\/","og_locale":"fr_FR","og_type":"article","og_title":"Triple concours d\u2019architecture dans le cadre du futur PLU Bioclimatique de Paris","og_description":"PariSeine, promotrice publique, lance un triple concours d\u2019architecture pour des petits projets complexes d\u2019int\u00e9r\u00eat g\u00e9n\u00e9ral suite \u00e0 l\u2019attribution de trois sites par La Ville de Paris. Les trois projets des concours d\u2019architecture sont situ\u00e9s dans les 13e, 14e et 20e arrondissements et marquent la volont\u00e9 d\u2019inscrire cette nouvelle g\u00e9n\u00e9ration de projets dans le cadre du [&hellip;]","og_url":"https:\/\/batijournal.com\/index.php\/triple-concours-darchitecture-dans-le-cadre-du-futur-plu-bioclimatique-de-paris\/109107\/","og_site_name":"Batijournal","article_published_time":"2023-07-13T15:28:06+00:00","og_image":[{"width":827,"height":535,"url":"https:\/\/batijournal.com\/wp-content\/uploads\/2023\/07\/16-rue-Henri-et-Ernest-Rousselle-Paris-13.png","type":"image\/png"}],"author":"St\u00e9phane Miget","twitter_card":"summary_large_image","twitter_creator":"@bati_journal","twitter_site":"@bati_journal","twitter_misc":{"\u00c9crit par":"St\u00e9phane Miget","Dur\u00e9e de lecture estim\u00e9e":"2 minutes"},"schema":{"@context":"https:\/\/schema.org","@graph":[{"@type":"Article","@id":"https:\/\/batijournal.com\/index.php\/triple-concours-darchitecture-dans-le-cadre-du-futur-plu-bioclimatique-de-paris\/109107\/#article","isPartOf":{"@id":"https:\/\/batijournal.com\/index.php\/triple-concours-darchitecture-dans-le-cadre-du-futur-plu-bioclimatique-de-paris\/109107\/"},"author":{"name":"St\u00e9phane Miget","@id":"https:\/\/batijournal.com\/#\/schema\/person\/1dc96ec6957aa1ccb25ebe78bb19f100"},"headline":"Triple concours d\u2019architecture dans le cadre du futur PLU Bioclimatique de Paris","datePublished":"2023-07-13T15:28:06+00:00","mainEntityOfPage":{"@id":"https:\/\/batijournal.com\/index.php\/triple-concours-darchitecture-dans-le-cadre-du-futur-plu-bioclimatique-de-paris\/109107\/"},"wordCount":429,"image":{"@id":"https:\/\/batijournal.com\/index.php\/triple-concours-darchitecture-dans-le-cadre-du-futur-plu-bioclimatique-de-paris\/109107\/#primaryimage"},"thumbnailUrl":"https:\/\/batijournal.com\/wp-content\/uploads\/2023\/07\/16-rue-Henri-et-Ernest-Rousselle-Paris-13.png","keywords":["architecture","paris","plu","plu bioclimatique"],"articleSection":["Actualit\u00e9s","Architecture &amp; Conception"],"inLanguage":"fr-FR"},{"@type":"WebPage","@id":"https:\/\/batijournal.com\/index.php\/triple-concours-darchitecture-dans-le-cadre-du-futur-plu-bioclimatique-de-paris\/109107\/","url":"https:\/\/batijournal.com\/index.php\/triple-concours-darchitecture-dans-le-cadre-du-futur-plu-bioclimatique-de-paris\/109107\/","name":"Triple concours d\u2019architecture dans le cadre du futur PLU Bioclimatique de Paris","isPartOf":{"@id":"https:\/\/batijournal.com\/#website"},"primaryImageOfPage":{"@id":"https:\/\/batijournal.com\/index.php\/triple-concours-darchitecture-dans-le-cadre-du-futur-plu-bioclimatique-de-paris\/109107\/#primaryimage"},"image":{"@id":"https:\/\/batijournal.com\/index.php\/triple-concours-darchitecture-dans-le-cadre-du-futur-plu-bioclimatique-de-paris\/109107\/#primaryimage"},"thumbnailUrl":"https:\/\/batijournal.com\/wp-content\/uploads\/2023\/07\/16-rue-Henri-et-Ernest-Rousselle-Paris-13.png","datePublished":"2023-07-13T15:28:06+00:00","author":{"@id":"https:\/\/batijournal.com\/#\/schema\/person\/1dc96ec6957aa1ccb25ebe78bb19f100"},"breadcrumb":{"@id":"https:\/\/batijournal.com\/index.php\/triple-concours-darchitecture-dans-le-cadre-du-futur-plu-bioclimatique-de-paris\/109107\/#breadcrumb"},"inLanguage":"fr-FR","potentialAction":[{"@type":"ReadAction","target":["https:\/\/batijournal.com\/index.php\/triple-concours-darchitecture-dans-le-cadre-du-futur-plu-bioclimatique-de-paris\/109107\/"]}]},{"@type":"ImageObject","inLanguage":"fr-FR","@id":"https:\/\/batijournal.com\/index.php\/triple-concours-darchitecture-dans-le-cadre-du-futur-plu-bioclimatique-de-paris\/109107\/#primaryimage","url":"https:\/\/batijournal.com\/wp-content\/uploads\/2023\/07\/16-rue-Henri-et-Ernest-Rousselle-Paris-13.png","contentUrl":"https:\/\/batijournal.com\/wp-content\/uploads\/2023\/07\/16-rue-Henri-et-Ernest-Rousselle-Paris-13.png","width":827,"height":535},{"@type":"BreadcrumbList","@id":"https:\/\/batijournal.com\/index.php\/triple-concours-darchitecture-dans-le-cadre-du-futur-plu-bioclimatique-de-paris\/109107\/#breadcrumb","itemListElement":[{"@type":"ListItem","position":1,"name":"Accueil","item":"https:\/\/batijournal.com\/"},{"@type":"ListItem","position":2,"name":"Actualit\u00e9s","item":"https:\/\/batijournal.com\/index.php\/category\/actualites\/"},{"@type":"ListItem","position":3,"name":"Triple concours d\u2019architecture dans le cadre du futur PLU Bioclimatique de Paris"}]},{"@type":"WebSite","@id":"https:\/\/batijournal.com\/#website","url":"https:\/\/batijournal.com\/","name":"Batijournal","description":"L&#039;actualit\u00e9 du b\u00e2timent","potentialAction":[{"@type":"SearchAction","target":{"@type":"EntryPoint","urlTemplate":"https:\/\/batijournal.com\/?s={search_term_string}"},"query-input":{"@type":"PropertyValueSpecification","valueRequired":true,"valueName":"search_term_string"}}],"inLanguage":"fr-FR"},{"@type":"Person","@id":"https:\/\/batijournal.com\/#\/schema\/person\/1dc96ec6957aa1ccb25ebe78bb19f100","name":"St\u00e9phane Miget","image":{"@type":"ImageObject","inLanguage":"fr-FR","@id":"https:\/\/secure.gravatar.com\/avatar\/89915563d925342126b8ef0281b93d9d7fc337043e8df017f780908eb9644451?s=96&d=mm&r=g","url":"https:\/\/secure.gravatar.com\/avatar\/89915563d925342126b8ef0281b93d9d7fc337043e8df017f780908eb9644451?s=96&d=mm&r=g","contentUrl":"https:\/\/secure.gravatar.com\/avatar\/89915563d925342126b8ef0281b93d9d7fc337043e8df017f780908eb9644451?s=96&d=mm&r=g","caption":"St\u00e9phane Miget"},"url":"https:\/\/batijournal.com\/index.php\/author\/stephane\/"}]}},"_links":{"self":[{"href":"https:\/\/batijournal.com\/index.php\/wp-json\/wp\/v2\/posts\/109107","targetHints":{"allow":["GET"]}}],"collection":[{"href":"https:\/\/batijournal.com\/index.php\/wp-json\/wp\/v2\/posts"}],"about":[{"href":"https:\/\/batijournal.com\/index.php\/wp-json\/wp\/v2\/types\/post"}],"author":[{"embeddable":true,"href":"https:\/\/batijournal.com\/index.php\/wp-json\/wp\/v2\/users\/17"}],"replies":[{"embeddable":true,"href":"https:\/\/batijournal.com\/index.php\/wp-json\/wp\/v2\/comments?post=109107"}],"version-history":[{"count":0,"href":"https:\/\/batijournal.com\/index.php\/wp-json\/wp\/v2\/posts\/109107\/revisions"}],"wp:featuredmedia":[{"embeddable":true,"href":"https:\/\/batijournal.com\/index.php\/wp-json\/wp\/v2\/media\/109109"}],"wp:attachment":[{"href":"https:\/\/batijournal.com\/index.php\/wp-json\/wp\/v2\/media?parent=109107"}],"wp:term":[{"taxonomy":"category","embeddable":true,"href":"https:\/\/batijournal.com\/index.php\/wp-json\/wp\/v2\/categories?post=109107"},{"taxonomy":"post_tag","embeddable":true,"href":"https:\/\/batijournal.com\/index.php\/wp-json\/wp\/v2\/tags?post=109107"}],"curies":[{"name":"wp","href":"https:\/\/api.w.org\/{rel}","templated":true}]}}