{"id":109123,"date":"2023-07-20T15:24:23","date_gmt":"2023-07-20T13:24:23","guid":{"rendered":"https:\/\/batijournal.com\/?p=109123"},"modified":"2023-07-20T15:24:23","modified_gmt":"2023-07-20T13:24:23","slug":"goyer-demarre-la-renovation-des-facades-de-la-tour-ariane-a-paris-la-defense","status":"publish","type":"post","link":"https:\/\/batijournal.com\/index.php\/goyer-demarre-la-renovation-des-facades-de-la-tour-ariane-a-paris-la-defense\/109123\/","title":{"rendered":"Goyer d\u00e9marre la r\u00e9novation des fa\u00e7ades de la tour Ariane \u00e0 Paris-La D\u00e9fense"},"content":{"rendered":"<p>Goyer, filiale d\u2019Eiffage, a d\u00e9but\u00e9 les travaux de r\u00e9novation des fa\u00e7ades de la tour Ariane dans le quartier d\u2019affaires de La D\u00e9fense pour le compte d\u2019Euro Ariane SAS. Le projet consiste en la d\u00e9pose des fa\u00e7ades existantes, la valorisation des \u00e9l\u00e9ments issus de la d\u00e9construction et la r\u00e9alisation d\u2019une nouvelle peau, soit 23 320 m2 de fa\u00e7ades int\u00e9grant plus de 2 240 blocs. Les travaux de d\u00e9construction et de pose des nouvelles fa\u00e7ades sont r\u00e9alis\u00e9s en site occup\u00e9 en prenant toutes les mesures n\u00e9cessaires pour limiter les nuisances aussi bien aux riverains qu\u2019aux occupants de la tour. Con\u00e7ue par l\u2019architecte Jean de Mailly, la tour Ariane est l\u2019un des immeubles embl\u00e9matiques du quartier. D\u2019une surface de 64 500 m2, elle comprend 41 \u00e9tages et 6 niveaux d\u2019infrastructure. Sa r\u00e9novation a \u00e9t\u00e9 pens\u00e9e par l\u2019agence d\u2019architecture Nouvelle AOM. La future fa\u00e7ade apportera une nouvelle identit\u00e9 au b\u00e2timent, tout en pr\u00e9servant les caract\u00e9ristiques de son architecture originale, et en offrant performances thermiques et acoustiques. En r\u00e9ponse \u00e0 la demande du ma\u00eetre d\u2019ouvrage de r\u00e9duire l\u2019empreinte carbone du projet, Goyer a propos\u00e9 la valorisation des \u00e9l\u00e9ments issus de la d\u00e9construction, soit le recyclage d\u2019une centaine de tonnes d\u2019aluminium issu des boucliers existants et de 220 tonnes de verre pour les vitrages. Au total, cette initiative repr\u00e9sente une r\u00e9duction de 800 tonnes d\u2019\u00e9mission carbone. Les possibilit\u00e9s de r\u00e9emploi ont \u00e9galement \u00e9t\u00e9 explor\u00e9es : 220 boucliers en aluminium seront r\u00e9employ\u00e9s pour la cr\u00e9ation d\u2019une composition artistique dans le hall d\u2019accueil de la tour.<\/p>\n<p>&nbsp;<\/p>\n<p>Photo : NouvelleAOM Artefactory<\/p>\n","protected":false},"excerpt":{"rendered":"<p>Goyer, filiale d\u2019Eiffage, a d\u00e9but\u00e9 les travaux de r\u00e9novation des fa\u00e7ades de la tour Ariane dans le quartier d\u2019affaires de La D\u00e9fense pour le compte d\u2019Euro Ariane SAS. Le projet consiste en la d\u00e9pose des fa\u00e7ades existantes, la valorisation des \u00e9l\u00e9ments issus de la d\u00e9construction et la r\u00e9alisation d\u2019une nouvelle peau, soit 23 320 m2 [&hellip;]<\/p>\n","protected":false},"author":17,"featured_media":109124,"comment_status":"closed","ping_status":"closed","sticky":false,"template":"","format":"standard","meta":{"_et_pb_use_builder":"","_et_pb_old_content":"","_et_gb_content_width":"","footnotes":""},"categories":[10530,6340,10771,10775],"tags":[3705],"class_list":["post-109123","post","type-post","status-publish","format-standard","has-post-thumbnail","hentry","category-actualites","category-architecture-conception","category-5facades","category-actualites-5facades","tag-menuiseries-aluminium"],"yoast_head":"<!-- This site is optimized with the Yoast SEO plugin v27.4 - https:\/\/yoast.com\/product\/yoast-seo-wordpress\/ -->\n<title>Goyer d\u00e9marre la r\u00e9novation des fa\u00e7ades de la tour Ariane \u00e0 Paris-La D\u00e9fense<\/title>\n<meta name=\"robots\" content=\"index, follow, max-snippet:-1, max-image-preview:large, max-video-preview:-1\" \/>\n<link rel=\"canonical\" href=\"https:\/\/batijournal.com\/index.php\/goyer-demarre-la-renovation-des-facades-de-la-tour-ariane-a-paris-la-defense\/109123\/\" \/>\n<meta property=\"og:locale\" content=\"fr_FR\" \/>\n<meta property=\"og:type\" content=\"article\" \/>\n<meta property=\"og:title\" content=\"Goyer d\u00e9marre la r\u00e9novation des fa\u00e7ades de la tour Ariane \u00e0 Paris-La D\u00e9fense\" \/>\n<meta property=\"og:description\" content=\"Goyer, filiale d\u2019Eiffage, a d\u00e9but\u00e9 les travaux de r\u00e9novation des fa\u00e7ades de la tour Ariane dans le quartier d\u2019affaires de La D\u00e9fense pour le compte d\u2019Euro Ariane SAS. Le projet consiste en la d\u00e9pose des fa\u00e7ades existantes, la valorisation des \u00e9l\u00e9ments issus de la d\u00e9construction et la r\u00e9alisation d\u2019une nouvelle peau, soit 23 320 m2 [&hellip;]\" \/>\n<meta property=\"og:url\" content=\"https:\/\/batijournal.com\/index.php\/goyer-demarre-la-renovation-des-facades-de-la-tour-ariane-a-paris-la-defense\/109123\/\" \/>\n<meta property=\"og:site_name\" content=\"Batijournal\" \/>\n<meta property=\"article:published_time\" content=\"2023-07-20T13:24:23+00:00\" \/>\n<meta property=\"og:image\" content=\"https:\/\/batijournal.com\/wp-content\/uploads\/2023\/07\/tour-Ariane-a-Paris-La-Defense.jpg\" \/>\n\t<meta property=\"og:image:width\" content=\"666\" \/>\n\t<meta property=\"og:image:height\" content=\"1000\" \/>\n\t<meta property=\"og:image:type\" content=\"image\/jpeg\" \/>\n<meta name=\"author\" content=\"St\u00e9phane Miget\" \/>\n<meta name=\"twitter:card\" content=\"summary_large_image\" \/>\n<meta name=\"twitter:creator\" content=\"@bati_journal\" \/>\n<meta name=\"twitter:site\" content=\"@bati_journal\" \/>\n<meta name=\"twitter:label1\" content=\"\u00c9crit par\" \/>\n\t<meta name=\"twitter:data1\" content=\"St\u00e9phane Miget\" \/>\n\t<meta name=\"twitter:label2\" content=\"Dur\u00e9e de lecture estim\u00e9e\" \/>\n\t<meta name=\"twitter:data2\" content=\"1 minute\" \/>\n<script type=\"application\/ld+json\" class=\"yoast-schema-graph\">{\"@context\":\"https:\\\/\\\/schema.org\",\"@graph\":[{\"@type\":\"Article\",\"@id\":\"https:\\\/\\\/batijournal.com\\\/index.php\\\/goyer-demarre-la-renovation-des-facades-de-la-tour-ariane-a-paris-la-defense\\\/109123\\\/#article\",\"isPartOf\":{\"@id\":\"https:\\\/\\\/batijournal.com\\\/index.php\\\/goyer-demarre-la-renovation-des-facades-de-la-tour-ariane-a-paris-la-defense\\\/109123\\\/\"},\"author\":{\"name\":\"St\u00e9phane Miget\",\"@id\":\"https:\\\/\\\/batijournal.com\\\/#\\\/schema\\\/person\\\/1dc96ec6957aa1ccb25ebe78bb19f100\"},\"headline\":\"Goyer d\u00e9marre la r\u00e9novation des fa\u00e7ades de la tour Ariane \u00e0 Paris-La D\u00e9fense\",\"datePublished\":\"2023-07-20T13:24:23+00:00\",\"mainEntityOfPage\":{\"@id\":\"https:\\\/\\\/batijournal.com\\\/index.php\\\/goyer-demarre-la-renovation-des-facades-de-la-tour-ariane-a-paris-la-defense\\\/109123\\\/\"},\"wordCount\":310,\"image\":{\"@id\":\"https:\\\/\\\/batijournal.com\\\/index.php\\\/goyer-demarre-la-renovation-des-facades-de-la-tour-ariane-a-paris-la-defense\\\/109123\\\/#primaryimage\"},\"thumbnailUrl\":\"https:\\\/\\\/batijournal.com\\\/wp-content\\\/uploads\\\/2023\\\/07\\\/tour-Ariane-a-Paris-La-Defense.jpg\",\"keywords\":[\"menuiseries aluminium\"],\"articleSection\":[\"Actualit\u00e9s\",\"Architecture &amp; Conception\",\"zz_5fa\u00e7ades\",\"zz_Actualit\u00e9s - 5fa\u00e7ades\"],\"inLanguage\":\"fr-FR\"},{\"@type\":\"WebPage\",\"@id\":\"https:\\\/\\\/batijournal.com\\\/index.php\\\/goyer-demarre-la-renovation-des-facades-de-la-tour-ariane-a-paris-la-defense\\\/109123\\\/\",\"url\":\"https:\\\/\\\/batijournal.com\\\/index.php\\\/goyer-demarre-la-renovation-des-facades-de-la-tour-ariane-a-paris-la-defense\\\/109123\\\/\",\"name\":\"Goyer d\u00e9marre la r\u00e9novation des fa\u00e7ades de la tour Ariane \u00e0 Paris-La D\u00e9fense\",\"isPartOf\":{\"@id\":\"https:\\\/\\\/batijournal.com\\\/#website\"},\"primaryImageOfPage\":{\"@id\":\"https:\\\/\\\/batijournal.com\\\/index.php\\\/goyer-demarre-la-renovation-des-facades-de-la-tour-ariane-a-paris-la-defense\\\/109123\\\/#primaryimage\"},\"image\":{\"@id\":\"https:\\\/\\\/batijournal.com\\\/index.php\\\/goyer-demarre-la-renovation-des-facades-de-la-tour-ariane-a-paris-la-defense\\\/109123\\\/#primaryimage\"},\"thumbnailUrl\":\"https:\\\/\\\/batijournal.com\\\/wp-content\\\/uploads\\\/2023\\\/07\\\/tour-Ariane-a-Paris-La-Defense.jpg\",\"datePublished\":\"2023-07-20T13:24:23+00:00\",\"author\":{\"@id\":\"https:\\\/\\\/batijournal.com\\\/#\\\/schema\\\/person\\\/1dc96ec6957aa1ccb25ebe78bb19f100\"},\"breadcrumb\":{\"@id\":\"https:\\\/\\\/batijournal.com\\\/index.php\\\/goyer-demarre-la-renovation-des-facades-de-la-tour-ariane-a-paris-la-defense\\\/109123\\\/#breadcrumb\"},\"inLanguage\":\"fr-FR\",\"potentialAction\":[{\"@type\":\"ReadAction\",\"target\":[\"https:\\\/\\\/batijournal.com\\\/index.php\\\/goyer-demarre-la-renovation-des-facades-de-la-tour-ariane-a-paris-la-defense\\\/109123\\\/\"]}]},{\"@type\":\"ImageObject\",\"inLanguage\":\"fr-FR\",\"@id\":\"https:\\\/\\\/batijournal.com\\\/index.php\\\/goyer-demarre-la-renovation-des-facades-de-la-tour-ariane-a-paris-la-defense\\\/109123\\\/#primaryimage\",\"url\":\"https:\\\/\\\/batijournal.com\\\/wp-content\\\/uploads\\\/2023\\\/07\\\/tour-Ariane-a-Paris-La-Defense.jpg\",\"contentUrl\":\"https:\\\/\\\/batijournal.com\\\/wp-content\\\/uploads\\\/2023\\\/07\\\/tour-Ariane-a-Paris-La-Defense.jpg\",\"width\":666,\"height\":1000},{\"@type\":\"BreadcrumbList\",\"@id\":\"https:\\\/\\\/batijournal.com\\\/index.php\\\/goyer-demarre-la-renovation-des-facades-de-la-tour-ariane-a-paris-la-defense\\\/109123\\\/#breadcrumb\",\"itemListElement\":[{\"@type\":\"ListItem\",\"position\":1,\"name\":\"Accueil\",\"item\":\"https:\\\/\\\/batijournal.com\\\/\"},{\"@type\":\"ListItem\",\"position\":2,\"name\":\"Actualit\u00e9s\",\"item\":\"https:\\\/\\\/batijournal.com\\\/index.php\\\/category\\\/actualites\\\/\"},{\"@type\":\"ListItem\",\"position\":3,\"name\":\"Goyer d\u00e9marre la r\u00e9novation des fa\u00e7ades de la tour Ariane \u00e0 Paris-La D\u00e9fense\"}]},{\"@type\":\"WebSite\",\"@id\":\"https:\\\/\\\/batijournal.com\\\/#website\",\"url\":\"https:\\\/\\\/batijournal.com\\\/\",\"name\":\"Batijournal\",\"description\":\"L&#039;actualit\u00e9 du b\u00e2timent\",\"potentialAction\":[{\"@type\":\"SearchAction\",\"target\":{\"@type\":\"EntryPoint\",\"urlTemplate\":\"https:\\\/\\\/batijournal.com\\\/?s={search_term_string}\"},\"query-input\":{\"@type\":\"PropertyValueSpecification\",\"valueRequired\":true,\"valueName\":\"search_term_string\"}}],\"inLanguage\":\"fr-FR\"},{\"@type\":\"Person\",\"@id\":\"https:\\\/\\\/batijournal.com\\\/#\\\/schema\\\/person\\\/1dc96ec6957aa1ccb25ebe78bb19f100\",\"name\":\"St\u00e9phane Miget\",\"image\":{\"@type\":\"ImageObject\",\"inLanguage\":\"fr-FR\",\"@id\":\"https:\\\/\\\/secure.gravatar.com\\\/avatar\\\/89915563d925342126b8ef0281b93d9d7fc337043e8df017f780908eb9644451?s=96&d=mm&r=g\",\"url\":\"https:\\\/\\\/secure.gravatar.com\\\/avatar\\\/89915563d925342126b8ef0281b93d9d7fc337043e8df017f780908eb9644451?s=96&d=mm&r=g\",\"contentUrl\":\"https:\\\/\\\/secure.gravatar.com\\\/avatar\\\/89915563d925342126b8ef0281b93d9d7fc337043e8df017f780908eb9644451?s=96&d=mm&r=g\",\"caption\":\"St\u00e9phane Miget\"},\"url\":\"https:\\\/\\\/batijournal.com\\\/index.php\\\/author\\\/stephane\\\/\"}]}<\/script>\n<!-- \/ Yoast SEO plugin. -->","yoast_head_json":{"title":"Goyer d\u00e9marre la r\u00e9novation des fa\u00e7ades de la tour Ariane \u00e0 Paris-La D\u00e9fense","robots":{"index":"index","follow":"follow","max-snippet":"max-snippet:-1","max-image-preview":"max-image-preview:large","max-video-preview":"max-video-preview:-1"},"canonical":"https:\/\/batijournal.com\/index.php\/goyer-demarre-la-renovation-des-facades-de-la-tour-ariane-a-paris-la-defense\/109123\/","og_locale":"fr_FR","og_type":"article","og_title":"Goyer d\u00e9marre la r\u00e9novation des fa\u00e7ades de la tour Ariane \u00e0 Paris-La D\u00e9fense","og_description":"Goyer, filiale d\u2019Eiffage, a d\u00e9but\u00e9 les travaux de r\u00e9novation des fa\u00e7ades de la tour Ariane dans le quartier d\u2019affaires de La D\u00e9fense pour le compte d\u2019Euro Ariane SAS. Le projet consiste en la d\u00e9pose des fa\u00e7ades existantes, la valorisation des \u00e9l\u00e9ments issus de la d\u00e9construction et la r\u00e9alisation d\u2019une nouvelle peau, soit 23 320 m2 [&hellip;]","og_url":"https:\/\/batijournal.com\/index.php\/goyer-demarre-la-renovation-des-facades-de-la-tour-ariane-a-paris-la-defense\/109123\/","og_site_name":"Batijournal","article_published_time":"2023-07-20T13:24:23+00:00","og_image":[{"width":666,"height":1000,"url":"https:\/\/batijournal.com\/wp-content\/uploads\/2023\/07\/tour-Ariane-a-Paris-La-Defense.jpg","type":"image\/jpeg"}],"author":"St\u00e9phane Miget","twitter_card":"summary_large_image","twitter_creator":"@bati_journal","twitter_site":"@bati_journal","twitter_misc":{"\u00c9crit par":"St\u00e9phane Miget","Dur\u00e9e de lecture estim\u00e9e":"1 minute"},"schema":{"@context":"https:\/\/schema.org","@graph":[{"@type":"Article","@id":"https:\/\/batijournal.com\/index.php\/goyer-demarre-la-renovation-des-facades-de-la-tour-ariane-a-paris-la-defense\/109123\/#article","isPartOf":{"@id":"https:\/\/batijournal.com\/index.php\/goyer-demarre-la-renovation-des-facades-de-la-tour-ariane-a-paris-la-defense\/109123\/"},"author":{"name":"St\u00e9phane Miget","@id":"https:\/\/batijournal.com\/#\/schema\/person\/1dc96ec6957aa1ccb25ebe78bb19f100"},"headline":"Goyer d\u00e9marre la r\u00e9novation des fa\u00e7ades de la tour Ariane \u00e0 Paris-La D\u00e9fense","datePublished":"2023-07-20T13:24:23+00:00","mainEntityOfPage":{"@id":"https:\/\/batijournal.com\/index.php\/goyer-demarre-la-renovation-des-facades-de-la-tour-ariane-a-paris-la-defense\/109123\/"},"wordCount":310,"image":{"@id":"https:\/\/batijournal.com\/index.php\/goyer-demarre-la-renovation-des-facades-de-la-tour-ariane-a-paris-la-defense\/109123\/#primaryimage"},"thumbnailUrl":"https:\/\/batijournal.com\/wp-content\/uploads\/2023\/07\/tour-Ariane-a-Paris-La-Defense.jpg","keywords":["menuiseries aluminium"],"articleSection":["Actualit\u00e9s","Architecture &amp; Conception","zz_5fa\u00e7ades","zz_Actualit\u00e9s - 5fa\u00e7ades"],"inLanguage":"fr-FR"},{"@type":"WebPage","@id":"https:\/\/batijournal.com\/index.php\/goyer-demarre-la-renovation-des-facades-de-la-tour-ariane-a-paris-la-defense\/109123\/","url":"https:\/\/batijournal.com\/index.php\/goyer-demarre-la-renovation-des-facades-de-la-tour-ariane-a-paris-la-defense\/109123\/","name":"Goyer d\u00e9marre la r\u00e9novation des fa\u00e7ades de la tour Ariane \u00e0 Paris-La D\u00e9fense","isPartOf":{"@id":"https:\/\/batijournal.com\/#website"},"primaryImageOfPage":{"@id":"https:\/\/batijournal.com\/index.php\/goyer-demarre-la-renovation-des-facades-de-la-tour-ariane-a-paris-la-defense\/109123\/#primaryimage"},"image":{"@id":"https:\/\/batijournal.com\/index.php\/goyer-demarre-la-renovation-des-facades-de-la-tour-ariane-a-paris-la-defense\/109123\/#primaryimage"},"thumbnailUrl":"https:\/\/batijournal.com\/wp-content\/uploads\/2023\/07\/tour-Ariane-a-Paris-La-Defense.jpg","datePublished":"2023-07-20T13:24:23+00:00","author":{"@id":"https:\/\/batijournal.com\/#\/schema\/person\/1dc96ec6957aa1ccb25ebe78bb19f100"},"breadcrumb":{"@id":"https:\/\/batijournal.com\/index.php\/goyer-demarre-la-renovation-des-facades-de-la-tour-ariane-a-paris-la-defense\/109123\/#breadcrumb"},"inLanguage":"fr-FR","potentialAction":[{"@type":"ReadAction","target":["https:\/\/batijournal.com\/index.php\/goyer-demarre-la-renovation-des-facades-de-la-tour-ariane-a-paris-la-defense\/109123\/"]}]},{"@type":"ImageObject","inLanguage":"fr-FR","@id":"https:\/\/batijournal.com\/index.php\/goyer-demarre-la-renovation-des-facades-de-la-tour-ariane-a-paris-la-defense\/109123\/#primaryimage","url":"https:\/\/batijournal.com\/wp-content\/uploads\/2023\/07\/tour-Ariane-a-Paris-La-Defense.jpg","contentUrl":"https:\/\/batijournal.com\/wp-content\/uploads\/2023\/07\/tour-Ariane-a-Paris-La-Defense.jpg","width":666,"height":1000},{"@type":"BreadcrumbList","@id":"https:\/\/batijournal.com\/index.php\/goyer-demarre-la-renovation-des-facades-de-la-tour-ariane-a-paris-la-defense\/109123\/#breadcrumb","itemListElement":[{"@type":"ListItem","position":1,"name":"Accueil","item":"https:\/\/batijournal.com\/"},{"@type":"ListItem","position":2,"name":"Actualit\u00e9s","item":"https:\/\/batijournal.com\/index.php\/category\/actualites\/"},{"@type":"ListItem","position":3,"name":"Goyer d\u00e9marre la r\u00e9novation des fa\u00e7ades de la tour Ariane \u00e0 Paris-La D\u00e9fense"}]},{"@type":"WebSite","@id":"https:\/\/batijournal.com\/#website","url":"https:\/\/batijournal.com\/","name":"Batijournal","description":"L&#039;actualit\u00e9 du b\u00e2timent","potentialAction":[{"@type":"SearchAction","target":{"@type":"EntryPoint","urlTemplate":"https:\/\/batijournal.com\/?s={search_term_string}"},"query-input":{"@type":"PropertyValueSpecification","valueRequired":true,"valueName":"search_term_string"}}],"inLanguage":"fr-FR"},{"@type":"Person","@id":"https:\/\/batijournal.com\/#\/schema\/person\/1dc96ec6957aa1ccb25ebe78bb19f100","name":"St\u00e9phane Miget","image":{"@type":"ImageObject","inLanguage":"fr-FR","@id":"https:\/\/secure.gravatar.com\/avatar\/89915563d925342126b8ef0281b93d9d7fc337043e8df017f780908eb9644451?s=96&d=mm&r=g","url":"https:\/\/secure.gravatar.com\/avatar\/89915563d925342126b8ef0281b93d9d7fc337043e8df017f780908eb9644451?s=96&d=mm&r=g","contentUrl":"https:\/\/secure.gravatar.com\/avatar\/89915563d925342126b8ef0281b93d9d7fc337043e8df017f780908eb9644451?s=96&d=mm&r=g","caption":"St\u00e9phane Miget"},"url":"https:\/\/batijournal.com\/index.php\/author\/stephane\/"}]}},"_links":{"self":[{"href":"https:\/\/batijournal.com\/index.php\/wp-json\/wp\/v2\/posts\/109123","targetHints":{"allow":["GET"]}}],"collection":[{"href":"https:\/\/batijournal.com\/index.php\/wp-json\/wp\/v2\/posts"}],"about":[{"href":"https:\/\/batijournal.com\/index.php\/wp-json\/wp\/v2\/types\/post"}],"author":[{"embeddable":true,"href":"https:\/\/batijournal.com\/index.php\/wp-json\/wp\/v2\/users\/17"}],"replies":[{"embeddable":true,"href":"https:\/\/batijournal.com\/index.php\/wp-json\/wp\/v2\/comments?post=109123"}],"version-history":[{"count":0,"href":"https:\/\/batijournal.com\/index.php\/wp-json\/wp\/v2\/posts\/109123\/revisions"}],"wp:featuredmedia":[{"embeddable":true,"href":"https:\/\/batijournal.com\/index.php\/wp-json\/wp\/v2\/media\/109124"}],"wp:attachment":[{"href":"https:\/\/batijournal.com\/index.php\/wp-json\/wp\/v2\/media?parent=109123"}],"wp:term":[{"taxonomy":"category","embeddable":true,"href":"https:\/\/batijournal.com\/index.php\/wp-json\/wp\/v2\/categories?post=109123"},{"taxonomy":"post_tag","embeddable":true,"href":"https:\/\/batijournal.com\/index.php\/wp-json\/wp\/v2\/tags?post=109123"}],"curies":[{"name":"wp","href":"https:\/\/api.w.org\/{rel}","templated":true}]}}