{"id":109129,"date":"2023-08-19T21:49:56","date_gmt":"2023-08-19T19:49:56","guid":{"rendered":"https:\/\/batijournal.com\/?p=109129"},"modified":"2023-08-19T21:49:56","modified_gmt":"2023-08-19T19:49:56","slug":"disparition-du-general-jean-louis-georgelin","status":"publish","type":"post","link":"https:\/\/batijournal.com\/index.php\/disparition-du-general-jean-louis-georgelin\/109129\/","title":{"rendered":"Disparition du g\u00e9n\u00e9ral Jean-Louis Georgelin"},"content":{"rendered":"<p>Le g\u00e9n\u00e9ral Jean-Louis Georgelin est d\u00e9c\u00e9d\u00e9 le vendredi 18 ao\u00fbt apr\u00e8s une chute lors d&rsquo;une randonn\u00e9e en Ari\u00e8ge. L&rsquo;ancien chef d&rsquo;Etat major avait \u00e9t\u00e9 nomm\u00e9 repr\u00e9sentant sp\u00e9cial du pr\u00e9sident de la R\u00e9publique Emmanuel Macron et pr\u00e9sident de l&rsquo;\u00e9tablissement public charg\u00e9 de la conservation et de la restauration de la cath\u00e9drale Notre-Dame de Paris. Les hommages au meneur d&rsquo;hommes devenu le meneur du grand chantier de la reconstruction de Notre-Dame sont nombreux dans le monde de la culture, du patrimoine et de la politique. Philippe Jost, directeur g\u00e9n\u00e9ral d\u00e9l\u00e9gu\u00e9 de l\u2019\u00e9tablissement public Reb\u00e2tir Notre-Dame de Paris et l\u2019ensemble du personnel de l\u2019\u00e9tablissement, boulevers\u00e9s par cette disparition, s\u2019associent \u00e0 la peine de sa famille et de ses proches. \u00ab\u00a0Le g\u00e9n\u00e9ral alliait \u00e0 un amour de la France inconditionnel, \u00e0 une \u00e9thique personnelle exceptionnelle, \u00e0 une \u00e9nergie incomparable, une attention aux personnes qui lui avait acquis l\u2019affection de tous au sein de l\u2019\u00e9tablissement. La poursuite r\u00e9solue de la restauration de la cath\u00e9drale, afin d\u2019assurer sa r\u00e9ouverture au culte et \u00e0 la visite en 2024 si ch\u00e8re au c\u0153ur du g\u00e9n\u00e9ral, est le meilleur hommage que nous tous, avec tous nos partenaires, avec les architectes, les compagnons et les artisans d\u2019art, puissions rendre \u00e0 sa m\u00e9moire. Dans la peine, nous nous y attelons avec une d\u00e9termination plus forte que jamais.\u00a0\u00bb<\/p>\n<p>Photo : David Bordes \u00a9 Reb\u00e2tir Notre-Dame de Paris<\/p>\n","protected":false},"excerpt":{"rendered":"<p>Le g\u00e9n\u00e9ral Jean-Louis Georgelin est d\u00e9c\u00e9d\u00e9 le vendredi 18 ao\u00fbt apr\u00e8s une chute lors d&rsquo;une randonn\u00e9e en Ari\u00e8ge. L&rsquo;ancien chef d&rsquo;Etat major avait \u00e9t\u00e9 nomm\u00e9 repr\u00e9sentant sp\u00e9cial du pr\u00e9sident de la R\u00e9publique Emmanuel Macron et pr\u00e9sident de l&rsquo;\u00e9tablissement public charg\u00e9 de la conservation et de la restauration de la cath\u00e9drale Notre-Dame de Paris. Les hommages [&hellip;]<\/p>\n","protected":false},"author":17,"featured_media":109130,"comment_status":"closed","ping_status":"closed","sticky":false,"template":"","format":"standard","meta":{"_et_pb_use_builder":"","_et_pb_old_content":"","_et_gb_content_width":"","footnotes":""},"categories":[10530,6340,10789,10785],"tags":[6842],"class_list":["post-109129","post","type-post","status-publish","format-standard","has-post-thumbnail","hentry","category-actualites","category-architecture-conception","category-publications-atrium","category-atrium","tag-notre-dame-de-paris"],"yoast_head":"<!-- This site is optimized with the Yoast SEO plugin v27.4 - https:\/\/yoast.com\/product\/yoast-seo-wordpress\/ -->\n<title>Disparition du g\u00e9n\u00e9ral Jean-Louis Georgelin<\/title>\n<meta name=\"robots\" content=\"index, follow, max-snippet:-1, max-image-preview:large, max-video-preview:-1\" \/>\n<link rel=\"canonical\" href=\"https:\/\/batijournal.com\/index.php\/disparition-du-general-jean-louis-georgelin\/109129\/\" \/>\n<meta property=\"og:locale\" content=\"fr_FR\" \/>\n<meta property=\"og:type\" content=\"article\" \/>\n<meta property=\"og:title\" content=\"Disparition du g\u00e9n\u00e9ral Jean-Louis Georgelin\" \/>\n<meta property=\"og:description\" content=\"Le g\u00e9n\u00e9ral Jean-Louis Georgelin est d\u00e9c\u00e9d\u00e9 le vendredi 18 ao\u00fbt apr\u00e8s une chute lors d&rsquo;une randonn\u00e9e en Ari\u00e8ge. L&rsquo;ancien chef d&rsquo;Etat major avait \u00e9t\u00e9 nomm\u00e9 repr\u00e9sentant sp\u00e9cial du pr\u00e9sident de la R\u00e9publique Emmanuel Macron et pr\u00e9sident de l&rsquo;\u00e9tablissement public charg\u00e9 de la conservation et de la restauration de la cath\u00e9drale Notre-Dame de Paris. Les hommages [&hellip;]\" \/>\n<meta property=\"og:url\" content=\"https:\/\/batijournal.com\/index.php\/disparition-du-general-jean-louis-georgelin\/109129\/\" \/>\n<meta property=\"og:site_name\" content=\"Batijournal\" \/>\n<meta property=\"article:published_time\" content=\"2023-08-19T19:49:56+00:00\" \/>\n<meta property=\"og:image\" content=\"https:\/\/batijournal.com\/wp-content\/uploads\/2023\/08\/Jean-Louis-Georgelin.webp\" \/>\n\t<meta property=\"og:image:width\" content=\"1080\" \/>\n\t<meta property=\"og:image:height\" content=\"720\" \/>\n\t<meta property=\"og:image:type\" content=\"image\/webp\" \/>\n<meta name=\"author\" content=\"St\u00e9phane Miget\" \/>\n<meta name=\"twitter:card\" content=\"summary_large_image\" \/>\n<meta name=\"twitter:creator\" content=\"@bati_journal\" \/>\n<meta name=\"twitter:site\" content=\"@bati_journal\" \/>\n<meta name=\"twitter:label1\" content=\"\u00c9crit par\" \/>\n\t<meta name=\"twitter:data1\" content=\"St\u00e9phane Miget\" \/>\n\t<meta name=\"twitter:label2\" content=\"Dur\u00e9e de lecture estim\u00e9e\" \/>\n\t<meta name=\"twitter:data2\" content=\"1 minute\" \/>\n<script type=\"application\/ld+json\" class=\"yoast-schema-graph\">{\"@context\":\"https:\\\/\\\/schema.org\",\"@graph\":[{\"@type\":\"Article\",\"@id\":\"https:\\\/\\\/batijournal.com\\\/index.php\\\/disparition-du-general-jean-louis-georgelin\\\/109129\\\/#article\",\"isPartOf\":{\"@id\":\"https:\\\/\\\/batijournal.com\\\/index.php\\\/disparition-du-general-jean-louis-georgelin\\\/109129\\\/\"},\"author\":{\"name\":\"St\u00e9phane Miget\",\"@id\":\"https:\\\/\\\/batijournal.com\\\/#\\\/schema\\\/person\\\/1dc96ec6957aa1ccb25ebe78bb19f100\"},\"headline\":\"Disparition du g\u00e9n\u00e9ral Jean-Louis Georgelin\",\"datePublished\":\"2023-08-19T19:49:56+00:00\",\"mainEntityOfPage\":{\"@id\":\"https:\\\/\\\/batijournal.com\\\/index.php\\\/disparition-du-general-jean-louis-georgelin\\\/109129\\\/\"},\"wordCount\":267,\"image\":{\"@id\":\"https:\\\/\\\/batijournal.com\\\/index.php\\\/disparition-du-general-jean-louis-georgelin\\\/109129\\\/#primaryimage\"},\"thumbnailUrl\":\"https:\\\/\\\/batijournal.com\\\/wp-content\\\/uploads\\\/2023\\\/08\\\/Jean-Louis-Georgelin.webp\",\"keywords\":[\"notre dame de paris\"],\"articleSection\":[\"Actualit\u00e9s\",\"Architecture &amp; Conception\",\"zz_Actualit\u00e9s - Atrium\",\"zz_Atrium Patrimoine\"],\"inLanguage\":\"fr-FR\"},{\"@type\":\"WebPage\",\"@id\":\"https:\\\/\\\/batijournal.com\\\/index.php\\\/disparition-du-general-jean-louis-georgelin\\\/109129\\\/\",\"url\":\"https:\\\/\\\/batijournal.com\\\/index.php\\\/disparition-du-general-jean-louis-georgelin\\\/109129\\\/\",\"name\":\"Disparition du g\u00e9n\u00e9ral Jean-Louis Georgelin\",\"isPartOf\":{\"@id\":\"https:\\\/\\\/batijournal.com\\\/#website\"},\"primaryImageOfPage\":{\"@id\":\"https:\\\/\\\/batijournal.com\\\/index.php\\\/disparition-du-general-jean-louis-georgelin\\\/109129\\\/#primaryimage\"},\"image\":{\"@id\":\"https:\\\/\\\/batijournal.com\\\/index.php\\\/disparition-du-general-jean-louis-georgelin\\\/109129\\\/#primaryimage\"},\"thumbnailUrl\":\"https:\\\/\\\/batijournal.com\\\/wp-content\\\/uploads\\\/2023\\\/08\\\/Jean-Louis-Georgelin.webp\",\"datePublished\":\"2023-08-19T19:49:56+00:00\",\"author\":{\"@id\":\"https:\\\/\\\/batijournal.com\\\/#\\\/schema\\\/person\\\/1dc96ec6957aa1ccb25ebe78bb19f100\"},\"breadcrumb\":{\"@id\":\"https:\\\/\\\/batijournal.com\\\/index.php\\\/disparition-du-general-jean-louis-georgelin\\\/109129\\\/#breadcrumb\"},\"inLanguage\":\"fr-FR\",\"potentialAction\":[{\"@type\":\"ReadAction\",\"target\":[\"https:\\\/\\\/batijournal.com\\\/index.php\\\/disparition-du-general-jean-louis-georgelin\\\/109129\\\/\"]}]},{\"@type\":\"ImageObject\",\"inLanguage\":\"fr-FR\",\"@id\":\"https:\\\/\\\/batijournal.com\\\/index.php\\\/disparition-du-general-jean-louis-georgelin\\\/109129\\\/#primaryimage\",\"url\":\"https:\\\/\\\/batijournal.com\\\/wp-content\\\/uploads\\\/2023\\\/08\\\/Jean-Louis-Georgelin.webp\",\"contentUrl\":\"https:\\\/\\\/batijournal.com\\\/wp-content\\\/uploads\\\/2023\\\/08\\\/Jean-Louis-Georgelin.webp\",\"width\":1080,\"height\":720},{\"@type\":\"BreadcrumbList\",\"@id\":\"https:\\\/\\\/batijournal.com\\\/index.php\\\/disparition-du-general-jean-louis-georgelin\\\/109129\\\/#breadcrumb\",\"itemListElement\":[{\"@type\":\"ListItem\",\"position\":1,\"name\":\"Accueil\",\"item\":\"https:\\\/\\\/batijournal.com\\\/\"},{\"@type\":\"ListItem\",\"position\":2,\"name\":\"Actualit\u00e9s\",\"item\":\"https:\\\/\\\/batijournal.com\\\/index.php\\\/category\\\/actualites\\\/\"},{\"@type\":\"ListItem\",\"position\":3,\"name\":\"Disparition du g\u00e9n\u00e9ral Jean-Louis Georgelin\"}]},{\"@type\":\"WebSite\",\"@id\":\"https:\\\/\\\/batijournal.com\\\/#website\",\"url\":\"https:\\\/\\\/batijournal.com\\\/\",\"name\":\"Batijournal\",\"description\":\"L&#039;actualit\u00e9 du b\u00e2timent\",\"potentialAction\":[{\"@type\":\"SearchAction\",\"target\":{\"@type\":\"EntryPoint\",\"urlTemplate\":\"https:\\\/\\\/batijournal.com\\\/?s={search_term_string}\"},\"query-input\":{\"@type\":\"PropertyValueSpecification\",\"valueRequired\":true,\"valueName\":\"search_term_string\"}}],\"inLanguage\":\"fr-FR\"},{\"@type\":\"Person\",\"@id\":\"https:\\\/\\\/batijournal.com\\\/#\\\/schema\\\/person\\\/1dc96ec6957aa1ccb25ebe78bb19f100\",\"name\":\"St\u00e9phane Miget\",\"image\":{\"@type\":\"ImageObject\",\"inLanguage\":\"fr-FR\",\"@id\":\"https:\\\/\\\/secure.gravatar.com\\\/avatar\\\/89915563d925342126b8ef0281b93d9d7fc337043e8df017f780908eb9644451?s=96&d=mm&r=g\",\"url\":\"https:\\\/\\\/secure.gravatar.com\\\/avatar\\\/89915563d925342126b8ef0281b93d9d7fc337043e8df017f780908eb9644451?s=96&d=mm&r=g\",\"contentUrl\":\"https:\\\/\\\/secure.gravatar.com\\\/avatar\\\/89915563d925342126b8ef0281b93d9d7fc337043e8df017f780908eb9644451?s=96&d=mm&r=g\",\"caption\":\"St\u00e9phane Miget\"},\"url\":\"https:\\\/\\\/batijournal.com\\\/index.php\\\/author\\\/stephane\\\/\"}]}<\/script>\n<!-- \/ Yoast SEO plugin. -->","yoast_head_json":{"title":"Disparition du g\u00e9n\u00e9ral Jean-Louis Georgelin","robots":{"index":"index","follow":"follow","max-snippet":"max-snippet:-1","max-image-preview":"max-image-preview:large","max-video-preview":"max-video-preview:-1"},"canonical":"https:\/\/batijournal.com\/index.php\/disparition-du-general-jean-louis-georgelin\/109129\/","og_locale":"fr_FR","og_type":"article","og_title":"Disparition du g\u00e9n\u00e9ral Jean-Louis Georgelin","og_description":"Le g\u00e9n\u00e9ral Jean-Louis Georgelin est d\u00e9c\u00e9d\u00e9 le vendredi 18 ao\u00fbt apr\u00e8s une chute lors d&rsquo;une randonn\u00e9e en Ari\u00e8ge. L&rsquo;ancien chef d&rsquo;Etat major avait \u00e9t\u00e9 nomm\u00e9 repr\u00e9sentant sp\u00e9cial du pr\u00e9sident de la R\u00e9publique Emmanuel Macron et pr\u00e9sident de l&rsquo;\u00e9tablissement public charg\u00e9 de la conservation et de la restauration de la cath\u00e9drale Notre-Dame de Paris. Les hommages [&hellip;]","og_url":"https:\/\/batijournal.com\/index.php\/disparition-du-general-jean-louis-georgelin\/109129\/","og_site_name":"Batijournal","article_published_time":"2023-08-19T19:49:56+00:00","og_image":[{"width":1080,"height":720,"url":"https:\/\/batijournal.com\/wp-content\/uploads\/2023\/08\/Jean-Louis-Georgelin.webp","type":"image\/webp"}],"author":"St\u00e9phane Miget","twitter_card":"summary_large_image","twitter_creator":"@bati_journal","twitter_site":"@bati_journal","twitter_misc":{"\u00c9crit par":"St\u00e9phane Miget","Dur\u00e9e de lecture estim\u00e9e":"1 minute"},"schema":{"@context":"https:\/\/schema.org","@graph":[{"@type":"Article","@id":"https:\/\/batijournal.com\/index.php\/disparition-du-general-jean-louis-georgelin\/109129\/#article","isPartOf":{"@id":"https:\/\/batijournal.com\/index.php\/disparition-du-general-jean-louis-georgelin\/109129\/"},"author":{"name":"St\u00e9phane Miget","@id":"https:\/\/batijournal.com\/#\/schema\/person\/1dc96ec6957aa1ccb25ebe78bb19f100"},"headline":"Disparition du g\u00e9n\u00e9ral Jean-Louis Georgelin","datePublished":"2023-08-19T19:49:56+00:00","mainEntityOfPage":{"@id":"https:\/\/batijournal.com\/index.php\/disparition-du-general-jean-louis-georgelin\/109129\/"},"wordCount":267,"image":{"@id":"https:\/\/batijournal.com\/index.php\/disparition-du-general-jean-louis-georgelin\/109129\/#primaryimage"},"thumbnailUrl":"https:\/\/batijournal.com\/wp-content\/uploads\/2023\/08\/Jean-Louis-Georgelin.webp","keywords":["notre dame de paris"],"articleSection":["Actualit\u00e9s","Architecture &amp; Conception","zz_Actualit\u00e9s - Atrium","zz_Atrium Patrimoine"],"inLanguage":"fr-FR"},{"@type":"WebPage","@id":"https:\/\/batijournal.com\/index.php\/disparition-du-general-jean-louis-georgelin\/109129\/","url":"https:\/\/batijournal.com\/index.php\/disparition-du-general-jean-louis-georgelin\/109129\/","name":"Disparition du g\u00e9n\u00e9ral Jean-Louis Georgelin","isPartOf":{"@id":"https:\/\/batijournal.com\/#website"},"primaryImageOfPage":{"@id":"https:\/\/batijournal.com\/index.php\/disparition-du-general-jean-louis-georgelin\/109129\/#primaryimage"},"image":{"@id":"https:\/\/batijournal.com\/index.php\/disparition-du-general-jean-louis-georgelin\/109129\/#primaryimage"},"thumbnailUrl":"https:\/\/batijournal.com\/wp-content\/uploads\/2023\/08\/Jean-Louis-Georgelin.webp","datePublished":"2023-08-19T19:49:56+00:00","author":{"@id":"https:\/\/batijournal.com\/#\/schema\/person\/1dc96ec6957aa1ccb25ebe78bb19f100"},"breadcrumb":{"@id":"https:\/\/batijournal.com\/index.php\/disparition-du-general-jean-louis-georgelin\/109129\/#breadcrumb"},"inLanguage":"fr-FR","potentialAction":[{"@type":"ReadAction","target":["https:\/\/batijournal.com\/index.php\/disparition-du-general-jean-louis-georgelin\/109129\/"]}]},{"@type":"ImageObject","inLanguage":"fr-FR","@id":"https:\/\/batijournal.com\/index.php\/disparition-du-general-jean-louis-georgelin\/109129\/#primaryimage","url":"https:\/\/batijournal.com\/wp-content\/uploads\/2023\/08\/Jean-Louis-Georgelin.webp","contentUrl":"https:\/\/batijournal.com\/wp-content\/uploads\/2023\/08\/Jean-Louis-Georgelin.webp","width":1080,"height":720},{"@type":"BreadcrumbList","@id":"https:\/\/batijournal.com\/index.php\/disparition-du-general-jean-louis-georgelin\/109129\/#breadcrumb","itemListElement":[{"@type":"ListItem","position":1,"name":"Accueil","item":"https:\/\/batijournal.com\/"},{"@type":"ListItem","position":2,"name":"Actualit\u00e9s","item":"https:\/\/batijournal.com\/index.php\/category\/actualites\/"},{"@type":"ListItem","position":3,"name":"Disparition du g\u00e9n\u00e9ral Jean-Louis Georgelin"}]},{"@type":"WebSite","@id":"https:\/\/batijournal.com\/#website","url":"https:\/\/batijournal.com\/","name":"Batijournal","description":"L&#039;actualit\u00e9 du b\u00e2timent","potentialAction":[{"@type":"SearchAction","target":{"@type":"EntryPoint","urlTemplate":"https:\/\/batijournal.com\/?s={search_term_string}"},"query-input":{"@type":"PropertyValueSpecification","valueRequired":true,"valueName":"search_term_string"}}],"inLanguage":"fr-FR"},{"@type":"Person","@id":"https:\/\/batijournal.com\/#\/schema\/person\/1dc96ec6957aa1ccb25ebe78bb19f100","name":"St\u00e9phane Miget","image":{"@type":"ImageObject","inLanguage":"fr-FR","@id":"https:\/\/secure.gravatar.com\/avatar\/89915563d925342126b8ef0281b93d9d7fc337043e8df017f780908eb9644451?s=96&d=mm&r=g","url":"https:\/\/secure.gravatar.com\/avatar\/89915563d925342126b8ef0281b93d9d7fc337043e8df017f780908eb9644451?s=96&d=mm&r=g","contentUrl":"https:\/\/secure.gravatar.com\/avatar\/89915563d925342126b8ef0281b93d9d7fc337043e8df017f780908eb9644451?s=96&d=mm&r=g","caption":"St\u00e9phane Miget"},"url":"https:\/\/batijournal.com\/index.php\/author\/stephane\/"}]}},"_links":{"self":[{"href":"https:\/\/batijournal.com\/index.php\/wp-json\/wp\/v2\/posts\/109129","targetHints":{"allow":["GET"]}}],"collection":[{"href":"https:\/\/batijournal.com\/index.php\/wp-json\/wp\/v2\/posts"}],"about":[{"href":"https:\/\/batijournal.com\/index.php\/wp-json\/wp\/v2\/types\/post"}],"author":[{"embeddable":true,"href":"https:\/\/batijournal.com\/index.php\/wp-json\/wp\/v2\/users\/17"}],"replies":[{"embeddable":true,"href":"https:\/\/batijournal.com\/index.php\/wp-json\/wp\/v2\/comments?post=109129"}],"version-history":[{"count":0,"href":"https:\/\/batijournal.com\/index.php\/wp-json\/wp\/v2\/posts\/109129\/revisions"}],"wp:featuredmedia":[{"embeddable":true,"href":"https:\/\/batijournal.com\/index.php\/wp-json\/wp\/v2\/media\/109130"}],"wp:attachment":[{"href":"https:\/\/batijournal.com\/index.php\/wp-json\/wp\/v2\/media?parent=109129"}],"wp:term":[{"taxonomy":"category","embeddable":true,"href":"https:\/\/batijournal.com\/index.php\/wp-json\/wp\/v2\/categories?post=109129"},{"taxonomy":"post_tag","embeddable":true,"href":"https:\/\/batijournal.com\/index.php\/wp-json\/wp\/v2\/tags?post=109129"}],"curies":[{"name":"wp","href":"https:\/\/api.w.org\/{rel}","templated":true}]}}