{"id":109154,"date":"2023-09-04T15:52:10","date_gmt":"2023-09-04T13:52:10","guid":{"rendered":"https:\/\/batijournal.com\/?p=109154"},"modified":"2023-09-04T15:52:10","modified_gmt":"2023-09-04T13:52:10","slug":"velux-presente-un-concept-dhabitat-bioclimatique-living-places","status":"publish","type":"post","link":"https:\/\/batijournal.com\/index.php\/velux-presente-un-concept-dhabitat-bioclimatique-living-places\/109154\/","title":{"rendered":"Velux pr\u00e9sente un concept d&rsquo;habitat bioclimatique : \u00ab Living Places \u00bb"},"content":{"rendered":"<p>En r\u00e9ponse aux enjeux climatiques, il est possible de construire des maisons dot\u00e9es d&rsquo;une empreinte carbone trois fois plus faible que celle d\u2019une maison individuelle type, tout en offrant un climat int\u00e9rieur optimal en toutes saisons. C\u2019est ce que d\u00e9montre le projet \u00ab Living Places \u00bb d\u00e9velopp\u00e9 en avant 1\u00e8re au Danemark. D\u00e9velopp\u00e9 par le Groupe VELUX, en partenariat avec Effekt Architects et l\u2019entrepreneur Enem\u00e6rke &amp; Petersen, ce concept d&rsquo;habitat durable repose sur cinq principes cl\u00e9s : des habitations saines, modulables, duplicables, simples \u00e0 construire et \u00e0 des co\u00fbts abordables (moins de 2000\u20ac le m2 au Danemark). Le Groupe entend partager ses connaissances avec notamment l&rsquo;acc\u00e8s aux plans des b\u00e2timents en \u00ab Open Data \u00bb. La rupture de la fa\u00e7ade par des toits en pente optimise l\u2019empreinte des b\u00e2timents dans leurs espaces urbains environnants. Le toit en pente permet une plus grande densit\u00e9, tout en maintenant une \u00e9chelle humaine et en am\u00e9liorant les conditions d&rsquo;\u00e9clairage naturel. L&rsquo;utilisation de doubles espaces en hauteur avec des puits de lumi\u00e8re achemine la lumi\u00e8re dans les \u00e9tages inf\u00e9rieurs. La circulation de l\u2019air entre les fen\u00eatres des \u00e9tages et celles situ\u00e9es au sommet du toit cr\u00e9e un effet chemin\u00e9e pour assurer un bon climat int\u00e9rieur en toutes saisons.<\/p>\n","protected":false},"excerpt":{"rendered":"<p>En r\u00e9ponse aux enjeux climatiques, il est possible de construire des maisons dot\u00e9es d&rsquo;une empreinte carbone trois fois plus faible que celle d\u2019une maison individuelle type, tout en offrant un climat int\u00e9rieur optimal en toutes saisons. C\u2019est ce que d\u00e9montre le projet \u00ab Living Places \u00bb d\u00e9velopp\u00e9 en avant 1\u00e8re au Danemark. D\u00e9velopp\u00e9 par le [&hellip;]<\/p>\n","protected":false},"author":17,"featured_media":109155,"comment_status":"closed","ping_status":"closed","sticky":false,"template":"","format":"standard","meta":{"_et_pb_use_builder":"","_et_pb_old_content":"","_et_gb_content_width":"","footnotes":""},"categories":[10530,6340,10771,10775,10781,10778],"tags":[2946],"class_list":["post-109154","post","type-post","status-publish","format-standard","has-post-thumbnail","hentry","category-actualites","category-architecture-conception","category-5facades","category-actualites-5facades","category-publications-planete","category-planete","tag-bioclimatique"],"yoast_head":"<!-- This site is optimized with the Yoast SEO plugin v27.4 - https:\/\/yoast.com\/product\/yoast-seo-wordpress\/ -->\n<title>Velux pr\u00e9sente un concept d&#039;habitat bioclimatique : \u00ab Living Places \u00bb<\/title>\n<meta name=\"robots\" content=\"index, follow, max-snippet:-1, max-image-preview:large, max-video-preview:-1\" \/>\n<link rel=\"canonical\" href=\"https:\/\/batijournal.com\/index.php\/velux-presente-un-concept-dhabitat-bioclimatique-living-places\/109154\/\" \/>\n<meta property=\"og:locale\" content=\"fr_FR\" \/>\n<meta property=\"og:type\" content=\"article\" \/>\n<meta property=\"og:title\" content=\"Velux pr\u00e9sente un concept d&#039;habitat bioclimatique : \u00ab Living Places \u00bb\" \/>\n<meta property=\"og:description\" content=\"En r\u00e9ponse aux enjeux climatiques, il est possible de construire des maisons dot\u00e9es d&rsquo;une empreinte carbone trois fois plus faible que celle d\u2019une maison individuelle type, tout en offrant un climat int\u00e9rieur optimal en toutes saisons. C\u2019est ce que d\u00e9montre le projet \u00ab Living Places \u00bb d\u00e9velopp\u00e9 en avant 1\u00e8re au Danemark. D\u00e9velopp\u00e9 par le [&hellip;]\" \/>\n<meta property=\"og:url\" content=\"https:\/\/batijournal.com\/index.php\/velux-presente-un-concept-dhabitat-bioclimatique-living-places\/109154\/\" \/>\n<meta property=\"og:site_name\" content=\"Batijournal\" \/>\n<meta property=\"article:published_time\" content=\"2023-09-04T13:52:10+00:00\" \/>\n<meta property=\"og:image\" content=\"https:\/\/batijournal.com\/wp-content\/uploads\/2023\/09\/Living-Places-velux.png\" \/>\n\t<meta property=\"og:image:width\" content=\"668\" \/>\n\t<meta property=\"og:image:height\" content=\"240\" \/>\n\t<meta property=\"og:image:type\" content=\"image\/png\" \/>\n<meta name=\"author\" content=\"St\u00e9phane Miget\" \/>\n<meta name=\"twitter:card\" content=\"summary_large_image\" \/>\n<meta name=\"twitter:creator\" content=\"@bati_journal\" \/>\n<meta name=\"twitter:site\" content=\"@bati_journal\" \/>\n<meta name=\"twitter:label1\" content=\"\u00c9crit par\" \/>\n\t<meta name=\"twitter:data1\" content=\"St\u00e9phane Miget\" \/>\n\t<meta name=\"twitter:label2\" content=\"Dur\u00e9e de lecture estim\u00e9e\" \/>\n\t<meta name=\"twitter:data2\" content=\"1 minute\" \/>\n<script type=\"application\/ld+json\" class=\"yoast-schema-graph\">{\"@context\":\"https:\\\/\\\/schema.org\",\"@graph\":[{\"@type\":\"Article\",\"@id\":\"https:\\\/\\\/batijournal.com\\\/index.php\\\/velux-presente-un-concept-dhabitat-bioclimatique-living-places\\\/109154\\\/#article\",\"isPartOf\":{\"@id\":\"https:\\\/\\\/batijournal.com\\\/index.php\\\/velux-presente-un-concept-dhabitat-bioclimatique-living-places\\\/109154\\\/\"},\"author\":{\"name\":\"St\u00e9phane Miget\",\"@id\":\"https:\\\/\\\/batijournal.com\\\/#\\\/schema\\\/person\\\/1dc96ec6957aa1ccb25ebe78bb19f100\"},\"headline\":\"Velux pr\u00e9sente un concept d&rsquo;habitat bioclimatique : \u00ab Living Places \u00bb\",\"datePublished\":\"2023-09-04T13:52:10+00:00\",\"mainEntityOfPage\":{\"@id\":\"https:\\\/\\\/batijournal.com\\\/index.php\\\/velux-presente-un-concept-dhabitat-bioclimatique-living-places\\\/109154\\\/\"},\"wordCount\":237,\"image\":{\"@id\":\"https:\\\/\\\/batijournal.com\\\/index.php\\\/velux-presente-un-concept-dhabitat-bioclimatique-living-places\\\/109154\\\/#primaryimage\"},\"thumbnailUrl\":\"https:\\\/\\\/batijournal.com\\\/wp-content\\\/uploads\\\/2023\\\/09\\\/Living-Places-velux.png\",\"keywords\":[\"bioclimatique\"],\"articleSection\":[\"Actualit\u00e9s\",\"Architecture &amp; Conception\",\"zz_5fa\u00e7ades\",\"zz_Actualit\u00e9s - 5fa\u00e7ades\",\"zz_Actualit\u00e9s - Plan\u00e8te\",\"zz_Plan\u00e8te B\u00e2timent\"],\"inLanguage\":\"fr-FR\"},{\"@type\":\"WebPage\",\"@id\":\"https:\\\/\\\/batijournal.com\\\/index.php\\\/velux-presente-un-concept-dhabitat-bioclimatique-living-places\\\/109154\\\/\",\"url\":\"https:\\\/\\\/batijournal.com\\\/index.php\\\/velux-presente-un-concept-dhabitat-bioclimatique-living-places\\\/109154\\\/\",\"name\":\"Velux pr\u00e9sente un concept d'habitat bioclimatique : \u00ab Living Places \u00bb\",\"isPartOf\":{\"@id\":\"https:\\\/\\\/batijournal.com\\\/#website\"},\"primaryImageOfPage\":{\"@id\":\"https:\\\/\\\/batijournal.com\\\/index.php\\\/velux-presente-un-concept-dhabitat-bioclimatique-living-places\\\/109154\\\/#primaryimage\"},\"image\":{\"@id\":\"https:\\\/\\\/batijournal.com\\\/index.php\\\/velux-presente-un-concept-dhabitat-bioclimatique-living-places\\\/109154\\\/#primaryimage\"},\"thumbnailUrl\":\"https:\\\/\\\/batijournal.com\\\/wp-content\\\/uploads\\\/2023\\\/09\\\/Living-Places-velux.png\",\"datePublished\":\"2023-09-04T13:52:10+00:00\",\"author\":{\"@id\":\"https:\\\/\\\/batijournal.com\\\/#\\\/schema\\\/person\\\/1dc96ec6957aa1ccb25ebe78bb19f100\"},\"breadcrumb\":{\"@id\":\"https:\\\/\\\/batijournal.com\\\/index.php\\\/velux-presente-un-concept-dhabitat-bioclimatique-living-places\\\/109154\\\/#breadcrumb\"},\"inLanguage\":\"fr-FR\",\"potentialAction\":[{\"@type\":\"ReadAction\",\"target\":[\"https:\\\/\\\/batijournal.com\\\/index.php\\\/velux-presente-un-concept-dhabitat-bioclimatique-living-places\\\/109154\\\/\"]}]},{\"@type\":\"ImageObject\",\"inLanguage\":\"fr-FR\",\"@id\":\"https:\\\/\\\/batijournal.com\\\/index.php\\\/velux-presente-un-concept-dhabitat-bioclimatique-living-places\\\/109154\\\/#primaryimage\",\"url\":\"https:\\\/\\\/batijournal.com\\\/wp-content\\\/uploads\\\/2023\\\/09\\\/Living-Places-velux.png\",\"contentUrl\":\"https:\\\/\\\/batijournal.com\\\/wp-content\\\/uploads\\\/2023\\\/09\\\/Living-Places-velux.png\",\"width\":668,\"height\":240},{\"@type\":\"BreadcrumbList\",\"@id\":\"https:\\\/\\\/batijournal.com\\\/index.php\\\/velux-presente-un-concept-dhabitat-bioclimatique-living-places\\\/109154\\\/#breadcrumb\",\"itemListElement\":[{\"@type\":\"ListItem\",\"position\":1,\"name\":\"Accueil\",\"item\":\"https:\\\/\\\/batijournal.com\\\/\"},{\"@type\":\"ListItem\",\"position\":2,\"name\":\"Actualit\u00e9s\",\"item\":\"https:\\\/\\\/batijournal.com\\\/index.php\\\/category\\\/actualites\\\/\"},{\"@type\":\"ListItem\",\"position\":3,\"name\":\"Velux pr\u00e9sente un concept d&rsquo;habitat bioclimatique : \u00ab Living Places \u00bb\"}]},{\"@type\":\"WebSite\",\"@id\":\"https:\\\/\\\/batijournal.com\\\/#website\",\"url\":\"https:\\\/\\\/batijournal.com\\\/\",\"name\":\"Batijournal\",\"description\":\"L&#039;actualit\u00e9 du b\u00e2timent\",\"potentialAction\":[{\"@type\":\"SearchAction\",\"target\":{\"@type\":\"EntryPoint\",\"urlTemplate\":\"https:\\\/\\\/batijournal.com\\\/?s={search_term_string}\"},\"query-input\":{\"@type\":\"PropertyValueSpecification\",\"valueRequired\":true,\"valueName\":\"search_term_string\"}}],\"inLanguage\":\"fr-FR\"},{\"@type\":\"Person\",\"@id\":\"https:\\\/\\\/batijournal.com\\\/#\\\/schema\\\/person\\\/1dc96ec6957aa1ccb25ebe78bb19f100\",\"name\":\"St\u00e9phane Miget\",\"image\":{\"@type\":\"ImageObject\",\"inLanguage\":\"fr-FR\",\"@id\":\"https:\\\/\\\/secure.gravatar.com\\\/avatar\\\/89915563d925342126b8ef0281b93d9d7fc337043e8df017f780908eb9644451?s=96&d=mm&r=g\",\"url\":\"https:\\\/\\\/secure.gravatar.com\\\/avatar\\\/89915563d925342126b8ef0281b93d9d7fc337043e8df017f780908eb9644451?s=96&d=mm&r=g\",\"contentUrl\":\"https:\\\/\\\/secure.gravatar.com\\\/avatar\\\/89915563d925342126b8ef0281b93d9d7fc337043e8df017f780908eb9644451?s=96&d=mm&r=g\",\"caption\":\"St\u00e9phane Miget\"},\"url\":\"https:\\\/\\\/batijournal.com\\\/index.php\\\/author\\\/stephane\\\/\"}]}<\/script>\n<!-- \/ Yoast SEO plugin. -->","yoast_head_json":{"title":"Velux pr\u00e9sente un concept d'habitat bioclimatique : \u00ab Living Places \u00bb","robots":{"index":"index","follow":"follow","max-snippet":"max-snippet:-1","max-image-preview":"max-image-preview:large","max-video-preview":"max-video-preview:-1"},"canonical":"https:\/\/batijournal.com\/index.php\/velux-presente-un-concept-dhabitat-bioclimatique-living-places\/109154\/","og_locale":"fr_FR","og_type":"article","og_title":"Velux pr\u00e9sente un concept d'habitat bioclimatique : \u00ab Living Places \u00bb","og_description":"En r\u00e9ponse aux enjeux climatiques, il est possible de construire des maisons dot\u00e9es d&rsquo;une empreinte carbone trois fois plus faible que celle d\u2019une maison individuelle type, tout en offrant un climat int\u00e9rieur optimal en toutes saisons. C\u2019est ce que d\u00e9montre le projet \u00ab Living Places \u00bb d\u00e9velopp\u00e9 en avant 1\u00e8re au Danemark. D\u00e9velopp\u00e9 par le [&hellip;]","og_url":"https:\/\/batijournal.com\/index.php\/velux-presente-un-concept-dhabitat-bioclimatique-living-places\/109154\/","og_site_name":"Batijournal","article_published_time":"2023-09-04T13:52:10+00:00","og_image":[{"width":668,"height":240,"url":"https:\/\/batijournal.com\/wp-content\/uploads\/2023\/09\/Living-Places-velux.png","type":"image\/png"}],"author":"St\u00e9phane Miget","twitter_card":"summary_large_image","twitter_creator":"@bati_journal","twitter_site":"@bati_journal","twitter_misc":{"\u00c9crit par":"St\u00e9phane Miget","Dur\u00e9e de lecture estim\u00e9e":"1 minute"},"schema":{"@context":"https:\/\/schema.org","@graph":[{"@type":"Article","@id":"https:\/\/batijournal.com\/index.php\/velux-presente-un-concept-dhabitat-bioclimatique-living-places\/109154\/#article","isPartOf":{"@id":"https:\/\/batijournal.com\/index.php\/velux-presente-un-concept-dhabitat-bioclimatique-living-places\/109154\/"},"author":{"name":"St\u00e9phane Miget","@id":"https:\/\/batijournal.com\/#\/schema\/person\/1dc96ec6957aa1ccb25ebe78bb19f100"},"headline":"Velux pr\u00e9sente un concept d&rsquo;habitat bioclimatique : \u00ab Living Places \u00bb","datePublished":"2023-09-04T13:52:10+00:00","mainEntityOfPage":{"@id":"https:\/\/batijournal.com\/index.php\/velux-presente-un-concept-dhabitat-bioclimatique-living-places\/109154\/"},"wordCount":237,"image":{"@id":"https:\/\/batijournal.com\/index.php\/velux-presente-un-concept-dhabitat-bioclimatique-living-places\/109154\/#primaryimage"},"thumbnailUrl":"https:\/\/batijournal.com\/wp-content\/uploads\/2023\/09\/Living-Places-velux.png","keywords":["bioclimatique"],"articleSection":["Actualit\u00e9s","Architecture &amp; Conception","zz_5fa\u00e7ades","zz_Actualit\u00e9s - 5fa\u00e7ades","zz_Actualit\u00e9s - Plan\u00e8te","zz_Plan\u00e8te B\u00e2timent"],"inLanguage":"fr-FR"},{"@type":"WebPage","@id":"https:\/\/batijournal.com\/index.php\/velux-presente-un-concept-dhabitat-bioclimatique-living-places\/109154\/","url":"https:\/\/batijournal.com\/index.php\/velux-presente-un-concept-dhabitat-bioclimatique-living-places\/109154\/","name":"Velux pr\u00e9sente un concept d'habitat bioclimatique : \u00ab Living Places \u00bb","isPartOf":{"@id":"https:\/\/batijournal.com\/#website"},"primaryImageOfPage":{"@id":"https:\/\/batijournal.com\/index.php\/velux-presente-un-concept-dhabitat-bioclimatique-living-places\/109154\/#primaryimage"},"image":{"@id":"https:\/\/batijournal.com\/index.php\/velux-presente-un-concept-dhabitat-bioclimatique-living-places\/109154\/#primaryimage"},"thumbnailUrl":"https:\/\/batijournal.com\/wp-content\/uploads\/2023\/09\/Living-Places-velux.png","datePublished":"2023-09-04T13:52:10+00:00","author":{"@id":"https:\/\/batijournal.com\/#\/schema\/person\/1dc96ec6957aa1ccb25ebe78bb19f100"},"breadcrumb":{"@id":"https:\/\/batijournal.com\/index.php\/velux-presente-un-concept-dhabitat-bioclimatique-living-places\/109154\/#breadcrumb"},"inLanguage":"fr-FR","potentialAction":[{"@type":"ReadAction","target":["https:\/\/batijournal.com\/index.php\/velux-presente-un-concept-dhabitat-bioclimatique-living-places\/109154\/"]}]},{"@type":"ImageObject","inLanguage":"fr-FR","@id":"https:\/\/batijournal.com\/index.php\/velux-presente-un-concept-dhabitat-bioclimatique-living-places\/109154\/#primaryimage","url":"https:\/\/batijournal.com\/wp-content\/uploads\/2023\/09\/Living-Places-velux.png","contentUrl":"https:\/\/batijournal.com\/wp-content\/uploads\/2023\/09\/Living-Places-velux.png","width":668,"height":240},{"@type":"BreadcrumbList","@id":"https:\/\/batijournal.com\/index.php\/velux-presente-un-concept-dhabitat-bioclimatique-living-places\/109154\/#breadcrumb","itemListElement":[{"@type":"ListItem","position":1,"name":"Accueil","item":"https:\/\/batijournal.com\/"},{"@type":"ListItem","position":2,"name":"Actualit\u00e9s","item":"https:\/\/batijournal.com\/index.php\/category\/actualites\/"},{"@type":"ListItem","position":3,"name":"Velux pr\u00e9sente un concept d&rsquo;habitat bioclimatique : \u00ab Living Places \u00bb"}]},{"@type":"WebSite","@id":"https:\/\/batijournal.com\/#website","url":"https:\/\/batijournal.com\/","name":"Batijournal","description":"L&#039;actualit\u00e9 du b\u00e2timent","potentialAction":[{"@type":"SearchAction","target":{"@type":"EntryPoint","urlTemplate":"https:\/\/batijournal.com\/?s={search_term_string}"},"query-input":{"@type":"PropertyValueSpecification","valueRequired":true,"valueName":"search_term_string"}}],"inLanguage":"fr-FR"},{"@type":"Person","@id":"https:\/\/batijournal.com\/#\/schema\/person\/1dc96ec6957aa1ccb25ebe78bb19f100","name":"St\u00e9phane Miget","image":{"@type":"ImageObject","inLanguage":"fr-FR","@id":"https:\/\/secure.gravatar.com\/avatar\/89915563d925342126b8ef0281b93d9d7fc337043e8df017f780908eb9644451?s=96&d=mm&r=g","url":"https:\/\/secure.gravatar.com\/avatar\/89915563d925342126b8ef0281b93d9d7fc337043e8df017f780908eb9644451?s=96&d=mm&r=g","contentUrl":"https:\/\/secure.gravatar.com\/avatar\/89915563d925342126b8ef0281b93d9d7fc337043e8df017f780908eb9644451?s=96&d=mm&r=g","caption":"St\u00e9phane Miget"},"url":"https:\/\/batijournal.com\/index.php\/author\/stephane\/"}]}},"_links":{"self":[{"href":"https:\/\/batijournal.com\/index.php\/wp-json\/wp\/v2\/posts\/109154","targetHints":{"allow":["GET"]}}],"collection":[{"href":"https:\/\/batijournal.com\/index.php\/wp-json\/wp\/v2\/posts"}],"about":[{"href":"https:\/\/batijournal.com\/index.php\/wp-json\/wp\/v2\/types\/post"}],"author":[{"embeddable":true,"href":"https:\/\/batijournal.com\/index.php\/wp-json\/wp\/v2\/users\/17"}],"replies":[{"embeddable":true,"href":"https:\/\/batijournal.com\/index.php\/wp-json\/wp\/v2\/comments?post=109154"}],"version-history":[{"count":0,"href":"https:\/\/batijournal.com\/index.php\/wp-json\/wp\/v2\/posts\/109154\/revisions"}],"wp:featuredmedia":[{"embeddable":true,"href":"https:\/\/batijournal.com\/index.php\/wp-json\/wp\/v2\/media\/109155"}],"wp:attachment":[{"href":"https:\/\/batijournal.com\/index.php\/wp-json\/wp\/v2\/media?parent=109154"}],"wp:term":[{"taxonomy":"category","embeddable":true,"href":"https:\/\/batijournal.com\/index.php\/wp-json\/wp\/v2\/categories?post=109154"},{"taxonomy":"post_tag","embeddable":true,"href":"https:\/\/batijournal.com\/index.php\/wp-json\/wp\/v2\/tags?post=109154"}],"curies":[{"name":"wp","href":"https:\/\/api.w.org\/{rel}","templated":true}]}}