{"id":109164,"date":"2023-09-05T13:47:15","date_gmt":"2023-09-05T11:47:15","guid":{"rendered":"https:\/\/batijournal.com\/?p=109164"},"modified":"2023-09-05T13:47:15","modified_gmt":"2023-09-05T11:47:15","slug":"emmanuel-macron-promet-la-renovation-energetique-de-44-000-ecoles","status":"publish","type":"post","link":"https:\/\/batijournal.com\/index.php\/emmanuel-macron-promet-la-renovation-energetique-de-44-000-ecoles\/109164\/","title":{"rendered":"Emmanuel Macron promet la r\u00e9novation \u00e9nerg\u00e9tique de 44 000 \u00e9coles"},"content":{"rendered":"<p>Lors de sa visite dans le coll\u00e8ge Argote d&rsquo;Orthez dans les Pyr\u00e9n\u00e9es-Atlantiques, mardi 5 septembre 2023, le Pr\u00e9sident de la R\u00e9publique Emmanuel Macron a annonc\u00e9 un chantier de \u00ab\u00a0r\u00e9novation du b\u00e2ti scolaire\u00a0\u00bb. \u00ab\u00a0Notre objectif, c&rsquo;est dans les 10 ans, de pouvoir ainsi r\u00e9nover 44 000 \u00e9coles\u00a0\u00bb, sur les 48 000 que compte la France, a d\u00e9clar\u00e9 le pr\u00e9sident. Environ 500 millions d&rsquo;euros seront d\u00e9bloqu\u00e9s en 2024 du fonds vert pour la r\u00e9novation \u00e9nerg\u00e9tique des \u00e9coles. Emmanuel Macron s&rsquo;est engag\u00e9 \u00e0 \u00ab\u00a0accompagner les communes, les d\u00e9partements, les r\u00e9gions\u00a0\u00bb dans ce chantier de r\u00e9novation des \u00e9tablissements scolaires.<\/p>\n<p>Source : France Info<\/p>\n","protected":false},"excerpt":{"rendered":"<p>Lors de sa visite dans le coll\u00e8ge Argote d&rsquo;Orthez dans les Pyr\u00e9n\u00e9es-Atlantiques, mardi 5 septembre 2023, le Pr\u00e9sident de la R\u00e9publique Emmanuel Macron a annonc\u00e9 un chantier de \u00ab\u00a0r\u00e9novation du b\u00e2ti scolaire\u00a0\u00bb. \u00ab\u00a0Notre objectif, c&rsquo;est dans les 10 ans, de pouvoir ainsi r\u00e9nover 44 000 \u00e9coles\u00a0\u00bb, sur les 48 000 que compte la France, a [&hellip;]<\/p>\n","protected":false},"author":17,"featured_media":86486,"comment_status":"closed","ping_status":"closed","sticky":false,"template":"","format":"standard","meta":{"_et_pb_use_builder":"","_et_pb_old_content":"","_et_gb_content_width":"","footnotes":""},"categories":[10736,10530,6351,10781,10778],"tags":[2880,1683],"class_list":["post-109164","post","type-post","status-publish","format-standard","has-post-thumbnail","hentry","category-a-la-une","category-actualites","category-energie-environnement","category-publications-planete","category-planete","tag-ecole","tag-renovation-energetique"],"yoast_head":"<!-- This site is optimized with the Yoast SEO plugin v27.4 - https:\/\/yoast.com\/product\/yoast-seo-wordpress\/ -->\n<title>Emmanuel Macron promet la r\u00e9novation \u00e9nerg\u00e9tique de 44 000 \u00e9coles<\/title>\n<meta name=\"robots\" content=\"index, follow, max-snippet:-1, max-image-preview:large, max-video-preview:-1\" \/>\n<link rel=\"canonical\" href=\"https:\/\/batijournal.com\/index.php\/emmanuel-macron-promet-la-renovation-energetique-de-44-000-ecoles\/109164\/\" \/>\n<meta property=\"og:locale\" content=\"fr_FR\" \/>\n<meta property=\"og:type\" content=\"article\" \/>\n<meta property=\"og:title\" content=\"Emmanuel Macron promet la r\u00e9novation \u00e9nerg\u00e9tique de 44 000 \u00e9coles\" \/>\n<meta property=\"og:description\" content=\"Lors de sa visite dans le coll\u00e8ge Argote d&rsquo;Orthez dans les Pyr\u00e9n\u00e9es-Atlantiques, mardi 5 septembre 2023, le Pr\u00e9sident de la R\u00e9publique Emmanuel Macron a annonc\u00e9 un chantier de \u00ab\u00a0r\u00e9novation du b\u00e2ti scolaire\u00a0\u00bb. \u00ab\u00a0Notre objectif, c&rsquo;est dans les 10 ans, de pouvoir ainsi r\u00e9nover 44 000 \u00e9coles\u00a0\u00bb, sur les 48 000 que compte la France, a [&hellip;]\" \/>\n<meta property=\"og:url\" content=\"https:\/\/batijournal.com\/index.php\/emmanuel-macron-promet-la-renovation-energetique-de-44-000-ecoles\/109164\/\" \/>\n<meta property=\"og:site_name\" content=\"Batijournal\" \/>\n<meta property=\"article:published_time\" content=\"2023-09-05T11:47:15+00:00\" \/>\n<meta property=\"og:image\" content=\"https:\/\/batijournal.com\/wp-content\/uploads\/2015\/03\/54972743.jpg\" \/>\n\t<meta property=\"og:image:width\" content=\"600\" \/>\n\t<meta property=\"og:image:height\" content=\"450\" \/>\n\t<meta property=\"og:image:type\" content=\"image\/jpeg\" \/>\n<meta name=\"author\" content=\"St\u00e9phane Miget\" \/>\n<meta name=\"twitter:card\" content=\"summary_large_image\" \/>\n<meta name=\"twitter:creator\" content=\"@bati_journal\" \/>\n<meta name=\"twitter:site\" content=\"@bati_journal\" \/>\n<meta name=\"twitter:label1\" content=\"\u00c9crit par\" \/>\n\t<meta name=\"twitter:data1\" content=\"St\u00e9phane Miget\" \/>\n\t<meta name=\"twitter:label2\" content=\"Dur\u00e9e de lecture estim\u00e9e\" \/>\n\t<meta name=\"twitter:data2\" content=\"1 minute\" \/>\n<script type=\"application\/ld+json\" class=\"yoast-schema-graph\">{\"@context\":\"https:\\\/\\\/schema.org\",\"@graph\":[{\"@type\":\"Article\",\"@id\":\"https:\\\/\\\/batijournal.com\\\/index.php\\\/emmanuel-macron-promet-la-renovation-energetique-de-44-000-ecoles\\\/109164\\\/#article\",\"isPartOf\":{\"@id\":\"https:\\\/\\\/batijournal.com\\\/index.php\\\/emmanuel-macron-promet-la-renovation-energetique-de-44-000-ecoles\\\/109164\\\/\"},\"author\":{\"name\":\"St\u00e9phane Miget\",\"@id\":\"https:\\\/\\\/batijournal.com\\\/#\\\/schema\\\/person\\\/1dc96ec6957aa1ccb25ebe78bb19f100\"},\"headline\":\"Emmanuel Macron promet la r\u00e9novation \u00e9nerg\u00e9tique de 44 000 \u00e9coles\",\"datePublished\":\"2023-09-05T11:47:15+00:00\",\"mainEntityOfPage\":{\"@id\":\"https:\\\/\\\/batijournal.com\\\/index.php\\\/emmanuel-macron-promet-la-renovation-energetique-de-44-000-ecoles\\\/109164\\\/\"},\"wordCount\":119,\"image\":{\"@id\":\"https:\\\/\\\/batijournal.com\\\/index.php\\\/emmanuel-macron-promet-la-renovation-energetique-de-44-000-ecoles\\\/109164\\\/#primaryimage\"},\"thumbnailUrl\":\"https:\\\/\\\/batijournal.com\\\/wp-content\\\/uploads\\\/2015\\\/03\\\/54972743.jpg\",\"keywords\":[\"\u00e9cole\",\"renovation energetique\"],\"articleSection\":[\"A la Une\",\"Actualit\u00e9s\",\"\u00c9nergie &amp; Environnement\",\"zz_Actualit\u00e9s - Plan\u00e8te\",\"zz_Plan\u00e8te B\u00e2timent\"],\"inLanguage\":\"fr-FR\"},{\"@type\":\"WebPage\",\"@id\":\"https:\\\/\\\/batijournal.com\\\/index.php\\\/emmanuel-macron-promet-la-renovation-energetique-de-44-000-ecoles\\\/109164\\\/\",\"url\":\"https:\\\/\\\/batijournal.com\\\/index.php\\\/emmanuel-macron-promet-la-renovation-energetique-de-44-000-ecoles\\\/109164\\\/\",\"name\":\"Emmanuel Macron promet la r\u00e9novation \u00e9nerg\u00e9tique de 44 000 \u00e9coles\",\"isPartOf\":{\"@id\":\"https:\\\/\\\/batijournal.com\\\/#website\"},\"primaryImageOfPage\":{\"@id\":\"https:\\\/\\\/batijournal.com\\\/index.php\\\/emmanuel-macron-promet-la-renovation-energetique-de-44-000-ecoles\\\/109164\\\/#primaryimage\"},\"image\":{\"@id\":\"https:\\\/\\\/batijournal.com\\\/index.php\\\/emmanuel-macron-promet-la-renovation-energetique-de-44-000-ecoles\\\/109164\\\/#primaryimage\"},\"thumbnailUrl\":\"https:\\\/\\\/batijournal.com\\\/wp-content\\\/uploads\\\/2015\\\/03\\\/54972743.jpg\",\"datePublished\":\"2023-09-05T11:47:15+00:00\",\"author\":{\"@id\":\"https:\\\/\\\/batijournal.com\\\/#\\\/schema\\\/person\\\/1dc96ec6957aa1ccb25ebe78bb19f100\"},\"breadcrumb\":{\"@id\":\"https:\\\/\\\/batijournal.com\\\/index.php\\\/emmanuel-macron-promet-la-renovation-energetique-de-44-000-ecoles\\\/109164\\\/#breadcrumb\"},\"inLanguage\":\"fr-FR\",\"potentialAction\":[{\"@type\":\"ReadAction\",\"target\":[\"https:\\\/\\\/batijournal.com\\\/index.php\\\/emmanuel-macron-promet-la-renovation-energetique-de-44-000-ecoles\\\/109164\\\/\"]}]},{\"@type\":\"ImageObject\",\"inLanguage\":\"fr-FR\",\"@id\":\"https:\\\/\\\/batijournal.com\\\/index.php\\\/emmanuel-macron-promet-la-renovation-energetique-de-44-000-ecoles\\\/109164\\\/#primaryimage\",\"url\":\"https:\\\/\\\/batijournal.com\\\/wp-content\\\/uploads\\\/2015\\\/03\\\/54972743.jpg\",\"contentUrl\":\"https:\\\/\\\/batijournal.com\\\/wp-content\\\/uploads\\\/2015\\\/03\\\/54972743.jpg\",\"width\":600,\"height\":450,\"caption\":\"negawatt-plan-de-renovation-energetique\"},{\"@type\":\"BreadcrumbList\",\"@id\":\"https:\\\/\\\/batijournal.com\\\/index.php\\\/emmanuel-macron-promet-la-renovation-energetique-de-44-000-ecoles\\\/109164\\\/#breadcrumb\",\"itemListElement\":[{\"@type\":\"ListItem\",\"position\":1,\"name\":\"Accueil\",\"item\":\"https:\\\/\\\/batijournal.com\\\/\"},{\"@type\":\"ListItem\",\"position\":2,\"name\":\"Actualit\u00e9s\",\"item\":\"https:\\\/\\\/batijournal.com\\\/index.php\\\/category\\\/actualites\\\/\"},{\"@type\":\"ListItem\",\"position\":3,\"name\":\"Emmanuel Macron promet la r\u00e9novation \u00e9nerg\u00e9tique de 44 000 \u00e9coles\"}]},{\"@type\":\"WebSite\",\"@id\":\"https:\\\/\\\/batijournal.com\\\/#website\",\"url\":\"https:\\\/\\\/batijournal.com\\\/\",\"name\":\"Batijournal\",\"description\":\"L&#039;actualit\u00e9 du b\u00e2timent\",\"potentialAction\":[{\"@type\":\"SearchAction\",\"target\":{\"@type\":\"EntryPoint\",\"urlTemplate\":\"https:\\\/\\\/batijournal.com\\\/?s={search_term_string}\"},\"query-input\":{\"@type\":\"PropertyValueSpecification\",\"valueRequired\":true,\"valueName\":\"search_term_string\"}}],\"inLanguage\":\"fr-FR\"},{\"@type\":\"Person\",\"@id\":\"https:\\\/\\\/batijournal.com\\\/#\\\/schema\\\/person\\\/1dc96ec6957aa1ccb25ebe78bb19f100\",\"name\":\"St\u00e9phane Miget\",\"image\":{\"@type\":\"ImageObject\",\"inLanguage\":\"fr-FR\",\"@id\":\"https:\\\/\\\/secure.gravatar.com\\\/avatar\\\/89915563d925342126b8ef0281b93d9d7fc337043e8df017f780908eb9644451?s=96&d=mm&r=g\",\"url\":\"https:\\\/\\\/secure.gravatar.com\\\/avatar\\\/89915563d925342126b8ef0281b93d9d7fc337043e8df017f780908eb9644451?s=96&d=mm&r=g\",\"contentUrl\":\"https:\\\/\\\/secure.gravatar.com\\\/avatar\\\/89915563d925342126b8ef0281b93d9d7fc337043e8df017f780908eb9644451?s=96&d=mm&r=g\",\"caption\":\"St\u00e9phane Miget\"},\"url\":\"https:\\\/\\\/batijournal.com\\\/index.php\\\/author\\\/stephane\\\/\"}]}<\/script>\n<!-- \/ Yoast SEO plugin. -->","yoast_head_json":{"title":"Emmanuel Macron promet la r\u00e9novation \u00e9nerg\u00e9tique de 44 000 \u00e9coles","robots":{"index":"index","follow":"follow","max-snippet":"max-snippet:-1","max-image-preview":"max-image-preview:large","max-video-preview":"max-video-preview:-1"},"canonical":"https:\/\/batijournal.com\/index.php\/emmanuel-macron-promet-la-renovation-energetique-de-44-000-ecoles\/109164\/","og_locale":"fr_FR","og_type":"article","og_title":"Emmanuel Macron promet la r\u00e9novation \u00e9nerg\u00e9tique de 44 000 \u00e9coles","og_description":"Lors de sa visite dans le coll\u00e8ge Argote d&rsquo;Orthez dans les Pyr\u00e9n\u00e9es-Atlantiques, mardi 5 septembre 2023, le Pr\u00e9sident de la R\u00e9publique Emmanuel Macron a annonc\u00e9 un chantier de \u00ab\u00a0r\u00e9novation du b\u00e2ti scolaire\u00a0\u00bb. \u00ab\u00a0Notre objectif, c&rsquo;est dans les 10 ans, de pouvoir ainsi r\u00e9nover 44 000 \u00e9coles\u00a0\u00bb, sur les 48 000 que compte la France, a [&hellip;]","og_url":"https:\/\/batijournal.com\/index.php\/emmanuel-macron-promet-la-renovation-energetique-de-44-000-ecoles\/109164\/","og_site_name":"Batijournal","article_published_time":"2023-09-05T11:47:15+00:00","og_image":[{"width":600,"height":450,"url":"https:\/\/batijournal.com\/wp-content\/uploads\/2015\/03\/54972743.jpg","type":"image\/jpeg"}],"author":"St\u00e9phane Miget","twitter_card":"summary_large_image","twitter_creator":"@bati_journal","twitter_site":"@bati_journal","twitter_misc":{"\u00c9crit par":"St\u00e9phane Miget","Dur\u00e9e de lecture estim\u00e9e":"1 minute"},"schema":{"@context":"https:\/\/schema.org","@graph":[{"@type":"Article","@id":"https:\/\/batijournal.com\/index.php\/emmanuel-macron-promet-la-renovation-energetique-de-44-000-ecoles\/109164\/#article","isPartOf":{"@id":"https:\/\/batijournal.com\/index.php\/emmanuel-macron-promet-la-renovation-energetique-de-44-000-ecoles\/109164\/"},"author":{"name":"St\u00e9phane Miget","@id":"https:\/\/batijournal.com\/#\/schema\/person\/1dc96ec6957aa1ccb25ebe78bb19f100"},"headline":"Emmanuel Macron promet la r\u00e9novation \u00e9nerg\u00e9tique de 44 000 \u00e9coles","datePublished":"2023-09-05T11:47:15+00:00","mainEntityOfPage":{"@id":"https:\/\/batijournal.com\/index.php\/emmanuel-macron-promet-la-renovation-energetique-de-44-000-ecoles\/109164\/"},"wordCount":119,"image":{"@id":"https:\/\/batijournal.com\/index.php\/emmanuel-macron-promet-la-renovation-energetique-de-44-000-ecoles\/109164\/#primaryimage"},"thumbnailUrl":"https:\/\/batijournal.com\/wp-content\/uploads\/2015\/03\/54972743.jpg","keywords":["\u00e9cole","renovation energetique"],"articleSection":["A la Une","Actualit\u00e9s","\u00c9nergie &amp; Environnement","zz_Actualit\u00e9s - Plan\u00e8te","zz_Plan\u00e8te B\u00e2timent"],"inLanguage":"fr-FR"},{"@type":"WebPage","@id":"https:\/\/batijournal.com\/index.php\/emmanuel-macron-promet-la-renovation-energetique-de-44-000-ecoles\/109164\/","url":"https:\/\/batijournal.com\/index.php\/emmanuel-macron-promet-la-renovation-energetique-de-44-000-ecoles\/109164\/","name":"Emmanuel Macron promet la r\u00e9novation \u00e9nerg\u00e9tique de 44 000 \u00e9coles","isPartOf":{"@id":"https:\/\/batijournal.com\/#website"},"primaryImageOfPage":{"@id":"https:\/\/batijournal.com\/index.php\/emmanuel-macron-promet-la-renovation-energetique-de-44-000-ecoles\/109164\/#primaryimage"},"image":{"@id":"https:\/\/batijournal.com\/index.php\/emmanuel-macron-promet-la-renovation-energetique-de-44-000-ecoles\/109164\/#primaryimage"},"thumbnailUrl":"https:\/\/batijournal.com\/wp-content\/uploads\/2015\/03\/54972743.jpg","datePublished":"2023-09-05T11:47:15+00:00","author":{"@id":"https:\/\/batijournal.com\/#\/schema\/person\/1dc96ec6957aa1ccb25ebe78bb19f100"},"breadcrumb":{"@id":"https:\/\/batijournal.com\/index.php\/emmanuel-macron-promet-la-renovation-energetique-de-44-000-ecoles\/109164\/#breadcrumb"},"inLanguage":"fr-FR","potentialAction":[{"@type":"ReadAction","target":["https:\/\/batijournal.com\/index.php\/emmanuel-macron-promet-la-renovation-energetique-de-44-000-ecoles\/109164\/"]}]},{"@type":"ImageObject","inLanguage":"fr-FR","@id":"https:\/\/batijournal.com\/index.php\/emmanuel-macron-promet-la-renovation-energetique-de-44-000-ecoles\/109164\/#primaryimage","url":"https:\/\/batijournal.com\/wp-content\/uploads\/2015\/03\/54972743.jpg","contentUrl":"https:\/\/batijournal.com\/wp-content\/uploads\/2015\/03\/54972743.jpg","width":600,"height":450,"caption":"negawatt-plan-de-renovation-energetique"},{"@type":"BreadcrumbList","@id":"https:\/\/batijournal.com\/index.php\/emmanuel-macron-promet-la-renovation-energetique-de-44-000-ecoles\/109164\/#breadcrumb","itemListElement":[{"@type":"ListItem","position":1,"name":"Accueil","item":"https:\/\/batijournal.com\/"},{"@type":"ListItem","position":2,"name":"Actualit\u00e9s","item":"https:\/\/batijournal.com\/index.php\/category\/actualites\/"},{"@type":"ListItem","position":3,"name":"Emmanuel Macron promet la r\u00e9novation \u00e9nerg\u00e9tique de 44 000 \u00e9coles"}]},{"@type":"WebSite","@id":"https:\/\/batijournal.com\/#website","url":"https:\/\/batijournal.com\/","name":"Batijournal","description":"L&#039;actualit\u00e9 du b\u00e2timent","potentialAction":[{"@type":"SearchAction","target":{"@type":"EntryPoint","urlTemplate":"https:\/\/batijournal.com\/?s={search_term_string}"},"query-input":{"@type":"PropertyValueSpecification","valueRequired":true,"valueName":"search_term_string"}}],"inLanguage":"fr-FR"},{"@type":"Person","@id":"https:\/\/batijournal.com\/#\/schema\/person\/1dc96ec6957aa1ccb25ebe78bb19f100","name":"St\u00e9phane Miget","image":{"@type":"ImageObject","inLanguage":"fr-FR","@id":"https:\/\/secure.gravatar.com\/avatar\/89915563d925342126b8ef0281b93d9d7fc337043e8df017f780908eb9644451?s=96&d=mm&r=g","url":"https:\/\/secure.gravatar.com\/avatar\/89915563d925342126b8ef0281b93d9d7fc337043e8df017f780908eb9644451?s=96&d=mm&r=g","contentUrl":"https:\/\/secure.gravatar.com\/avatar\/89915563d925342126b8ef0281b93d9d7fc337043e8df017f780908eb9644451?s=96&d=mm&r=g","caption":"St\u00e9phane Miget"},"url":"https:\/\/batijournal.com\/index.php\/author\/stephane\/"}]}},"_links":{"self":[{"href":"https:\/\/batijournal.com\/index.php\/wp-json\/wp\/v2\/posts\/109164","targetHints":{"allow":["GET"]}}],"collection":[{"href":"https:\/\/batijournal.com\/index.php\/wp-json\/wp\/v2\/posts"}],"about":[{"href":"https:\/\/batijournal.com\/index.php\/wp-json\/wp\/v2\/types\/post"}],"author":[{"embeddable":true,"href":"https:\/\/batijournal.com\/index.php\/wp-json\/wp\/v2\/users\/17"}],"replies":[{"embeddable":true,"href":"https:\/\/batijournal.com\/index.php\/wp-json\/wp\/v2\/comments?post=109164"}],"version-history":[{"count":0,"href":"https:\/\/batijournal.com\/index.php\/wp-json\/wp\/v2\/posts\/109164\/revisions"}],"wp:featuredmedia":[{"embeddable":true,"href":"https:\/\/batijournal.com\/index.php\/wp-json\/wp\/v2\/media\/86486"}],"wp:attachment":[{"href":"https:\/\/batijournal.com\/index.php\/wp-json\/wp\/v2\/media?parent=109164"}],"wp:term":[{"taxonomy":"category","embeddable":true,"href":"https:\/\/batijournal.com\/index.php\/wp-json\/wp\/v2\/categories?post=109164"},{"taxonomy":"post_tag","embeddable":true,"href":"https:\/\/batijournal.com\/index.php\/wp-json\/wp\/v2\/tags?post=109164"}],"curies":[{"name":"wp","href":"https:\/\/api.w.org\/{rel}","templated":true}]}}