{"id":109168,"date":"2023-09-07T10:03:05","date_gmt":"2023-09-07T08:03:05","guid":{"rendered":"https:\/\/batijournal.com\/?p=109168"},"modified":"2023-09-07T10:03:05","modified_gmt":"2023-09-07T08:03:05","slug":"maud-caubet-architectes-signe-la-restructuration-dun-ancien-hospice-a-levallois-perret","status":"publish","type":"post","link":"https:\/\/batijournal.com\/index.php\/maud-caubet-architectes-signe-la-restructuration-dun-ancien-hospice-a-levallois-perret\/109168\/","title":{"rendered":"Maud Caubet Architectes signe la restructuration d\u2019un ancien Hospice \u00e0 Levallois-Perret"},"content":{"rendered":"<p>L&rsquo;ancien Hospice \u00e0 Levallois-Perret connait une compl\u00e8te restructuration sign\u00e9e Maud Caubet Architectes afin de lui permettre de r\u00e9pondre aux exigences thermiques et d\u2019accessibilit\u00e9s, mais \u00e9galement de s\u2019adapter aux nouveaux usages urbains. Sa majestueuse fa\u00e7ade retrouvera son \u00e9clat d\u2019antan et les espaces ext\u00e9rieurs feront place \u00e0 une v\u00e9g\u00e9tation g\u00e9n\u00e9reuse. Le travail de conception s\u2019inscrit dans une d\u00e9marche urbaine globale, demand\u00e9e lors du processus de s\u00e9lection de l\u2019architecte pour ce projet. Celle-ci propose dans une seconde phase, la restructuration du site complet \u00e0 l\u2019\u00e9chelle de l\u2019\u00eelot. Un grand jardin central et la restructuration des \u00e9difices am\u00e9lioreront la porosit\u00e9 de cette grande parcelle urbaine dans son quartier. Orient\u00e9e ouest, la fa\u00e7ade principale du b\u00e2timent s\u2019\u00e9l\u00e8ve vers le ciel gr\u00e2ce \u00e0 une partie centrale orn\u00e9e de deux pilastres supportant un fronton triangulaire dans lequel est grav\u00e9 \u00ab Hertford British Hospital \u00bb. Tout comme les fa\u00e7ades nord et sud, cette derni\u00e8re est compos\u00e9e d&rsquo;un cha\u00eenage en pierre de taille et d&rsquo;un remplissage en brique semblable \u00e0 l&rsquo;\u00e9difice historique de 1879. Ces fa\u00e7ades seront fid\u00e8lement restaur\u00e9es afin de permettre au ch\u00e2teau de renouer avec son histoire. Les ch\u00e2ssis des menuiseries seront remplac\u00e9s par des menuiseries plus esth\u00e9tiques et performantes en termes d&rsquo;acoustique, d&rsquo;\u00e9nergie, de lumi\u00e8re et d&rsquo;\u00e9tanch\u00e9it\u00e9 \u00e0 l&rsquo;air. Un travail de pr\u00e9cision a \u00e9t\u00e9 men\u00e9 pour revenir aux dessins des fen\u00eatres historiques, dans le respect de la forme g\u00e9n\u00e9rale, des espacements des petits bois, etc. Il en sera de m\u00eame pour la grande porte d\u2019entr\u00e9e, r\u00e9nov\u00e9e en bois naturel. Les fen\u00eatres polylob\u00e9es en forme de fleur couronnant les baies jumel\u00e9es seront conserv\u00e9es en l\u2019\u00e9tat et doubl\u00e9es par un ch\u00e2ssis fixe c\u00f4t\u00e9 int\u00e9rieur, invisible depuis l\u2019ext\u00e9rieur. Afin de redonner la noblesse originelle des fa\u00e7ades, Maud Caubet a choisi des mat\u00e9riaux et des couleurs d&rsquo;origine comme le bois clair de teinte pierre et le m\u00e9tal de couleur noire. La fa\u00e7ade principale est pourvue de deux terrasses au R+1 et une centrale au R+2 dont le rev\u00eatement actuel en dalle de b\u00e9ton sera r\u00e9nov\u00e9 en platelage bois.<\/p>\n<p>Visuel : Etat projet\u00e9 &#8211; Maud Caubet Architectes<\/p>\n<p>&nbsp;<\/p>\n","protected":false},"excerpt":{"rendered":"<p>L&rsquo;ancien Hospice \u00e0 Levallois-Perret connait une compl\u00e8te restructuration sign\u00e9e Maud Caubet Architectes afin de lui permettre de r\u00e9pondre aux exigences thermiques et d\u2019accessibilit\u00e9s, mais \u00e9galement de s\u2019adapter aux nouveaux usages urbains. Sa majestueuse fa\u00e7ade retrouvera son \u00e9clat d\u2019antan et les espaces ext\u00e9rieurs feront place \u00e0 une v\u00e9g\u00e9tation g\u00e9n\u00e9reuse. Le travail de conception s\u2019inscrit dans une [&hellip;]<\/p>\n","protected":false},"author":17,"featured_media":109170,"comment_status":"closed","ping_status":"closed","sticky":false,"template":"","format":"standard","meta":{"_et_pb_use_builder":"","_et_pb_old_content":"","_et_gb_content_width":"","footnotes":""},"categories":[10530,6340,10771,10775,10789,10785],"tags":[871,1308],"class_list":["post-109168","post","type-post","status-publish","format-standard","has-post-thumbnail","hentry","category-actualites","category-architecture-conception","category-5facades","category-actualites-5facades","category-publications-atrium","category-atrium","tag-renovation-thermique","tag-restauration"],"yoast_head":"<!-- This site is optimized with the Yoast SEO plugin v27.4 - https:\/\/yoast.com\/product\/yoast-seo-wordpress\/ -->\n<title>Maud Caubet Architectes signe la restructuration d\u2019un ancien Hospice \u00e0 Levallois-Perret<\/title>\n<meta name=\"robots\" content=\"index, follow, max-snippet:-1, max-image-preview:large, max-video-preview:-1\" \/>\n<link rel=\"canonical\" href=\"https:\/\/batijournal.com\/index.php\/maud-caubet-architectes-signe-la-restructuration-dun-ancien-hospice-a-levallois-perret\/109168\/\" \/>\n<meta property=\"og:locale\" content=\"fr_FR\" \/>\n<meta property=\"og:type\" content=\"article\" \/>\n<meta property=\"og:title\" content=\"Maud Caubet Architectes signe la restructuration d\u2019un ancien Hospice \u00e0 Levallois-Perret\" \/>\n<meta property=\"og:description\" content=\"L&rsquo;ancien Hospice \u00e0 Levallois-Perret connait une compl\u00e8te restructuration sign\u00e9e Maud Caubet Architectes afin de lui permettre de r\u00e9pondre aux exigences thermiques et d\u2019accessibilit\u00e9s, mais \u00e9galement de s\u2019adapter aux nouveaux usages urbains. Sa majestueuse fa\u00e7ade retrouvera son \u00e9clat d\u2019antan et les espaces ext\u00e9rieurs feront place \u00e0 une v\u00e9g\u00e9tation g\u00e9n\u00e9reuse. Le travail de conception s\u2019inscrit dans une [&hellip;]\" \/>\n<meta property=\"og:url\" content=\"https:\/\/batijournal.com\/index.php\/maud-caubet-architectes-signe-la-restructuration-dun-ancien-hospice-a-levallois-perret\/109168\/\" \/>\n<meta property=\"og:site_name\" content=\"Batijournal\" \/>\n<meta property=\"article:published_time\" content=\"2023-09-07T08:03:05+00:00\" \/>\n<meta property=\"og:image\" content=\"https:\/\/batijournal.com\/wp-content\/uploads\/2023\/09\/ancien-Hospice-a-Levallois-Perret-etat-projete.jpg\" \/>\n\t<meta property=\"og:image:width\" content=\"1156\" \/>\n\t<meta property=\"og:image:height\" content=\"681\" \/>\n\t<meta property=\"og:image:type\" content=\"image\/jpeg\" \/>\n<meta name=\"author\" content=\"St\u00e9phane Miget\" \/>\n<meta name=\"twitter:card\" content=\"summary_large_image\" \/>\n<meta name=\"twitter:creator\" content=\"@bati_journal\" \/>\n<meta name=\"twitter:site\" content=\"@bati_journal\" \/>\n<meta name=\"twitter:label1\" content=\"\u00c9crit par\" \/>\n\t<meta name=\"twitter:data1\" content=\"St\u00e9phane Miget\" \/>\n\t<meta name=\"twitter:label2\" content=\"Dur\u00e9e de lecture estim\u00e9e\" \/>\n\t<meta name=\"twitter:data2\" content=\"2 minutes\" \/>\n<script type=\"application\/ld+json\" class=\"yoast-schema-graph\">{\"@context\":\"https:\\\/\\\/schema.org\",\"@graph\":[{\"@type\":\"Article\",\"@id\":\"https:\\\/\\\/batijournal.com\\\/index.php\\\/maud-caubet-architectes-signe-la-restructuration-dun-ancien-hospice-a-levallois-perret\\\/109168\\\/#article\",\"isPartOf\":{\"@id\":\"https:\\\/\\\/batijournal.com\\\/index.php\\\/maud-caubet-architectes-signe-la-restructuration-dun-ancien-hospice-a-levallois-perret\\\/109168\\\/\"},\"author\":{\"name\":\"St\u00e9phane Miget\",\"@id\":\"https:\\\/\\\/batijournal.com\\\/#\\\/schema\\\/person\\\/1dc96ec6957aa1ccb25ebe78bb19f100\"},\"headline\":\"Maud Caubet Architectes signe la restructuration d\u2019un ancien Hospice \u00e0 Levallois-Perret\",\"datePublished\":\"2023-09-07T08:03:05+00:00\",\"mainEntityOfPage\":{\"@id\":\"https:\\\/\\\/batijournal.com\\\/index.php\\\/maud-caubet-architectes-signe-la-restructuration-dun-ancien-hospice-a-levallois-perret\\\/109168\\\/\"},\"wordCount\":416,\"image\":{\"@id\":\"https:\\\/\\\/batijournal.com\\\/index.php\\\/maud-caubet-architectes-signe-la-restructuration-dun-ancien-hospice-a-levallois-perret\\\/109168\\\/#primaryimage\"},\"thumbnailUrl\":\"https:\\\/\\\/batijournal.com\\\/wp-content\\\/uploads\\\/2023\\\/09\\\/ancien-Hospice-a-Levallois-Perret-etat-projete.jpg\",\"keywords\":[\"r\u00e9novation thermique\",\"restauration\"],\"articleSection\":[\"Actualit\u00e9s\",\"Architecture &amp; Conception\",\"zz_5fa\u00e7ades\",\"zz_Actualit\u00e9s - 5fa\u00e7ades\",\"zz_Actualit\u00e9s - Atrium\",\"zz_Atrium Patrimoine\"],\"inLanguage\":\"fr-FR\"},{\"@type\":\"WebPage\",\"@id\":\"https:\\\/\\\/batijournal.com\\\/index.php\\\/maud-caubet-architectes-signe-la-restructuration-dun-ancien-hospice-a-levallois-perret\\\/109168\\\/\",\"url\":\"https:\\\/\\\/batijournal.com\\\/index.php\\\/maud-caubet-architectes-signe-la-restructuration-dun-ancien-hospice-a-levallois-perret\\\/109168\\\/\",\"name\":\"Maud Caubet Architectes signe la restructuration d\u2019un ancien Hospice \u00e0 Levallois-Perret\",\"isPartOf\":{\"@id\":\"https:\\\/\\\/batijournal.com\\\/#website\"},\"primaryImageOfPage\":{\"@id\":\"https:\\\/\\\/batijournal.com\\\/index.php\\\/maud-caubet-architectes-signe-la-restructuration-dun-ancien-hospice-a-levallois-perret\\\/109168\\\/#primaryimage\"},\"image\":{\"@id\":\"https:\\\/\\\/batijournal.com\\\/index.php\\\/maud-caubet-architectes-signe-la-restructuration-dun-ancien-hospice-a-levallois-perret\\\/109168\\\/#primaryimage\"},\"thumbnailUrl\":\"https:\\\/\\\/batijournal.com\\\/wp-content\\\/uploads\\\/2023\\\/09\\\/ancien-Hospice-a-Levallois-Perret-etat-projete.jpg\",\"datePublished\":\"2023-09-07T08:03:05+00:00\",\"author\":{\"@id\":\"https:\\\/\\\/batijournal.com\\\/#\\\/schema\\\/person\\\/1dc96ec6957aa1ccb25ebe78bb19f100\"},\"breadcrumb\":{\"@id\":\"https:\\\/\\\/batijournal.com\\\/index.php\\\/maud-caubet-architectes-signe-la-restructuration-dun-ancien-hospice-a-levallois-perret\\\/109168\\\/#breadcrumb\"},\"inLanguage\":\"fr-FR\",\"potentialAction\":[{\"@type\":\"ReadAction\",\"target\":[\"https:\\\/\\\/batijournal.com\\\/index.php\\\/maud-caubet-architectes-signe-la-restructuration-dun-ancien-hospice-a-levallois-perret\\\/109168\\\/\"]}]},{\"@type\":\"ImageObject\",\"inLanguage\":\"fr-FR\",\"@id\":\"https:\\\/\\\/batijournal.com\\\/index.php\\\/maud-caubet-architectes-signe-la-restructuration-dun-ancien-hospice-a-levallois-perret\\\/109168\\\/#primaryimage\",\"url\":\"https:\\\/\\\/batijournal.com\\\/wp-content\\\/uploads\\\/2023\\\/09\\\/ancien-Hospice-a-Levallois-Perret-etat-projete.jpg\",\"contentUrl\":\"https:\\\/\\\/batijournal.com\\\/wp-content\\\/uploads\\\/2023\\\/09\\\/ancien-Hospice-a-Levallois-Perret-etat-projete.jpg\",\"width\":1156,\"height\":681},{\"@type\":\"BreadcrumbList\",\"@id\":\"https:\\\/\\\/batijournal.com\\\/index.php\\\/maud-caubet-architectes-signe-la-restructuration-dun-ancien-hospice-a-levallois-perret\\\/109168\\\/#breadcrumb\",\"itemListElement\":[{\"@type\":\"ListItem\",\"position\":1,\"name\":\"Accueil\",\"item\":\"https:\\\/\\\/batijournal.com\\\/\"},{\"@type\":\"ListItem\",\"position\":2,\"name\":\"Actualit\u00e9s\",\"item\":\"https:\\\/\\\/batijournal.com\\\/index.php\\\/category\\\/actualites\\\/\"},{\"@type\":\"ListItem\",\"position\":3,\"name\":\"Maud Caubet Architectes signe la restructuration d\u2019un ancien Hospice \u00e0 Levallois-Perret\"}]},{\"@type\":\"WebSite\",\"@id\":\"https:\\\/\\\/batijournal.com\\\/#website\",\"url\":\"https:\\\/\\\/batijournal.com\\\/\",\"name\":\"Batijournal\",\"description\":\"L&#039;actualit\u00e9 du b\u00e2timent\",\"potentialAction\":[{\"@type\":\"SearchAction\",\"target\":{\"@type\":\"EntryPoint\",\"urlTemplate\":\"https:\\\/\\\/batijournal.com\\\/?s={search_term_string}\"},\"query-input\":{\"@type\":\"PropertyValueSpecification\",\"valueRequired\":true,\"valueName\":\"search_term_string\"}}],\"inLanguage\":\"fr-FR\"},{\"@type\":\"Person\",\"@id\":\"https:\\\/\\\/batijournal.com\\\/#\\\/schema\\\/person\\\/1dc96ec6957aa1ccb25ebe78bb19f100\",\"name\":\"St\u00e9phane Miget\",\"image\":{\"@type\":\"ImageObject\",\"inLanguage\":\"fr-FR\",\"@id\":\"https:\\\/\\\/secure.gravatar.com\\\/avatar\\\/89915563d925342126b8ef0281b93d9d7fc337043e8df017f780908eb9644451?s=96&d=mm&r=g\",\"url\":\"https:\\\/\\\/secure.gravatar.com\\\/avatar\\\/89915563d925342126b8ef0281b93d9d7fc337043e8df017f780908eb9644451?s=96&d=mm&r=g\",\"contentUrl\":\"https:\\\/\\\/secure.gravatar.com\\\/avatar\\\/89915563d925342126b8ef0281b93d9d7fc337043e8df017f780908eb9644451?s=96&d=mm&r=g\",\"caption\":\"St\u00e9phane Miget\"},\"url\":\"https:\\\/\\\/batijournal.com\\\/index.php\\\/author\\\/stephane\\\/\"}]}<\/script>\n<!-- \/ Yoast SEO plugin. -->","yoast_head_json":{"title":"Maud Caubet Architectes signe la restructuration d\u2019un ancien Hospice \u00e0 Levallois-Perret","robots":{"index":"index","follow":"follow","max-snippet":"max-snippet:-1","max-image-preview":"max-image-preview:large","max-video-preview":"max-video-preview:-1"},"canonical":"https:\/\/batijournal.com\/index.php\/maud-caubet-architectes-signe-la-restructuration-dun-ancien-hospice-a-levallois-perret\/109168\/","og_locale":"fr_FR","og_type":"article","og_title":"Maud Caubet Architectes signe la restructuration d\u2019un ancien Hospice \u00e0 Levallois-Perret","og_description":"L&rsquo;ancien Hospice \u00e0 Levallois-Perret connait une compl\u00e8te restructuration sign\u00e9e Maud Caubet Architectes afin de lui permettre de r\u00e9pondre aux exigences thermiques et d\u2019accessibilit\u00e9s, mais \u00e9galement de s\u2019adapter aux nouveaux usages urbains. Sa majestueuse fa\u00e7ade retrouvera son \u00e9clat d\u2019antan et les espaces ext\u00e9rieurs feront place \u00e0 une v\u00e9g\u00e9tation g\u00e9n\u00e9reuse. Le travail de conception s\u2019inscrit dans une [&hellip;]","og_url":"https:\/\/batijournal.com\/index.php\/maud-caubet-architectes-signe-la-restructuration-dun-ancien-hospice-a-levallois-perret\/109168\/","og_site_name":"Batijournal","article_published_time":"2023-09-07T08:03:05+00:00","og_image":[{"width":1156,"height":681,"url":"https:\/\/batijournal.com\/wp-content\/uploads\/2023\/09\/ancien-Hospice-a-Levallois-Perret-etat-projete.jpg","type":"image\/jpeg"}],"author":"St\u00e9phane Miget","twitter_card":"summary_large_image","twitter_creator":"@bati_journal","twitter_site":"@bati_journal","twitter_misc":{"\u00c9crit par":"St\u00e9phane Miget","Dur\u00e9e de lecture estim\u00e9e":"2 minutes"},"schema":{"@context":"https:\/\/schema.org","@graph":[{"@type":"Article","@id":"https:\/\/batijournal.com\/index.php\/maud-caubet-architectes-signe-la-restructuration-dun-ancien-hospice-a-levallois-perret\/109168\/#article","isPartOf":{"@id":"https:\/\/batijournal.com\/index.php\/maud-caubet-architectes-signe-la-restructuration-dun-ancien-hospice-a-levallois-perret\/109168\/"},"author":{"name":"St\u00e9phane Miget","@id":"https:\/\/batijournal.com\/#\/schema\/person\/1dc96ec6957aa1ccb25ebe78bb19f100"},"headline":"Maud Caubet Architectes signe la restructuration d\u2019un ancien Hospice \u00e0 Levallois-Perret","datePublished":"2023-09-07T08:03:05+00:00","mainEntityOfPage":{"@id":"https:\/\/batijournal.com\/index.php\/maud-caubet-architectes-signe-la-restructuration-dun-ancien-hospice-a-levallois-perret\/109168\/"},"wordCount":416,"image":{"@id":"https:\/\/batijournal.com\/index.php\/maud-caubet-architectes-signe-la-restructuration-dun-ancien-hospice-a-levallois-perret\/109168\/#primaryimage"},"thumbnailUrl":"https:\/\/batijournal.com\/wp-content\/uploads\/2023\/09\/ancien-Hospice-a-Levallois-Perret-etat-projete.jpg","keywords":["r\u00e9novation thermique","restauration"],"articleSection":["Actualit\u00e9s","Architecture &amp; Conception","zz_5fa\u00e7ades","zz_Actualit\u00e9s - 5fa\u00e7ades","zz_Actualit\u00e9s - Atrium","zz_Atrium Patrimoine"],"inLanguage":"fr-FR"},{"@type":"WebPage","@id":"https:\/\/batijournal.com\/index.php\/maud-caubet-architectes-signe-la-restructuration-dun-ancien-hospice-a-levallois-perret\/109168\/","url":"https:\/\/batijournal.com\/index.php\/maud-caubet-architectes-signe-la-restructuration-dun-ancien-hospice-a-levallois-perret\/109168\/","name":"Maud Caubet Architectes signe la restructuration d\u2019un ancien Hospice \u00e0 Levallois-Perret","isPartOf":{"@id":"https:\/\/batijournal.com\/#website"},"primaryImageOfPage":{"@id":"https:\/\/batijournal.com\/index.php\/maud-caubet-architectes-signe-la-restructuration-dun-ancien-hospice-a-levallois-perret\/109168\/#primaryimage"},"image":{"@id":"https:\/\/batijournal.com\/index.php\/maud-caubet-architectes-signe-la-restructuration-dun-ancien-hospice-a-levallois-perret\/109168\/#primaryimage"},"thumbnailUrl":"https:\/\/batijournal.com\/wp-content\/uploads\/2023\/09\/ancien-Hospice-a-Levallois-Perret-etat-projete.jpg","datePublished":"2023-09-07T08:03:05+00:00","author":{"@id":"https:\/\/batijournal.com\/#\/schema\/person\/1dc96ec6957aa1ccb25ebe78bb19f100"},"breadcrumb":{"@id":"https:\/\/batijournal.com\/index.php\/maud-caubet-architectes-signe-la-restructuration-dun-ancien-hospice-a-levallois-perret\/109168\/#breadcrumb"},"inLanguage":"fr-FR","potentialAction":[{"@type":"ReadAction","target":["https:\/\/batijournal.com\/index.php\/maud-caubet-architectes-signe-la-restructuration-dun-ancien-hospice-a-levallois-perret\/109168\/"]}]},{"@type":"ImageObject","inLanguage":"fr-FR","@id":"https:\/\/batijournal.com\/index.php\/maud-caubet-architectes-signe-la-restructuration-dun-ancien-hospice-a-levallois-perret\/109168\/#primaryimage","url":"https:\/\/batijournal.com\/wp-content\/uploads\/2023\/09\/ancien-Hospice-a-Levallois-Perret-etat-projete.jpg","contentUrl":"https:\/\/batijournal.com\/wp-content\/uploads\/2023\/09\/ancien-Hospice-a-Levallois-Perret-etat-projete.jpg","width":1156,"height":681},{"@type":"BreadcrumbList","@id":"https:\/\/batijournal.com\/index.php\/maud-caubet-architectes-signe-la-restructuration-dun-ancien-hospice-a-levallois-perret\/109168\/#breadcrumb","itemListElement":[{"@type":"ListItem","position":1,"name":"Accueil","item":"https:\/\/batijournal.com\/"},{"@type":"ListItem","position":2,"name":"Actualit\u00e9s","item":"https:\/\/batijournal.com\/index.php\/category\/actualites\/"},{"@type":"ListItem","position":3,"name":"Maud Caubet Architectes signe la restructuration d\u2019un ancien Hospice \u00e0 Levallois-Perret"}]},{"@type":"WebSite","@id":"https:\/\/batijournal.com\/#website","url":"https:\/\/batijournal.com\/","name":"Batijournal","description":"L&#039;actualit\u00e9 du b\u00e2timent","potentialAction":[{"@type":"SearchAction","target":{"@type":"EntryPoint","urlTemplate":"https:\/\/batijournal.com\/?s={search_term_string}"},"query-input":{"@type":"PropertyValueSpecification","valueRequired":true,"valueName":"search_term_string"}}],"inLanguage":"fr-FR"},{"@type":"Person","@id":"https:\/\/batijournal.com\/#\/schema\/person\/1dc96ec6957aa1ccb25ebe78bb19f100","name":"St\u00e9phane Miget","image":{"@type":"ImageObject","inLanguage":"fr-FR","@id":"https:\/\/secure.gravatar.com\/avatar\/89915563d925342126b8ef0281b93d9d7fc337043e8df017f780908eb9644451?s=96&d=mm&r=g","url":"https:\/\/secure.gravatar.com\/avatar\/89915563d925342126b8ef0281b93d9d7fc337043e8df017f780908eb9644451?s=96&d=mm&r=g","contentUrl":"https:\/\/secure.gravatar.com\/avatar\/89915563d925342126b8ef0281b93d9d7fc337043e8df017f780908eb9644451?s=96&d=mm&r=g","caption":"St\u00e9phane Miget"},"url":"https:\/\/batijournal.com\/index.php\/author\/stephane\/"}]}},"_links":{"self":[{"href":"https:\/\/batijournal.com\/index.php\/wp-json\/wp\/v2\/posts\/109168","targetHints":{"allow":["GET"]}}],"collection":[{"href":"https:\/\/batijournal.com\/index.php\/wp-json\/wp\/v2\/posts"}],"about":[{"href":"https:\/\/batijournal.com\/index.php\/wp-json\/wp\/v2\/types\/post"}],"author":[{"embeddable":true,"href":"https:\/\/batijournal.com\/index.php\/wp-json\/wp\/v2\/users\/17"}],"replies":[{"embeddable":true,"href":"https:\/\/batijournal.com\/index.php\/wp-json\/wp\/v2\/comments?post=109168"}],"version-history":[{"count":0,"href":"https:\/\/batijournal.com\/index.php\/wp-json\/wp\/v2\/posts\/109168\/revisions"}],"wp:featuredmedia":[{"embeddable":true,"href":"https:\/\/batijournal.com\/index.php\/wp-json\/wp\/v2\/media\/109170"}],"wp:attachment":[{"href":"https:\/\/batijournal.com\/index.php\/wp-json\/wp\/v2\/media?parent=109168"}],"wp:term":[{"taxonomy":"category","embeddable":true,"href":"https:\/\/batijournal.com\/index.php\/wp-json\/wp\/v2\/categories?post=109168"},{"taxonomy":"post_tag","embeddable":true,"href":"https:\/\/batijournal.com\/index.php\/wp-json\/wp\/v2\/tags?post=109168"}],"curies":[{"name":"wp","href":"https:\/\/api.w.org\/{rel}","templated":true}]}}