{"id":109171,"date":"2023-09-07T10:05:02","date_gmt":"2023-09-07T08:05:02","guid":{"rendered":"https:\/\/batijournal.com\/?p=109171"},"modified":"2023-09-07T10:05:02","modified_gmt":"2023-09-07T08:05:02","slug":"un-village-du-chantier-de-notre-dame-de-paris-pour-les-journees-du-patrimoine","status":"publish","type":"post","link":"https:\/\/batijournal.com\/index.php\/un-village-du-chantier-de-notre-dame-de-paris-pour-les-journees-du-patrimoine\/109171\/","title":{"rendered":"Un village du chantier de Notre-Dame de Paris pour les journ\u00e9es du patrimoine"},"content":{"rendered":"<p>\u00c0 l\u2019occasion de la 40e \u00e9dition des Journ\u00e9es europ\u00e9ennes du patrimoine, les 16 et 17 septembre 2023, l\u2019\u00e9tablissement public Reb\u00e2tir Notre-Dame de Paris propose une plong\u00e9e au c\u0153ur des op\u00e9rations de restauration de la cath\u00e9drale avec un village du chantier qui se tiendra sur le parvis de la cath\u00e9drale.<br \/>\nAu programme de ce week-end : rencontres, d\u00e9monstrations, ateliers participatifs et conf\u00e9rences avec l\u2019ensemble des corps de m\u00e9tiers qui \u0153uvrent \u00e0 la renaissance du monument : \u00e9quipes de l\u2019\u00e9tablissement public, architectes, entreprises, compagnons, artisans d\u2019art&#8230; Seront \u00e9galement pr\u00e9sents le dioc\u00e8se de Paris,affectataire du monument, charg\u00e9 de l\u2019am\u00e9nagement liturgique, qui pr\u00e9sentera le mobilier retenu pour prendre place dans la cath\u00e9drale \u00e0 sa r\u00e9ouverture, et la DRAC \u00cele-de-France, ma\u00eetre d\u2019ouvrage de la restauration des objets mobiliers de la cath\u00e9drale, qui pr\u00e9sentera les travaux men\u00e9s sur le tapis de ch\u0153ur, l\u2019orf\u00e8vrerie et les peintures de chevalet.<br \/>\nHuit espaces permettront au public de d\u00e9couvrir toutes les op\u00e9rations de restauration de la cath\u00e9drale et d\u2019\u00e9changer avec les acteurs mobilis\u00e9s :<br \/>\n&#8211; Piloter la restauration de la cath\u00e9drale : pr\u00e9sentation de l\u2019avancement des travaux par les \u00e9quipes de la ma\u00eetrise d\u2019ouvrage et de la ma\u00eetrise d\u2019\u0153uvre, pr\u00e9sentation de la planification du chantier par la structure d\u2019ordonnancement, pilotage, et coordination (OPC)<br \/>\n&#8211; Restituer les charpentes : d\u00e9monstration d\u2019\u00e9quarrissage, d\u2019assemblage, de mesures et de piquage de la charpente m\u00e9di\u00e9vale de la nef et du ch\u0153ur ; pr\u00e9sentation de prototypes d\u2019\u00e9l\u00e9ments de charpente de la fl\u00e8che<br \/>\n&#8211; Reconstruire les vo\u00fbtes et les \u00e9l\u00e9ments sculpt\u00e9s : d\u00e9monstration de taille de pierre et de restitution de sculpture<br \/>\n&#8211; Restaurer la couverture et les ornements : pr\u00e9sentation de prototypes de couverture et de d\u00e9cors de la fl\u00e8che ; d\u00e9monstration de taille de d\u00e9cors sur bois, \u00e9tape pr\u00e9alable \u00e0 leur fabrication<br \/>\n&#8211; Restaurer les peintures et les vitraux : d\u00e9monstration de restauration de peinture et de recr\u00e9ation picturale sur un \u00e9l\u00e9ment sculpt\u00e9 ; atelier pour enfant sur l\u2019iconographie des vitraux de Notre-Dame de Paris<br \/>\n&#8211; Etudier Notre-Dame de Paris et son chantier : les chercheurs des neuf groupes de travail assurant l\u2019accompagnement scientifique du chantier pr\u00e9senteront l\u2019avanc\u00e9e de leurs travaux<br \/>\n&#8211; Pr\u00e9sentation du futur mobilier liturgique (prototypes \u00e0 \u00e9chelle r\u00e9duite) par l\u2019\u00e9quipe du dioc\u00e8se de Paris<br \/>\n&#8211; Pr\u00e9sentation des travaux men\u00e9s sur le tapis de ch\u0153ur et l\u2019orf\u00e8vrerie de la cath\u00e9drale, de restauration des Mays par l\u2019\u00e9quipe de la DRAC \u00cele-de-France.<\/p>\n<p>Photo : Journ\u00e9es europ\u00e9ennes du patrimoine 2022 \u2013 Vue g\u00e9n\u00e9rale du Village du chantier organis\u00e9 sur le parvis de la cath\u00e9drale. David Bordes \u00a9 Etablissement public Reb\u00e2tir Notre-Dame de Paris<\/p>\n<p>&nbsp;<\/p>\n","protected":false},"excerpt":{"rendered":"<p>\u00c0 l\u2019occasion de la 40e \u00e9dition des Journ\u00e9es europ\u00e9ennes du patrimoine, les 16 et 17 septembre 2023, l\u2019\u00e9tablissement public Reb\u00e2tir Notre-Dame de Paris propose une plong\u00e9e au c\u0153ur des op\u00e9rations de restauration de la cath\u00e9drale avec un village du chantier qui se tiendra sur le parvis de la cath\u00e9drale. Au programme de ce week-end : [&hellip;]<\/p>\n","protected":false},"author":17,"featured_media":109172,"comment_status":"closed","ping_status":"closed","sticky":false,"template":"","format":"standard","meta":{"_et_pb_use_builder":"","_et_pb_old_content":"","_et_gb_content_width":"","footnotes":""},"categories":[10530,6362,10789,10785],"tags":[6842],"class_list":["post-109171","post","type-post","status-publish","format-standard","has-post-thumbnail","hentry","category-actualites","category-services-equipements","category-publications-atrium","category-atrium","tag-notre-dame-de-paris"],"yoast_head":"<!-- This site is optimized with the Yoast SEO plugin v27.4 - https:\/\/yoast.com\/product\/yoast-seo-wordpress\/ -->\n<title>Un village du chantier de Notre-Dame de Paris pour les journ\u00e9es du patrimoine<\/title>\n<meta name=\"robots\" content=\"index, follow, max-snippet:-1, max-image-preview:large, max-video-preview:-1\" \/>\n<link rel=\"canonical\" href=\"https:\/\/batijournal.com\/index.php\/un-village-du-chantier-de-notre-dame-de-paris-pour-les-journees-du-patrimoine\/109171\/\" \/>\n<meta property=\"og:locale\" content=\"fr_FR\" \/>\n<meta property=\"og:type\" content=\"article\" \/>\n<meta property=\"og:title\" content=\"Un village du chantier de Notre-Dame de Paris pour les journ\u00e9es du patrimoine\" \/>\n<meta property=\"og:description\" content=\"\u00c0 l\u2019occasion de la 40e \u00e9dition des Journ\u00e9es europ\u00e9ennes du patrimoine, les 16 et 17 septembre 2023, l\u2019\u00e9tablissement public Reb\u00e2tir Notre-Dame de Paris propose une plong\u00e9e au c\u0153ur des op\u00e9rations de restauration de la cath\u00e9drale avec un village du chantier qui se tiendra sur le parvis de la cath\u00e9drale. Au programme de ce week-end : [&hellip;]\" \/>\n<meta property=\"og:url\" content=\"https:\/\/batijournal.com\/index.php\/un-village-du-chantier-de-notre-dame-de-paris-pour-les-journees-du-patrimoine\/109171\/\" \/>\n<meta property=\"og:site_name\" content=\"Batijournal\" \/>\n<meta property=\"article:published_time\" content=\"2023-09-07T08:05:02+00:00\" \/>\n<meta property=\"og:image\" content=\"https:\/\/batijournal.com\/wp-content\/uploads\/2023\/09\/Village-du-chantier-notre-dame-de-paris-Journees-europeennes-du-Patrimoine.jpg\" \/>\n\t<meta property=\"og:image:width\" content=\"1000\" \/>\n\t<meta property=\"og:image:height\" content=\"667\" \/>\n\t<meta property=\"og:image:type\" content=\"image\/jpeg\" \/>\n<meta name=\"author\" content=\"St\u00e9phane Miget\" \/>\n<meta name=\"twitter:card\" content=\"summary_large_image\" \/>\n<meta name=\"twitter:creator\" content=\"@bati_journal\" \/>\n<meta name=\"twitter:site\" content=\"@bati_journal\" \/>\n<meta name=\"twitter:label1\" content=\"\u00c9crit par\" \/>\n\t<meta name=\"twitter:data1\" content=\"St\u00e9phane Miget\" \/>\n\t<meta name=\"twitter:label2\" content=\"Dur\u00e9e de lecture estim\u00e9e\" \/>\n\t<meta name=\"twitter:data2\" content=\"2 minutes\" \/>\n<script type=\"application\/ld+json\" class=\"yoast-schema-graph\">{\"@context\":\"https:\\\/\\\/schema.org\",\"@graph\":[{\"@type\":\"Article\",\"@id\":\"https:\\\/\\\/batijournal.com\\\/index.php\\\/un-village-du-chantier-de-notre-dame-de-paris-pour-les-journees-du-patrimoine\\\/109171\\\/#article\",\"isPartOf\":{\"@id\":\"https:\\\/\\\/batijournal.com\\\/index.php\\\/un-village-du-chantier-de-notre-dame-de-paris-pour-les-journees-du-patrimoine\\\/109171\\\/\"},\"author\":{\"name\":\"St\u00e9phane Miget\",\"@id\":\"https:\\\/\\\/batijournal.com\\\/#\\\/schema\\\/person\\\/1dc96ec6957aa1ccb25ebe78bb19f100\"},\"headline\":\"Un village du chantier de Notre-Dame de Paris pour les journ\u00e9es du patrimoine\",\"datePublished\":\"2023-09-07T08:05:02+00:00\",\"mainEntityOfPage\":{\"@id\":\"https:\\\/\\\/batijournal.com\\\/index.php\\\/un-village-du-chantier-de-notre-dame-de-paris-pour-les-journees-du-patrimoine\\\/109171\\\/\"},\"wordCount\":499,\"image\":{\"@id\":\"https:\\\/\\\/batijournal.com\\\/index.php\\\/un-village-du-chantier-de-notre-dame-de-paris-pour-les-journees-du-patrimoine\\\/109171\\\/#primaryimage\"},\"thumbnailUrl\":\"https:\\\/\\\/batijournal.com\\\/wp-content\\\/uploads\\\/2023\\\/09\\\/Village-du-chantier-notre-dame-de-paris-Journees-europeennes-du-Patrimoine.jpg\",\"keywords\":[\"notre dame de paris\"],\"articleSection\":[\"Actualit\u00e9s\",\"Divers\",\"zz_Actualit\u00e9s - Atrium\",\"zz_Atrium Patrimoine\"],\"inLanguage\":\"fr-FR\"},{\"@type\":\"WebPage\",\"@id\":\"https:\\\/\\\/batijournal.com\\\/index.php\\\/un-village-du-chantier-de-notre-dame-de-paris-pour-les-journees-du-patrimoine\\\/109171\\\/\",\"url\":\"https:\\\/\\\/batijournal.com\\\/index.php\\\/un-village-du-chantier-de-notre-dame-de-paris-pour-les-journees-du-patrimoine\\\/109171\\\/\",\"name\":\"Un village du chantier de Notre-Dame de Paris pour les journ\u00e9es du patrimoine\",\"isPartOf\":{\"@id\":\"https:\\\/\\\/batijournal.com\\\/#website\"},\"primaryImageOfPage\":{\"@id\":\"https:\\\/\\\/batijournal.com\\\/index.php\\\/un-village-du-chantier-de-notre-dame-de-paris-pour-les-journees-du-patrimoine\\\/109171\\\/#primaryimage\"},\"image\":{\"@id\":\"https:\\\/\\\/batijournal.com\\\/index.php\\\/un-village-du-chantier-de-notre-dame-de-paris-pour-les-journees-du-patrimoine\\\/109171\\\/#primaryimage\"},\"thumbnailUrl\":\"https:\\\/\\\/batijournal.com\\\/wp-content\\\/uploads\\\/2023\\\/09\\\/Village-du-chantier-notre-dame-de-paris-Journees-europeennes-du-Patrimoine.jpg\",\"datePublished\":\"2023-09-07T08:05:02+00:00\",\"author\":{\"@id\":\"https:\\\/\\\/batijournal.com\\\/#\\\/schema\\\/person\\\/1dc96ec6957aa1ccb25ebe78bb19f100\"},\"breadcrumb\":{\"@id\":\"https:\\\/\\\/batijournal.com\\\/index.php\\\/un-village-du-chantier-de-notre-dame-de-paris-pour-les-journees-du-patrimoine\\\/109171\\\/#breadcrumb\"},\"inLanguage\":\"fr-FR\",\"potentialAction\":[{\"@type\":\"ReadAction\",\"target\":[\"https:\\\/\\\/batijournal.com\\\/index.php\\\/un-village-du-chantier-de-notre-dame-de-paris-pour-les-journees-du-patrimoine\\\/109171\\\/\"]}]},{\"@type\":\"ImageObject\",\"inLanguage\":\"fr-FR\",\"@id\":\"https:\\\/\\\/batijournal.com\\\/index.php\\\/un-village-du-chantier-de-notre-dame-de-paris-pour-les-journees-du-patrimoine\\\/109171\\\/#primaryimage\",\"url\":\"https:\\\/\\\/batijournal.com\\\/wp-content\\\/uploads\\\/2023\\\/09\\\/Village-du-chantier-notre-dame-de-paris-Journees-europeennes-du-Patrimoine.jpg\",\"contentUrl\":\"https:\\\/\\\/batijournal.com\\\/wp-content\\\/uploads\\\/2023\\\/09\\\/Village-du-chantier-notre-dame-de-paris-Journees-europeennes-du-Patrimoine.jpg\",\"width\":1000,\"height\":667},{\"@type\":\"BreadcrumbList\",\"@id\":\"https:\\\/\\\/batijournal.com\\\/index.php\\\/un-village-du-chantier-de-notre-dame-de-paris-pour-les-journees-du-patrimoine\\\/109171\\\/#breadcrumb\",\"itemListElement\":[{\"@type\":\"ListItem\",\"position\":1,\"name\":\"Accueil\",\"item\":\"https:\\\/\\\/batijournal.com\\\/\"},{\"@type\":\"ListItem\",\"position\":2,\"name\":\"Actualit\u00e9s\",\"item\":\"https:\\\/\\\/batijournal.com\\\/index.php\\\/category\\\/actualites\\\/\"},{\"@type\":\"ListItem\",\"position\":3,\"name\":\"Un village du chantier de Notre-Dame de Paris pour les journ\u00e9es du patrimoine\"}]},{\"@type\":\"WebSite\",\"@id\":\"https:\\\/\\\/batijournal.com\\\/#website\",\"url\":\"https:\\\/\\\/batijournal.com\\\/\",\"name\":\"Batijournal\",\"description\":\"L&#039;actualit\u00e9 du b\u00e2timent\",\"potentialAction\":[{\"@type\":\"SearchAction\",\"target\":{\"@type\":\"EntryPoint\",\"urlTemplate\":\"https:\\\/\\\/batijournal.com\\\/?s={search_term_string}\"},\"query-input\":{\"@type\":\"PropertyValueSpecification\",\"valueRequired\":true,\"valueName\":\"search_term_string\"}}],\"inLanguage\":\"fr-FR\"},{\"@type\":\"Person\",\"@id\":\"https:\\\/\\\/batijournal.com\\\/#\\\/schema\\\/person\\\/1dc96ec6957aa1ccb25ebe78bb19f100\",\"name\":\"St\u00e9phane Miget\",\"image\":{\"@type\":\"ImageObject\",\"inLanguage\":\"fr-FR\",\"@id\":\"https:\\\/\\\/secure.gravatar.com\\\/avatar\\\/89915563d925342126b8ef0281b93d9d7fc337043e8df017f780908eb9644451?s=96&d=mm&r=g\",\"url\":\"https:\\\/\\\/secure.gravatar.com\\\/avatar\\\/89915563d925342126b8ef0281b93d9d7fc337043e8df017f780908eb9644451?s=96&d=mm&r=g\",\"contentUrl\":\"https:\\\/\\\/secure.gravatar.com\\\/avatar\\\/89915563d925342126b8ef0281b93d9d7fc337043e8df017f780908eb9644451?s=96&d=mm&r=g\",\"caption\":\"St\u00e9phane Miget\"},\"url\":\"https:\\\/\\\/batijournal.com\\\/index.php\\\/author\\\/stephane\\\/\"}]}<\/script>\n<!-- \/ Yoast SEO plugin. -->","yoast_head_json":{"title":"Un village du chantier de Notre-Dame de Paris pour les journ\u00e9es du patrimoine","robots":{"index":"index","follow":"follow","max-snippet":"max-snippet:-1","max-image-preview":"max-image-preview:large","max-video-preview":"max-video-preview:-1"},"canonical":"https:\/\/batijournal.com\/index.php\/un-village-du-chantier-de-notre-dame-de-paris-pour-les-journees-du-patrimoine\/109171\/","og_locale":"fr_FR","og_type":"article","og_title":"Un village du chantier de Notre-Dame de Paris pour les journ\u00e9es du patrimoine","og_description":"\u00c0 l\u2019occasion de la 40e \u00e9dition des Journ\u00e9es europ\u00e9ennes du patrimoine, les 16 et 17 septembre 2023, l\u2019\u00e9tablissement public Reb\u00e2tir Notre-Dame de Paris propose une plong\u00e9e au c\u0153ur des op\u00e9rations de restauration de la cath\u00e9drale avec un village du chantier qui se tiendra sur le parvis de la cath\u00e9drale. Au programme de ce week-end : [&hellip;]","og_url":"https:\/\/batijournal.com\/index.php\/un-village-du-chantier-de-notre-dame-de-paris-pour-les-journees-du-patrimoine\/109171\/","og_site_name":"Batijournal","article_published_time":"2023-09-07T08:05:02+00:00","og_image":[{"width":1000,"height":667,"url":"https:\/\/batijournal.com\/wp-content\/uploads\/2023\/09\/Village-du-chantier-notre-dame-de-paris-Journees-europeennes-du-Patrimoine.jpg","type":"image\/jpeg"}],"author":"St\u00e9phane Miget","twitter_card":"summary_large_image","twitter_creator":"@bati_journal","twitter_site":"@bati_journal","twitter_misc":{"\u00c9crit par":"St\u00e9phane Miget","Dur\u00e9e de lecture estim\u00e9e":"2 minutes"},"schema":{"@context":"https:\/\/schema.org","@graph":[{"@type":"Article","@id":"https:\/\/batijournal.com\/index.php\/un-village-du-chantier-de-notre-dame-de-paris-pour-les-journees-du-patrimoine\/109171\/#article","isPartOf":{"@id":"https:\/\/batijournal.com\/index.php\/un-village-du-chantier-de-notre-dame-de-paris-pour-les-journees-du-patrimoine\/109171\/"},"author":{"name":"St\u00e9phane Miget","@id":"https:\/\/batijournal.com\/#\/schema\/person\/1dc96ec6957aa1ccb25ebe78bb19f100"},"headline":"Un village du chantier de Notre-Dame de Paris pour les journ\u00e9es du patrimoine","datePublished":"2023-09-07T08:05:02+00:00","mainEntityOfPage":{"@id":"https:\/\/batijournal.com\/index.php\/un-village-du-chantier-de-notre-dame-de-paris-pour-les-journees-du-patrimoine\/109171\/"},"wordCount":499,"image":{"@id":"https:\/\/batijournal.com\/index.php\/un-village-du-chantier-de-notre-dame-de-paris-pour-les-journees-du-patrimoine\/109171\/#primaryimage"},"thumbnailUrl":"https:\/\/batijournal.com\/wp-content\/uploads\/2023\/09\/Village-du-chantier-notre-dame-de-paris-Journees-europeennes-du-Patrimoine.jpg","keywords":["notre dame de paris"],"articleSection":["Actualit\u00e9s","Divers","zz_Actualit\u00e9s - Atrium","zz_Atrium Patrimoine"],"inLanguage":"fr-FR"},{"@type":"WebPage","@id":"https:\/\/batijournal.com\/index.php\/un-village-du-chantier-de-notre-dame-de-paris-pour-les-journees-du-patrimoine\/109171\/","url":"https:\/\/batijournal.com\/index.php\/un-village-du-chantier-de-notre-dame-de-paris-pour-les-journees-du-patrimoine\/109171\/","name":"Un village du chantier de Notre-Dame de Paris pour les journ\u00e9es du patrimoine","isPartOf":{"@id":"https:\/\/batijournal.com\/#website"},"primaryImageOfPage":{"@id":"https:\/\/batijournal.com\/index.php\/un-village-du-chantier-de-notre-dame-de-paris-pour-les-journees-du-patrimoine\/109171\/#primaryimage"},"image":{"@id":"https:\/\/batijournal.com\/index.php\/un-village-du-chantier-de-notre-dame-de-paris-pour-les-journees-du-patrimoine\/109171\/#primaryimage"},"thumbnailUrl":"https:\/\/batijournal.com\/wp-content\/uploads\/2023\/09\/Village-du-chantier-notre-dame-de-paris-Journees-europeennes-du-Patrimoine.jpg","datePublished":"2023-09-07T08:05:02+00:00","author":{"@id":"https:\/\/batijournal.com\/#\/schema\/person\/1dc96ec6957aa1ccb25ebe78bb19f100"},"breadcrumb":{"@id":"https:\/\/batijournal.com\/index.php\/un-village-du-chantier-de-notre-dame-de-paris-pour-les-journees-du-patrimoine\/109171\/#breadcrumb"},"inLanguage":"fr-FR","potentialAction":[{"@type":"ReadAction","target":["https:\/\/batijournal.com\/index.php\/un-village-du-chantier-de-notre-dame-de-paris-pour-les-journees-du-patrimoine\/109171\/"]}]},{"@type":"ImageObject","inLanguage":"fr-FR","@id":"https:\/\/batijournal.com\/index.php\/un-village-du-chantier-de-notre-dame-de-paris-pour-les-journees-du-patrimoine\/109171\/#primaryimage","url":"https:\/\/batijournal.com\/wp-content\/uploads\/2023\/09\/Village-du-chantier-notre-dame-de-paris-Journees-europeennes-du-Patrimoine.jpg","contentUrl":"https:\/\/batijournal.com\/wp-content\/uploads\/2023\/09\/Village-du-chantier-notre-dame-de-paris-Journees-europeennes-du-Patrimoine.jpg","width":1000,"height":667},{"@type":"BreadcrumbList","@id":"https:\/\/batijournal.com\/index.php\/un-village-du-chantier-de-notre-dame-de-paris-pour-les-journees-du-patrimoine\/109171\/#breadcrumb","itemListElement":[{"@type":"ListItem","position":1,"name":"Accueil","item":"https:\/\/batijournal.com\/"},{"@type":"ListItem","position":2,"name":"Actualit\u00e9s","item":"https:\/\/batijournal.com\/index.php\/category\/actualites\/"},{"@type":"ListItem","position":3,"name":"Un village du chantier de Notre-Dame de Paris pour les journ\u00e9es du patrimoine"}]},{"@type":"WebSite","@id":"https:\/\/batijournal.com\/#website","url":"https:\/\/batijournal.com\/","name":"Batijournal","description":"L&#039;actualit\u00e9 du b\u00e2timent","potentialAction":[{"@type":"SearchAction","target":{"@type":"EntryPoint","urlTemplate":"https:\/\/batijournal.com\/?s={search_term_string}"},"query-input":{"@type":"PropertyValueSpecification","valueRequired":true,"valueName":"search_term_string"}}],"inLanguage":"fr-FR"},{"@type":"Person","@id":"https:\/\/batijournal.com\/#\/schema\/person\/1dc96ec6957aa1ccb25ebe78bb19f100","name":"St\u00e9phane Miget","image":{"@type":"ImageObject","inLanguage":"fr-FR","@id":"https:\/\/secure.gravatar.com\/avatar\/89915563d925342126b8ef0281b93d9d7fc337043e8df017f780908eb9644451?s=96&d=mm&r=g","url":"https:\/\/secure.gravatar.com\/avatar\/89915563d925342126b8ef0281b93d9d7fc337043e8df017f780908eb9644451?s=96&d=mm&r=g","contentUrl":"https:\/\/secure.gravatar.com\/avatar\/89915563d925342126b8ef0281b93d9d7fc337043e8df017f780908eb9644451?s=96&d=mm&r=g","caption":"St\u00e9phane Miget"},"url":"https:\/\/batijournal.com\/index.php\/author\/stephane\/"}]}},"_links":{"self":[{"href":"https:\/\/batijournal.com\/index.php\/wp-json\/wp\/v2\/posts\/109171","targetHints":{"allow":["GET"]}}],"collection":[{"href":"https:\/\/batijournal.com\/index.php\/wp-json\/wp\/v2\/posts"}],"about":[{"href":"https:\/\/batijournal.com\/index.php\/wp-json\/wp\/v2\/types\/post"}],"author":[{"embeddable":true,"href":"https:\/\/batijournal.com\/index.php\/wp-json\/wp\/v2\/users\/17"}],"replies":[{"embeddable":true,"href":"https:\/\/batijournal.com\/index.php\/wp-json\/wp\/v2\/comments?post=109171"}],"version-history":[{"count":0,"href":"https:\/\/batijournal.com\/index.php\/wp-json\/wp\/v2\/posts\/109171\/revisions"}],"wp:featuredmedia":[{"embeddable":true,"href":"https:\/\/batijournal.com\/index.php\/wp-json\/wp\/v2\/media\/109172"}],"wp:attachment":[{"href":"https:\/\/batijournal.com\/index.php\/wp-json\/wp\/v2\/media?parent=109171"}],"wp:term":[{"taxonomy":"category","embeddable":true,"href":"https:\/\/batijournal.com\/index.php\/wp-json\/wp\/v2\/categories?post=109171"},{"taxonomy":"post_tag","embeddable":true,"href":"https:\/\/batijournal.com\/index.php\/wp-json\/wp\/v2\/tags?post=109171"}],"curies":[{"name":"wp","href":"https:\/\/api.w.org\/{rel}","templated":true}]}}