{"id":109180,"date":"2023-09-08T16:07:37","date_gmt":"2023-09-08T14:07:37","guid":{"rendered":"https:\/\/batijournal.com\/?p=109180"},"modified":"2023-09-08T16:07:37","modified_gmt":"2023-09-08T14:07:37","slug":"maprimerenov-serenite-renforcement-des-aides-en-faveur-des-renovations-globales","status":"publish","type":"post","link":"https:\/\/batijournal.com\/index.php\/maprimerenov-serenite-renforcement-des-aides-en-faveur-des-renovations-globales\/109180\/","title":{"rendered":"MaPrimeR\u00e9nov\u2019 S\u00e9r\u00e9nit\u00e9 : renforcement des aides en faveur des r\u00e9novations globales"},"content":{"rendered":"<p>L\u2019Anah vient d&rsquo;adopter une revalorisation exceptionnelle des financements en faveur des travaux de r\u00e9novation \u00e9nerg\u00e9tique r\u00e9alis\u00e9s dans le cadre de MaPrimeR\u00e9nov\u2019 S\u00e9r\u00e9nit\u00e9. Afin de permettre aux m\u00e9nages aux revenus modestes et tr\u00e8s modestes \u00e0 s\u2019engager dans une r\u00e9novation \u00e9nerg\u00e9tique globale de leur logement, le plafond des travaux financ\u00e9s avait \u00e9t\u00e9 augment\u00e9 de 30 000 \u00e0 35 000\u20ac HT en janvier 2023. \u00c0 compter du 1er octobre 2023, les m\u00e9nages aux revenus modestes et tr\u00e8s modestes qui r\u00e9alisent une r\u00e9novation globale pourront b\u00e9n\u00e9ficier d\u2019une aide plus avantageuse. Pour les m\u00e9nages aux revenus tr\u00e8s modestes : le taux de financement est port\u00e9 \u00e0 65% du montant des travaux contre 50% auparavant. Pour les m\u00e9nages aux revenus modestes : le taux de financement est port\u00e9 \u00e0 50% du montant des travaux contre 35% auparavant. Cette \u00e9volution permet d\u2019augmenter le montant de la subvention per\u00e7ue par les m\u00e9nages qui b\u00e9n\u00e9ficieront en moyenne d\u2019une aide revaloris\u00e9e d\u2019environ 4 300\u20ac ce qui conduira \u00e0 une subvention moyenne de pr\u00e8s de 18 600\u20ac pour un m\u00e9nage aux ressources tr\u00e8s modestes et 14 500\u20ac pour un m\u00e9nages aux ressources modestes.<\/p>\n","protected":false},"excerpt":{"rendered":"<p>L\u2019Anah vient d&rsquo;adopter une revalorisation exceptionnelle des financements en faveur des travaux de r\u00e9novation \u00e9nerg\u00e9tique r\u00e9alis\u00e9s dans le cadre de MaPrimeR\u00e9nov\u2019 S\u00e9r\u00e9nit\u00e9. Afin de permettre aux m\u00e9nages aux revenus modestes et tr\u00e8s modestes \u00e0 s\u2019engager dans une r\u00e9novation \u00e9nerg\u00e9tique globale de leur logement, le plafond des travaux financ\u00e9s avait \u00e9t\u00e9 augment\u00e9 de 30 000 \u00e0 [&hellip;]<\/p>\n","protected":false},"author":17,"featured_media":103587,"comment_status":"closed","ping_status":"closed","sticky":false,"template":"","format":"standard","meta":{"_et_pb_use_builder":"","_et_pb_old_content":"","_et_gb_content_width":"","footnotes":""},"categories":[10530,6351,10771,10775,10781,10778],"tags":[12904,12942],"class_list":["post-109180","post","type-post","status-publish","format-standard","has-post-thumbnail","hentry","category-actualites","category-energie-environnement","category-5facades","category-actualites-5facades","category-publications-planete","category-planete","tag-anah","tag-maprimerenov"],"yoast_head":"<!-- This site is optimized with the Yoast SEO plugin v27.4 - https:\/\/yoast.com\/product\/yoast-seo-wordpress\/ -->\n<title>MaPrimeR\u00e9nov\u2019 S\u00e9r\u00e9nit\u00e9 : renforcement des aides en faveur des r\u00e9novations globales<\/title>\n<meta name=\"robots\" content=\"index, follow, max-snippet:-1, max-image-preview:large, max-video-preview:-1\" \/>\n<link rel=\"canonical\" href=\"https:\/\/batijournal.com\/index.php\/maprimerenov-serenite-renforcement-des-aides-en-faveur-des-renovations-globales\/109180\/\" \/>\n<meta property=\"og:locale\" content=\"fr_FR\" \/>\n<meta property=\"og:type\" content=\"article\" \/>\n<meta property=\"og:title\" content=\"MaPrimeR\u00e9nov\u2019 S\u00e9r\u00e9nit\u00e9 : renforcement des aides en faveur des r\u00e9novations globales\" \/>\n<meta property=\"og:description\" content=\"L\u2019Anah vient d&rsquo;adopter une revalorisation exceptionnelle des financements en faveur des travaux de r\u00e9novation \u00e9nerg\u00e9tique r\u00e9alis\u00e9s dans le cadre de MaPrimeR\u00e9nov\u2019 S\u00e9r\u00e9nit\u00e9. Afin de permettre aux m\u00e9nages aux revenus modestes et tr\u00e8s modestes \u00e0 s\u2019engager dans une r\u00e9novation \u00e9nerg\u00e9tique globale de leur logement, le plafond des travaux financ\u00e9s avait \u00e9t\u00e9 augment\u00e9 de 30 000 \u00e0 [&hellip;]\" \/>\n<meta property=\"og:url\" content=\"https:\/\/batijournal.com\/index.php\/maprimerenov-serenite-renforcement-des-aides-en-faveur-des-renovations-globales\/109180\/\" \/>\n<meta property=\"og:site_name\" content=\"Batijournal\" \/>\n<meta property=\"article:published_time\" content=\"2023-09-08T14:07:37+00:00\" \/>\n<meta property=\"og:image\" content=\"https:\/\/batijournal.com\/wp-content\/uploads\/2020\/01\/maprimrenov.png\" \/>\n\t<meta property=\"og:image:width\" content=\"841\" \/>\n\t<meta property=\"og:image:height\" content=\"326\" \/>\n\t<meta property=\"og:image:type\" content=\"image\/png\" \/>\n<meta name=\"author\" content=\"St\u00e9phane Miget\" \/>\n<meta name=\"twitter:card\" content=\"summary_large_image\" \/>\n<meta name=\"twitter:creator\" content=\"@bati_journal\" \/>\n<meta name=\"twitter:site\" content=\"@bati_journal\" \/>\n<meta name=\"twitter:label1\" content=\"\u00c9crit par\" \/>\n\t<meta name=\"twitter:data1\" content=\"St\u00e9phane Miget\" \/>\n\t<meta name=\"twitter:label2\" content=\"Dur\u00e9e de lecture estim\u00e9e\" \/>\n\t<meta name=\"twitter:data2\" content=\"1 minute\" \/>\n<script type=\"application\/ld+json\" class=\"yoast-schema-graph\">{\"@context\":\"https:\\\/\\\/schema.org\",\"@graph\":[{\"@type\":\"Article\",\"@id\":\"https:\\\/\\\/batijournal.com\\\/index.php\\\/maprimerenov-serenite-renforcement-des-aides-en-faveur-des-renovations-globales\\\/109180\\\/#article\",\"isPartOf\":{\"@id\":\"https:\\\/\\\/batijournal.com\\\/index.php\\\/maprimerenov-serenite-renforcement-des-aides-en-faveur-des-renovations-globales\\\/109180\\\/\"},\"author\":{\"name\":\"St\u00e9phane Miget\",\"@id\":\"https:\\\/\\\/batijournal.com\\\/#\\\/schema\\\/person\\\/1dc96ec6957aa1ccb25ebe78bb19f100\"},\"headline\":\"MaPrimeR\u00e9nov\u2019 S\u00e9r\u00e9nit\u00e9 : renforcement des aides en faveur des r\u00e9novations globales\",\"datePublished\":\"2023-09-08T14:07:37+00:00\",\"mainEntityOfPage\":{\"@id\":\"https:\\\/\\\/batijournal.com\\\/index.php\\\/maprimerenov-serenite-renforcement-des-aides-en-faveur-des-renovations-globales\\\/109180\\\/\"},\"wordCount\":209,\"image\":{\"@id\":\"https:\\\/\\\/batijournal.com\\\/index.php\\\/maprimerenov-serenite-renforcement-des-aides-en-faveur-des-renovations-globales\\\/109180\\\/#primaryimage\"},\"thumbnailUrl\":\"https:\\\/\\\/batijournal.com\\\/wp-content\\\/uploads\\\/2020\\\/01\\\/maprimrenov.png\",\"keywords\":[\"Anah\",\"MaPrimeRenov\"],\"articleSection\":[\"Actualit\u00e9s\",\"\u00c9nergie &amp; Environnement\",\"zz_5fa\u00e7ades\",\"zz_Actualit\u00e9s - 5fa\u00e7ades\",\"zz_Actualit\u00e9s - Plan\u00e8te\",\"zz_Plan\u00e8te B\u00e2timent\"],\"inLanguage\":\"fr-FR\"},{\"@type\":\"WebPage\",\"@id\":\"https:\\\/\\\/batijournal.com\\\/index.php\\\/maprimerenov-serenite-renforcement-des-aides-en-faveur-des-renovations-globales\\\/109180\\\/\",\"url\":\"https:\\\/\\\/batijournal.com\\\/index.php\\\/maprimerenov-serenite-renforcement-des-aides-en-faveur-des-renovations-globales\\\/109180\\\/\",\"name\":\"MaPrimeR\u00e9nov\u2019 S\u00e9r\u00e9nit\u00e9 : renforcement des aides en faveur des r\u00e9novations globales\",\"isPartOf\":{\"@id\":\"https:\\\/\\\/batijournal.com\\\/#website\"},\"primaryImageOfPage\":{\"@id\":\"https:\\\/\\\/batijournal.com\\\/index.php\\\/maprimerenov-serenite-renforcement-des-aides-en-faveur-des-renovations-globales\\\/109180\\\/#primaryimage\"},\"image\":{\"@id\":\"https:\\\/\\\/batijournal.com\\\/index.php\\\/maprimerenov-serenite-renforcement-des-aides-en-faveur-des-renovations-globales\\\/109180\\\/#primaryimage\"},\"thumbnailUrl\":\"https:\\\/\\\/batijournal.com\\\/wp-content\\\/uploads\\\/2020\\\/01\\\/maprimrenov.png\",\"datePublished\":\"2023-09-08T14:07:37+00:00\",\"author\":{\"@id\":\"https:\\\/\\\/batijournal.com\\\/#\\\/schema\\\/person\\\/1dc96ec6957aa1ccb25ebe78bb19f100\"},\"breadcrumb\":{\"@id\":\"https:\\\/\\\/batijournal.com\\\/index.php\\\/maprimerenov-serenite-renforcement-des-aides-en-faveur-des-renovations-globales\\\/109180\\\/#breadcrumb\"},\"inLanguage\":\"fr-FR\",\"potentialAction\":[{\"@type\":\"ReadAction\",\"target\":[\"https:\\\/\\\/batijournal.com\\\/index.php\\\/maprimerenov-serenite-renforcement-des-aides-en-faveur-des-renovations-globales\\\/109180\\\/\"]}]},{\"@type\":\"ImageObject\",\"inLanguage\":\"fr-FR\",\"@id\":\"https:\\\/\\\/batijournal.com\\\/index.php\\\/maprimerenov-serenite-renforcement-des-aides-en-faveur-des-renovations-globales\\\/109180\\\/#primaryimage\",\"url\":\"https:\\\/\\\/batijournal.com\\\/wp-content\\\/uploads\\\/2020\\\/01\\\/maprimrenov.png\",\"contentUrl\":\"https:\\\/\\\/batijournal.com\\\/wp-content\\\/uploads\\\/2020\\\/01\\\/maprimrenov.png\",\"width\":841,\"height\":326},{\"@type\":\"BreadcrumbList\",\"@id\":\"https:\\\/\\\/batijournal.com\\\/index.php\\\/maprimerenov-serenite-renforcement-des-aides-en-faveur-des-renovations-globales\\\/109180\\\/#breadcrumb\",\"itemListElement\":[{\"@type\":\"ListItem\",\"position\":1,\"name\":\"Accueil\",\"item\":\"https:\\\/\\\/batijournal.com\\\/\"},{\"@type\":\"ListItem\",\"position\":2,\"name\":\"Actualit\u00e9s\",\"item\":\"https:\\\/\\\/batijournal.com\\\/index.php\\\/category\\\/actualites\\\/\"},{\"@type\":\"ListItem\",\"position\":3,\"name\":\"MaPrimeR\u00e9nov\u2019 S\u00e9r\u00e9nit\u00e9 : renforcement des aides en faveur des r\u00e9novations globales\"}]},{\"@type\":\"WebSite\",\"@id\":\"https:\\\/\\\/batijournal.com\\\/#website\",\"url\":\"https:\\\/\\\/batijournal.com\\\/\",\"name\":\"Batijournal\",\"description\":\"L&#039;actualit\u00e9 du b\u00e2timent\",\"potentialAction\":[{\"@type\":\"SearchAction\",\"target\":{\"@type\":\"EntryPoint\",\"urlTemplate\":\"https:\\\/\\\/batijournal.com\\\/?s={search_term_string}\"},\"query-input\":{\"@type\":\"PropertyValueSpecification\",\"valueRequired\":true,\"valueName\":\"search_term_string\"}}],\"inLanguage\":\"fr-FR\"},{\"@type\":\"Person\",\"@id\":\"https:\\\/\\\/batijournal.com\\\/#\\\/schema\\\/person\\\/1dc96ec6957aa1ccb25ebe78bb19f100\",\"name\":\"St\u00e9phane Miget\",\"image\":{\"@type\":\"ImageObject\",\"inLanguage\":\"fr-FR\",\"@id\":\"https:\\\/\\\/secure.gravatar.com\\\/avatar\\\/89915563d925342126b8ef0281b93d9d7fc337043e8df017f780908eb9644451?s=96&d=mm&r=g\",\"url\":\"https:\\\/\\\/secure.gravatar.com\\\/avatar\\\/89915563d925342126b8ef0281b93d9d7fc337043e8df017f780908eb9644451?s=96&d=mm&r=g\",\"contentUrl\":\"https:\\\/\\\/secure.gravatar.com\\\/avatar\\\/89915563d925342126b8ef0281b93d9d7fc337043e8df017f780908eb9644451?s=96&d=mm&r=g\",\"caption\":\"St\u00e9phane Miget\"},\"url\":\"https:\\\/\\\/batijournal.com\\\/index.php\\\/author\\\/stephane\\\/\"}]}<\/script>\n<!-- \/ Yoast SEO plugin. -->","yoast_head_json":{"title":"MaPrimeR\u00e9nov\u2019 S\u00e9r\u00e9nit\u00e9 : renforcement des aides en faveur des r\u00e9novations globales","robots":{"index":"index","follow":"follow","max-snippet":"max-snippet:-1","max-image-preview":"max-image-preview:large","max-video-preview":"max-video-preview:-1"},"canonical":"https:\/\/batijournal.com\/index.php\/maprimerenov-serenite-renforcement-des-aides-en-faveur-des-renovations-globales\/109180\/","og_locale":"fr_FR","og_type":"article","og_title":"MaPrimeR\u00e9nov\u2019 S\u00e9r\u00e9nit\u00e9 : renforcement des aides en faveur des r\u00e9novations globales","og_description":"L\u2019Anah vient d&rsquo;adopter une revalorisation exceptionnelle des financements en faveur des travaux de r\u00e9novation \u00e9nerg\u00e9tique r\u00e9alis\u00e9s dans le cadre de MaPrimeR\u00e9nov\u2019 S\u00e9r\u00e9nit\u00e9. Afin de permettre aux m\u00e9nages aux revenus modestes et tr\u00e8s modestes \u00e0 s\u2019engager dans une r\u00e9novation \u00e9nerg\u00e9tique globale de leur logement, le plafond des travaux financ\u00e9s avait \u00e9t\u00e9 augment\u00e9 de 30 000 \u00e0 [&hellip;]","og_url":"https:\/\/batijournal.com\/index.php\/maprimerenov-serenite-renforcement-des-aides-en-faveur-des-renovations-globales\/109180\/","og_site_name":"Batijournal","article_published_time":"2023-09-08T14:07:37+00:00","og_image":[{"width":841,"height":326,"url":"https:\/\/batijournal.com\/wp-content\/uploads\/2020\/01\/maprimrenov.png","type":"image\/png"}],"author":"St\u00e9phane Miget","twitter_card":"summary_large_image","twitter_creator":"@bati_journal","twitter_site":"@bati_journal","twitter_misc":{"\u00c9crit par":"St\u00e9phane Miget","Dur\u00e9e de lecture estim\u00e9e":"1 minute"},"schema":{"@context":"https:\/\/schema.org","@graph":[{"@type":"Article","@id":"https:\/\/batijournal.com\/index.php\/maprimerenov-serenite-renforcement-des-aides-en-faveur-des-renovations-globales\/109180\/#article","isPartOf":{"@id":"https:\/\/batijournal.com\/index.php\/maprimerenov-serenite-renforcement-des-aides-en-faveur-des-renovations-globales\/109180\/"},"author":{"name":"St\u00e9phane Miget","@id":"https:\/\/batijournal.com\/#\/schema\/person\/1dc96ec6957aa1ccb25ebe78bb19f100"},"headline":"MaPrimeR\u00e9nov\u2019 S\u00e9r\u00e9nit\u00e9 : renforcement des aides en faveur des r\u00e9novations globales","datePublished":"2023-09-08T14:07:37+00:00","mainEntityOfPage":{"@id":"https:\/\/batijournal.com\/index.php\/maprimerenov-serenite-renforcement-des-aides-en-faveur-des-renovations-globales\/109180\/"},"wordCount":209,"image":{"@id":"https:\/\/batijournal.com\/index.php\/maprimerenov-serenite-renforcement-des-aides-en-faveur-des-renovations-globales\/109180\/#primaryimage"},"thumbnailUrl":"https:\/\/batijournal.com\/wp-content\/uploads\/2020\/01\/maprimrenov.png","keywords":["Anah","MaPrimeRenov"],"articleSection":["Actualit\u00e9s","\u00c9nergie &amp; Environnement","zz_5fa\u00e7ades","zz_Actualit\u00e9s - 5fa\u00e7ades","zz_Actualit\u00e9s - Plan\u00e8te","zz_Plan\u00e8te B\u00e2timent"],"inLanguage":"fr-FR"},{"@type":"WebPage","@id":"https:\/\/batijournal.com\/index.php\/maprimerenov-serenite-renforcement-des-aides-en-faveur-des-renovations-globales\/109180\/","url":"https:\/\/batijournal.com\/index.php\/maprimerenov-serenite-renforcement-des-aides-en-faveur-des-renovations-globales\/109180\/","name":"MaPrimeR\u00e9nov\u2019 S\u00e9r\u00e9nit\u00e9 : renforcement des aides en faveur des r\u00e9novations globales","isPartOf":{"@id":"https:\/\/batijournal.com\/#website"},"primaryImageOfPage":{"@id":"https:\/\/batijournal.com\/index.php\/maprimerenov-serenite-renforcement-des-aides-en-faveur-des-renovations-globales\/109180\/#primaryimage"},"image":{"@id":"https:\/\/batijournal.com\/index.php\/maprimerenov-serenite-renforcement-des-aides-en-faveur-des-renovations-globales\/109180\/#primaryimage"},"thumbnailUrl":"https:\/\/batijournal.com\/wp-content\/uploads\/2020\/01\/maprimrenov.png","datePublished":"2023-09-08T14:07:37+00:00","author":{"@id":"https:\/\/batijournal.com\/#\/schema\/person\/1dc96ec6957aa1ccb25ebe78bb19f100"},"breadcrumb":{"@id":"https:\/\/batijournal.com\/index.php\/maprimerenov-serenite-renforcement-des-aides-en-faveur-des-renovations-globales\/109180\/#breadcrumb"},"inLanguage":"fr-FR","potentialAction":[{"@type":"ReadAction","target":["https:\/\/batijournal.com\/index.php\/maprimerenov-serenite-renforcement-des-aides-en-faveur-des-renovations-globales\/109180\/"]}]},{"@type":"ImageObject","inLanguage":"fr-FR","@id":"https:\/\/batijournal.com\/index.php\/maprimerenov-serenite-renforcement-des-aides-en-faveur-des-renovations-globales\/109180\/#primaryimage","url":"https:\/\/batijournal.com\/wp-content\/uploads\/2020\/01\/maprimrenov.png","contentUrl":"https:\/\/batijournal.com\/wp-content\/uploads\/2020\/01\/maprimrenov.png","width":841,"height":326},{"@type":"BreadcrumbList","@id":"https:\/\/batijournal.com\/index.php\/maprimerenov-serenite-renforcement-des-aides-en-faveur-des-renovations-globales\/109180\/#breadcrumb","itemListElement":[{"@type":"ListItem","position":1,"name":"Accueil","item":"https:\/\/batijournal.com\/"},{"@type":"ListItem","position":2,"name":"Actualit\u00e9s","item":"https:\/\/batijournal.com\/index.php\/category\/actualites\/"},{"@type":"ListItem","position":3,"name":"MaPrimeR\u00e9nov\u2019 S\u00e9r\u00e9nit\u00e9 : renforcement des aides en faveur des r\u00e9novations globales"}]},{"@type":"WebSite","@id":"https:\/\/batijournal.com\/#website","url":"https:\/\/batijournal.com\/","name":"Batijournal","description":"L&#039;actualit\u00e9 du b\u00e2timent","potentialAction":[{"@type":"SearchAction","target":{"@type":"EntryPoint","urlTemplate":"https:\/\/batijournal.com\/?s={search_term_string}"},"query-input":{"@type":"PropertyValueSpecification","valueRequired":true,"valueName":"search_term_string"}}],"inLanguage":"fr-FR"},{"@type":"Person","@id":"https:\/\/batijournal.com\/#\/schema\/person\/1dc96ec6957aa1ccb25ebe78bb19f100","name":"St\u00e9phane Miget","image":{"@type":"ImageObject","inLanguage":"fr-FR","@id":"https:\/\/secure.gravatar.com\/avatar\/89915563d925342126b8ef0281b93d9d7fc337043e8df017f780908eb9644451?s=96&d=mm&r=g","url":"https:\/\/secure.gravatar.com\/avatar\/89915563d925342126b8ef0281b93d9d7fc337043e8df017f780908eb9644451?s=96&d=mm&r=g","contentUrl":"https:\/\/secure.gravatar.com\/avatar\/89915563d925342126b8ef0281b93d9d7fc337043e8df017f780908eb9644451?s=96&d=mm&r=g","caption":"St\u00e9phane Miget"},"url":"https:\/\/batijournal.com\/index.php\/author\/stephane\/"}]}},"_links":{"self":[{"href":"https:\/\/batijournal.com\/index.php\/wp-json\/wp\/v2\/posts\/109180","targetHints":{"allow":["GET"]}}],"collection":[{"href":"https:\/\/batijournal.com\/index.php\/wp-json\/wp\/v2\/posts"}],"about":[{"href":"https:\/\/batijournal.com\/index.php\/wp-json\/wp\/v2\/types\/post"}],"author":[{"embeddable":true,"href":"https:\/\/batijournal.com\/index.php\/wp-json\/wp\/v2\/users\/17"}],"replies":[{"embeddable":true,"href":"https:\/\/batijournal.com\/index.php\/wp-json\/wp\/v2\/comments?post=109180"}],"version-history":[{"count":0,"href":"https:\/\/batijournal.com\/index.php\/wp-json\/wp\/v2\/posts\/109180\/revisions"}],"wp:featuredmedia":[{"embeddable":true,"href":"https:\/\/batijournal.com\/index.php\/wp-json\/wp\/v2\/media\/103587"}],"wp:attachment":[{"href":"https:\/\/batijournal.com\/index.php\/wp-json\/wp\/v2\/media?parent=109180"}],"wp:term":[{"taxonomy":"category","embeddable":true,"href":"https:\/\/batijournal.com\/index.php\/wp-json\/wp\/v2\/categories?post=109180"},{"taxonomy":"post_tag","embeddable":true,"href":"https:\/\/batijournal.com\/index.php\/wp-json\/wp\/v2\/tags?post=109180"}],"curies":[{"name":"wp","href":"https:\/\/api.w.org\/{rel}","templated":true}]}}