{"id":109181,"date":"2023-09-08T16:23:50","date_gmt":"2023-09-08T14:23:50","guid":{"rendered":"https:\/\/batijournal.com\/?p=109181"},"modified":"2023-09-08T16:23:50","modified_gmt":"2023-09-08T14:23:50","slug":"le-beton-au-journees-europeennes-du-patrimoine","status":"publish","type":"post","link":"https:\/\/batijournal.com\/index.php\/le-beton-au-journees-europeennes-du-patrimoine\/109181\/","title":{"rendered":"Le b\u00e9ton au journ\u00e9es europ\u00e9ennes du patrimoine"},"content":{"rendered":"<p>EQIOM participe aux journ\u00e9es europ\u00e9ennes du patrimoine et convie le grand public, le vendredi 15 et le samedi 16 septembre, \u00e0 la d\u00e9couverte de son unit\u00e9 de production de b\u00e9ton pr\u00eat \u00e0 l\u2019emploi de Tolbiac. Pendant ces deux jours de d\u00e9couverte, EQIOM B\u00e9tons, acteur engag\u00e9 pour la construction durable, invite les visiteurs \u00e0 pousser les portes de son site d\u2019exploitation pour d\u00e9couvrir la fabrication du b\u00e9ton et les installations sur place \u00e0 travers une visite guid\u00e9e en bord de Seine (dur\u00e9e : 1h). Ces deux journ\u00e9es seront rythm\u00e9es par des ateliers ludiques dirig\u00e9s par des professionnels EQIOM qui expliqueront les diff\u00e9rentes \u00e9tapes de la fabrication du b\u00e9ton pr\u00eat \u00e0 l\u2019emploi et ses sp\u00e9cificit\u00e9s (transports par voies fluviales, recyclage des retours b\u00e9ton, b\u00e9ton bas carbone\u2026).<\/p>\n","protected":false},"excerpt":{"rendered":"<p>EQIOM participe aux journ\u00e9es europ\u00e9ennes du patrimoine et convie le grand public, le vendredi 15 et le samedi 16 septembre, \u00e0 la d\u00e9couverte de son unit\u00e9 de production de b\u00e9ton pr\u00eat \u00e0 l\u2019emploi de Tolbiac. Pendant ces deux jours de d\u00e9couverte, EQIOM B\u00e9tons, acteur engag\u00e9 pour la construction durable, invite les visiteurs \u00e0 pousser les [&hellip;]<\/p>\n","protected":false},"author":17,"featured_media":109182,"comment_status":"closed","ping_status":"closed","sticky":false,"template":"","format":"standard","meta":{"_et_pb_use_builder":"","_et_pb_old_content":"","_et_gb_content_width":"","footnotes":""},"categories":[10530,6362,10771,10775],"tags":[1128],"class_list":["post-109181","post","type-post","status-publish","format-standard","has-post-thumbnail","hentry","category-actualites","category-services-equipements","category-5facades","category-actualites-5facades","tag-beton"],"yoast_head":"<!-- This site is optimized with the Yoast SEO plugin v27.4 - https:\/\/yoast.com\/product\/yoast-seo-wordpress\/ -->\n<title>Le b\u00e9ton au journ\u00e9es europ\u00e9ennes du patrimoine<\/title>\n<meta name=\"robots\" content=\"index, follow, max-snippet:-1, max-image-preview:large, max-video-preview:-1\" \/>\n<link rel=\"canonical\" href=\"https:\/\/batijournal.com\/index.php\/le-beton-au-journees-europeennes-du-patrimoine\/109181\/\" \/>\n<meta property=\"og:locale\" content=\"fr_FR\" \/>\n<meta property=\"og:type\" content=\"article\" \/>\n<meta property=\"og:title\" content=\"Le b\u00e9ton au journ\u00e9es europ\u00e9ennes du patrimoine\" \/>\n<meta property=\"og:description\" content=\"EQIOM participe aux journ\u00e9es europ\u00e9ennes du patrimoine et convie le grand public, le vendredi 15 et le samedi 16 septembre, \u00e0 la d\u00e9couverte de son unit\u00e9 de production de b\u00e9ton pr\u00eat \u00e0 l\u2019emploi de Tolbiac. Pendant ces deux jours de d\u00e9couverte, EQIOM B\u00e9tons, acteur engag\u00e9 pour la construction durable, invite les visiteurs \u00e0 pousser les [&hellip;]\" \/>\n<meta property=\"og:url\" content=\"https:\/\/batijournal.com\/index.php\/le-beton-au-journees-europeennes-du-patrimoine\/109181\/\" \/>\n<meta property=\"og:site_name\" content=\"Batijournal\" \/>\n<meta property=\"article:published_time\" content=\"2023-09-08T14:23:50+00:00\" \/>\n<meta property=\"og:image\" content=\"https:\/\/batijournal.com\/wp-content\/uploads\/2023\/09\/Centrale-Beton-Tolbiac-EQIOM.jpg\" \/>\n\t<meta property=\"og:image:width\" content=\"1000\" \/>\n\t<meta property=\"og:image:height\" content=\"778\" \/>\n\t<meta property=\"og:image:type\" content=\"image\/jpeg\" \/>\n<meta name=\"author\" content=\"St\u00e9phane Miget\" \/>\n<meta name=\"twitter:card\" content=\"summary_large_image\" \/>\n<meta name=\"twitter:creator\" content=\"@bati_journal\" \/>\n<meta name=\"twitter:site\" content=\"@bati_journal\" \/>\n<meta name=\"twitter:label1\" content=\"\u00c9crit par\" \/>\n\t<meta name=\"twitter:data1\" content=\"St\u00e9phane Miget\" \/>\n\t<meta name=\"twitter:label2\" content=\"Dur\u00e9e de lecture estim\u00e9e\" \/>\n\t<meta name=\"twitter:data2\" content=\"1 minute\" \/>\n<script type=\"application\/ld+json\" class=\"yoast-schema-graph\">{\"@context\":\"https:\\\/\\\/schema.org\",\"@graph\":[{\"@type\":\"Article\",\"@id\":\"https:\\\/\\\/batijournal.com\\\/index.php\\\/le-beton-au-journees-europeennes-du-patrimoine\\\/109181\\\/#article\",\"isPartOf\":{\"@id\":\"https:\\\/\\\/batijournal.com\\\/index.php\\\/le-beton-au-journees-europeennes-du-patrimoine\\\/109181\\\/\"},\"author\":{\"name\":\"St\u00e9phane Miget\",\"@id\":\"https:\\\/\\\/batijournal.com\\\/#\\\/schema\\\/person\\\/1dc96ec6957aa1ccb25ebe78bb19f100\"},\"headline\":\"Le b\u00e9ton au journ\u00e9es europ\u00e9ennes du patrimoine\",\"datePublished\":\"2023-09-08T14:23:50+00:00\",\"mainEntityOfPage\":{\"@id\":\"https:\\\/\\\/batijournal.com\\\/index.php\\\/le-beton-au-journees-europeennes-du-patrimoine\\\/109181\\\/\"},\"wordCount\":150,\"image\":{\"@id\":\"https:\\\/\\\/batijournal.com\\\/index.php\\\/le-beton-au-journees-europeennes-du-patrimoine\\\/109181\\\/#primaryimage\"},\"thumbnailUrl\":\"https:\\\/\\\/batijournal.com\\\/wp-content\\\/uploads\\\/2023\\\/09\\\/Centrale-Beton-Tolbiac-EQIOM.jpg\",\"keywords\":[\"b\u00e9ton\"],\"articleSection\":[\"Actualit\u00e9s\",\"Divers\",\"zz_5fa\u00e7ades\",\"zz_Actualit\u00e9s - 5fa\u00e7ades\"],\"inLanguage\":\"fr-FR\"},{\"@type\":\"WebPage\",\"@id\":\"https:\\\/\\\/batijournal.com\\\/index.php\\\/le-beton-au-journees-europeennes-du-patrimoine\\\/109181\\\/\",\"url\":\"https:\\\/\\\/batijournal.com\\\/index.php\\\/le-beton-au-journees-europeennes-du-patrimoine\\\/109181\\\/\",\"name\":\"Le b\u00e9ton au journ\u00e9es europ\u00e9ennes du patrimoine\",\"isPartOf\":{\"@id\":\"https:\\\/\\\/batijournal.com\\\/#website\"},\"primaryImageOfPage\":{\"@id\":\"https:\\\/\\\/batijournal.com\\\/index.php\\\/le-beton-au-journees-europeennes-du-patrimoine\\\/109181\\\/#primaryimage\"},\"image\":{\"@id\":\"https:\\\/\\\/batijournal.com\\\/index.php\\\/le-beton-au-journees-europeennes-du-patrimoine\\\/109181\\\/#primaryimage\"},\"thumbnailUrl\":\"https:\\\/\\\/batijournal.com\\\/wp-content\\\/uploads\\\/2023\\\/09\\\/Centrale-Beton-Tolbiac-EQIOM.jpg\",\"datePublished\":\"2023-09-08T14:23:50+00:00\",\"author\":{\"@id\":\"https:\\\/\\\/batijournal.com\\\/#\\\/schema\\\/person\\\/1dc96ec6957aa1ccb25ebe78bb19f100\"},\"breadcrumb\":{\"@id\":\"https:\\\/\\\/batijournal.com\\\/index.php\\\/le-beton-au-journees-europeennes-du-patrimoine\\\/109181\\\/#breadcrumb\"},\"inLanguage\":\"fr-FR\",\"potentialAction\":[{\"@type\":\"ReadAction\",\"target\":[\"https:\\\/\\\/batijournal.com\\\/index.php\\\/le-beton-au-journees-europeennes-du-patrimoine\\\/109181\\\/\"]}]},{\"@type\":\"ImageObject\",\"inLanguage\":\"fr-FR\",\"@id\":\"https:\\\/\\\/batijournal.com\\\/index.php\\\/le-beton-au-journees-europeennes-du-patrimoine\\\/109181\\\/#primaryimage\",\"url\":\"https:\\\/\\\/batijournal.com\\\/wp-content\\\/uploads\\\/2023\\\/09\\\/Centrale-Beton-Tolbiac-EQIOM.jpg\",\"contentUrl\":\"https:\\\/\\\/batijournal.com\\\/wp-content\\\/uploads\\\/2023\\\/09\\\/Centrale-Beton-Tolbiac-EQIOM.jpg\",\"width\":1000,\"height\":778},{\"@type\":\"BreadcrumbList\",\"@id\":\"https:\\\/\\\/batijournal.com\\\/index.php\\\/le-beton-au-journees-europeennes-du-patrimoine\\\/109181\\\/#breadcrumb\",\"itemListElement\":[{\"@type\":\"ListItem\",\"position\":1,\"name\":\"Accueil\",\"item\":\"https:\\\/\\\/batijournal.com\\\/\"},{\"@type\":\"ListItem\",\"position\":2,\"name\":\"Actualit\u00e9s\",\"item\":\"https:\\\/\\\/batijournal.com\\\/index.php\\\/category\\\/actualites\\\/\"},{\"@type\":\"ListItem\",\"position\":3,\"name\":\"Le b\u00e9ton au journ\u00e9es europ\u00e9ennes du patrimoine\"}]},{\"@type\":\"WebSite\",\"@id\":\"https:\\\/\\\/batijournal.com\\\/#website\",\"url\":\"https:\\\/\\\/batijournal.com\\\/\",\"name\":\"Batijournal\",\"description\":\"L&#039;actualit\u00e9 du b\u00e2timent\",\"potentialAction\":[{\"@type\":\"SearchAction\",\"target\":{\"@type\":\"EntryPoint\",\"urlTemplate\":\"https:\\\/\\\/batijournal.com\\\/?s={search_term_string}\"},\"query-input\":{\"@type\":\"PropertyValueSpecification\",\"valueRequired\":true,\"valueName\":\"search_term_string\"}}],\"inLanguage\":\"fr-FR\"},{\"@type\":\"Person\",\"@id\":\"https:\\\/\\\/batijournal.com\\\/#\\\/schema\\\/person\\\/1dc96ec6957aa1ccb25ebe78bb19f100\",\"name\":\"St\u00e9phane Miget\",\"image\":{\"@type\":\"ImageObject\",\"inLanguage\":\"fr-FR\",\"@id\":\"https:\\\/\\\/secure.gravatar.com\\\/avatar\\\/89915563d925342126b8ef0281b93d9d7fc337043e8df017f780908eb9644451?s=96&d=mm&r=g\",\"url\":\"https:\\\/\\\/secure.gravatar.com\\\/avatar\\\/89915563d925342126b8ef0281b93d9d7fc337043e8df017f780908eb9644451?s=96&d=mm&r=g\",\"contentUrl\":\"https:\\\/\\\/secure.gravatar.com\\\/avatar\\\/89915563d925342126b8ef0281b93d9d7fc337043e8df017f780908eb9644451?s=96&d=mm&r=g\",\"caption\":\"St\u00e9phane Miget\"},\"url\":\"https:\\\/\\\/batijournal.com\\\/index.php\\\/author\\\/stephane\\\/\"}]}<\/script>\n<!-- \/ Yoast SEO plugin. -->","yoast_head_json":{"title":"Le b\u00e9ton au journ\u00e9es europ\u00e9ennes du patrimoine","robots":{"index":"index","follow":"follow","max-snippet":"max-snippet:-1","max-image-preview":"max-image-preview:large","max-video-preview":"max-video-preview:-1"},"canonical":"https:\/\/batijournal.com\/index.php\/le-beton-au-journees-europeennes-du-patrimoine\/109181\/","og_locale":"fr_FR","og_type":"article","og_title":"Le b\u00e9ton au journ\u00e9es europ\u00e9ennes du patrimoine","og_description":"EQIOM participe aux journ\u00e9es europ\u00e9ennes du patrimoine et convie le grand public, le vendredi 15 et le samedi 16 septembre, \u00e0 la d\u00e9couverte de son unit\u00e9 de production de b\u00e9ton pr\u00eat \u00e0 l\u2019emploi de Tolbiac. Pendant ces deux jours de d\u00e9couverte, EQIOM B\u00e9tons, acteur engag\u00e9 pour la construction durable, invite les visiteurs \u00e0 pousser les [&hellip;]","og_url":"https:\/\/batijournal.com\/index.php\/le-beton-au-journees-europeennes-du-patrimoine\/109181\/","og_site_name":"Batijournal","article_published_time":"2023-09-08T14:23:50+00:00","og_image":[{"width":1000,"height":778,"url":"https:\/\/batijournal.com\/wp-content\/uploads\/2023\/09\/Centrale-Beton-Tolbiac-EQIOM.jpg","type":"image\/jpeg"}],"author":"St\u00e9phane Miget","twitter_card":"summary_large_image","twitter_creator":"@bati_journal","twitter_site":"@bati_journal","twitter_misc":{"\u00c9crit par":"St\u00e9phane Miget","Dur\u00e9e de lecture estim\u00e9e":"1 minute"},"schema":{"@context":"https:\/\/schema.org","@graph":[{"@type":"Article","@id":"https:\/\/batijournal.com\/index.php\/le-beton-au-journees-europeennes-du-patrimoine\/109181\/#article","isPartOf":{"@id":"https:\/\/batijournal.com\/index.php\/le-beton-au-journees-europeennes-du-patrimoine\/109181\/"},"author":{"name":"St\u00e9phane Miget","@id":"https:\/\/batijournal.com\/#\/schema\/person\/1dc96ec6957aa1ccb25ebe78bb19f100"},"headline":"Le b\u00e9ton au journ\u00e9es europ\u00e9ennes du patrimoine","datePublished":"2023-09-08T14:23:50+00:00","mainEntityOfPage":{"@id":"https:\/\/batijournal.com\/index.php\/le-beton-au-journees-europeennes-du-patrimoine\/109181\/"},"wordCount":150,"image":{"@id":"https:\/\/batijournal.com\/index.php\/le-beton-au-journees-europeennes-du-patrimoine\/109181\/#primaryimage"},"thumbnailUrl":"https:\/\/batijournal.com\/wp-content\/uploads\/2023\/09\/Centrale-Beton-Tolbiac-EQIOM.jpg","keywords":["b\u00e9ton"],"articleSection":["Actualit\u00e9s","Divers","zz_5fa\u00e7ades","zz_Actualit\u00e9s - 5fa\u00e7ades"],"inLanguage":"fr-FR"},{"@type":"WebPage","@id":"https:\/\/batijournal.com\/index.php\/le-beton-au-journees-europeennes-du-patrimoine\/109181\/","url":"https:\/\/batijournal.com\/index.php\/le-beton-au-journees-europeennes-du-patrimoine\/109181\/","name":"Le b\u00e9ton au journ\u00e9es europ\u00e9ennes du patrimoine","isPartOf":{"@id":"https:\/\/batijournal.com\/#website"},"primaryImageOfPage":{"@id":"https:\/\/batijournal.com\/index.php\/le-beton-au-journees-europeennes-du-patrimoine\/109181\/#primaryimage"},"image":{"@id":"https:\/\/batijournal.com\/index.php\/le-beton-au-journees-europeennes-du-patrimoine\/109181\/#primaryimage"},"thumbnailUrl":"https:\/\/batijournal.com\/wp-content\/uploads\/2023\/09\/Centrale-Beton-Tolbiac-EQIOM.jpg","datePublished":"2023-09-08T14:23:50+00:00","author":{"@id":"https:\/\/batijournal.com\/#\/schema\/person\/1dc96ec6957aa1ccb25ebe78bb19f100"},"breadcrumb":{"@id":"https:\/\/batijournal.com\/index.php\/le-beton-au-journees-europeennes-du-patrimoine\/109181\/#breadcrumb"},"inLanguage":"fr-FR","potentialAction":[{"@type":"ReadAction","target":["https:\/\/batijournal.com\/index.php\/le-beton-au-journees-europeennes-du-patrimoine\/109181\/"]}]},{"@type":"ImageObject","inLanguage":"fr-FR","@id":"https:\/\/batijournal.com\/index.php\/le-beton-au-journees-europeennes-du-patrimoine\/109181\/#primaryimage","url":"https:\/\/batijournal.com\/wp-content\/uploads\/2023\/09\/Centrale-Beton-Tolbiac-EQIOM.jpg","contentUrl":"https:\/\/batijournal.com\/wp-content\/uploads\/2023\/09\/Centrale-Beton-Tolbiac-EQIOM.jpg","width":1000,"height":778},{"@type":"BreadcrumbList","@id":"https:\/\/batijournal.com\/index.php\/le-beton-au-journees-europeennes-du-patrimoine\/109181\/#breadcrumb","itemListElement":[{"@type":"ListItem","position":1,"name":"Accueil","item":"https:\/\/batijournal.com\/"},{"@type":"ListItem","position":2,"name":"Actualit\u00e9s","item":"https:\/\/batijournal.com\/index.php\/category\/actualites\/"},{"@type":"ListItem","position":3,"name":"Le b\u00e9ton au journ\u00e9es europ\u00e9ennes du patrimoine"}]},{"@type":"WebSite","@id":"https:\/\/batijournal.com\/#website","url":"https:\/\/batijournal.com\/","name":"Batijournal","description":"L&#039;actualit\u00e9 du b\u00e2timent","potentialAction":[{"@type":"SearchAction","target":{"@type":"EntryPoint","urlTemplate":"https:\/\/batijournal.com\/?s={search_term_string}"},"query-input":{"@type":"PropertyValueSpecification","valueRequired":true,"valueName":"search_term_string"}}],"inLanguage":"fr-FR"},{"@type":"Person","@id":"https:\/\/batijournal.com\/#\/schema\/person\/1dc96ec6957aa1ccb25ebe78bb19f100","name":"St\u00e9phane Miget","image":{"@type":"ImageObject","inLanguage":"fr-FR","@id":"https:\/\/secure.gravatar.com\/avatar\/89915563d925342126b8ef0281b93d9d7fc337043e8df017f780908eb9644451?s=96&d=mm&r=g","url":"https:\/\/secure.gravatar.com\/avatar\/89915563d925342126b8ef0281b93d9d7fc337043e8df017f780908eb9644451?s=96&d=mm&r=g","contentUrl":"https:\/\/secure.gravatar.com\/avatar\/89915563d925342126b8ef0281b93d9d7fc337043e8df017f780908eb9644451?s=96&d=mm&r=g","caption":"St\u00e9phane Miget"},"url":"https:\/\/batijournal.com\/index.php\/author\/stephane\/"}]}},"_links":{"self":[{"href":"https:\/\/batijournal.com\/index.php\/wp-json\/wp\/v2\/posts\/109181","targetHints":{"allow":["GET"]}}],"collection":[{"href":"https:\/\/batijournal.com\/index.php\/wp-json\/wp\/v2\/posts"}],"about":[{"href":"https:\/\/batijournal.com\/index.php\/wp-json\/wp\/v2\/types\/post"}],"author":[{"embeddable":true,"href":"https:\/\/batijournal.com\/index.php\/wp-json\/wp\/v2\/users\/17"}],"replies":[{"embeddable":true,"href":"https:\/\/batijournal.com\/index.php\/wp-json\/wp\/v2\/comments?post=109181"}],"version-history":[{"count":0,"href":"https:\/\/batijournal.com\/index.php\/wp-json\/wp\/v2\/posts\/109181\/revisions"}],"wp:featuredmedia":[{"embeddable":true,"href":"https:\/\/batijournal.com\/index.php\/wp-json\/wp\/v2\/media\/109182"}],"wp:attachment":[{"href":"https:\/\/batijournal.com\/index.php\/wp-json\/wp\/v2\/media?parent=109181"}],"wp:term":[{"taxonomy":"category","embeddable":true,"href":"https:\/\/batijournal.com\/index.php\/wp-json\/wp\/v2\/categories?post=109181"},{"taxonomy":"post_tag","embeddable":true,"href":"https:\/\/batijournal.com\/index.php\/wp-json\/wp\/v2\/tags?post=109181"}],"curies":[{"name":"wp","href":"https:\/\/api.w.org\/{rel}","templated":true}]}}