{"id":109202,"date":"2023-09-13T18:42:21","date_gmt":"2023-09-13T16:42:21","guid":{"rendered":"https:\/\/batijournal.com\/?p=109202"},"modified":"2023-09-13T18:42:21","modified_gmt":"2023-09-13T16:42:21","slug":"une-consultation-publique-sur-la-methode-label-bas-carbone-dite-ville-arboree","status":"publish","type":"post","link":"https:\/\/batijournal.com\/index.php\/une-consultation-publique-sur-la-methode-label-bas-carbone-dite-ville-arboree\/109202\/","title":{"rendered":"Une consultation publique sur la m\u00e9thode Label Bas Carbone dite \u00ab Ville arbor\u00e9e \u00bb"},"content":{"rendered":"<p>La M\u00e9thode Label Bas Carbone dite \u00ab Ville arbor\u00e9e \u00bb pour la v\u00e9g\u00e9talisation des espaces urbains\u00a0d\u00e9crit l\u2019ensemble des crit\u00e8res d\u2019\u00e9ligibilit\u00e9, d\u2019additionnalit\u00e9, de prise en compte des risques de non-permanence et des proc\u00e9dures permettant l\u2019estimation des r\u00e9ductions nettes d\u2019\u00e9missions de gaz \u00e0 effet de serre dans le cadre de projets volontaires d\u2019accroissement du couvert arbor\u00e9 en ville (plantation d\u2019arbres et d\u2019arbustes y compris, la replantation d\u2019arbre). Ce territoire, tr\u00e8s \u00e9metteur de gaz \u00e0 effets de serre, est sensiblement affect\u00e9 par les effets du changement climatique et par l\u2019\u00e9rosion de la biodiversit\u00e9. Vous pouvez consulter ce projet de texte et faire part de vos observations, via le lien \u00ab\u00a0D\u00e9poser votre commentaire\u00a0\u00bb du 07\/09\/2023 au 28\/09\/2023 inclus :<\/p>\n<p><a href=\"https:\/\/www.consultations-publiques.developpement-durable.gouv.fr\/methode-label-bas-carbone-dite-ville-arboree-pour-a2911.html\">https:\/\/www.consultations-publiques.developpement-durable.gouv.fr\/methode-label-bas-carbone-dite-ville-arboree-pour-a2911.html<\/a><\/p>\n","protected":false},"excerpt":{"rendered":"<p>La M\u00e9thode Label Bas Carbone dite \u00ab Ville arbor\u00e9e \u00bb pour la v\u00e9g\u00e9talisation des espaces urbains\u00a0d\u00e9crit l\u2019ensemble des crit\u00e8res d\u2019\u00e9ligibilit\u00e9, d\u2019additionnalit\u00e9, de prise en compte des risques de non-permanence et des proc\u00e9dures permettant l\u2019estimation des r\u00e9ductions nettes d\u2019\u00e9missions de gaz \u00e0 effet de serre dans le cadre de projets volontaires d\u2019accroissement du couvert arbor\u00e9 en [&hellip;]<\/p>\n","protected":false},"author":17,"featured_media":109203,"comment_status":"closed","ping_status":"closed","sticky":false,"template":"","format":"standard","meta":{"_et_pb_use_builder":"","_et_pb_old_content":"","_et_gb_content_width":"","footnotes":""},"categories":[10530,6351,10781,10778],"tags":[13009,1658,1405],"class_list":["post-109202","post","type-post","status-publish","format-standard","has-post-thumbnail","hentry","category-actualites","category-energie-environnement","category-publications-planete","category-planete","tag-bas-carbone","tag-vegetalisation","tag-ville"],"yoast_head":"<!-- This site is optimized with the Yoast SEO plugin v27.4 - https:\/\/yoast.com\/product\/yoast-seo-wordpress\/ -->\n<title>Une consultation publique sur la m\u00e9thode Label Bas Carbone dite \u00ab Ville arbor\u00e9e \u00bb<\/title>\n<meta name=\"robots\" content=\"index, follow, max-snippet:-1, max-image-preview:large, max-video-preview:-1\" \/>\n<link rel=\"canonical\" href=\"https:\/\/batijournal.com\/index.php\/une-consultation-publique-sur-la-methode-label-bas-carbone-dite-ville-arboree\/109202\/\" \/>\n<meta property=\"og:locale\" content=\"fr_FR\" \/>\n<meta property=\"og:type\" content=\"article\" \/>\n<meta property=\"og:title\" content=\"Une consultation publique sur la m\u00e9thode Label Bas Carbone dite \u00ab Ville arbor\u00e9e \u00bb\" \/>\n<meta property=\"og:description\" content=\"La M\u00e9thode Label Bas Carbone dite \u00ab Ville arbor\u00e9e \u00bb pour la v\u00e9g\u00e9talisation des espaces urbains\u00a0d\u00e9crit l\u2019ensemble des crit\u00e8res d\u2019\u00e9ligibilit\u00e9, d\u2019additionnalit\u00e9, de prise en compte des risques de non-permanence et des proc\u00e9dures permettant l\u2019estimation des r\u00e9ductions nettes d\u2019\u00e9missions de gaz \u00e0 effet de serre dans le cadre de projets volontaires d\u2019accroissement du couvert arbor\u00e9 en [&hellip;]\" \/>\n<meta property=\"og:url\" content=\"https:\/\/batijournal.com\/index.php\/une-consultation-publique-sur-la-methode-label-bas-carbone-dite-ville-arboree\/109202\/\" \/>\n<meta property=\"og:site_name\" content=\"Batijournal\" \/>\n<meta property=\"article:published_time\" content=\"2023-09-13T16:42:21+00:00\" \/>\n<meta property=\"og:image\" content=\"https:\/\/batijournal.com\/wp-content\/uploads\/2023\/09\/arbres-aix-en-provence.jpg\" \/>\n\t<meta property=\"og:image:width\" content=\"1000\" \/>\n\t<meta property=\"og:image:height\" content=\"781\" \/>\n\t<meta property=\"og:image:type\" content=\"image\/jpeg\" \/>\n<meta name=\"author\" content=\"St\u00e9phane Miget\" \/>\n<meta name=\"twitter:card\" content=\"summary_large_image\" \/>\n<meta name=\"twitter:creator\" content=\"@bati_journal\" \/>\n<meta name=\"twitter:site\" content=\"@bati_journal\" \/>\n<meta name=\"twitter:label1\" content=\"\u00c9crit par\" \/>\n\t<meta name=\"twitter:data1\" content=\"St\u00e9phane Miget\" \/>\n\t<meta name=\"twitter:label2\" content=\"Dur\u00e9e de lecture estim\u00e9e\" \/>\n\t<meta name=\"twitter:data2\" content=\"1 minute\" \/>\n<script type=\"application\/ld+json\" class=\"yoast-schema-graph\">{\"@context\":\"https:\\\/\\\/schema.org\",\"@graph\":[{\"@type\":\"Article\",\"@id\":\"https:\\\/\\\/batijournal.com\\\/index.php\\\/une-consultation-publique-sur-la-methode-label-bas-carbone-dite-ville-arboree\\\/109202\\\/#article\",\"isPartOf\":{\"@id\":\"https:\\\/\\\/batijournal.com\\\/index.php\\\/une-consultation-publique-sur-la-methode-label-bas-carbone-dite-ville-arboree\\\/109202\\\/\"},\"author\":{\"name\":\"St\u00e9phane Miget\",\"@id\":\"https:\\\/\\\/batijournal.com\\\/#\\\/schema\\\/person\\\/1dc96ec6957aa1ccb25ebe78bb19f100\"},\"headline\":\"Une consultation publique sur la m\u00e9thode Label Bas Carbone dite \u00ab Ville arbor\u00e9e \u00bb\",\"datePublished\":\"2023-09-13T16:42:21+00:00\",\"mainEntityOfPage\":{\"@id\":\"https:\\\/\\\/batijournal.com\\\/index.php\\\/une-consultation-publique-sur-la-methode-label-bas-carbone-dite-ville-arboree\\\/109202\\\/\"},\"wordCount\":151,\"image\":{\"@id\":\"https:\\\/\\\/batijournal.com\\\/index.php\\\/une-consultation-publique-sur-la-methode-label-bas-carbone-dite-ville-arboree\\\/109202\\\/#primaryimage\"},\"thumbnailUrl\":\"https:\\\/\\\/batijournal.com\\\/wp-content\\\/uploads\\\/2023\\\/09\\\/arbres-aix-en-provence.jpg\",\"keywords\":[\"bas carbone\",\"v\u00e9g\u00e9talisation\",\"ville\"],\"articleSection\":[\"Actualit\u00e9s\",\"\u00c9nergie &amp; Environnement\",\"zz_Actualit\u00e9s - Plan\u00e8te\",\"zz_Plan\u00e8te B\u00e2timent\"],\"inLanguage\":\"fr-FR\"},{\"@type\":\"WebPage\",\"@id\":\"https:\\\/\\\/batijournal.com\\\/index.php\\\/une-consultation-publique-sur-la-methode-label-bas-carbone-dite-ville-arboree\\\/109202\\\/\",\"url\":\"https:\\\/\\\/batijournal.com\\\/index.php\\\/une-consultation-publique-sur-la-methode-label-bas-carbone-dite-ville-arboree\\\/109202\\\/\",\"name\":\"Une consultation publique sur la m\u00e9thode Label Bas Carbone dite \u00ab Ville arbor\u00e9e \u00bb\",\"isPartOf\":{\"@id\":\"https:\\\/\\\/batijournal.com\\\/#website\"},\"primaryImageOfPage\":{\"@id\":\"https:\\\/\\\/batijournal.com\\\/index.php\\\/une-consultation-publique-sur-la-methode-label-bas-carbone-dite-ville-arboree\\\/109202\\\/#primaryimage\"},\"image\":{\"@id\":\"https:\\\/\\\/batijournal.com\\\/index.php\\\/une-consultation-publique-sur-la-methode-label-bas-carbone-dite-ville-arboree\\\/109202\\\/#primaryimage\"},\"thumbnailUrl\":\"https:\\\/\\\/batijournal.com\\\/wp-content\\\/uploads\\\/2023\\\/09\\\/arbres-aix-en-provence.jpg\",\"datePublished\":\"2023-09-13T16:42:21+00:00\",\"author\":{\"@id\":\"https:\\\/\\\/batijournal.com\\\/#\\\/schema\\\/person\\\/1dc96ec6957aa1ccb25ebe78bb19f100\"},\"breadcrumb\":{\"@id\":\"https:\\\/\\\/batijournal.com\\\/index.php\\\/une-consultation-publique-sur-la-methode-label-bas-carbone-dite-ville-arboree\\\/109202\\\/#breadcrumb\"},\"inLanguage\":\"fr-FR\",\"potentialAction\":[{\"@type\":\"ReadAction\",\"target\":[\"https:\\\/\\\/batijournal.com\\\/index.php\\\/une-consultation-publique-sur-la-methode-label-bas-carbone-dite-ville-arboree\\\/109202\\\/\"]}]},{\"@type\":\"ImageObject\",\"inLanguage\":\"fr-FR\",\"@id\":\"https:\\\/\\\/batijournal.com\\\/index.php\\\/une-consultation-publique-sur-la-methode-label-bas-carbone-dite-ville-arboree\\\/109202\\\/#primaryimage\",\"url\":\"https:\\\/\\\/batijournal.com\\\/wp-content\\\/uploads\\\/2023\\\/09\\\/arbres-aix-en-provence.jpg\",\"contentUrl\":\"https:\\\/\\\/batijournal.com\\\/wp-content\\\/uploads\\\/2023\\\/09\\\/arbres-aix-en-provence.jpg\",\"width\":1000,\"height\":781},{\"@type\":\"BreadcrumbList\",\"@id\":\"https:\\\/\\\/batijournal.com\\\/index.php\\\/une-consultation-publique-sur-la-methode-label-bas-carbone-dite-ville-arboree\\\/109202\\\/#breadcrumb\",\"itemListElement\":[{\"@type\":\"ListItem\",\"position\":1,\"name\":\"Accueil\",\"item\":\"https:\\\/\\\/batijournal.com\\\/\"},{\"@type\":\"ListItem\",\"position\":2,\"name\":\"Actualit\u00e9s\",\"item\":\"https:\\\/\\\/batijournal.com\\\/index.php\\\/category\\\/actualites\\\/\"},{\"@type\":\"ListItem\",\"position\":3,\"name\":\"Une consultation publique sur la m\u00e9thode Label Bas Carbone dite \u00ab Ville arbor\u00e9e \u00bb\"}]},{\"@type\":\"WebSite\",\"@id\":\"https:\\\/\\\/batijournal.com\\\/#website\",\"url\":\"https:\\\/\\\/batijournal.com\\\/\",\"name\":\"Batijournal\",\"description\":\"L&#039;actualit\u00e9 du b\u00e2timent\",\"potentialAction\":[{\"@type\":\"SearchAction\",\"target\":{\"@type\":\"EntryPoint\",\"urlTemplate\":\"https:\\\/\\\/batijournal.com\\\/?s={search_term_string}\"},\"query-input\":{\"@type\":\"PropertyValueSpecification\",\"valueRequired\":true,\"valueName\":\"search_term_string\"}}],\"inLanguage\":\"fr-FR\"},{\"@type\":\"Person\",\"@id\":\"https:\\\/\\\/batijournal.com\\\/#\\\/schema\\\/person\\\/1dc96ec6957aa1ccb25ebe78bb19f100\",\"name\":\"St\u00e9phane Miget\",\"image\":{\"@type\":\"ImageObject\",\"inLanguage\":\"fr-FR\",\"@id\":\"https:\\\/\\\/secure.gravatar.com\\\/avatar\\\/89915563d925342126b8ef0281b93d9d7fc337043e8df017f780908eb9644451?s=96&d=mm&r=g\",\"url\":\"https:\\\/\\\/secure.gravatar.com\\\/avatar\\\/89915563d925342126b8ef0281b93d9d7fc337043e8df017f780908eb9644451?s=96&d=mm&r=g\",\"contentUrl\":\"https:\\\/\\\/secure.gravatar.com\\\/avatar\\\/89915563d925342126b8ef0281b93d9d7fc337043e8df017f780908eb9644451?s=96&d=mm&r=g\",\"caption\":\"St\u00e9phane Miget\"},\"url\":\"https:\\\/\\\/batijournal.com\\\/index.php\\\/author\\\/stephane\\\/\"}]}<\/script>\n<!-- \/ Yoast SEO plugin. -->","yoast_head_json":{"title":"Une consultation publique sur la m\u00e9thode Label Bas Carbone dite \u00ab Ville arbor\u00e9e \u00bb","robots":{"index":"index","follow":"follow","max-snippet":"max-snippet:-1","max-image-preview":"max-image-preview:large","max-video-preview":"max-video-preview:-1"},"canonical":"https:\/\/batijournal.com\/index.php\/une-consultation-publique-sur-la-methode-label-bas-carbone-dite-ville-arboree\/109202\/","og_locale":"fr_FR","og_type":"article","og_title":"Une consultation publique sur la m\u00e9thode Label Bas Carbone dite \u00ab Ville arbor\u00e9e \u00bb","og_description":"La M\u00e9thode Label Bas Carbone dite \u00ab Ville arbor\u00e9e \u00bb pour la v\u00e9g\u00e9talisation des espaces urbains\u00a0d\u00e9crit l\u2019ensemble des crit\u00e8res d\u2019\u00e9ligibilit\u00e9, d\u2019additionnalit\u00e9, de prise en compte des risques de non-permanence et des proc\u00e9dures permettant l\u2019estimation des r\u00e9ductions nettes d\u2019\u00e9missions de gaz \u00e0 effet de serre dans le cadre de projets volontaires d\u2019accroissement du couvert arbor\u00e9 en [&hellip;]","og_url":"https:\/\/batijournal.com\/index.php\/une-consultation-publique-sur-la-methode-label-bas-carbone-dite-ville-arboree\/109202\/","og_site_name":"Batijournal","article_published_time":"2023-09-13T16:42:21+00:00","og_image":[{"width":1000,"height":781,"url":"https:\/\/batijournal.com\/wp-content\/uploads\/2023\/09\/arbres-aix-en-provence.jpg","type":"image\/jpeg"}],"author":"St\u00e9phane Miget","twitter_card":"summary_large_image","twitter_creator":"@bati_journal","twitter_site":"@bati_journal","twitter_misc":{"\u00c9crit par":"St\u00e9phane Miget","Dur\u00e9e de lecture estim\u00e9e":"1 minute"},"schema":{"@context":"https:\/\/schema.org","@graph":[{"@type":"Article","@id":"https:\/\/batijournal.com\/index.php\/une-consultation-publique-sur-la-methode-label-bas-carbone-dite-ville-arboree\/109202\/#article","isPartOf":{"@id":"https:\/\/batijournal.com\/index.php\/une-consultation-publique-sur-la-methode-label-bas-carbone-dite-ville-arboree\/109202\/"},"author":{"name":"St\u00e9phane Miget","@id":"https:\/\/batijournal.com\/#\/schema\/person\/1dc96ec6957aa1ccb25ebe78bb19f100"},"headline":"Une consultation publique sur la m\u00e9thode Label Bas Carbone dite \u00ab Ville arbor\u00e9e \u00bb","datePublished":"2023-09-13T16:42:21+00:00","mainEntityOfPage":{"@id":"https:\/\/batijournal.com\/index.php\/une-consultation-publique-sur-la-methode-label-bas-carbone-dite-ville-arboree\/109202\/"},"wordCount":151,"image":{"@id":"https:\/\/batijournal.com\/index.php\/une-consultation-publique-sur-la-methode-label-bas-carbone-dite-ville-arboree\/109202\/#primaryimage"},"thumbnailUrl":"https:\/\/batijournal.com\/wp-content\/uploads\/2023\/09\/arbres-aix-en-provence.jpg","keywords":["bas carbone","v\u00e9g\u00e9talisation","ville"],"articleSection":["Actualit\u00e9s","\u00c9nergie &amp; Environnement","zz_Actualit\u00e9s - Plan\u00e8te","zz_Plan\u00e8te B\u00e2timent"],"inLanguage":"fr-FR"},{"@type":"WebPage","@id":"https:\/\/batijournal.com\/index.php\/une-consultation-publique-sur-la-methode-label-bas-carbone-dite-ville-arboree\/109202\/","url":"https:\/\/batijournal.com\/index.php\/une-consultation-publique-sur-la-methode-label-bas-carbone-dite-ville-arboree\/109202\/","name":"Une consultation publique sur la m\u00e9thode Label Bas Carbone dite \u00ab Ville arbor\u00e9e \u00bb","isPartOf":{"@id":"https:\/\/batijournal.com\/#website"},"primaryImageOfPage":{"@id":"https:\/\/batijournal.com\/index.php\/une-consultation-publique-sur-la-methode-label-bas-carbone-dite-ville-arboree\/109202\/#primaryimage"},"image":{"@id":"https:\/\/batijournal.com\/index.php\/une-consultation-publique-sur-la-methode-label-bas-carbone-dite-ville-arboree\/109202\/#primaryimage"},"thumbnailUrl":"https:\/\/batijournal.com\/wp-content\/uploads\/2023\/09\/arbres-aix-en-provence.jpg","datePublished":"2023-09-13T16:42:21+00:00","author":{"@id":"https:\/\/batijournal.com\/#\/schema\/person\/1dc96ec6957aa1ccb25ebe78bb19f100"},"breadcrumb":{"@id":"https:\/\/batijournal.com\/index.php\/une-consultation-publique-sur-la-methode-label-bas-carbone-dite-ville-arboree\/109202\/#breadcrumb"},"inLanguage":"fr-FR","potentialAction":[{"@type":"ReadAction","target":["https:\/\/batijournal.com\/index.php\/une-consultation-publique-sur-la-methode-label-bas-carbone-dite-ville-arboree\/109202\/"]}]},{"@type":"ImageObject","inLanguage":"fr-FR","@id":"https:\/\/batijournal.com\/index.php\/une-consultation-publique-sur-la-methode-label-bas-carbone-dite-ville-arboree\/109202\/#primaryimage","url":"https:\/\/batijournal.com\/wp-content\/uploads\/2023\/09\/arbres-aix-en-provence.jpg","contentUrl":"https:\/\/batijournal.com\/wp-content\/uploads\/2023\/09\/arbres-aix-en-provence.jpg","width":1000,"height":781},{"@type":"BreadcrumbList","@id":"https:\/\/batijournal.com\/index.php\/une-consultation-publique-sur-la-methode-label-bas-carbone-dite-ville-arboree\/109202\/#breadcrumb","itemListElement":[{"@type":"ListItem","position":1,"name":"Accueil","item":"https:\/\/batijournal.com\/"},{"@type":"ListItem","position":2,"name":"Actualit\u00e9s","item":"https:\/\/batijournal.com\/index.php\/category\/actualites\/"},{"@type":"ListItem","position":3,"name":"Une consultation publique sur la m\u00e9thode Label Bas Carbone dite \u00ab Ville arbor\u00e9e \u00bb"}]},{"@type":"WebSite","@id":"https:\/\/batijournal.com\/#website","url":"https:\/\/batijournal.com\/","name":"Batijournal","description":"L&#039;actualit\u00e9 du b\u00e2timent","potentialAction":[{"@type":"SearchAction","target":{"@type":"EntryPoint","urlTemplate":"https:\/\/batijournal.com\/?s={search_term_string}"},"query-input":{"@type":"PropertyValueSpecification","valueRequired":true,"valueName":"search_term_string"}}],"inLanguage":"fr-FR"},{"@type":"Person","@id":"https:\/\/batijournal.com\/#\/schema\/person\/1dc96ec6957aa1ccb25ebe78bb19f100","name":"St\u00e9phane Miget","image":{"@type":"ImageObject","inLanguage":"fr-FR","@id":"https:\/\/secure.gravatar.com\/avatar\/89915563d925342126b8ef0281b93d9d7fc337043e8df017f780908eb9644451?s=96&d=mm&r=g","url":"https:\/\/secure.gravatar.com\/avatar\/89915563d925342126b8ef0281b93d9d7fc337043e8df017f780908eb9644451?s=96&d=mm&r=g","contentUrl":"https:\/\/secure.gravatar.com\/avatar\/89915563d925342126b8ef0281b93d9d7fc337043e8df017f780908eb9644451?s=96&d=mm&r=g","caption":"St\u00e9phane Miget"},"url":"https:\/\/batijournal.com\/index.php\/author\/stephane\/"}]}},"_links":{"self":[{"href":"https:\/\/batijournal.com\/index.php\/wp-json\/wp\/v2\/posts\/109202","targetHints":{"allow":["GET"]}}],"collection":[{"href":"https:\/\/batijournal.com\/index.php\/wp-json\/wp\/v2\/posts"}],"about":[{"href":"https:\/\/batijournal.com\/index.php\/wp-json\/wp\/v2\/types\/post"}],"author":[{"embeddable":true,"href":"https:\/\/batijournal.com\/index.php\/wp-json\/wp\/v2\/users\/17"}],"replies":[{"embeddable":true,"href":"https:\/\/batijournal.com\/index.php\/wp-json\/wp\/v2\/comments?post=109202"}],"version-history":[{"count":0,"href":"https:\/\/batijournal.com\/index.php\/wp-json\/wp\/v2\/posts\/109202\/revisions"}],"wp:featuredmedia":[{"embeddable":true,"href":"https:\/\/batijournal.com\/index.php\/wp-json\/wp\/v2\/media\/109203"}],"wp:attachment":[{"href":"https:\/\/batijournal.com\/index.php\/wp-json\/wp\/v2\/media?parent=109202"}],"wp:term":[{"taxonomy":"category","embeddable":true,"href":"https:\/\/batijournal.com\/index.php\/wp-json\/wp\/v2\/categories?post=109202"},{"taxonomy":"post_tag","embeddable":true,"href":"https:\/\/batijournal.com\/index.php\/wp-json\/wp\/v2\/tags?post=109202"}],"curies":[{"name":"wp","href":"https:\/\/api.w.org\/{rel}","templated":true}]}}