{"id":109217,"date":"2023-09-14T18:11:50","date_gmt":"2023-09-14T16:11:50","guid":{"rendered":"https:\/\/batijournal.com\/?p=109217"},"modified":"2023-09-14T18:11:50","modified_gmt":"2023-09-14T16:11:50","slug":"des-journees-europeennes-du-patrimoine-bodybuildees-par-lolympiade-culturelle","status":"publish","type":"post","link":"https:\/\/batijournal.com\/index.php\/des-journees-europeennes-du-patrimoine-bodybuildees-par-lolympiade-culturelle\/109217\/","title":{"rendered":"Des Journ\u00e9es europ\u00e9ennes du patrimoine bodybuild\u00e9es par l\u2019Olympiade Culturelle"},"content":{"rendered":"<p>Les Journ\u00e9es europ\u00e9ennes du patrimoine se tiendront ce week-end des 16 et 17 septembre pour leur 40e \u00e9dition. La France concentre \u00e0 elle-seule la moiti\u00e9 des 50 000 \u00e9v\u00e9nements organis\u00e9s pour l\u2019occasion. Le succ\u00e8s repose sur la grande diversit\u00e9 des \u00e9v\u00e9nements propos\u00e9s aux visiteurs et sur la possibilit\u00e9 de d\u00e9couvrir de nombreux b\u00e2timents habituellement ferm\u00e9s au public. L\u2019\u00e9dition 2023 op\u00e8re un passage de relais entre la programmation de l\u2019\u00c9t\u00e9 de l\u2019Olympiade Culturelle et celle de l\u2019Automne. Grande saison culturelle pr\u00e9c\u00e9dant et accompagnant les Jeux Olympiques et Paralympiques, l\u2019Olympiade Culturelle d\u00e9ploie, depuis 2021, une programmation artistique et culturelle pluridisciplinaire ambitieuse pour explorer les liens entre l\u2019art et le sport et ajouter aux \u00e9motions sportives des \u00e9motions culturelles. Ce week-end, de nombreuses infrastructures et lieux de pratiques sportives (stades, piscines, hippodromes, v\u00e9lodromes, etc.) ouvriront leurs portes pour faire d\u00e9couvrir le patrimoine du sport dans toutes ses dimensions. La manifestation constituera ainsi une occasion privil\u00e9gi\u00e9e d\u2019observer comment l\u2019art \u00e9claire le sport, comment les valeurs olympiques inspirent les artistes, mais aussi la repr\u00e9sentation du sport \u00e0 travers les arts. La litt\u00e9rature et le cin\u00e9ma fournissent en effet d\u2019innombrables oeuvres documentaires ou de fiction qui transmettent l\u2019histoire du sport. La musique fait \u00e9galement partie de ce patrimoine, \u00e0 l\u2019instar des chants de supporters ou des chansons d\u00e9di\u00e9es \u00e0 une \u00e9quipe. Les Journ\u00e9es europ\u00e9ennes du patrimoine permettront \u00e9galement d\u2019explorer les gestes sportifs, les outils n\u00e9cessaires aux pratiques physiques et leurs \u00e9volutions, dont l\u2019\u00e9tude vient alimenter l\u2019histoire des techniques. Sans oublier les tenues de sport, qui ont eu et continuent d\u2019exercer une influence ind\u00e9niable sur la mode.<\/p>\n","protected":false},"excerpt":{"rendered":"<p>Les Journ\u00e9es europ\u00e9ennes du patrimoine se tiendront ce week-end des 16 et 17 septembre pour leur 40e \u00e9dition. La France concentre \u00e0 elle-seule la moiti\u00e9 des 50 000 \u00e9v\u00e9nements organis\u00e9s pour l\u2019occasion. Le succ\u00e8s repose sur la grande diversit\u00e9 des \u00e9v\u00e9nements propos\u00e9s aux visiteurs et sur la possibilit\u00e9 de d\u00e9couvrir de nombreux b\u00e2timents habituellement ferm\u00e9s [&hellip;]<\/p>\n","protected":false},"author":17,"featured_media":109218,"comment_status":"closed","ping_status":"closed","sticky":false,"template":"","format":"standard","meta":{"_et_pb_use_builder":"","_et_pb_old_content":"","_et_gb_content_width":"","footnotes":""},"categories":[10530,6362,10789,10785],"tags":[8346],"class_list":["post-109217","post","type-post","status-publish","format-standard","has-post-thumbnail","hentry","category-actualites","category-services-equipements","category-publications-atrium","category-atrium","tag-journees-europeennes-du-patrimoine"],"yoast_head":"<!-- This site is optimized with the Yoast SEO plugin v27.4 - https:\/\/yoast.com\/product\/yoast-seo-wordpress\/ -->\n<title>Des Journ\u00e9es europ\u00e9ennes du patrimoine bodybuild\u00e9es par l\u2019Olympiade Culturelle<\/title>\n<meta name=\"robots\" content=\"index, follow, max-snippet:-1, max-image-preview:large, max-video-preview:-1\" \/>\n<link rel=\"canonical\" href=\"https:\/\/batijournal.com\/index.php\/des-journees-europeennes-du-patrimoine-bodybuildees-par-lolympiade-culturelle\/109217\/\" \/>\n<meta property=\"og:locale\" content=\"fr_FR\" \/>\n<meta property=\"og:type\" content=\"article\" \/>\n<meta property=\"og:title\" content=\"Des Journ\u00e9es europ\u00e9ennes du patrimoine bodybuild\u00e9es par l\u2019Olympiade Culturelle\" \/>\n<meta property=\"og:description\" content=\"Les Journ\u00e9es europ\u00e9ennes du patrimoine se tiendront ce week-end des 16 et 17 septembre pour leur 40e \u00e9dition. La France concentre \u00e0 elle-seule la moiti\u00e9 des 50 000 \u00e9v\u00e9nements organis\u00e9s pour l\u2019occasion. Le succ\u00e8s repose sur la grande diversit\u00e9 des \u00e9v\u00e9nements propos\u00e9s aux visiteurs et sur la possibilit\u00e9 de d\u00e9couvrir de nombreux b\u00e2timents habituellement ferm\u00e9s [&hellip;]\" \/>\n<meta property=\"og:url\" content=\"https:\/\/batijournal.com\/index.php\/des-journees-europeennes-du-patrimoine-bodybuildees-par-lolympiade-culturelle\/109217\/\" \/>\n<meta property=\"og:site_name\" content=\"Batijournal\" \/>\n<meta property=\"article:published_time\" content=\"2023-09-14T16:11:50+00:00\" \/>\n<meta property=\"og:image\" content=\"https:\/\/batijournal.com\/wp-content\/uploads\/2023\/09\/JEP_TWITTER_LINKEDIN-960x540_3.jpg\" \/>\n\t<meta property=\"og:image:width\" content=\"960\" \/>\n\t<meta property=\"og:image:height\" content=\"540\" \/>\n\t<meta property=\"og:image:type\" content=\"image\/jpeg\" \/>\n<meta name=\"author\" content=\"St\u00e9phane Miget\" \/>\n<meta name=\"twitter:card\" content=\"summary_large_image\" \/>\n<meta name=\"twitter:creator\" content=\"@bati_journal\" \/>\n<meta name=\"twitter:site\" content=\"@bati_journal\" \/>\n<meta name=\"twitter:label1\" content=\"\u00c9crit par\" \/>\n\t<meta name=\"twitter:data1\" content=\"St\u00e9phane Miget\" \/>\n\t<meta name=\"twitter:label2\" content=\"Dur\u00e9e de lecture estim\u00e9e\" \/>\n\t<meta name=\"twitter:data2\" content=\"1 minute\" \/>\n<script type=\"application\/ld+json\" class=\"yoast-schema-graph\">{\"@context\":\"https:\\\/\\\/schema.org\",\"@graph\":[{\"@type\":\"Article\",\"@id\":\"https:\\\/\\\/batijournal.com\\\/index.php\\\/des-journees-europeennes-du-patrimoine-bodybuildees-par-lolympiade-culturelle\\\/109217\\\/#article\",\"isPartOf\":{\"@id\":\"https:\\\/\\\/batijournal.com\\\/index.php\\\/des-journees-europeennes-du-patrimoine-bodybuildees-par-lolympiade-culturelle\\\/109217\\\/\"},\"author\":{\"name\":\"St\u00e9phane Miget\",\"@id\":\"https:\\\/\\\/batijournal.com\\\/#\\\/schema\\\/person\\\/1dc96ec6957aa1ccb25ebe78bb19f100\"},\"headline\":\"Des Journ\u00e9es europ\u00e9ennes du patrimoine bodybuild\u00e9es par l\u2019Olympiade Culturelle\",\"datePublished\":\"2023-09-14T16:11:50+00:00\",\"mainEntityOfPage\":{\"@id\":\"https:\\\/\\\/batijournal.com\\\/index.php\\\/des-journees-europeennes-du-patrimoine-bodybuildees-par-lolympiade-culturelle\\\/109217\\\/\"},\"wordCount\":306,\"image\":{\"@id\":\"https:\\\/\\\/batijournal.com\\\/index.php\\\/des-journees-europeennes-du-patrimoine-bodybuildees-par-lolympiade-culturelle\\\/109217\\\/#primaryimage\"},\"thumbnailUrl\":\"https:\\\/\\\/batijournal.com\\\/wp-content\\\/uploads\\\/2023\\\/09\\\/JEP_TWITTER_LINKEDIN-960x540_3.jpg\",\"keywords\":[\"journees europeennes du patrimoine\"],\"articleSection\":[\"Actualit\u00e9s\",\"Divers\",\"zz_Actualit\u00e9s - Atrium\",\"zz_Atrium Patrimoine\"],\"inLanguage\":\"fr-FR\"},{\"@type\":\"WebPage\",\"@id\":\"https:\\\/\\\/batijournal.com\\\/index.php\\\/des-journees-europeennes-du-patrimoine-bodybuildees-par-lolympiade-culturelle\\\/109217\\\/\",\"url\":\"https:\\\/\\\/batijournal.com\\\/index.php\\\/des-journees-europeennes-du-patrimoine-bodybuildees-par-lolympiade-culturelle\\\/109217\\\/\",\"name\":\"Des Journ\u00e9es europ\u00e9ennes du patrimoine bodybuild\u00e9es par l\u2019Olympiade Culturelle\",\"isPartOf\":{\"@id\":\"https:\\\/\\\/batijournal.com\\\/#website\"},\"primaryImageOfPage\":{\"@id\":\"https:\\\/\\\/batijournal.com\\\/index.php\\\/des-journees-europeennes-du-patrimoine-bodybuildees-par-lolympiade-culturelle\\\/109217\\\/#primaryimage\"},\"image\":{\"@id\":\"https:\\\/\\\/batijournal.com\\\/index.php\\\/des-journees-europeennes-du-patrimoine-bodybuildees-par-lolympiade-culturelle\\\/109217\\\/#primaryimage\"},\"thumbnailUrl\":\"https:\\\/\\\/batijournal.com\\\/wp-content\\\/uploads\\\/2023\\\/09\\\/JEP_TWITTER_LINKEDIN-960x540_3.jpg\",\"datePublished\":\"2023-09-14T16:11:50+00:00\",\"author\":{\"@id\":\"https:\\\/\\\/batijournal.com\\\/#\\\/schema\\\/person\\\/1dc96ec6957aa1ccb25ebe78bb19f100\"},\"breadcrumb\":{\"@id\":\"https:\\\/\\\/batijournal.com\\\/index.php\\\/des-journees-europeennes-du-patrimoine-bodybuildees-par-lolympiade-culturelle\\\/109217\\\/#breadcrumb\"},\"inLanguage\":\"fr-FR\",\"potentialAction\":[{\"@type\":\"ReadAction\",\"target\":[\"https:\\\/\\\/batijournal.com\\\/index.php\\\/des-journees-europeennes-du-patrimoine-bodybuildees-par-lolympiade-culturelle\\\/109217\\\/\"]}]},{\"@type\":\"ImageObject\",\"inLanguage\":\"fr-FR\",\"@id\":\"https:\\\/\\\/batijournal.com\\\/index.php\\\/des-journees-europeennes-du-patrimoine-bodybuildees-par-lolympiade-culturelle\\\/109217\\\/#primaryimage\",\"url\":\"https:\\\/\\\/batijournal.com\\\/wp-content\\\/uploads\\\/2023\\\/09\\\/JEP_TWITTER_LINKEDIN-960x540_3.jpg\",\"contentUrl\":\"https:\\\/\\\/batijournal.com\\\/wp-content\\\/uploads\\\/2023\\\/09\\\/JEP_TWITTER_LINKEDIN-960x540_3.jpg\",\"width\":960,\"height\":540},{\"@type\":\"BreadcrumbList\",\"@id\":\"https:\\\/\\\/batijournal.com\\\/index.php\\\/des-journees-europeennes-du-patrimoine-bodybuildees-par-lolympiade-culturelle\\\/109217\\\/#breadcrumb\",\"itemListElement\":[{\"@type\":\"ListItem\",\"position\":1,\"name\":\"Accueil\",\"item\":\"https:\\\/\\\/batijournal.com\\\/\"},{\"@type\":\"ListItem\",\"position\":2,\"name\":\"Actualit\u00e9s\",\"item\":\"https:\\\/\\\/batijournal.com\\\/index.php\\\/category\\\/actualites\\\/\"},{\"@type\":\"ListItem\",\"position\":3,\"name\":\"Des Journ\u00e9es europ\u00e9ennes du patrimoine bodybuild\u00e9es par l\u2019Olympiade Culturelle\"}]},{\"@type\":\"WebSite\",\"@id\":\"https:\\\/\\\/batijournal.com\\\/#website\",\"url\":\"https:\\\/\\\/batijournal.com\\\/\",\"name\":\"Batijournal\",\"description\":\"L&#039;actualit\u00e9 du b\u00e2timent\",\"potentialAction\":[{\"@type\":\"SearchAction\",\"target\":{\"@type\":\"EntryPoint\",\"urlTemplate\":\"https:\\\/\\\/batijournal.com\\\/?s={search_term_string}\"},\"query-input\":{\"@type\":\"PropertyValueSpecification\",\"valueRequired\":true,\"valueName\":\"search_term_string\"}}],\"inLanguage\":\"fr-FR\"},{\"@type\":\"Person\",\"@id\":\"https:\\\/\\\/batijournal.com\\\/#\\\/schema\\\/person\\\/1dc96ec6957aa1ccb25ebe78bb19f100\",\"name\":\"St\u00e9phane Miget\",\"image\":{\"@type\":\"ImageObject\",\"inLanguage\":\"fr-FR\",\"@id\":\"https:\\\/\\\/secure.gravatar.com\\\/avatar\\\/89915563d925342126b8ef0281b93d9d7fc337043e8df017f780908eb9644451?s=96&d=mm&r=g\",\"url\":\"https:\\\/\\\/secure.gravatar.com\\\/avatar\\\/89915563d925342126b8ef0281b93d9d7fc337043e8df017f780908eb9644451?s=96&d=mm&r=g\",\"contentUrl\":\"https:\\\/\\\/secure.gravatar.com\\\/avatar\\\/89915563d925342126b8ef0281b93d9d7fc337043e8df017f780908eb9644451?s=96&d=mm&r=g\",\"caption\":\"St\u00e9phane Miget\"},\"url\":\"https:\\\/\\\/batijournal.com\\\/index.php\\\/author\\\/stephane\\\/\"}]}<\/script>\n<!-- \/ Yoast SEO plugin. -->","yoast_head_json":{"title":"Des Journ\u00e9es europ\u00e9ennes du patrimoine bodybuild\u00e9es par l\u2019Olympiade Culturelle","robots":{"index":"index","follow":"follow","max-snippet":"max-snippet:-1","max-image-preview":"max-image-preview:large","max-video-preview":"max-video-preview:-1"},"canonical":"https:\/\/batijournal.com\/index.php\/des-journees-europeennes-du-patrimoine-bodybuildees-par-lolympiade-culturelle\/109217\/","og_locale":"fr_FR","og_type":"article","og_title":"Des Journ\u00e9es europ\u00e9ennes du patrimoine bodybuild\u00e9es par l\u2019Olympiade Culturelle","og_description":"Les Journ\u00e9es europ\u00e9ennes du patrimoine se tiendront ce week-end des 16 et 17 septembre pour leur 40e \u00e9dition. La France concentre \u00e0 elle-seule la moiti\u00e9 des 50 000 \u00e9v\u00e9nements organis\u00e9s pour l\u2019occasion. Le succ\u00e8s repose sur la grande diversit\u00e9 des \u00e9v\u00e9nements propos\u00e9s aux visiteurs et sur la possibilit\u00e9 de d\u00e9couvrir de nombreux b\u00e2timents habituellement ferm\u00e9s [&hellip;]","og_url":"https:\/\/batijournal.com\/index.php\/des-journees-europeennes-du-patrimoine-bodybuildees-par-lolympiade-culturelle\/109217\/","og_site_name":"Batijournal","article_published_time":"2023-09-14T16:11:50+00:00","og_image":[{"width":960,"height":540,"url":"https:\/\/batijournal.com\/wp-content\/uploads\/2023\/09\/JEP_TWITTER_LINKEDIN-960x540_3.jpg","type":"image\/jpeg"}],"author":"St\u00e9phane Miget","twitter_card":"summary_large_image","twitter_creator":"@bati_journal","twitter_site":"@bati_journal","twitter_misc":{"\u00c9crit par":"St\u00e9phane Miget","Dur\u00e9e de lecture estim\u00e9e":"1 minute"},"schema":{"@context":"https:\/\/schema.org","@graph":[{"@type":"Article","@id":"https:\/\/batijournal.com\/index.php\/des-journees-europeennes-du-patrimoine-bodybuildees-par-lolympiade-culturelle\/109217\/#article","isPartOf":{"@id":"https:\/\/batijournal.com\/index.php\/des-journees-europeennes-du-patrimoine-bodybuildees-par-lolympiade-culturelle\/109217\/"},"author":{"name":"St\u00e9phane Miget","@id":"https:\/\/batijournal.com\/#\/schema\/person\/1dc96ec6957aa1ccb25ebe78bb19f100"},"headline":"Des Journ\u00e9es europ\u00e9ennes du patrimoine bodybuild\u00e9es par l\u2019Olympiade Culturelle","datePublished":"2023-09-14T16:11:50+00:00","mainEntityOfPage":{"@id":"https:\/\/batijournal.com\/index.php\/des-journees-europeennes-du-patrimoine-bodybuildees-par-lolympiade-culturelle\/109217\/"},"wordCount":306,"image":{"@id":"https:\/\/batijournal.com\/index.php\/des-journees-europeennes-du-patrimoine-bodybuildees-par-lolympiade-culturelle\/109217\/#primaryimage"},"thumbnailUrl":"https:\/\/batijournal.com\/wp-content\/uploads\/2023\/09\/JEP_TWITTER_LINKEDIN-960x540_3.jpg","keywords":["journees europeennes du patrimoine"],"articleSection":["Actualit\u00e9s","Divers","zz_Actualit\u00e9s - Atrium","zz_Atrium Patrimoine"],"inLanguage":"fr-FR"},{"@type":"WebPage","@id":"https:\/\/batijournal.com\/index.php\/des-journees-europeennes-du-patrimoine-bodybuildees-par-lolympiade-culturelle\/109217\/","url":"https:\/\/batijournal.com\/index.php\/des-journees-europeennes-du-patrimoine-bodybuildees-par-lolympiade-culturelle\/109217\/","name":"Des Journ\u00e9es europ\u00e9ennes du patrimoine bodybuild\u00e9es par l\u2019Olympiade Culturelle","isPartOf":{"@id":"https:\/\/batijournal.com\/#website"},"primaryImageOfPage":{"@id":"https:\/\/batijournal.com\/index.php\/des-journees-europeennes-du-patrimoine-bodybuildees-par-lolympiade-culturelle\/109217\/#primaryimage"},"image":{"@id":"https:\/\/batijournal.com\/index.php\/des-journees-europeennes-du-patrimoine-bodybuildees-par-lolympiade-culturelle\/109217\/#primaryimage"},"thumbnailUrl":"https:\/\/batijournal.com\/wp-content\/uploads\/2023\/09\/JEP_TWITTER_LINKEDIN-960x540_3.jpg","datePublished":"2023-09-14T16:11:50+00:00","author":{"@id":"https:\/\/batijournal.com\/#\/schema\/person\/1dc96ec6957aa1ccb25ebe78bb19f100"},"breadcrumb":{"@id":"https:\/\/batijournal.com\/index.php\/des-journees-europeennes-du-patrimoine-bodybuildees-par-lolympiade-culturelle\/109217\/#breadcrumb"},"inLanguage":"fr-FR","potentialAction":[{"@type":"ReadAction","target":["https:\/\/batijournal.com\/index.php\/des-journees-europeennes-du-patrimoine-bodybuildees-par-lolympiade-culturelle\/109217\/"]}]},{"@type":"ImageObject","inLanguage":"fr-FR","@id":"https:\/\/batijournal.com\/index.php\/des-journees-europeennes-du-patrimoine-bodybuildees-par-lolympiade-culturelle\/109217\/#primaryimage","url":"https:\/\/batijournal.com\/wp-content\/uploads\/2023\/09\/JEP_TWITTER_LINKEDIN-960x540_3.jpg","contentUrl":"https:\/\/batijournal.com\/wp-content\/uploads\/2023\/09\/JEP_TWITTER_LINKEDIN-960x540_3.jpg","width":960,"height":540},{"@type":"BreadcrumbList","@id":"https:\/\/batijournal.com\/index.php\/des-journees-europeennes-du-patrimoine-bodybuildees-par-lolympiade-culturelle\/109217\/#breadcrumb","itemListElement":[{"@type":"ListItem","position":1,"name":"Accueil","item":"https:\/\/batijournal.com\/"},{"@type":"ListItem","position":2,"name":"Actualit\u00e9s","item":"https:\/\/batijournal.com\/index.php\/category\/actualites\/"},{"@type":"ListItem","position":3,"name":"Des Journ\u00e9es europ\u00e9ennes du patrimoine bodybuild\u00e9es par l\u2019Olympiade Culturelle"}]},{"@type":"WebSite","@id":"https:\/\/batijournal.com\/#website","url":"https:\/\/batijournal.com\/","name":"Batijournal","description":"L&#039;actualit\u00e9 du b\u00e2timent","potentialAction":[{"@type":"SearchAction","target":{"@type":"EntryPoint","urlTemplate":"https:\/\/batijournal.com\/?s={search_term_string}"},"query-input":{"@type":"PropertyValueSpecification","valueRequired":true,"valueName":"search_term_string"}}],"inLanguage":"fr-FR"},{"@type":"Person","@id":"https:\/\/batijournal.com\/#\/schema\/person\/1dc96ec6957aa1ccb25ebe78bb19f100","name":"St\u00e9phane Miget","image":{"@type":"ImageObject","inLanguage":"fr-FR","@id":"https:\/\/secure.gravatar.com\/avatar\/89915563d925342126b8ef0281b93d9d7fc337043e8df017f780908eb9644451?s=96&d=mm&r=g","url":"https:\/\/secure.gravatar.com\/avatar\/89915563d925342126b8ef0281b93d9d7fc337043e8df017f780908eb9644451?s=96&d=mm&r=g","contentUrl":"https:\/\/secure.gravatar.com\/avatar\/89915563d925342126b8ef0281b93d9d7fc337043e8df017f780908eb9644451?s=96&d=mm&r=g","caption":"St\u00e9phane Miget"},"url":"https:\/\/batijournal.com\/index.php\/author\/stephane\/"}]}},"_links":{"self":[{"href":"https:\/\/batijournal.com\/index.php\/wp-json\/wp\/v2\/posts\/109217","targetHints":{"allow":["GET"]}}],"collection":[{"href":"https:\/\/batijournal.com\/index.php\/wp-json\/wp\/v2\/posts"}],"about":[{"href":"https:\/\/batijournal.com\/index.php\/wp-json\/wp\/v2\/types\/post"}],"author":[{"embeddable":true,"href":"https:\/\/batijournal.com\/index.php\/wp-json\/wp\/v2\/users\/17"}],"replies":[{"embeddable":true,"href":"https:\/\/batijournal.com\/index.php\/wp-json\/wp\/v2\/comments?post=109217"}],"version-history":[{"count":0,"href":"https:\/\/batijournal.com\/index.php\/wp-json\/wp\/v2\/posts\/109217\/revisions"}],"wp:featuredmedia":[{"embeddable":true,"href":"https:\/\/batijournal.com\/index.php\/wp-json\/wp\/v2\/media\/109218"}],"wp:attachment":[{"href":"https:\/\/batijournal.com\/index.php\/wp-json\/wp\/v2\/media?parent=109217"}],"wp:term":[{"taxonomy":"category","embeddable":true,"href":"https:\/\/batijournal.com\/index.php\/wp-json\/wp\/v2\/categories?post=109217"},{"taxonomy":"post_tag","embeddable":true,"href":"https:\/\/batijournal.com\/index.php\/wp-json\/wp\/v2\/tags?post=109217"}],"curies":[{"name":"wp","href":"https:\/\/api.w.org\/{rel}","templated":true}]}}