{"id":109248,"date":"2023-09-18T17:42:03","date_gmt":"2023-09-18T15:42:03","guid":{"rendered":"https:\/\/batijournal.com\/?p=109248"},"modified":"2023-09-18T17:42:03","modified_gmt":"2023-09-18T15:42:03","slug":"palmares-du-pole-construction-france-de-la-47e-worldskills-competition","status":"publish","type":"post","link":"https:\/\/batijournal.com\/index.php\/palmares-du-pole-construction-france-de-la-47e-worldskills-competition\/109248\/","title":{"rendered":"Palmar\u00e8s du p\u00f4le construction France de la 47e WorldSkills Competition"},"content":{"rendered":"<p>Apr\u00e8s trois jours de comp\u00e9tition, les r\u00e9sultats de la comp\u00e9tition nationale des m\u00e9tiers de la 47e \u00e9dition de la WorldSkills Comp\u00e9tition, qui s\u2019est d\u00e9roul\u00e9e du 14 au 16 septembre, ont \u00e9t\u00e9 proclam\u00e9s lors de la c\u00e9r\u00e9monie de cl\u00f4ture \u00e0 Lyon. 800 jeunes champions r\u00e9gionaux se sont affront\u00e9s au cours d\u2019\u00e9preuves intenses dans 69 m\u00e9tiers, dont 18 m\u00e9tiers dans le p\u00f4le construction, le plus important en comp\u00e9tition.<\/p>\n<p>Le CCCA-BTP, partenaire de WorldSkills France, y \u00e9tait pr\u00e9sent en force avec les professionnels de la construction, sous la banni\u00e8re de la campagne \u00ab La Construction\u00a0\u00bb, pour promouvoir aupr\u00e8s des jeunes l\u2019innovation, la diversit\u00e9 et la richesse des m\u00e9tiers du b\u00e2timent et des travaux publics, valoriser l\u2019apprentissage comme voie de formation professionnelle initiale d\u2019excellence et de r\u00e9ussite et donner envie aux jeunes de rejoindre le secteur.<\/p>\n<p>Les candidats du p\u00f4le construction, \u00e2g\u00e9s de moins de 23 ans, se sont affront\u00e9s pour donner \u00e0 voir le meilleur d\u2019eux-m\u00eames par la ma\u00eetrise de leur savoir-faire, leur talent, leur d\u00e9termination et la passion qu\u2019ils portent \u00e0 leur m\u00e9tier respectif.\u00a0Formidables ambassadeurs des valeurs d\u2019excellence et de r\u00e9ussite transmises lors de leur parcours de formation, les jeunes comp\u00e9titeurs ont tous pleinement incarn\u00e9 l\u2019entraide, la compl\u00e9mentarit\u00e9 et l\u2019esprit d\u2019\u00e9quipe inh\u00e9rents aux m\u00e9tiers du BTP, tout en symbolisant l\u2019excellence du mod\u00e8le de l\u2019apprentissage.<\/p>\n<p>113 jeunes vainqueurs dans les 18 m\u00e9tiers du p\u00f4le construction en comp\u00e9tition<\/p>\n<p><strong>Am\u00e9nagement urbain et r\u00e9seaux de canalisations<\/strong><\/p>\n<p>M\u00e9daille d\u2019or<\/p>\n<p style=\"text-align: left;\"><img loading=\"lazy\" decoding=\"async\" class=\"size-medium wp-image-109230 alignnone\" src=\"https:\/\/batijournal.com\/wp-content\/uploads\/2023\/09\/Medaille-or-TP--300x200.jpg\" alt=\"\" width=\"300\" height=\"200\" srcset=\"https:\/\/batijournal.com\/wp-content\/uploads\/2023\/09\/Medaille-or-TP--300x200.jpg 300w, https:\/\/batijournal.com\/wp-content\/uploads\/2023\/09\/Medaille-or-TP--150x100.jpg 150w, https:\/\/batijournal.com\/wp-content\/uploads\/2023\/09\/Medaille-or-TP--768x513.jpg 768w, https:\/\/batijournal.com\/wp-content\/uploads\/2023\/09\/Medaille-or-TP-.jpg 800w\" sizes=\"(max-width: 300px) 100vw, 300px\" \/><\/p>\n<p style=\"text-align: left;\">Augustin MAINDRON et Lucas FOUCHER, r\u00e9gion Pays de la Loire<\/p>\n<p style=\"text-align: left;\">M\u00e9daille d\u2019argent<\/p>\n<p style=\"text-align: left;\"><img loading=\"lazy\" decoding=\"async\" class=\"size-medium wp-image-109232 alignnone\" src=\"https:\/\/batijournal.com\/wp-content\/uploads\/2023\/09\/Medaille-argent-TP--300x200.jpg\" alt=\"\" width=\"300\" height=\"200\" srcset=\"https:\/\/batijournal.com\/wp-content\/uploads\/2023\/09\/Medaille-argent-TP--300x200.jpg 300w, https:\/\/batijournal.com\/wp-content\/uploads\/2023\/09\/Medaille-argent-TP--150x100.jpg 150w, https:\/\/batijournal.com\/wp-content\/uploads\/2023\/09\/Medaille-argent-TP--768x513.jpg 768w, https:\/\/batijournal.com\/wp-content\/uploads\/2023\/09\/Medaille-argent-TP-.jpg 800w\" sizes=\"(max-width: 300px) 100vw, 300px\" \/><br \/>\nLilian LETHIEC et Quentin ROCHELLE, r\u00e9gion Bretagne<\/p>\n<p style=\"text-align: left;\">M\u00e9daille de bronze<\/p>\n<p style=\"text-align: left;\"><img loading=\"lazy\" decoding=\"async\" class=\"size-medium wp-image-109231 alignnone\" src=\"https:\/\/batijournal.com\/wp-content\/uploads\/2023\/09\/Medaille-bronze-TP-300x200.jpg\" alt=\"\" width=\"300\" height=\"200\" srcset=\"https:\/\/batijournal.com\/wp-content\/uploads\/2023\/09\/Medaille-bronze-TP-300x200.jpg 300w, https:\/\/batijournal.com\/wp-content\/uploads\/2023\/09\/Medaille-bronze-TP-150x100.jpg 150w, https:\/\/batijournal.com\/wp-content\/uploads\/2023\/09\/Medaille-bronze-TP-768x513.jpg 768w, https:\/\/batijournal.com\/wp-content\/uploads\/2023\/09\/Medaille-bronze-TP.jpg 800w\" sizes=\"(max-width: 300px) 100vw, 300px\" \/><br \/>\nAlexandre ROULLEAUX \/ Simon ROULLEAUX, r\u00e9gion Normandie<\/p>\n<p>M\u00e9daille d\u2019excellence<br \/>\nRomain PUSARD \/ R\u00e9mi XOLIN, r\u00e9gion Bourgogne-Franche-Comt\u00e9<br \/>\nTheo JOYEUX \/ William DESSAINTJEAN, r\u00e9gion Auvergne-Rh\u00f4ne-Alpes<br \/>\nThomas LAGARDE \/ Maxime MENARD, r\u00e9gion Nouvelle-Aquitaine<\/p>\n<p><strong>Carrelage<\/strong><\/p>\n<p><img loading=\"lazy\" decoding=\"async\" class=\"size-medium wp-image-109246 alignnone\" src=\"https:\/\/batijournal.com\/wp-content\/uploads\/2023\/09\/Podium-Carrelage-300x200.jpg\" alt=\"\" width=\"300\" height=\"200\" srcset=\"https:\/\/batijournal.com\/wp-content\/uploads\/2023\/09\/Podium-Carrelage-300x200.jpg 300w, https:\/\/batijournal.com\/wp-content\/uploads\/2023\/09\/Podium-Carrelage-150x100.jpg 150w, https:\/\/batijournal.com\/wp-content\/uploads\/2023\/09\/Podium-Carrelage-768x513.jpg 768w, https:\/\/batijournal.com\/wp-content\/uploads\/2023\/09\/Podium-Carrelage.jpg 800w\" sizes=\"(max-width: 300px) 100vw, 300px\" \/><\/p>\n<p>M\u00e9daille d\u2019or<br \/>\nTiciano MOUAZAN, r\u00e9gion Bretagne<br \/>\nM\u00e9daille d\u2019argent<br \/>\nRom\u00e9o SANCHIS, r\u00e9gion Nouvelle-Aquitaine<br \/>\nM\u00e9daille de bronze<br \/>\nSamuel RETIERE, r\u00e9gion Pays de la Loire<br \/>\nM\u00e9daille d\u2019excellence<br \/>\nGiordano FERRIN, r\u00e9gion Grand Est<br \/>\nAlexis VARVIER, r\u00e9gion Auvergne-Rh\u00f4ne-Alpes<br \/>\nBrice GUEREL, r\u00e9gion Centre-Val de Loire<\/p>\n<p>&nbsp;<\/p>\n<p><strong>Charpente<\/strong><\/p>\n<p><img loading=\"lazy\" decoding=\"async\" class=\"size-medium wp-image-109245 alignnone\" src=\"https:\/\/batijournal.com\/wp-content\/uploads\/2023\/09\/Podium-Charpente-300x200.jpg\" alt=\"\" width=\"300\" height=\"200\" srcset=\"https:\/\/batijournal.com\/wp-content\/uploads\/2023\/09\/Podium-Charpente-300x200.jpg 300w, https:\/\/batijournal.com\/wp-content\/uploads\/2023\/09\/Podium-Charpente-150x100.jpg 150w, https:\/\/batijournal.com\/wp-content\/uploads\/2023\/09\/Podium-Charpente-768x513.jpg 768w, https:\/\/batijournal.com\/wp-content\/uploads\/2023\/09\/Podium-Charpente.jpg 800w\" sizes=\"(max-width: 300px) 100vw, 300px\" \/><\/p>\n<p>M\u00e9daille d\u2019or<br \/>\nDavid CLEMENCIN, r\u00e9gion Nouvelle-Aquitaine<br \/>\nM\u00e9daille d\u2019argent<br \/>\nTimoth\u00e9 JOSSEAUME, r\u00e9gion Pays de la Loire<br \/>\nM\u00e9daille de bronze<br \/>\nPaul CASTAGNE, r\u00e9gion Auvergne-Rh\u00f4ne-Alpes<br \/>\nM\u00e9daille d\u2019excellence<br \/>\nMatt\u00e9o CLERC, r\u00e9gion Sud Provence &#8211; Alpes &#8211; C\u00f4te d\u2019Azur<br \/>\nJessy VARET, r\u00e9gion Normandie<br \/>\nMatthieu BIDAUD, r\u00e9gion Bourgogne-Franche-Comt\u00e9<\/p>\n<p><strong>Construction b\u00e9ton arm\u00e9<\/strong><\/p>\n<p>M\u00e9daille d\u2019or<br \/>\nTimmy TEMPERE et Yoan BEAL, r\u00e9gion Auvergne-Rh\u00f4ne-Alpes<br \/>\nM\u00e9daille d\u2019argent<br \/>\nAnthony AIMONETTO et Aur\u00e9lien NANTAS, r\u00e9gion Nouvelle-Aquitaine<br \/>\nM\u00e9daille de bronze<br \/>\nRyan DI MAGGIO et Yassin EL OUATI, r\u00e9gion Sud Provence &#8211; Alpes &#8211; C\u00f4te d\u2019Azur<br \/>\nM\u00e9daille d\u2019excellence<br \/>\nAlexis HEYMES \/ Mael CLAUDEL-BASTARD, r\u00e9gion Grand Est<br \/>\nValentin BOQUAIRE \/ Landry LIGER, r\u00e9gion Pays de la Loire<br \/>\nJulien DINET \/ C\u00e9dric HEULIN, r\u00e9gion Centre-Val de Loire<\/p>\n<p>&nbsp;<\/p>\n<p><strong>Construction digitale<\/strong><\/p>\n<p>M\u00e9daille d\u2019or<br \/>\nRuben JOHAN, r\u00e9gion \u00cele-de-France<br \/>\nM\u00e9daille d\u2019argent<br \/>\nNa\u00efm CHERIGUENE, r\u00e9gion Sud Provence &#8211; Alpes &#8211; C\u00f4te d\u2019Azur<br \/>\nM\u00e9daille de bronze<br \/>\nAude CASTANHEIRA, r\u00e9gion Bourgogne-Franche-Comt\u00e9<br \/>\nM\u00e9daille d\u2019excellence<br \/>\nYves Francis KOUWEGNEN EKOLE, r\u00e9gion Normandie<br \/>\nChanra RANN, r\u00e9gion Auvergne-Rh\u00f4ne-Alpes<\/p>\n<p><strong>Couverture m\u00e9tallique<\/strong><\/p>\n<p><img loading=\"lazy\" decoding=\"async\" class=\"size-medium wp-image-109244 alignnone\" src=\"https:\/\/batijournal.com\/wp-content\/uploads\/2023\/09\/Podium-couverture-metallique-300x200.jpg\" alt=\"\" width=\"300\" height=\"200\" srcset=\"https:\/\/batijournal.com\/wp-content\/uploads\/2023\/09\/Podium-couverture-metallique-300x200.jpg 300w, https:\/\/batijournal.com\/wp-content\/uploads\/2023\/09\/Podium-couverture-metallique-150x100.jpg 150w, https:\/\/batijournal.com\/wp-content\/uploads\/2023\/09\/Podium-couverture-metallique-768x513.jpg 768w, https:\/\/batijournal.com\/wp-content\/uploads\/2023\/09\/Podium-couverture-metallique.jpg 800w\" sizes=\"(max-width: 300px) 100vw, 300px\" \/><\/p>\n<p>M\u00e9daille d\u2019or<br \/>\nSam GRIGNON, r\u00e9gion Nouvelle-Aquitaine<br \/>\nM\u00e9daille d\u2019argent<br \/>\nAristide GLOT, r\u00e9gion Pays de la Loire<br \/>\nM\u00e9daille de bronze<br \/>\nStephane GASS, r\u00e9gion Grand Est<br \/>\nM\u00e9daille d\u2019excellence<br \/>\nGuillaume SIMON, r\u00e9gion \u00cele-de-France<br \/>\nCharles REDOU, r\u00e9gion Auvergne-Rh\u00f4ne-Alpes<br \/>\nNathanael BERNARD, r\u00e9gion Bourgogne-Franche-Comt\u00e9<\/p>\n<p><strong>\u00c9b\u00e9nisterie<\/strong><\/p>\n<p><img loading=\"lazy\" decoding=\"async\" class=\"size-medium wp-image-109243 alignnone\" src=\"https:\/\/batijournal.com\/wp-content\/uploads\/2023\/09\/Podium-Ebenisterie-300x200.jpg\" alt=\"\" width=\"300\" height=\"200\" srcset=\"https:\/\/batijournal.com\/wp-content\/uploads\/2023\/09\/Podium-Ebenisterie-300x200.jpg 300w, https:\/\/batijournal.com\/wp-content\/uploads\/2023\/09\/Podium-Ebenisterie-150x100.jpg 150w, https:\/\/batijournal.com\/wp-content\/uploads\/2023\/09\/Podium-Ebenisterie-768x513.jpg 768w, https:\/\/batijournal.com\/wp-content\/uploads\/2023\/09\/Podium-Ebenisterie.jpg 800w\" sizes=\"(max-width: 300px) 100vw, 300px\" \/><\/p>\n<p>M\u00e9daille d\u2019or<br \/>\nPaul DEJEUX, r\u00e9gion Auvergne-Rh\u00f4ne-Alpes<br \/>\nM\u00e9daille d\u2019argent<br \/>\nMalo ANGEBAULT, r\u00e9gion Pays de la Loire<br \/>\nCl\u00e9ment GROSJEAN, r\u00e9gion Grand Est<br \/>\nM\u00e9daille d\u2019excellence<br \/>\nPaul BUCILLAT<br \/>\nTom CZWOJDZINSKI<br \/>\nLaur\u00e8ne MILLE<\/p>\n<p>&nbsp;<\/p>\n<p><strong>Installation \u00e9lectrique<\/strong><\/p>\n<p><img loading=\"lazy\" decoding=\"async\" class=\" wp-image-109242 alignnone\" src=\"https:\/\/batijournal.com\/wp-content\/uploads\/2023\/09\/Podium-Installation-electrique-300x200.jpg\" alt=\"\" width=\"300\" height=\"200\" srcset=\"https:\/\/batijournal.com\/wp-content\/uploads\/2023\/09\/Podium-Installation-electrique-300x200.jpg 300w, https:\/\/batijournal.com\/wp-content\/uploads\/2023\/09\/Podium-Installation-electrique-150x100.jpg 150w, https:\/\/batijournal.com\/wp-content\/uploads\/2023\/09\/Podium-Installation-electrique-768x513.jpg 768w, https:\/\/batijournal.com\/wp-content\/uploads\/2023\/09\/Podium-Installation-electrique.jpg 800w\" sizes=\"(max-width: 300px) 100vw, 300px\" \/><\/p>\n<p>M\u00e9daille d\u2019or<br \/>\nMathys DELANO\u00cb, r\u00e9gion Pays de la Loire<br \/>\nM\u00e9daille d\u2019argent<br \/>\nHugo JOUIN, r\u00e9gion Normandie<br \/>\nM\u00e9daille de bronze<br \/>\nLou-Ann PIERRE, r\u00e9gion \u00cele-de-France<br \/>\nM\u00e9daille d\u2019excellence<br \/>\nAlban VILLEMAGNE, r\u00e9gion Auvergne-Rh\u00f4ne-Alpes<br \/>\nEnzo GARCIA, r\u00e9gion Hautes-de-France<br \/>\nMa\u00eblig OGER, r\u00e9gion Bretagne<\/p>\n<p><strong>Ma\u00e7onnerie<\/strong><\/p>\n<p><img loading=\"lazy\" decoding=\"async\" class=\"size-medium wp-image-109241 alignnone\" src=\"https:\/\/batijournal.com\/wp-content\/uploads\/2023\/09\/Podium-maconnerie-300x199.jpg\" alt=\"\" width=\"300\" height=\"199\" srcset=\"https:\/\/batijournal.com\/wp-content\/uploads\/2023\/09\/Podium-maconnerie-300x199.jpg 300w, https:\/\/batijournal.com\/wp-content\/uploads\/2023\/09\/Podium-maconnerie-150x99.jpg 150w, https:\/\/batijournal.com\/wp-content\/uploads\/2023\/09\/Podium-maconnerie-768x509.jpg 768w, https:\/\/batijournal.com\/wp-content\/uploads\/2023\/09\/Podium-maconnerie.jpg 800w\" sizes=\"(max-width: 300px) 100vw, 300px\" \/><\/p>\n<p>M\u00e9daille d\u2019or<br \/>\nSimon REY, r\u00e9gion Pays de la Loire<br \/>\nM\u00e9daille d\u2019argent<br \/>\nJeyson KUC, r\u00e9gion Occitanie<br \/>\nM\u00e9daille de bronze<br \/>\nTheo PAYAT, r\u00e9gion Auvergne-Rh\u00f4ne-Alpes<br \/>\nM\u00e9daille d\u2019excellence<br \/>\nEmilien GALLOT, r\u00e9gion Sud Provence &#8211; Alpes &#8211; C\u00f4te d\u2019Azur<br \/>\nLORENZO LEFEVRE, r\u00e9gion Normandie<br \/>\nSandro PINTADO, r\u00e9gion Hauts-de-France<br \/>\nTh\u00e9o BERSON, r\u00e9gion Bourgogne-Franche-Comt\u00e9<\/p>\n<p><strong>Marbrerie Design<\/strong><\/p>\n<p><img loading=\"lazy\" decoding=\"async\" class=\"size-medium wp-image-109240 alignnone\" src=\"https:\/\/batijournal.com\/wp-content\/uploads\/2023\/09\/Podium-marbrerie-design-300x200.jpg\" alt=\"\" width=\"300\" height=\"200\" srcset=\"https:\/\/batijournal.com\/wp-content\/uploads\/2023\/09\/Podium-marbrerie-design-300x200.jpg 300w, https:\/\/batijournal.com\/wp-content\/uploads\/2023\/09\/Podium-marbrerie-design-150x100.jpg 150w, https:\/\/batijournal.com\/wp-content\/uploads\/2023\/09\/Podium-marbrerie-design-768x513.jpg 768w, https:\/\/batijournal.com\/wp-content\/uploads\/2023\/09\/Podium-marbrerie-design.jpg 800w\" sizes=\"(max-width: 300px) 100vw, 300px\" \/><\/p>\n<p>M\u00e9daille d\u2019or<br \/>\nCassee SANSFAUTE, r\u00e9gion Hauts-de-France<br \/>\nM\u00e9daille d\u2019argent<br \/>\nEliot BLANCHET, r\u00e9gion Sud Provence &#8211; Alpes &#8211; C\u00f4te d\u2019Azur<br \/>\nM\u00e9daille de bronze<br \/>\nPierre JOUATEL, r\u00e9gion Occitanie<\/p>\n<p>&nbsp;<\/p>\n<p><strong>Menuiserie<\/strong><\/p>\n<p><img loading=\"lazy\" decoding=\"async\" class=\"size-medium wp-image-109239 alignnone\" src=\"https:\/\/batijournal.com\/wp-content\/uploads\/2023\/09\/Podium-menuiserie-300x200.jpg\" alt=\"\" width=\"300\" height=\"200\" srcset=\"https:\/\/batijournal.com\/wp-content\/uploads\/2023\/09\/Podium-menuiserie-300x200.jpg 300w, https:\/\/batijournal.com\/wp-content\/uploads\/2023\/09\/Podium-menuiserie-150x100.jpg 150w, https:\/\/batijournal.com\/wp-content\/uploads\/2023\/09\/Podium-menuiserie-768x513.jpg 768w, https:\/\/batijournal.com\/wp-content\/uploads\/2023\/09\/Podium-menuiserie.jpg 800w\" sizes=\"(max-width: 300px) 100vw, 300px\" \/><\/p>\n<p>M\u00e9daille d\u2019or<br \/>\nBeno\u00eet DESSIOUX, r\u00e9gion Nouvelle-Aquitaine<br \/>\nM\u00e9daille d\u2019argent<br \/>\nMartin BELLAMY, r\u00e9gion Bretagne<br \/>\nM\u00e9daille de bronze<br \/>\nServane BOUCARD, r\u00e9gion Pays de la Loire<br \/>\nM\u00e9daille d\u2019excellence<br \/>\nCl\u00e9ment BURGUET, r\u00e9gion Centre-Val de Loire<br \/>\nAlex CHARBONNEAUX, r\u00e9gion Grand Est, m\u00e9daille d\u2019excellence<br \/>\nThibault LANDAIS, r\u00e9gion Sud Provence &#8211; Alpes &#8211; C\u00f4te d\u2019Azur<\/p>\n<p>&nbsp;<\/p>\n<p><strong>M\u00e9tallerie<\/strong><\/p>\n<p><img loading=\"lazy\" decoding=\"async\" class=\"size-medium wp-image-109238 alignnone\" src=\"https:\/\/batijournal.com\/wp-content\/uploads\/2023\/09\/Podium-Metallerie-300x200.jpg\" alt=\"\" width=\"300\" height=\"200\" srcset=\"https:\/\/batijournal.com\/wp-content\/uploads\/2023\/09\/Podium-Metallerie-300x200.jpg 300w, https:\/\/batijournal.com\/wp-content\/uploads\/2023\/09\/Podium-Metallerie-150x100.jpg 150w, https:\/\/batijournal.com\/wp-content\/uploads\/2023\/09\/Podium-Metallerie-768x513.jpg 768w, https:\/\/batijournal.com\/wp-content\/uploads\/2023\/09\/Podium-Metallerie.jpg 800w\" sizes=\"(max-width: 300px) 100vw, 300px\" \/><\/p>\n<p>M\u00e9daille d\u2019or<br \/>\nJulien ABILLARD, r\u00e9gion Pays de la Loire<br \/>\nM\u00e9daille d\u2019argent<br \/>\nBaptiste GIRAULT, r\u00e9gion Nouvelle-Aquitaine<br \/>\nM\u00e9daille de bronze<br \/>\nJules CASSIEN, r\u00e9gion Sud Provence &#8211; Alpes &#8211; C\u00f4te d\u2019Azur<br \/>\nM\u00e9daille d\u2019excellence<br \/>\nOdilon WEULERSSE, r\u00e9gion Bourgogne-Franche-Comt\u00e9<br \/>\nVivien BERRIER, r\u00e9gion Auvergne-Rh\u00f4ne-Alpes<br \/>\nUlrich LADRET, r\u00e9gion Grand Est<br \/>\nHugo NICOLAS, r\u00e9gion Bretagne<\/p>\n<p><strong>Miroiterie<\/strong><\/p>\n<p><img loading=\"lazy\" decoding=\"async\" class=\"size-medium wp-image-109237 alignnone\" src=\"https:\/\/batijournal.com\/wp-content\/uploads\/2023\/09\/Podium-miroiterie-300x200.jpg\" alt=\"\" width=\"300\" height=\"200\" srcset=\"https:\/\/batijournal.com\/wp-content\/uploads\/2023\/09\/Podium-miroiterie-300x200.jpg 300w, https:\/\/batijournal.com\/wp-content\/uploads\/2023\/09\/Podium-miroiterie-150x100.jpg 150w, https:\/\/batijournal.com\/wp-content\/uploads\/2023\/09\/Podium-miroiterie-768x513.jpg 768w, https:\/\/batijournal.com\/wp-content\/uploads\/2023\/09\/Podium-miroiterie.jpg 800w\" sizes=\"(max-width: 300px) 100vw, 300px\" \/><\/p>\n<p>M\u00e9daille d\u2019or<br \/>\nRemy BELLUCCI, r\u00e9gion Sud Provence &#8211; Alpes &#8211; C\u00f4te d\u2019Azur<br \/>\nM\u00e9daille d\u2019argent<br \/>\nTimoth\u00e9 MARCHAND, r\u00e9gion Hauts de France<br \/>\nM\u00e9daille de bronze<br \/>\nCharles SCHILLING, r\u00e9gion Grand Est<br \/>\nM\u00e9daille d\u2019excellence<br \/>\nIvanho\u00e9 BOISSIN, r\u00e9gion Normandie<br \/>\nLo\u00efck LEBON, r\u00e9gion Auvergne-Rh\u00f4ne-Alpes<\/p>\n<p>&nbsp;<\/p>\n<p><strong>Peinture et D\u00e9coration<\/strong><\/p>\n<p><img loading=\"lazy\" decoding=\"async\" class=\"size-medium wp-image-109236 alignnone\" src=\"https:\/\/batijournal.com\/wp-content\/uploads\/2023\/09\/Podium-peinture-300x200.jpg\" alt=\"\" width=\"300\" height=\"200\" srcset=\"https:\/\/batijournal.com\/wp-content\/uploads\/2023\/09\/Podium-peinture-300x200.jpg 300w, https:\/\/batijournal.com\/wp-content\/uploads\/2023\/09\/Podium-peinture-150x100.jpg 150w, https:\/\/batijournal.com\/wp-content\/uploads\/2023\/09\/Podium-peinture-768x513.jpg 768w, https:\/\/batijournal.com\/wp-content\/uploads\/2023\/09\/Podium-peinture.jpg 800w\" sizes=\"(max-width: 300px) 100vw, 300px\" \/><\/p>\n<p>M\u00e9daille d\u2019or<br \/>\nQuiterie DUCOURNAU, r\u00e9gion Hauts-de-France<br \/>\nM\u00e9daille d\u2019argent<br \/>\nSarah LEVAVASSEUR, r\u00e9gion Normandie<br \/>\nM\u00e9daille de bronze<br \/>\nAng\u00e9line FERREIRA, r\u00e9gion Centre-Val de Loire<br \/>\nM\u00e9daille d\u2019excellence<br \/>\nRomain BILLY, r\u00e9gion Bourgogne-Franche-Comt\u00e9<br \/>\nAlexia CHOQUET, r\u00e9gion Bretagne<br \/>\nBastian MASCLET, r\u00e9gion Auvergne-Rh\u00f4ne-Alpes<\/p>\n<p>&nbsp;<\/p>\n<p><strong>Pl\u00e2trerie et construction s\u00e8che<\/strong><\/p>\n<p><img loading=\"lazy\" decoding=\"async\" class=\"size-medium wp-image-109235 alignnone\" src=\"https:\/\/batijournal.com\/wp-content\/uploads\/2023\/09\/Podium-platerie-construction-seche-300x200.jpg\" alt=\"\" width=\"300\" height=\"200\" srcset=\"https:\/\/batijournal.com\/wp-content\/uploads\/2023\/09\/Podium-platerie-construction-seche-300x200.jpg 300w, https:\/\/batijournal.com\/wp-content\/uploads\/2023\/09\/Podium-platerie-construction-seche-150x100.jpg 150w, https:\/\/batijournal.com\/wp-content\/uploads\/2023\/09\/Podium-platerie-construction-seche-768x513.jpg 768w, https:\/\/batijournal.com\/wp-content\/uploads\/2023\/09\/Podium-platerie-construction-seche.jpg 800w\" sizes=\"(max-width: 300px) 100vw, 300px\" \/><\/p>\n<p>M\u00e9daille d\u2019or<br \/>\nAxel LAUMOND, r\u00e9gion Hautes-de-France<br \/>\nM\u00e9daille d\u2019argent<br \/>\nNoah MERTON, r\u00e9gion Occitanie<br \/>\nM\u00e9daille de bronze<br \/>\nJules VALTON, r\u00e9gion Grand Est<br \/>\nM\u00e9daille d\u2019excellence<br \/>\nEmy SEEBERT, r\u00e9gion Auvergne-Rh\u00f4ne-Alpes<\/p>\n<p>&nbsp;<\/p>\n<p><strong>Plomberie et Chauffage<\/strong><\/p>\n<p><img loading=\"lazy\" decoding=\"async\" class=\"size-medium wp-image-109234 alignnone\" src=\"https:\/\/batijournal.com\/wp-content\/uploads\/2023\/09\/Podium-plomberie-chauffage-300x202.jpg\" alt=\"\" width=\"300\" height=\"202\" srcset=\"https:\/\/batijournal.com\/wp-content\/uploads\/2023\/09\/Podium-plomberie-chauffage-300x202.jpg 300w, https:\/\/batijournal.com\/wp-content\/uploads\/2023\/09\/Podium-plomberie-chauffage-150x101.jpg 150w, https:\/\/batijournal.com\/wp-content\/uploads\/2023\/09\/Podium-plomberie-chauffage-768x516.jpg 768w, https:\/\/batijournal.com\/wp-content\/uploads\/2023\/09\/Podium-plomberie-chauffage.jpg 800w\" sizes=\"(max-width: 300px) 100vw, 300px\" \/><\/p>\n<p>M\u00e9daille d\u2019or<br \/>\nAxel BEZIAS, r\u00e9gion Pays de la Loire<br \/>\nM\u00e9daille d\u2019argent<br \/>\nSamuel SOMMER, r\u00e9gion Grand Est<br \/>\nM\u00e9daille de bronze<br \/>\nYohann IDOUX, r\u00e9gion Centre-Val de Loire<br \/>\nM\u00e9daille d\u2019excellence<br \/>\nLouis GODIN, r\u00e9gion Bourgogne-Franche-Comt\u00e9<br \/>\nSamuel BROSSE, r\u00e9gion Auvergne-Rh\u00f4ne-Alpes<br \/>\nIsmaeel MUHAMMAD, r\u00e9gion Nouvelle-Aquitaine<\/p>\n<p><strong>Solier<\/strong><\/p>\n<p>M\u00e9daille d\u2019or<\/p>\n<p><img loading=\"lazy\" decoding=\"async\" class=\"size-medium wp-image-109247 alignnone\" src=\"https:\/\/batijournal.com\/wp-content\/uploads\/2023\/09\/Medaille-or-Solier-200x300.jpg\" alt=\"\" width=\"200\" height=\"300\" srcset=\"https:\/\/batijournal.com\/wp-content\/uploads\/2023\/09\/Medaille-or-Solier-200x300.jpg 200w, https:\/\/batijournal.com\/wp-content\/uploads\/2023\/09\/Medaille-or-Solier-100x150.jpg 100w, https:\/\/batijournal.com\/wp-content\/uploads\/2023\/09\/Medaille-or-Solier.jpg 534w\" sizes=\"(max-width: 200px) 100vw, 200px\" \/><br \/>\nYassine ZITOUNI, r\u00e9gion Nouvelle-Aquitaine<br \/>\nM\u00e9daille d\u2019argent<br \/>\nAxel GIUSTA, r\u00e9gion Auvergne-Rh\u00f4ne-Alpes<br \/>\nM\u00e9daille de bronze<br \/>\nK\u00e9vin COUARDE, r\u00e9gion Normandie<br \/>\nM\u00e9daille d\u2019excellence<br \/>\nBillel LARDJANI, r\u00e9gion Occitanie<br \/>\nBenjamin ROSA, r\u00e9gion Grand Est<\/p>\n<p>&nbsp;<\/p>\n<p><strong>Taille de pierre<\/strong><\/p>\n<p><img loading=\"lazy\" decoding=\"async\" class=\"size-medium wp-image-109233 alignnone\" src=\"https:\/\/batijournal.com\/wp-content\/uploads\/2023\/09\/Podium-tailleur-de-pierre-300x200.jpg\" alt=\"\" width=\"300\" height=\"200\" srcset=\"https:\/\/batijournal.com\/wp-content\/uploads\/2023\/09\/Podium-tailleur-de-pierre-300x200.jpg 300w, https:\/\/batijournal.com\/wp-content\/uploads\/2023\/09\/Podium-tailleur-de-pierre-150x100.jpg 150w, https:\/\/batijournal.com\/wp-content\/uploads\/2023\/09\/Podium-tailleur-de-pierre-768x513.jpg 768w, https:\/\/batijournal.com\/wp-content\/uploads\/2023\/09\/Podium-tailleur-de-pierre.jpg 800w\" sizes=\"(max-width: 300px) 100vw, 300px\" \/><\/p>\n<p>M\u00e9daille d\u2019or<br \/>\nMikael REBELO PEREIRA, r\u00e9gion Hauts-de-France<br \/>\nM\u00e9daille d\u2019argent<br \/>\nCyrille UTIN, r\u00e9gion Auvergne-Rh\u00f4ne-Alpes<br \/>\nM\u00e9daille de bronze<br \/>\nL\u00e9o PETER, r\u00e9gion Occitanie<br \/>\nM\u00e9daille d\u2019excellence<br \/>\nAur\u00e9lien PETIT, r\u00e9gion Pays de la Loire<br \/>\nGabin BILLOTTET, r\u00e9gion Bourgogne-France-Comt\u00e9<br \/>\nAlexandre BECU, r\u00e9gion Sud Provence &#8211; Alpes &#8211; C\u00f4te d\u2019Azur<\/p>\n","protected":false},"excerpt":{"rendered":"<p>Apr\u00e8s trois jours de comp\u00e9tition, les r\u00e9sultats de la comp\u00e9tition nationale des m\u00e9tiers de la 47e \u00e9dition de la WorldSkills Comp\u00e9tition, qui s\u2019est d\u00e9roul\u00e9e du 14 au 16 septembre, ont \u00e9t\u00e9 proclam\u00e9s lors de la c\u00e9r\u00e9monie de cl\u00f4ture \u00e0 Lyon. 800 jeunes champions r\u00e9gionaux se sont affront\u00e9s au cours d\u2019\u00e9preuves intenses dans 69 m\u00e9tiers, dont [&hellip;]<\/p>\n","protected":false},"author":17,"featured_media":109246,"comment_status":"closed","ping_status":"closed","sticky":false,"template":"","format":"standard","meta":{"_et_pb_use_builder":"","_et_pb_old_content":"","_et_gb_content_width":"","footnotes":""},"categories":[10530,6362],"tags":[7181],"class_list":["post-109248","post","type-post","status-publish","format-standard","has-post-thumbnail","hentry","category-actualites","category-services-equipements","tag-worldskills-france"],"yoast_head":"<!-- This site is optimized with the Yoast SEO plugin v27.4 - https:\/\/yoast.com\/product\/yoast-seo-wordpress\/ -->\n<title>Palmar\u00e8s du p\u00f4le construction France de la 47e WorldSkills Competition<\/title>\n<meta name=\"robots\" content=\"index, follow, max-snippet:-1, max-image-preview:large, max-video-preview:-1\" \/>\n<link rel=\"canonical\" href=\"https:\/\/batijournal.com\/index.php\/palmares-du-pole-construction-france-de-la-47e-worldskills-competition\/109248\/\" \/>\n<meta property=\"og:locale\" content=\"fr_FR\" \/>\n<meta property=\"og:type\" content=\"article\" \/>\n<meta property=\"og:title\" content=\"Palmar\u00e8s du p\u00f4le construction France de la 47e WorldSkills Competition\" \/>\n<meta property=\"og:description\" content=\"Apr\u00e8s trois jours de comp\u00e9tition, les r\u00e9sultats de la comp\u00e9tition nationale des m\u00e9tiers de la 47e \u00e9dition de la WorldSkills Comp\u00e9tition, qui s\u2019est d\u00e9roul\u00e9e du 14 au 16 septembre, ont \u00e9t\u00e9 proclam\u00e9s lors de la c\u00e9r\u00e9monie de cl\u00f4ture \u00e0 Lyon. 800 jeunes champions r\u00e9gionaux se sont affront\u00e9s au cours d\u2019\u00e9preuves intenses dans 69 m\u00e9tiers, dont [&hellip;]\" \/>\n<meta property=\"og:url\" content=\"https:\/\/batijournal.com\/index.php\/palmares-du-pole-construction-france-de-la-47e-worldskills-competition\/109248\/\" \/>\n<meta property=\"og:site_name\" content=\"Batijournal\" \/>\n<meta property=\"article:published_time\" content=\"2023-09-18T15:42:03+00:00\" \/>\n<meta property=\"og:image\" content=\"https:\/\/batijournal.com\/wp-content\/uploads\/2023\/09\/Podium-Carrelage.jpg\" \/>\n\t<meta property=\"og:image:width\" content=\"800\" \/>\n\t<meta property=\"og:image:height\" content=\"534\" \/>\n\t<meta property=\"og:image:type\" content=\"image\/jpeg\" \/>\n<meta name=\"author\" content=\"St\u00e9phane Miget\" \/>\n<meta name=\"twitter:card\" content=\"summary_large_image\" \/>\n<meta name=\"twitter:creator\" content=\"@bati_journal\" \/>\n<meta name=\"twitter:site\" content=\"@bati_journal\" \/>\n<meta name=\"twitter:label1\" content=\"\u00c9crit par\" \/>\n\t<meta name=\"twitter:data1\" content=\"St\u00e9phane Miget\" \/>\n\t<meta name=\"twitter:label2\" content=\"Dur\u00e9e de lecture estim\u00e9e\" \/>\n\t<meta name=\"twitter:data2\" content=\"7 minutes\" \/>\n<script type=\"application\/ld+json\" class=\"yoast-schema-graph\">{\"@context\":\"https:\\\/\\\/schema.org\",\"@graph\":[{\"@type\":\"Article\",\"@id\":\"https:\\\/\\\/batijournal.com\\\/index.php\\\/palmares-du-pole-construction-france-de-la-47e-worldskills-competition\\\/109248\\\/#article\",\"isPartOf\":{\"@id\":\"https:\\\/\\\/batijournal.com\\\/index.php\\\/palmares-du-pole-construction-france-de-la-47e-worldskills-competition\\\/109248\\\/\"},\"author\":{\"name\":\"St\u00e9phane Miget\",\"@id\":\"https:\\\/\\\/batijournal.com\\\/#\\\/schema\\\/person\\\/1dc96ec6957aa1ccb25ebe78bb19f100\"},\"headline\":\"Palmar\u00e8s du p\u00f4le construction France de la 47e WorldSkills Competition\",\"datePublished\":\"2023-09-18T15:42:03+00:00\",\"mainEntityOfPage\":{\"@id\":\"https:\\\/\\\/batijournal.com\\\/index.php\\\/palmares-du-pole-construction-france-de-la-47e-worldskills-competition\\\/109248\\\/\"},\"wordCount\":1317,\"image\":{\"@id\":\"https:\\\/\\\/batijournal.com\\\/index.php\\\/palmares-du-pole-construction-france-de-la-47e-worldskills-competition\\\/109248\\\/#primaryimage\"},\"thumbnailUrl\":\"https:\\\/\\\/batijournal.com\\\/wp-content\\\/uploads\\\/2023\\\/09\\\/Podium-Carrelage.jpg\",\"keywords\":[\"worldskills france\"],\"articleSection\":[\"Actualit\u00e9s\",\"Divers\"],\"inLanguage\":\"fr-FR\"},{\"@type\":\"WebPage\",\"@id\":\"https:\\\/\\\/batijournal.com\\\/index.php\\\/palmares-du-pole-construction-france-de-la-47e-worldskills-competition\\\/109248\\\/\",\"url\":\"https:\\\/\\\/batijournal.com\\\/index.php\\\/palmares-du-pole-construction-france-de-la-47e-worldskills-competition\\\/109248\\\/\",\"name\":\"Palmar\u00e8s du p\u00f4le construction France de la 47e WorldSkills Competition\",\"isPartOf\":{\"@id\":\"https:\\\/\\\/batijournal.com\\\/#website\"},\"primaryImageOfPage\":{\"@id\":\"https:\\\/\\\/batijournal.com\\\/index.php\\\/palmares-du-pole-construction-france-de-la-47e-worldskills-competition\\\/109248\\\/#primaryimage\"},\"image\":{\"@id\":\"https:\\\/\\\/batijournal.com\\\/index.php\\\/palmares-du-pole-construction-france-de-la-47e-worldskills-competition\\\/109248\\\/#primaryimage\"},\"thumbnailUrl\":\"https:\\\/\\\/batijournal.com\\\/wp-content\\\/uploads\\\/2023\\\/09\\\/Podium-Carrelage.jpg\",\"datePublished\":\"2023-09-18T15:42:03+00:00\",\"author\":{\"@id\":\"https:\\\/\\\/batijournal.com\\\/#\\\/schema\\\/person\\\/1dc96ec6957aa1ccb25ebe78bb19f100\"},\"breadcrumb\":{\"@id\":\"https:\\\/\\\/batijournal.com\\\/index.php\\\/palmares-du-pole-construction-france-de-la-47e-worldskills-competition\\\/109248\\\/#breadcrumb\"},\"inLanguage\":\"fr-FR\",\"potentialAction\":[{\"@type\":\"ReadAction\",\"target\":[\"https:\\\/\\\/batijournal.com\\\/index.php\\\/palmares-du-pole-construction-france-de-la-47e-worldskills-competition\\\/109248\\\/\"]}]},{\"@type\":\"ImageObject\",\"inLanguage\":\"fr-FR\",\"@id\":\"https:\\\/\\\/batijournal.com\\\/index.php\\\/palmares-du-pole-construction-france-de-la-47e-worldskills-competition\\\/109248\\\/#primaryimage\",\"url\":\"https:\\\/\\\/batijournal.com\\\/wp-content\\\/uploads\\\/2023\\\/09\\\/Podium-Carrelage.jpg\",\"contentUrl\":\"https:\\\/\\\/batijournal.com\\\/wp-content\\\/uploads\\\/2023\\\/09\\\/Podium-Carrelage.jpg\",\"width\":800,\"height\":534},{\"@type\":\"BreadcrumbList\",\"@id\":\"https:\\\/\\\/batijournal.com\\\/index.php\\\/palmares-du-pole-construction-france-de-la-47e-worldskills-competition\\\/109248\\\/#breadcrumb\",\"itemListElement\":[{\"@type\":\"ListItem\",\"position\":1,\"name\":\"Accueil\",\"item\":\"https:\\\/\\\/batijournal.com\\\/\"},{\"@type\":\"ListItem\",\"position\":2,\"name\":\"Actualit\u00e9s\",\"item\":\"https:\\\/\\\/batijournal.com\\\/index.php\\\/category\\\/actualites\\\/\"},{\"@type\":\"ListItem\",\"position\":3,\"name\":\"Palmar\u00e8s du p\u00f4le construction France de la 47e WorldSkills Competition\"}]},{\"@type\":\"WebSite\",\"@id\":\"https:\\\/\\\/batijournal.com\\\/#website\",\"url\":\"https:\\\/\\\/batijournal.com\\\/\",\"name\":\"Batijournal\",\"description\":\"L&#039;actualit\u00e9 du b\u00e2timent\",\"potentialAction\":[{\"@type\":\"SearchAction\",\"target\":{\"@type\":\"EntryPoint\",\"urlTemplate\":\"https:\\\/\\\/batijournal.com\\\/?s={search_term_string}\"},\"query-input\":{\"@type\":\"PropertyValueSpecification\",\"valueRequired\":true,\"valueName\":\"search_term_string\"}}],\"inLanguage\":\"fr-FR\"},{\"@type\":\"Person\",\"@id\":\"https:\\\/\\\/batijournal.com\\\/#\\\/schema\\\/person\\\/1dc96ec6957aa1ccb25ebe78bb19f100\",\"name\":\"St\u00e9phane Miget\",\"image\":{\"@type\":\"ImageObject\",\"inLanguage\":\"fr-FR\",\"@id\":\"https:\\\/\\\/secure.gravatar.com\\\/avatar\\\/89915563d925342126b8ef0281b93d9d7fc337043e8df017f780908eb9644451?s=96&d=mm&r=g\",\"url\":\"https:\\\/\\\/secure.gravatar.com\\\/avatar\\\/89915563d925342126b8ef0281b93d9d7fc337043e8df017f780908eb9644451?s=96&d=mm&r=g\",\"contentUrl\":\"https:\\\/\\\/secure.gravatar.com\\\/avatar\\\/89915563d925342126b8ef0281b93d9d7fc337043e8df017f780908eb9644451?s=96&d=mm&r=g\",\"caption\":\"St\u00e9phane Miget\"},\"url\":\"https:\\\/\\\/batijournal.com\\\/index.php\\\/author\\\/stephane\\\/\"}]}<\/script>\n<!-- \/ Yoast SEO plugin. -->","yoast_head_json":{"title":"Palmar\u00e8s du p\u00f4le construction France de la 47e WorldSkills Competition","robots":{"index":"index","follow":"follow","max-snippet":"max-snippet:-1","max-image-preview":"max-image-preview:large","max-video-preview":"max-video-preview:-1"},"canonical":"https:\/\/batijournal.com\/index.php\/palmares-du-pole-construction-france-de-la-47e-worldskills-competition\/109248\/","og_locale":"fr_FR","og_type":"article","og_title":"Palmar\u00e8s du p\u00f4le construction France de la 47e WorldSkills Competition","og_description":"Apr\u00e8s trois jours de comp\u00e9tition, les r\u00e9sultats de la comp\u00e9tition nationale des m\u00e9tiers de la 47e \u00e9dition de la WorldSkills Comp\u00e9tition, qui s\u2019est d\u00e9roul\u00e9e du 14 au 16 septembre, ont \u00e9t\u00e9 proclam\u00e9s lors de la c\u00e9r\u00e9monie de cl\u00f4ture \u00e0 Lyon. 800 jeunes champions r\u00e9gionaux se sont affront\u00e9s au cours d\u2019\u00e9preuves intenses dans 69 m\u00e9tiers, dont [&hellip;]","og_url":"https:\/\/batijournal.com\/index.php\/palmares-du-pole-construction-france-de-la-47e-worldskills-competition\/109248\/","og_site_name":"Batijournal","article_published_time":"2023-09-18T15:42:03+00:00","og_image":[{"width":800,"height":534,"url":"https:\/\/batijournal.com\/wp-content\/uploads\/2023\/09\/Podium-Carrelage.jpg","type":"image\/jpeg"}],"author":"St\u00e9phane Miget","twitter_card":"summary_large_image","twitter_creator":"@bati_journal","twitter_site":"@bati_journal","twitter_misc":{"\u00c9crit par":"St\u00e9phane Miget","Dur\u00e9e de lecture estim\u00e9e":"7 minutes"},"schema":{"@context":"https:\/\/schema.org","@graph":[{"@type":"Article","@id":"https:\/\/batijournal.com\/index.php\/palmares-du-pole-construction-france-de-la-47e-worldskills-competition\/109248\/#article","isPartOf":{"@id":"https:\/\/batijournal.com\/index.php\/palmares-du-pole-construction-france-de-la-47e-worldskills-competition\/109248\/"},"author":{"name":"St\u00e9phane Miget","@id":"https:\/\/batijournal.com\/#\/schema\/person\/1dc96ec6957aa1ccb25ebe78bb19f100"},"headline":"Palmar\u00e8s du p\u00f4le construction France de la 47e WorldSkills Competition","datePublished":"2023-09-18T15:42:03+00:00","mainEntityOfPage":{"@id":"https:\/\/batijournal.com\/index.php\/palmares-du-pole-construction-france-de-la-47e-worldskills-competition\/109248\/"},"wordCount":1317,"image":{"@id":"https:\/\/batijournal.com\/index.php\/palmares-du-pole-construction-france-de-la-47e-worldskills-competition\/109248\/#primaryimage"},"thumbnailUrl":"https:\/\/batijournal.com\/wp-content\/uploads\/2023\/09\/Podium-Carrelage.jpg","keywords":["worldskills france"],"articleSection":["Actualit\u00e9s","Divers"],"inLanguage":"fr-FR"},{"@type":"WebPage","@id":"https:\/\/batijournal.com\/index.php\/palmares-du-pole-construction-france-de-la-47e-worldskills-competition\/109248\/","url":"https:\/\/batijournal.com\/index.php\/palmares-du-pole-construction-france-de-la-47e-worldskills-competition\/109248\/","name":"Palmar\u00e8s du p\u00f4le construction France de la 47e WorldSkills Competition","isPartOf":{"@id":"https:\/\/batijournal.com\/#website"},"primaryImageOfPage":{"@id":"https:\/\/batijournal.com\/index.php\/palmares-du-pole-construction-france-de-la-47e-worldskills-competition\/109248\/#primaryimage"},"image":{"@id":"https:\/\/batijournal.com\/index.php\/palmares-du-pole-construction-france-de-la-47e-worldskills-competition\/109248\/#primaryimage"},"thumbnailUrl":"https:\/\/batijournal.com\/wp-content\/uploads\/2023\/09\/Podium-Carrelage.jpg","datePublished":"2023-09-18T15:42:03+00:00","author":{"@id":"https:\/\/batijournal.com\/#\/schema\/person\/1dc96ec6957aa1ccb25ebe78bb19f100"},"breadcrumb":{"@id":"https:\/\/batijournal.com\/index.php\/palmares-du-pole-construction-france-de-la-47e-worldskills-competition\/109248\/#breadcrumb"},"inLanguage":"fr-FR","potentialAction":[{"@type":"ReadAction","target":["https:\/\/batijournal.com\/index.php\/palmares-du-pole-construction-france-de-la-47e-worldskills-competition\/109248\/"]}]},{"@type":"ImageObject","inLanguage":"fr-FR","@id":"https:\/\/batijournal.com\/index.php\/palmares-du-pole-construction-france-de-la-47e-worldskills-competition\/109248\/#primaryimage","url":"https:\/\/batijournal.com\/wp-content\/uploads\/2023\/09\/Podium-Carrelage.jpg","contentUrl":"https:\/\/batijournal.com\/wp-content\/uploads\/2023\/09\/Podium-Carrelage.jpg","width":800,"height":534},{"@type":"BreadcrumbList","@id":"https:\/\/batijournal.com\/index.php\/palmares-du-pole-construction-france-de-la-47e-worldskills-competition\/109248\/#breadcrumb","itemListElement":[{"@type":"ListItem","position":1,"name":"Accueil","item":"https:\/\/batijournal.com\/"},{"@type":"ListItem","position":2,"name":"Actualit\u00e9s","item":"https:\/\/batijournal.com\/index.php\/category\/actualites\/"},{"@type":"ListItem","position":3,"name":"Palmar\u00e8s du p\u00f4le construction France de la 47e WorldSkills Competition"}]},{"@type":"WebSite","@id":"https:\/\/batijournal.com\/#website","url":"https:\/\/batijournal.com\/","name":"Batijournal","description":"L&#039;actualit\u00e9 du b\u00e2timent","potentialAction":[{"@type":"SearchAction","target":{"@type":"EntryPoint","urlTemplate":"https:\/\/batijournal.com\/?s={search_term_string}"},"query-input":{"@type":"PropertyValueSpecification","valueRequired":true,"valueName":"search_term_string"}}],"inLanguage":"fr-FR"},{"@type":"Person","@id":"https:\/\/batijournal.com\/#\/schema\/person\/1dc96ec6957aa1ccb25ebe78bb19f100","name":"St\u00e9phane Miget","image":{"@type":"ImageObject","inLanguage":"fr-FR","@id":"https:\/\/secure.gravatar.com\/avatar\/89915563d925342126b8ef0281b93d9d7fc337043e8df017f780908eb9644451?s=96&d=mm&r=g","url":"https:\/\/secure.gravatar.com\/avatar\/89915563d925342126b8ef0281b93d9d7fc337043e8df017f780908eb9644451?s=96&d=mm&r=g","contentUrl":"https:\/\/secure.gravatar.com\/avatar\/89915563d925342126b8ef0281b93d9d7fc337043e8df017f780908eb9644451?s=96&d=mm&r=g","caption":"St\u00e9phane Miget"},"url":"https:\/\/batijournal.com\/index.php\/author\/stephane\/"}]}},"_links":{"self":[{"href":"https:\/\/batijournal.com\/index.php\/wp-json\/wp\/v2\/posts\/109248","targetHints":{"allow":["GET"]}}],"collection":[{"href":"https:\/\/batijournal.com\/index.php\/wp-json\/wp\/v2\/posts"}],"about":[{"href":"https:\/\/batijournal.com\/index.php\/wp-json\/wp\/v2\/types\/post"}],"author":[{"embeddable":true,"href":"https:\/\/batijournal.com\/index.php\/wp-json\/wp\/v2\/users\/17"}],"replies":[{"embeddable":true,"href":"https:\/\/batijournal.com\/index.php\/wp-json\/wp\/v2\/comments?post=109248"}],"version-history":[{"count":0,"href":"https:\/\/batijournal.com\/index.php\/wp-json\/wp\/v2\/posts\/109248\/revisions"}],"wp:featuredmedia":[{"embeddable":true,"href":"https:\/\/batijournal.com\/index.php\/wp-json\/wp\/v2\/media\/109246"}],"wp:attachment":[{"href":"https:\/\/batijournal.com\/index.php\/wp-json\/wp\/v2\/media?parent=109248"}],"wp:term":[{"taxonomy":"category","embeddable":true,"href":"https:\/\/batijournal.com\/index.php\/wp-json\/wp\/v2\/categories?post=109248"},{"taxonomy":"post_tag","embeddable":true,"href":"https:\/\/batijournal.com\/index.php\/wp-json\/wp\/v2\/tags?post=109248"}],"curies":[{"name":"wp","href":"https:\/\/api.w.org\/{rel}","templated":true}]}}