{"id":109252,"date":"2023-09-19T13:12:56","date_gmt":"2023-09-19T11:12:56","guid":{"rendered":"https:\/\/batijournal.com\/?p=109252"},"modified":"2023-09-19T13:12:56","modified_gmt":"2023-09-19T11:12:56","slug":"la-maison-carree-de-nimes-au-patrimoine-mondial-de-lunesco","status":"publish","type":"post","link":"https:\/\/batijournal.com\/index.php\/la-maison-carree-de-nimes-au-patrimoine-mondial-de-lunesco\/109252\/","title":{"rendered":"La Maison Carr\u00e9e de N\u00eemes au patrimoine mondial de l\u2019Unesco"},"content":{"rendered":"<p>La Maison Carr\u00e9e de N\u00eemes vient d&rsquo;\u00eatre inscrite au patrimoine mondial de l\u2019Unesco. L\u2019aboutissement d\u2019un long parcours pour faire reconna\u00eetre la valeur exceptionnelle universelle du temple romain parmi les mieux conserv\u00e9s au monde. Il \u00e9tait d\u00e9di\u00e9 aux h\u00e9ritiers d\u2019Auguste, Caius et Lucius Caesar, \u201cprinces de la jeunesse\u201d. Quatre ann\u00e9es de restauration et 44000 heures de travail ont r\u00e9cemment donn\u00e9 un nouveau souffle \u00e0 l\u2019\u00e9difice. <em>\u00ab C\u2019est une immense nouvelle qui nous apporte beaucoup d\u2019\u00e9motion et de fiert\u00e9, se f\u00e9licite Jean-Paul Fournier, Maire de N\u00eemes. Elle t\u00e9moigne de la valeur universelle de notre temple antique, qui tr\u00f4ne d\u00e9sormais sur une liste prestigieuse de sites exceptionnels. Cette joie, je veux la partager avec tous les N\u00eemois, qui nous ont toujours soutenus et que je tiens \u00e0 remercier chaleureusement. A compter d\u2019aujourd\u2019hui, N\u00eemes rayonne encore plus fort en France et \u00e0 l\u2019international \u00bb<\/em>. <em>\u00ab Cette d\u00e9cision constitue la reconnaissance tant attendue des richesses patrimoniales antiques dont la ville de N\u00eemes regorge. Elle vient r\u00e9compenser des ann\u00e9es de travail pour prot\u00e9ger, transmettre et partager l\u2019exceptionnel h\u00e9ritage l\u00e9gu\u00e9 par les g\u00e9n\u00e9rations qui nous ont pr\u00e9c\u00e9d\u00e9s \u00bb<\/em>, abonde Mary Bourgade, Adjointe d\u00e9l\u00e9gu\u00e9e \u00e0 l\u2019inscription Unesco, au patrimoine antique et \u00e0 la coop\u00e9ration internationale d\u00e9centralis\u00e9e.<\/p>\n","protected":false},"excerpt":{"rendered":"<p>La Maison Carr\u00e9e de N\u00eemes vient d&rsquo;\u00eatre inscrite au patrimoine mondial de l\u2019Unesco. L\u2019aboutissement d\u2019un long parcours pour faire reconna\u00eetre la valeur exceptionnelle universelle du temple romain parmi les mieux conserv\u00e9s au monde. Il \u00e9tait d\u00e9di\u00e9 aux h\u00e9ritiers d\u2019Auguste, Caius et Lucius Caesar, \u201cprinces de la jeunesse\u201d. Quatre ann\u00e9es de restauration et 44000 heures de [&hellip;]<\/p>\n","protected":false},"author":17,"featured_media":109253,"comment_status":"closed","ping_status":"closed","sticky":false,"template":"","format":"standard","meta":{"_et_pb_use_builder":"","_et_pb_old_content":"","_et_gb_content_width":"","footnotes":""},"categories":[10530,6362,10789,10785],"tags":[8674],"class_list":["post-109252","post","type-post","status-publish","format-standard","has-post-thumbnail","hentry","category-actualites","category-services-equipements","category-publications-atrium","category-atrium","tag-patrimoine-mondial-de-lunesco"],"yoast_head":"<!-- This site is optimized with the Yoast SEO plugin v27.4 - https:\/\/yoast.com\/product\/yoast-seo-wordpress\/ -->\n<title>La Maison Carr\u00e9e de N\u00eemes au patrimoine mondial de l\u2019Unesco<\/title>\n<meta name=\"robots\" content=\"index, follow, max-snippet:-1, max-image-preview:large, max-video-preview:-1\" \/>\n<link rel=\"canonical\" href=\"https:\/\/batijournal.com\/index.php\/la-maison-carree-de-nimes-au-patrimoine-mondial-de-lunesco\/109252\/\" \/>\n<meta property=\"og:locale\" content=\"fr_FR\" \/>\n<meta property=\"og:type\" content=\"article\" \/>\n<meta property=\"og:title\" content=\"La Maison Carr\u00e9e de N\u00eemes au patrimoine mondial de l\u2019Unesco\" \/>\n<meta property=\"og:description\" content=\"La Maison Carr\u00e9e de N\u00eemes vient d&rsquo;\u00eatre inscrite au patrimoine mondial de l\u2019Unesco. L\u2019aboutissement d\u2019un long parcours pour faire reconna\u00eetre la valeur exceptionnelle universelle du temple romain parmi les mieux conserv\u00e9s au monde. Il \u00e9tait d\u00e9di\u00e9 aux h\u00e9ritiers d\u2019Auguste, Caius et Lucius Caesar, \u201cprinces de la jeunesse\u201d. Quatre ann\u00e9es de restauration et 44000 heures de [&hellip;]\" \/>\n<meta property=\"og:url\" content=\"https:\/\/batijournal.com\/index.php\/la-maison-carree-de-nimes-au-patrimoine-mondial-de-lunesco\/109252\/\" \/>\n<meta property=\"og:site_name\" content=\"Batijournal\" \/>\n<meta property=\"article:published_time\" content=\"2023-09-19T11:12:56+00:00\" \/>\n<meta property=\"og:image\" content=\"https:\/\/batijournal.com\/wp-content\/uploads\/2023\/09\/La_Maison_carree-nimes.jpg\" \/>\n\t<meta property=\"og:image:width\" content=\"1024\" \/>\n\t<meta property=\"og:image:height\" content=\"819\" \/>\n\t<meta property=\"og:image:type\" content=\"image\/jpeg\" \/>\n<meta name=\"author\" content=\"St\u00e9phane Miget\" \/>\n<meta name=\"twitter:card\" content=\"summary_large_image\" \/>\n<meta name=\"twitter:creator\" content=\"@bati_journal\" \/>\n<meta name=\"twitter:site\" content=\"@bati_journal\" \/>\n<meta name=\"twitter:label1\" content=\"\u00c9crit par\" \/>\n\t<meta name=\"twitter:data1\" content=\"St\u00e9phane Miget\" \/>\n\t<meta name=\"twitter:label2\" content=\"Dur\u00e9e de lecture estim\u00e9e\" \/>\n\t<meta name=\"twitter:data2\" content=\"1 minute\" \/>\n<script type=\"application\/ld+json\" class=\"yoast-schema-graph\">{\"@context\":\"https:\\\/\\\/schema.org\",\"@graph\":[{\"@type\":\"Article\",\"@id\":\"https:\\\/\\\/batijournal.com\\\/index.php\\\/la-maison-carree-de-nimes-au-patrimoine-mondial-de-lunesco\\\/109252\\\/#article\",\"isPartOf\":{\"@id\":\"https:\\\/\\\/batijournal.com\\\/index.php\\\/la-maison-carree-de-nimes-au-patrimoine-mondial-de-lunesco\\\/109252\\\/\"},\"author\":{\"name\":\"St\u00e9phane Miget\",\"@id\":\"https:\\\/\\\/batijournal.com\\\/#\\\/schema\\\/person\\\/1dc96ec6957aa1ccb25ebe78bb19f100\"},\"headline\":\"La Maison Carr\u00e9e de N\u00eemes au patrimoine mondial de l\u2019Unesco\",\"datePublished\":\"2023-09-19T11:12:56+00:00\",\"mainEntityOfPage\":{\"@id\":\"https:\\\/\\\/batijournal.com\\\/index.php\\\/la-maison-carree-de-nimes-au-patrimoine-mondial-de-lunesco\\\/109252\\\/\"},\"wordCount\":247,\"image\":{\"@id\":\"https:\\\/\\\/batijournal.com\\\/index.php\\\/la-maison-carree-de-nimes-au-patrimoine-mondial-de-lunesco\\\/109252\\\/#primaryimage\"},\"thumbnailUrl\":\"https:\\\/\\\/batijournal.com\\\/wp-content\\\/uploads\\\/2023\\\/09\\\/La_Maison_carree-nimes.jpg\",\"keywords\":[\"patrimoine mondial de lunesco\"],\"articleSection\":[\"Actualit\u00e9s\",\"Divers\",\"zz_Actualit\u00e9s - Atrium\",\"zz_Atrium Patrimoine\"],\"inLanguage\":\"fr-FR\"},{\"@type\":\"WebPage\",\"@id\":\"https:\\\/\\\/batijournal.com\\\/index.php\\\/la-maison-carree-de-nimes-au-patrimoine-mondial-de-lunesco\\\/109252\\\/\",\"url\":\"https:\\\/\\\/batijournal.com\\\/index.php\\\/la-maison-carree-de-nimes-au-patrimoine-mondial-de-lunesco\\\/109252\\\/\",\"name\":\"La Maison Carr\u00e9e de N\u00eemes au patrimoine mondial de l\u2019Unesco\",\"isPartOf\":{\"@id\":\"https:\\\/\\\/batijournal.com\\\/#website\"},\"primaryImageOfPage\":{\"@id\":\"https:\\\/\\\/batijournal.com\\\/index.php\\\/la-maison-carree-de-nimes-au-patrimoine-mondial-de-lunesco\\\/109252\\\/#primaryimage\"},\"image\":{\"@id\":\"https:\\\/\\\/batijournal.com\\\/index.php\\\/la-maison-carree-de-nimes-au-patrimoine-mondial-de-lunesco\\\/109252\\\/#primaryimage\"},\"thumbnailUrl\":\"https:\\\/\\\/batijournal.com\\\/wp-content\\\/uploads\\\/2023\\\/09\\\/La_Maison_carree-nimes.jpg\",\"datePublished\":\"2023-09-19T11:12:56+00:00\",\"author\":{\"@id\":\"https:\\\/\\\/batijournal.com\\\/#\\\/schema\\\/person\\\/1dc96ec6957aa1ccb25ebe78bb19f100\"},\"breadcrumb\":{\"@id\":\"https:\\\/\\\/batijournal.com\\\/index.php\\\/la-maison-carree-de-nimes-au-patrimoine-mondial-de-lunesco\\\/109252\\\/#breadcrumb\"},\"inLanguage\":\"fr-FR\",\"potentialAction\":[{\"@type\":\"ReadAction\",\"target\":[\"https:\\\/\\\/batijournal.com\\\/index.php\\\/la-maison-carree-de-nimes-au-patrimoine-mondial-de-lunesco\\\/109252\\\/\"]}]},{\"@type\":\"ImageObject\",\"inLanguage\":\"fr-FR\",\"@id\":\"https:\\\/\\\/batijournal.com\\\/index.php\\\/la-maison-carree-de-nimes-au-patrimoine-mondial-de-lunesco\\\/109252\\\/#primaryimage\",\"url\":\"https:\\\/\\\/batijournal.com\\\/wp-content\\\/uploads\\\/2023\\\/09\\\/La_Maison_carree-nimes.jpg\",\"contentUrl\":\"https:\\\/\\\/batijournal.com\\\/wp-content\\\/uploads\\\/2023\\\/09\\\/La_Maison_carree-nimes.jpg\",\"width\":1024,\"height\":819},{\"@type\":\"BreadcrumbList\",\"@id\":\"https:\\\/\\\/batijournal.com\\\/index.php\\\/la-maison-carree-de-nimes-au-patrimoine-mondial-de-lunesco\\\/109252\\\/#breadcrumb\",\"itemListElement\":[{\"@type\":\"ListItem\",\"position\":1,\"name\":\"Accueil\",\"item\":\"https:\\\/\\\/batijournal.com\\\/\"},{\"@type\":\"ListItem\",\"position\":2,\"name\":\"Actualit\u00e9s\",\"item\":\"https:\\\/\\\/batijournal.com\\\/index.php\\\/category\\\/actualites\\\/\"},{\"@type\":\"ListItem\",\"position\":3,\"name\":\"La Maison Carr\u00e9e de N\u00eemes au patrimoine mondial de l\u2019Unesco\"}]},{\"@type\":\"WebSite\",\"@id\":\"https:\\\/\\\/batijournal.com\\\/#website\",\"url\":\"https:\\\/\\\/batijournal.com\\\/\",\"name\":\"Batijournal\",\"description\":\"L&#039;actualit\u00e9 du b\u00e2timent\",\"potentialAction\":[{\"@type\":\"SearchAction\",\"target\":{\"@type\":\"EntryPoint\",\"urlTemplate\":\"https:\\\/\\\/batijournal.com\\\/?s={search_term_string}\"},\"query-input\":{\"@type\":\"PropertyValueSpecification\",\"valueRequired\":true,\"valueName\":\"search_term_string\"}}],\"inLanguage\":\"fr-FR\"},{\"@type\":\"Person\",\"@id\":\"https:\\\/\\\/batijournal.com\\\/#\\\/schema\\\/person\\\/1dc96ec6957aa1ccb25ebe78bb19f100\",\"name\":\"St\u00e9phane Miget\",\"image\":{\"@type\":\"ImageObject\",\"inLanguage\":\"fr-FR\",\"@id\":\"https:\\\/\\\/secure.gravatar.com\\\/avatar\\\/89915563d925342126b8ef0281b93d9d7fc337043e8df017f780908eb9644451?s=96&d=mm&r=g\",\"url\":\"https:\\\/\\\/secure.gravatar.com\\\/avatar\\\/89915563d925342126b8ef0281b93d9d7fc337043e8df017f780908eb9644451?s=96&d=mm&r=g\",\"contentUrl\":\"https:\\\/\\\/secure.gravatar.com\\\/avatar\\\/89915563d925342126b8ef0281b93d9d7fc337043e8df017f780908eb9644451?s=96&d=mm&r=g\",\"caption\":\"St\u00e9phane Miget\"},\"url\":\"https:\\\/\\\/batijournal.com\\\/index.php\\\/author\\\/stephane\\\/\"}]}<\/script>\n<!-- \/ Yoast SEO plugin. -->","yoast_head_json":{"title":"La Maison Carr\u00e9e de N\u00eemes au patrimoine mondial de l\u2019Unesco","robots":{"index":"index","follow":"follow","max-snippet":"max-snippet:-1","max-image-preview":"max-image-preview:large","max-video-preview":"max-video-preview:-1"},"canonical":"https:\/\/batijournal.com\/index.php\/la-maison-carree-de-nimes-au-patrimoine-mondial-de-lunesco\/109252\/","og_locale":"fr_FR","og_type":"article","og_title":"La Maison Carr\u00e9e de N\u00eemes au patrimoine mondial de l\u2019Unesco","og_description":"La Maison Carr\u00e9e de N\u00eemes vient d&rsquo;\u00eatre inscrite au patrimoine mondial de l\u2019Unesco. L\u2019aboutissement d\u2019un long parcours pour faire reconna\u00eetre la valeur exceptionnelle universelle du temple romain parmi les mieux conserv\u00e9s au monde. Il \u00e9tait d\u00e9di\u00e9 aux h\u00e9ritiers d\u2019Auguste, Caius et Lucius Caesar, \u201cprinces de la jeunesse\u201d. Quatre ann\u00e9es de restauration et 44000 heures de [&hellip;]","og_url":"https:\/\/batijournal.com\/index.php\/la-maison-carree-de-nimes-au-patrimoine-mondial-de-lunesco\/109252\/","og_site_name":"Batijournal","article_published_time":"2023-09-19T11:12:56+00:00","og_image":[{"width":1024,"height":819,"url":"https:\/\/batijournal.com\/wp-content\/uploads\/2023\/09\/La_Maison_carree-nimes.jpg","type":"image\/jpeg"}],"author":"St\u00e9phane Miget","twitter_card":"summary_large_image","twitter_creator":"@bati_journal","twitter_site":"@bati_journal","twitter_misc":{"\u00c9crit par":"St\u00e9phane Miget","Dur\u00e9e de lecture estim\u00e9e":"1 minute"},"schema":{"@context":"https:\/\/schema.org","@graph":[{"@type":"Article","@id":"https:\/\/batijournal.com\/index.php\/la-maison-carree-de-nimes-au-patrimoine-mondial-de-lunesco\/109252\/#article","isPartOf":{"@id":"https:\/\/batijournal.com\/index.php\/la-maison-carree-de-nimes-au-patrimoine-mondial-de-lunesco\/109252\/"},"author":{"name":"St\u00e9phane Miget","@id":"https:\/\/batijournal.com\/#\/schema\/person\/1dc96ec6957aa1ccb25ebe78bb19f100"},"headline":"La Maison Carr\u00e9e de N\u00eemes au patrimoine mondial de l\u2019Unesco","datePublished":"2023-09-19T11:12:56+00:00","mainEntityOfPage":{"@id":"https:\/\/batijournal.com\/index.php\/la-maison-carree-de-nimes-au-patrimoine-mondial-de-lunesco\/109252\/"},"wordCount":247,"image":{"@id":"https:\/\/batijournal.com\/index.php\/la-maison-carree-de-nimes-au-patrimoine-mondial-de-lunesco\/109252\/#primaryimage"},"thumbnailUrl":"https:\/\/batijournal.com\/wp-content\/uploads\/2023\/09\/La_Maison_carree-nimes.jpg","keywords":["patrimoine mondial de lunesco"],"articleSection":["Actualit\u00e9s","Divers","zz_Actualit\u00e9s - Atrium","zz_Atrium Patrimoine"],"inLanguage":"fr-FR"},{"@type":"WebPage","@id":"https:\/\/batijournal.com\/index.php\/la-maison-carree-de-nimes-au-patrimoine-mondial-de-lunesco\/109252\/","url":"https:\/\/batijournal.com\/index.php\/la-maison-carree-de-nimes-au-patrimoine-mondial-de-lunesco\/109252\/","name":"La Maison Carr\u00e9e de N\u00eemes au patrimoine mondial de l\u2019Unesco","isPartOf":{"@id":"https:\/\/batijournal.com\/#website"},"primaryImageOfPage":{"@id":"https:\/\/batijournal.com\/index.php\/la-maison-carree-de-nimes-au-patrimoine-mondial-de-lunesco\/109252\/#primaryimage"},"image":{"@id":"https:\/\/batijournal.com\/index.php\/la-maison-carree-de-nimes-au-patrimoine-mondial-de-lunesco\/109252\/#primaryimage"},"thumbnailUrl":"https:\/\/batijournal.com\/wp-content\/uploads\/2023\/09\/La_Maison_carree-nimes.jpg","datePublished":"2023-09-19T11:12:56+00:00","author":{"@id":"https:\/\/batijournal.com\/#\/schema\/person\/1dc96ec6957aa1ccb25ebe78bb19f100"},"breadcrumb":{"@id":"https:\/\/batijournal.com\/index.php\/la-maison-carree-de-nimes-au-patrimoine-mondial-de-lunesco\/109252\/#breadcrumb"},"inLanguage":"fr-FR","potentialAction":[{"@type":"ReadAction","target":["https:\/\/batijournal.com\/index.php\/la-maison-carree-de-nimes-au-patrimoine-mondial-de-lunesco\/109252\/"]}]},{"@type":"ImageObject","inLanguage":"fr-FR","@id":"https:\/\/batijournal.com\/index.php\/la-maison-carree-de-nimes-au-patrimoine-mondial-de-lunesco\/109252\/#primaryimage","url":"https:\/\/batijournal.com\/wp-content\/uploads\/2023\/09\/La_Maison_carree-nimes.jpg","contentUrl":"https:\/\/batijournal.com\/wp-content\/uploads\/2023\/09\/La_Maison_carree-nimes.jpg","width":1024,"height":819},{"@type":"BreadcrumbList","@id":"https:\/\/batijournal.com\/index.php\/la-maison-carree-de-nimes-au-patrimoine-mondial-de-lunesco\/109252\/#breadcrumb","itemListElement":[{"@type":"ListItem","position":1,"name":"Accueil","item":"https:\/\/batijournal.com\/"},{"@type":"ListItem","position":2,"name":"Actualit\u00e9s","item":"https:\/\/batijournal.com\/index.php\/category\/actualites\/"},{"@type":"ListItem","position":3,"name":"La Maison Carr\u00e9e de N\u00eemes au patrimoine mondial de l\u2019Unesco"}]},{"@type":"WebSite","@id":"https:\/\/batijournal.com\/#website","url":"https:\/\/batijournal.com\/","name":"Batijournal","description":"L&#039;actualit\u00e9 du b\u00e2timent","potentialAction":[{"@type":"SearchAction","target":{"@type":"EntryPoint","urlTemplate":"https:\/\/batijournal.com\/?s={search_term_string}"},"query-input":{"@type":"PropertyValueSpecification","valueRequired":true,"valueName":"search_term_string"}}],"inLanguage":"fr-FR"},{"@type":"Person","@id":"https:\/\/batijournal.com\/#\/schema\/person\/1dc96ec6957aa1ccb25ebe78bb19f100","name":"St\u00e9phane Miget","image":{"@type":"ImageObject","inLanguage":"fr-FR","@id":"https:\/\/secure.gravatar.com\/avatar\/89915563d925342126b8ef0281b93d9d7fc337043e8df017f780908eb9644451?s=96&d=mm&r=g","url":"https:\/\/secure.gravatar.com\/avatar\/89915563d925342126b8ef0281b93d9d7fc337043e8df017f780908eb9644451?s=96&d=mm&r=g","contentUrl":"https:\/\/secure.gravatar.com\/avatar\/89915563d925342126b8ef0281b93d9d7fc337043e8df017f780908eb9644451?s=96&d=mm&r=g","caption":"St\u00e9phane Miget"},"url":"https:\/\/batijournal.com\/index.php\/author\/stephane\/"}]}},"_links":{"self":[{"href":"https:\/\/batijournal.com\/index.php\/wp-json\/wp\/v2\/posts\/109252","targetHints":{"allow":["GET"]}}],"collection":[{"href":"https:\/\/batijournal.com\/index.php\/wp-json\/wp\/v2\/posts"}],"about":[{"href":"https:\/\/batijournal.com\/index.php\/wp-json\/wp\/v2\/types\/post"}],"author":[{"embeddable":true,"href":"https:\/\/batijournal.com\/index.php\/wp-json\/wp\/v2\/users\/17"}],"replies":[{"embeddable":true,"href":"https:\/\/batijournal.com\/index.php\/wp-json\/wp\/v2\/comments?post=109252"}],"version-history":[{"count":0,"href":"https:\/\/batijournal.com\/index.php\/wp-json\/wp\/v2\/posts\/109252\/revisions"}],"wp:featuredmedia":[{"embeddable":true,"href":"https:\/\/batijournal.com\/index.php\/wp-json\/wp\/v2\/media\/109253"}],"wp:attachment":[{"href":"https:\/\/batijournal.com\/index.php\/wp-json\/wp\/v2\/media?parent=109252"}],"wp:term":[{"taxonomy":"category","embeddable":true,"href":"https:\/\/batijournal.com\/index.php\/wp-json\/wp\/v2\/categories?post=109252"},{"taxonomy":"post_tag","embeddable":true,"href":"https:\/\/batijournal.com\/index.php\/wp-json\/wp\/v2\/tags?post=109252"}],"curies":[{"name":"wp","href":"https:\/\/api.w.org\/{rel}","templated":true}]}}