{"id":109254,"date":"2023-09-19T13:42:19","date_gmt":"2023-09-19T11:42:19","guid":{"rendered":"https:\/\/batijournal.com\/?p=109254"},"modified":"2023-09-19T13:42:19","modified_gmt":"2023-09-19T11:42:19","slug":"nouveau-ciment-a-empreinte-carbone-reduite","status":"publish","type":"post","link":"https:\/\/batijournal.com\/index.php\/nouveau-ciment-a-empreinte-carbone-reduite\/109254\/","title":{"rendered":"Nouveau ciment \u00e0 empreinte carbone r\u00e9duite"},"content":{"rendered":"<p>Avec Le Classic\u00ae ECOPlanet, Lafarge offre aux artisans ma\u00e7ons une nouvelle solution \u00e0 empreinte carbone r\u00e9duite. Le ciment phare de la gamme de ciments en sac de\u00a0Lafarge r\u00e9duit son empreinte CO2 de 30% par rapport \u00e0 un ciment standard, tout en pr\u00e9servant les m\u00eames qualit\u00e9s d\u2019usage et de performance qui ont fait son succ\u00e8s. Cette solution est accessible \u00e0 tous les artisans ma\u00e7ons en France, les accompagnant ainsi dans la r\u00e9alisation de chantiers responsables. Depuis 2014, le Classic\u00ae b\u00e9n\u00e9ficie d\u2019une technologie Sac Protect\u2122, un emballage qui emp\u00eache l\u2019eau et l\u2019humidit\u00e9 de s\u2019infiltrer, garantissant ainsi la pr\u00e9servation du ciment.<\/p>\n","protected":false},"excerpt":{"rendered":"<p>Avec Le Classic\u00ae ECOPlanet, Lafarge offre aux artisans ma\u00e7ons une nouvelle solution \u00e0 empreinte carbone r\u00e9duite. Le ciment phare de la gamme de ciments en sac de\u00a0Lafarge r\u00e9duit son empreinte CO2 de 30% par rapport \u00e0 un ciment standard, tout en pr\u00e9servant les m\u00eames qualit\u00e9s d\u2019usage et de performance qui ont fait son succ\u00e8s. Cette [&hellip;]<\/p>\n","protected":false},"author":17,"featured_media":109255,"comment_status":"closed","ping_status":"closed","sticky":false,"template":"","format":"standard","meta":{"_et_pb_use_builder":"","_et_pb_old_content":"","_et_gb_content_width":"","footnotes":""},"categories":[12818,6356,10771,10774,10778,10780],"tags":[2391],"class_list":["post-109254","post","type-post","status-publish","format-standard","has-post-thumbnail","hentry","category-construction","category-produits-solutions-techniques","category-5facades","category-produits-5facades","category-planete","category-produits-planete","tag-ciment"],"yoast_head":"<!-- This site is optimized with the Yoast SEO plugin v27.4 - https:\/\/yoast.com\/product\/yoast-seo-wordpress\/ -->\n<title>Nouveau ciment \u00e0 empreinte carbone r\u00e9duite<\/title>\n<meta name=\"robots\" content=\"index, follow, max-snippet:-1, max-image-preview:large, max-video-preview:-1\" \/>\n<link rel=\"canonical\" href=\"https:\/\/batijournal.com\/index.php\/nouveau-ciment-a-empreinte-carbone-reduite\/109254\/\" \/>\n<meta property=\"og:locale\" content=\"fr_FR\" \/>\n<meta property=\"og:type\" content=\"article\" \/>\n<meta property=\"og:title\" content=\"Nouveau ciment \u00e0 empreinte carbone r\u00e9duite\" \/>\n<meta property=\"og:description\" content=\"Avec Le Classic\u00ae ECOPlanet, Lafarge offre aux artisans ma\u00e7ons une nouvelle solution \u00e0 empreinte carbone r\u00e9duite. Le ciment phare de la gamme de ciments en sac de\u00a0Lafarge r\u00e9duit son empreinte CO2 de 30% par rapport \u00e0 un ciment standard, tout en pr\u00e9servant les m\u00eames qualit\u00e9s d\u2019usage et de performance qui ont fait son succ\u00e8s. Cette [&hellip;]\" \/>\n<meta property=\"og:url\" content=\"https:\/\/batijournal.com\/index.php\/nouveau-ciment-a-empreinte-carbone-reduite\/109254\/\" \/>\n<meta property=\"og:site_name\" content=\"Batijournal\" \/>\n<meta property=\"article:published_time\" content=\"2023-09-19T11:42:19+00:00\" \/>\n<meta property=\"og:image\" content=\"https:\/\/batijournal.com\/wp-content\/uploads\/2023\/09\/lafarge-ecoplanet-ciment.png\" \/>\n\t<meta property=\"og:image:width\" content=\"200\" \/>\n\t<meta property=\"og:image:height\" content=\"200\" \/>\n\t<meta property=\"og:image:type\" content=\"image\/png\" \/>\n<meta name=\"author\" content=\"St\u00e9phane Miget\" \/>\n<meta name=\"twitter:card\" content=\"summary_large_image\" \/>\n<meta name=\"twitter:creator\" content=\"@bati_journal\" \/>\n<meta name=\"twitter:site\" content=\"@bati_journal\" \/>\n<meta name=\"twitter:label1\" content=\"\u00c9crit par\" \/>\n\t<meta name=\"twitter:data1\" content=\"St\u00e9phane Miget\" \/>\n\t<meta name=\"twitter:label2\" content=\"Dur\u00e9e de lecture estim\u00e9e\" \/>\n\t<meta name=\"twitter:data2\" content=\"1 minute\" \/>\n<script type=\"application\/ld+json\" class=\"yoast-schema-graph\">{\"@context\":\"https:\\\/\\\/schema.org\",\"@graph\":[{\"@type\":\"Article\",\"@id\":\"https:\\\/\\\/batijournal.com\\\/index.php\\\/nouveau-ciment-a-empreinte-carbone-reduite\\\/109254\\\/#article\",\"isPartOf\":{\"@id\":\"https:\\\/\\\/batijournal.com\\\/index.php\\\/nouveau-ciment-a-empreinte-carbone-reduite\\\/109254\\\/\"},\"author\":{\"name\":\"St\u00e9phane Miget\",\"@id\":\"https:\\\/\\\/batijournal.com\\\/#\\\/schema\\\/person\\\/1dc96ec6957aa1ccb25ebe78bb19f100\"},\"headline\":\"Nouveau ciment \u00e0 empreinte carbone r\u00e9duite\",\"datePublished\":\"2023-09-19T11:42:19+00:00\",\"mainEntityOfPage\":{\"@id\":\"https:\\\/\\\/batijournal.com\\\/index.php\\\/nouveau-ciment-a-empreinte-carbone-reduite\\\/109254\\\/\"},\"wordCount\":118,\"image\":{\"@id\":\"https:\\\/\\\/batijournal.com\\\/index.php\\\/nouveau-ciment-a-empreinte-carbone-reduite\\\/109254\\\/#primaryimage\"},\"thumbnailUrl\":\"https:\\\/\\\/batijournal.com\\\/wp-content\\\/uploads\\\/2023\\\/09\\\/lafarge-ecoplanet-ciment.png\",\"keywords\":[\"ciment\"],\"articleSection\":[\"Construction\",\"Produits &amp; Solutions techniques\",\"zz_5fa\u00e7ades\",\"zz_Nouveaut\u00e9s Produits - 5fa\u00e7ades\",\"zz_Plan\u00e8te B\u00e2timent\",\"zz_Produits - Plan\u00e8te\"],\"inLanguage\":\"fr-FR\"},{\"@type\":\"WebPage\",\"@id\":\"https:\\\/\\\/batijournal.com\\\/index.php\\\/nouveau-ciment-a-empreinte-carbone-reduite\\\/109254\\\/\",\"url\":\"https:\\\/\\\/batijournal.com\\\/index.php\\\/nouveau-ciment-a-empreinte-carbone-reduite\\\/109254\\\/\",\"name\":\"Nouveau ciment \u00e0 empreinte carbone r\u00e9duite\",\"isPartOf\":{\"@id\":\"https:\\\/\\\/batijournal.com\\\/#website\"},\"primaryImageOfPage\":{\"@id\":\"https:\\\/\\\/batijournal.com\\\/index.php\\\/nouveau-ciment-a-empreinte-carbone-reduite\\\/109254\\\/#primaryimage\"},\"image\":{\"@id\":\"https:\\\/\\\/batijournal.com\\\/index.php\\\/nouveau-ciment-a-empreinte-carbone-reduite\\\/109254\\\/#primaryimage\"},\"thumbnailUrl\":\"https:\\\/\\\/batijournal.com\\\/wp-content\\\/uploads\\\/2023\\\/09\\\/lafarge-ecoplanet-ciment.png\",\"datePublished\":\"2023-09-19T11:42:19+00:00\",\"author\":{\"@id\":\"https:\\\/\\\/batijournal.com\\\/#\\\/schema\\\/person\\\/1dc96ec6957aa1ccb25ebe78bb19f100\"},\"breadcrumb\":{\"@id\":\"https:\\\/\\\/batijournal.com\\\/index.php\\\/nouveau-ciment-a-empreinte-carbone-reduite\\\/109254\\\/#breadcrumb\"},\"inLanguage\":\"fr-FR\",\"potentialAction\":[{\"@type\":\"ReadAction\",\"target\":[\"https:\\\/\\\/batijournal.com\\\/index.php\\\/nouveau-ciment-a-empreinte-carbone-reduite\\\/109254\\\/\"]}]},{\"@type\":\"ImageObject\",\"inLanguage\":\"fr-FR\",\"@id\":\"https:\\\/\\\/batijournal.com\\\/index.php\\\/nouveau-ciment-a-empreinte-carbone-reduite\\\/109254\\\/#primaryimage\",\"url\":\"https:\\\/\\\/batijournal.com\\\/wp-content\\\/uploads\\\/2023\\\/09\\\/lafarge-ecoplanet-ciment.png\",\"contentUrl\":\"https:\\\/\\\/batijournal.com\\\/wp-content\\\/uploads\\\/2023\\\/09\\\/lafarge-ecoplanet-ciment.png\",\"width\":200,\"height\":200},{\"@type\":\"BreadcrumbList\",\"@id\":\"https:\\\/\\\/batijournal.com\\\/index.php\\\/nouveau-ciment-a-empreinte-carbone-reduite\\\/109254\\\/#breadcrumb\",\"itemListElement\":[{\"@type\":\"ListItem\",\"position\":1,\"name\":\"Accueil\",\"item\":\"https:\\\/\\\/batijournal.com\\\/\"},{\"@type\":\"ListItem\",\"position\":2,\"name\":\"Produits &amp; Solutions techniques\",\"item\":\"https:\\\/\\\/batijournal.com\\\/index.php\\\/category\\\/produits-solutions-techniques\\\/\"},{\"@type\":\"ListItem\",\"position\":3,\"name\":\"Nouveau ciment \u00e0 empreinte carbone r\u00e9duite\"}]},{\"@type\":\"WebSite\",\"@id\":\"https:\\\/\\\/batijournal.com\\\/#website\",\"url\":\"https:\\\/\\\/batijournal.com\\\/\",\"name\":\"Batijournal\",\"description\":\"L&#039;actualit\u00e9 du b\u00e2timent\",\"potentialAction\":[{\"@type\":\"SearchAction\",\"target\":{\"@type\":\"EntryPoint\",\"urlTemplate\":\"https:\\\/\\\/batijournal.com\\\/?s={search_term_string}\"},\"query-input\":{\"@type\":\"PropertyValueSpecification\",\"valueRequired\":true,\"valueName\":\"search_term_string\"}}],\"inLanguage\":\"fr-FR\"},{\"@type\":\"Person\",\"@id\":\"https:\\\/\\\/batijournal.com\\\/#\\\/schema\\\/person\\\/1dc96ec6957aa1ccb25ebe78bb19f100\",\"name\":\"St\u00e9phane Miget\",\"image\":{\"@type\":\"ImageObject\",\"inLanguage\":\"fr-FR\",\"@id\":\"https:\\\/\\\/secure.gravatar.com\\\/avatar\\\/89915563d925342126b8ef0281b93d9d7fc337043e8df017f780908eb9644451?s=96&d=mm&r=g\",\"url\":\"https:\\\/\\\/secure.gravatar.com\\\/avatar\\\/89915563d925342126b8ef0281b93d9d7fc337043e8df017f780908eb9644451?s=96&d=mm&r=g\",\"contentUrl\":\"https:\\\/\\\/secure.gravatar.com\\\/avatar\\\/89915563d925342126b8ef0281b93d9d7fc337043e8df017f780908eb9644451?s=96&d=mm&r=g\",\"caption\":\"St\u00e9phane Miget\"},\"url\":\"https:\\\/\\\/batijournal.com\\\/index.php\\\/author\\\/stephane\\\/\"}]}<\/script>\n<!-- \/ Yoast SEO plugin. -->","yoast_head_json":{"title":"Nouveau ciment \u00e0 empreinte carbone r\u00e9duite","robots":{"index":"index","follow":"follow","max-snippet":"max-snippet:-1","max-image-preview":"max-image-preview:large","max-video-preview":"max-video-preview:-1"},"canonical":"https:\/\/batijournal.com\/index.php\/nouveau-ciment-a-empreinte-carbone-reduite\/109254\/","og_locale":"fr_FR","og_type":"article","og_title":"Nouveau ciment \u00e0 empreinte carbone r\u00e9duite","og_description":"Avec Le Classic\u00ae ECOPlanet, Lafarge offre aux artisans ma\u00e7ons une nouvelle solution \u00e0 empreinte carbone r\u00e9duite. Le ciment phare de la gamme de ciments en sac de\u00a0Lafarge r\u00e9duit son empreinte CO2 de 30% par rapport \u00e0 un ciment standard, tout en pr\u00e9servant les m\u00eames qualit\u00e9s d\u2019usage et de performance qui ont fait son succ\u00e8s. Cette [&hellip;]","og_url":"https:\/\/batijournal.com\/index.php\/nouveau-ciment-a-empreinte-carbone-reduite\/109254\/","og_site_name":"Batijournal","article_published_time":"2023-09-19T11:42:19+00:00","og_image":[{"width":200,"height":200,"url":"https:\/\/batijournal.com\/wp-content\/uploads\/2023\/09\/lafarge-ecoplanet-ciment.png","type":"image\/png"}],"author":"St\u00e9phane Miget","twitter_card":"summary_large_image","twitter_creator":"@bati_journal","twitter_site":"@bati_journal","twitter_misc":{"\u00c9crit par":"St\u00e9phane Miget","Dur\u00e9e de lecture estim\u00e9e":"1 minute"},"schema":{"@context":"https:\/\/schema.org","@graph":[{"@type":"Article","@id":"https:\/\/batijournal.com\/index.php\/nouveau-ciment-a-empreinte-carbone-reduite\/109254\/#article","isPartOf":{"@id":"https:\/\/batijournal.com\/index.php\/nouveau-ciment-a-empreinte-carbone-reduite\/109254\/"},"author":{"name":"St\u00e9phane Miget","@id":"https:\/\/batijournal.com\/#\/schema\/person\/1dc96ec6957aa1ccb25ebe78bb19f100"},"headline":"Nouveau ciment \u00e0 empreinte carbone r\u00e9duite","datePublished":"2023-09-19T11:42:19+00:00","mainEntityOfPage":{"@id":"https:\/\/batijournal.com\/index.php\/nouveau-ciment-a-empreinte-carbone-reduite\/109254\/"},"wordCount":118,"image":{"@id":"https:\/\/batijournal.com\/index.php\/nouveau-ciment-a-empreinte-carbone-reduite\/109254\/#primaryimage"},"thumbnailUrl":"https:\/\/batijournal.com\/wp-content\/uploads\/2023\/09\/lafarge-ecoplanet-ciment.png","keywords":["ciment"],"articleSection":["Construction","Produits &amp; Solutions techniques","zz_5fa\u00e7ades","zz_Nouveaut\u00e9s Produits - 5fa\u00e7ades","zz_Plan\u00e8te B\u00e2timent","zz_Produits - Plan\u00e8te"],"inLanguage":"fr-FR"},{"@type":"WebPage","@id":"https:\/\/batijournal.com\/index.php\/nouveau-ciment-a-empreinte-carbone-reduite\/109254\/","url":"https:\/\/batijournal.com\/index.php\/nouveau-ciment-a-empreinte-carbone-reduite\/109254\/","name":"Nouveau ciment \u00e0 empreinte carbone r\u00e9duite","isPartOf":{"@id":"https:\/\/batijournal.com\/#website"},"primaryImageOfPage":{"@id":"https:\/\/batijournal.com\/index.php\/nouveau-ciment-a-empreinte-carbone-reduite\/109254\/#primaryimage"},"image":{"@id":"https:\/\/batijournal.com\/index.php\/nouveau-ciment-a-empreinte-carbone-reduite\/109254\/#primaryimage"},"thumbnailUrl":"https:\/\/batijournal.com\/wp-content\/uploads\/2023\/09\/lafarge-ecoplanet-ciment.png","datePublished":"2023-09-19T11:42:19+00:00","author":{"@id":"https:\/\/batijournal.com\/#\/schema\/person\/1dc96ec6957aa1ccb25ebe78bb19f100"},"breadcrumb":{"@id":"https:\/\/batijournal.com\/index.php\/nouveau-ciment-a-empreinte-carbone-reduite\/109254\/#breadcrumb"},"inLanguage":"fr-FR","potentialAction":[{"@type":"ReadAction","target":["https:\/\/batijournal.com\/index.php\/nouveau-ciment-a-empreinte-carbone-reduite\/109254\/"]}]},{"@type":"ImageObject","inLanguage":"fr-FR","@id":"https:\/\/batijournal.com\/index.php\/nouveau-ciment-a-empreinte-carbone-reduite\/109254\/#primaryimage","url":"https:\/\/batijournal.com\/wp-content\/uploads\/2023\/09\/lafarge-ecoplanet-ciment.png","contentUrl":"https:\/\/batijournal.com\/wp-content\/uploads\/2023\/09\/lafarge-ecoplanet-ciment.png","width":200,"height":200},{"@type":"BreadcrumbList","@id":"https:\/\/batijournal.com\/index.php\/nouveau-ciment-a-empreinte-carbone-reduite\/109254\/#breadcrumb","itemListElement":[{"@type":"ListItem","position":1,"name":"Accueil","item":"https:\/\/batijournal.com\/"},{"@type":"ListItem","position":2,"name":"Produits &amp; Solutions techniques","item":"https:\/\/batijournal.com\/index.php\/category\/produits-solutions-techniques\/"},{"@type":"ListItem","position":3,"name":"Nouveau ciment \u00e0 empreinte carbone r\u00e9duite"}]},{"@type":"WebSite","@id":"https:\/\/batijournal.com\/#website","url":"https:\/\/batijournal.com\/","name":"Batijournal","description":"L&#039;actualit\u00e9 du b\u00e2timent","potentialAction":[{"@type":"SearchAction","target":{"@type":"EntryPoint","urlTemplate":"https:\/\/batijournal.com\/?s={search_term_string}"},"query-input":{"@type":"PropertyValueSpecification","valueRequired":true,"valueName":"search_term_string"}}],"inLanguage":"fr-FR"},{"@type":"Person","@id":"https:\/\/batijournal.com\/#\/schema\/person\/1dc96ec6957aa1ccb25ebe78bb19f100","name":"St\u00e9phane Miget","image":{"@type":"ImageObject","inLanguage":"fr-FR","@id":"https:\/\/secure.gravatar.com\/avatar\/89915563d925342126b8ef0281b93d9d7fc337043e8df017f780908eb9644451?s=96&d=mm&r=g","url":"https:\/\/secure.gravatar.com\/avatar\/89915563d925342126b8ef0281b93d9d7fc337043e8df017f780908eb9644451?s=96&d=mm&r=g","contentUrl":"https:\/\/secure.gravatar.com\/avatar\/89915563d925342126b8ef0281b93d9d7fc337043e8df017f780908eb9644451?s=96&d=mm&r=g","caption":"St\u00e9phane Miget"},"url":"https:\/\/batijournal.com\/index.php\/author\/stephane\/"}]}},"_links":{"self":[{"href":"https:\/\/batijournal.com\/index.php\/wp-json\/wp\/v2\/posts\/109254","targetHints":{"allow":["GET"]}}],"collection":[{"href":"https:\/\/batijournal.com\/index.php\/wp-json\/wp\/v2\/posts"}],"about":[{"href":"https:\/\/batijournal.com\/index.php\/wp-json\/wp\/v2\/types\/post"}],"author":[{"embeddable":true,"href":"https:\/\/batijournal.com\/index.php\/wp-json\/wp\/v2\/users\/17"}],"replies":[{"embeddable":true,"href":"https:\/\/batijournal.com\/index.php\/wp-json\/wp\/v2\/comments?post=109254"}],"version-history":[{"count":0,"href":"https:\/\/batijournal.com\/index.php\/wp-json\/wp\/v2\/posts\/109254\/revisions"}],"wp:featuredmedia":[{"embeddable":true,"href":"https:\/\/batijournal.com\/index.php\/wp-json\/wp\/v2\/media\/109255"}],"wp:attachment":[{"href":"https:\/\/batijournal.com\/index.php\/wp-json\/wp\/v2\/media?parent=109254"}],"wp:term":[{"taxonomy":"category","embeddable":true,"href":"https:\/\/batijournal.com\/index.php\/wp-json\/wp\/v2\/categories?post=109254"},{"taxonomy":"post_tag","embeddable":true,"href":"https:\/\/batijournal.com\/index.php\/wp-json\/wp\/v2\/tags?post=109254"}],"curies":[{"name":"wp","href":"https:\/\/api.w.org\/{rel}","templated":true}]}}