{"id":109258,"date":"2023-09-19T21:59:04","date_gmt":"2023-09-19T19:59:04","guid":{"rendered":"https:\/\/batijournal.com\/?p=109258"},"modified":"2023-09-19T21:59:04","modified_gmt":"2023-09-19T19:59:04","slug":"strategie-energie-climat-des-propositions-pour-le-logement","status":"publish","type":"post","link":"https:\/\/batijournal.com\/index.php\/strategie-energie-climat-des-propositions-pour-le-logement\/109258\/","title":{"rendered":"Strat\u00e9gie \u00e9nergie-climat : des propositions pour le logement"},"content":{"rendered":"<p>Le projet de loi strat\u00e9gie \u00e9nergie-climat devrait \u00eatre \u00ab\u00a0pr\u00e9sent\u00e9 dans les prochains jours\u00a0\u00bb, a indiqu\u00e9 la ministre de la Transition \u00e9nerg\u00e9tique, Agn\u00e8s Pannier-Runacher le 12 septembre, \u00e0 l&rsquo;occasion de la restitution d&rsquo;une centaine de propositions des groupes de travail qui ont r\u00e9uni depuis mai parlementaires, \u00e9lus locaux, experts, associations et repr\u00e9sentants des diff\u00e9rentes fili\u00e8res. Pour les logement, l&rsquo;objectif de -30 % de consommation \u00e9nerg\u00e9tique en 2030 par rapport \u00e0 2012 arrive en premi\u00e8re ligne. Pour cela, plusieurs propositions sont sur la table.<\/p>\n<p>Pour s\u00e9curiser la trajectoire de forte hausse des r\u00e9novations performantes des logements en repla\u00e7ant l\u2019exp\u00e9rience utilisateur des m\u00e9nages au c\u0153ur de la politique publique de r\u00e9novation, le parcours de l\u2019usager doit \u00eatre simplifi\u00e9 \u00e0 tous les stades:<br \/>\n\u2022 Avec la mise en place d\u2019un r\u00e9el \u00ab passeport du b\u00e2timent \u00bb (convergence \u00e0 moyen terme des outils du DPE et de l\u2019audit \u00e9nerg\u00e9tique) qui permettrait aux m\u00e9nages de disposer d\u2019un diagnostic personnalis\u00e9 de son logement, de retracer les travaux d\u00e9j\u00e0 engag\u00e9s et ceux restant \u00e0 engager ainsi qu\u2019identifier les gains \u00e9nerg\u00e9tiques et financiers atten- dus. Les aides \u00e0 la r\u00e9novation devront inciter \u00e0 des r\u00e9novations performantes par \u00e9tape.<br \/>\n\u2022 Au montage du dossier, ce qui suppose une mont\u00e9e en puissance rapide des accompa- gnateurs renov \u2018 ainsi qu\u2019une s\u00e9curisation du financement des travaux avec une minimisation du reste \u00e0 charge, en particulier pour les m\u00e9nages aux revenus modestes, tout en renfor\u00e7ant la lutte contre la fraude. Cela passe \u00e9galement par une facilitation dans l\u2019octroi de pr\u00eats bonifi\u00e9s (\u00e9coPTZ, pr\u00eat avance r\u00e9novation, pr\u00eats des soci\u00e9t\u00e9s de tiers financement, exp\u00e9rimentation d\u2019un pr\u00eat sur le b\u00e2ti) en accentuant la distribution des offres combin\u00e9es MaPrimeR\u00e9nov (MPR) et \u00e9coPTZ.<br \/>\n\u2022 Au choix de professionnels : pour r\u00e9pondre \u00e0 la demande croissante, en particulier de r\u00e9novations performantes, il faut davantage de professionnels du b\u00e2timent (formation initiale comme continue, en accentuant les reconversions professionnelles, notamment pour renforcer la fili\u00e8re des pompes \u00e0 chaleur) et de structures labellis\u00e9es en RGE. \u00c0 cet \u00e9gard, le label doit \u00eatre plus fonctionnel et les formations davantage orient\u00e9es vers la r\u00e9novation performante, en contrepartie de quoi le label RGE pourrait \u00eatre rendu plus contraignant (part minimale de salari\u00e9s labellis\u00e9s au sein de chaque entreprise).<br \/>\n\u2022 \u00c0 la perception de l\u2019aide (mise en coh\u00e9rence des contr\u00f4les sur site et renforcement des contr\u00f4les post-travaux).<\/p>\n<p>En exploitant les donn\u00e9es pour cibler les logements \u00e0 r\u00e9nover.<br \/>\n\u2022 Accentuer l\u2019exploitation des donn\u00e9es au service des m\u00e9nages : il faut pouvoir faire parler les donn\u00e9es des compteurs communicants et croiser les analyses des acteurs de terrain (ex. : centres d\u2019action sociale) avec celles des guichets France renov pour mieux d\u00e9tecter les passoires thermiques ou encore suivre l\u2019effet r\u00e9el des r\u00e9novations r\u00e9alis\u00e9es, en lien avec les fournisseurs.<\/p>\n<p>En mobilisant de nouveaux leviers pour r\u00e9nover les logements.<br \/>\n\u2022 Syst\u00e9matiser la r\u00e9novation performante lors des mutations de b\u00e2timent.<br \/>\n\u2022 Envisager la mise en place d\u2019une obligation de r\u00e9novation pour certaines copropri\u00e9t\u00e9s (2030 pour G et 2033 pour F). La condition de r\u00e9ussite de cette mesure est de garantir un reste \u00e0 charge faible pour les m\u00e9nages aux revenus modestes.<br \/>\n\u2022 Syst\u00e9matiser la possibilit\u00e9 de mettre en place une boucle d\u2019eau chaude dans les b\u00e2timents neufs pour y installer a posteriori de la chaleur renouvelable.<\/p>\n","protected":false},"excerpt":{"rendered":"<p>Le projet de loi strat\u00e9gie \u00e9nergie-climat devrait \u00eatre \u00ab\u00a0pr\u00e9sent\u00e9 dans les prochains jours\u00a0\u00bb, a indiqu\u00e9 la ministre de la Transition \u00e9nerg\u00e9tique, Agn\u00e8s Pannier-Runacher le 12 septembre, \u00e0 l&rsquo;occasion de la restitution d&rsquo;une centaine de propositions des groupes de travail qui ont r\u00e9uni depuis mai parlementaires, \u00e9lus locaux, experts, associations et repr\u00e9sentants des diff\u00e9rentes fili\u00e8res. Pour [&hellip;]<\/p>\n","protected":false},"author":17,"featured_media":86453,"comment_status":"closed","ping_status":"closed","sticky":false,"template":"","format":"standard","meta":{"_et_pb_use_builder":"","_et_pb_old_content":"","_et_gb_content_width":"","footnotes":""},"categories":[10530,6351,10781,10778],"tags":[1683],"class_list":["post-109258","post","type-post","status-publish","format-standard","has-post-thumbnail","hentry","category-actualites","category-energie-environnement","category-publications-planete","category-planete","tag-renovation-energetique"],"yoast_head":"<!-- This site is optimized with the Yoast SEO plugin v27.4 - https:\/\/yoast.com\/product\/yoast-seo-wordpress\/ -->\n<title>Strat\u00e9gie \u00e9nergie-climat : des propositions pour le logement<\/title>\n<meta name=\"robots\" content=\"index, follow, max-snippet:-1, max-image-preview:large, max-video-preview:-1\" \/>\n<link rel=\"canonical\" href=\"https:\/\/batijournal.com\/index.php\/strategie-energie-climat-des-propositions-pour-le-logement\/109258\/\" \/>\n<meta property=\"og:locale\" content=\"fr_FR\" \/>\n<meta property=\"og:type\" content=\"article\" \/>\n<meta property=\"og:title\" content=\"Strat\u00e9gie \u00e9nergie-climat : des propositions pour le logement\" \/>\n<meta property=\"og:description\" content=\"Le projet de loi strat\u00e9gie \u00e9nergie-climat devrait \u00eatre \u00ab\u00a0pr\u00e9sent\u00e9 dans les prochains jours\u00a0\u00bb, a indiqu\u00e9 la ministre de la Transition \u00e9nerg\u00e9tique, Agn\u00e8s Pannier-Runacher le 12 septembre, \u00e0 l&rsquo;occasion de la restitution d&rsquo;une centaine de propositions des groupes de travail qui ont r\u00e9uni depuis mai parlementaires, \u00e9lus locaux, experts, associations et repr\u00e9sentants des diff\u00e9rentes fili\u00e8res. Pour [&hellip;]\" \/>\n<meta property=\"og:url\" content=\"https:\/\/batijournal.com\/index.php\/strategie-energie-climat-des-propositions-pour-le-logement\/109258\/\" \/>\n<meta property=\"og:site_name\" content=\"Batijournal\" \/>\n<meta property=\"article:published_time\" content=\"2023-09-19T19:59:04+00:00\" \/>\n<meta property=\"og:image\" content=\"https:\/\/batijournal.com\/wp-content\/uploads\/2015\/03\/97273383.jpg\" \/>\n\t<meta property=\"og:image:width\" content=\"600\" \/>\n\t<meta property=\"og:image:height\" content=\"560\" \/>\n\t<meta property=\"og:image:type\" content=\"image\/jpeg\" \/>\n<meta name=\"author\" content=\"St\u00e9phane Miget\" \/>\n<meta name=\"twitter:card\" content=\"summary_large_image\" \/>\n<meta name=\"twitter:creator\" content=\"@bati_journal\" \/>\n<meta name=\"twitter:site\" content=\"@bati_journal\" \/>\n<meta name=\"twitter:label1\" content=\"\u00c9crit par\" \/>\n\t<meta name=\"twitter:data1\" content=\"St\u00e9phane Miget\" \/>\n\t<meta name=\"twitter:label2\" content=\"Dur\u00e9e de lecture estim\u00e9e\" \/>\n\t<meta name=\"twitter:data2\" content=\"3 minutes\" \/>\n<script type=\"application\/ld+json\" class=\"yoast-schema-graph\">{\"@context\":\"https:\\\/\\\/schema.org\",\"@graph\":[{\"@type\":\"Article\",\"@id\":\"https:\\\/\\\/batijournal.com\\\/index.php\\\/strategie-energie-climat-des-propositions-pour-le-logement\\\/109258\\\/#article\",\"isPartOf\":{\"@id\":\"https:\\\/\\\/batijournal.com\\\/index.php\\\/strategie-energie-climat-des-propositions-pour-le-logement\\\/109258\\\/\"},\"author\":{\"name\":\"St\u00e9phane Miget\",\"@id\":\"https:\\\/\\\/batijournal.com\\\/#\\\/schema\\\/person\\\/1dc96ec6957aa1ccb25ebe78bb19f100\"},\"headline\":\"Strat\u00e9gie \u00e9nergie-climat : des propositions pour le logement\",\"datePublished\":\"2023-09-19T19:59:04+00:00\",\"mainEntityOfPage\":{\"@id\":\"https:\\\/\\\/batijournal.com\\\/index.php\\\/strategie-energie-climat-des-propositions-pour-le-logement\\\/109258\\\/\"},\"wordCount\":601,\"image\":{\"@id\":\"https:\\\/\\\/batijournal.com\\\/index.php\\\/strategie-energie-climat-des-propositions-pour-le-logement\\\/109258\\\/#primaryimage\"},\"thumbnailUrl\":\"https:\\\/\\\/batijournal.com\\\/wp-content\\\/uploads\\\/2015\\\/03\\\/97273383.jpg\",\"keywords\":[\"renovation energetique\"],\"articleSection\":[\"Actualit\u00e9s\",\"\u00c9nergie &amp; Environnement\",\"zz_Actualit\u00e9s - Plan\u00e8te\",\"zz_Plan\u00e8te B\u00e2timent\"],\"inLanguage\":\"fr-FR\"},{\"@type\":\"WebPage\",\"@id\":\"https:\\\/\\\/batijournal.com\\\/index.php\\\/strategie-energie-climat-des-propositions-pour-le-logement\\\/109258\\\/\",\"url\":\"https:\\\/\\\/batijournal.com\\\/index.php\\\/strategie-energie-climat-des-propositions-pour-le-logement\\\/109258\\\/\",\"name\":\"Strat\u00e9gie \u00e9nergie-climat : des propositions pour le logement\",\"isPartOf\":{\"@id\":\"https:\\\/\\\/batijournal.com\\\/#website\"},\"primaryImageOfPage\":{\"@id\":\"https:\\\/\\\/batijournal.com\\\/index.php\\\/strategie-energie-climat-des-propositions-pour-le-logement\\\/109258\\\/#primaryimage\"},\"image\":{\"@id\":\"https:\\\/\\\/batijournal.com\\\/index.php\\\/strategie-energie-climat-des-propositions-pour-le-logement\\\/109258\\\/#primaryimage\"},\"thumbnailUrl\":\"https:\\\/\\\/batijournal.com\\\/wp-content\\\/uploads\\\/2015\\\/03\\\/97273383.jpg\",\"datePublished\":\"2023-09-19T19:59:04+00:00\",\"author\":{\"@id\":\"https:\\\/\\\/batijournal.com\\\/#\\\/schema\\\/person\\\/1dc96ec6957aa1ccb25ebe78bb19f100\"},\"breadcrumb\":{\"@id\":\"https:\\\/\\\/batijournal.com\\\/index.php\\\/strategie-energie-climat-des-propositions-pour-le-logement\\\/109258\\\/#breadcrumb\"},\"inLanguage\":\"fr-FR\",\"potentialAction\":[{\"@type\":\"ReadAction\",\"target\":[\"https:\\\/\\\/batijournal.com\\\/index.php\\\/strategie-energie-climat-des-propositions-pour-le-logement\\\/109258\\\/\"]}]},{\"@type\":\"ImageObject\",\"inLanguage\":\"fr-FR\",\"@id\":\"https:\\\/\\\/batijournal.com\\\/index.php\\\/strategie-energie-climat-des-propositions-pour-le-logement\\\/109258\\\/#primaryimage\",\"url\":\"https:\\\/\\\/batijournal.com\\\/wp-content\\\/uploads\\\/2015\\\/03\\\/97273383.jpg\",\"contentUrl\":\"https:\\\/\\\/batijournal.com\\\/wp-content\\\/uploads\\\/2015\\\/03\\\/97273383.jpg\",\"width\":600,\"height\":560,\"caption\":\"r\u00e9novation\"},{\"@type\":\"BreadcrumbList\",\"@id\":\"https:\\\/\\\/batijournal.com\\\/index.php\\\/strategie-energie-climat-des-propositions-pour-le-logement\\\/109258\\\/#breadcrumb\",\"itemListElement\":[{\"@type\":\"ListItem\",\"position\":1,\"name\":\"Accueil\",\"item\":\"https:\\\/\\\/batijournal.com\\\/\"},{\"@type\":\"ListItem\",\"position\":2,\"name\":\"Actualit\u00e9s\",\"item\":\"https:\\\/\\\/batijournal.com\\\/index.php\\\/category\\\/actualites\\\/\"},{\"@type\":\"ListItem\",\"position\":3,\"name\":\"Strat\u00e9gie \u00e9nergie-climat : des propositions pour le logement\"}]},{\"@type\":\"WebSite\",\"@id\":\"https:\\\/\\\/batijournal.com\\\/#website\",\"url\":\"https:\\\/\\\/batijournal.com\\\/\",\"name\":\"Batijournal\",\"description\":\"L&#039;actualit\u00e9 du b\u00e2timent\",\"potentialAction\":[{\"@type\":\"SearchAction\",\"target\":{\"@type\":\"EntryPoint\",\"urlTemplate\":\"https:\\\/\\\/batijournal.com\\\/?s={search_term_string}\"},\"query-input\":{\"@type\":\"PropertyValueSpecification\",\"valueRequired\":true,\"valueName\":\"search_term_string\"}}],\"inLanguage\":\"fr-FR\"},{\"@type\":\"Person\",\"@id\":\"https:\\\/\\\/batijournal.com\\\/#\\\/schema\\\/person\\\/1dc96ec6957aa1ccb25ebe78bb19f100\",\"name\":\"St\u00e9phane Miget\",\"image\":{\"@type\":\"ImageObject\",\"inLanguage\":\"fr-FR\",\"@id\":\"https:\\\/\\\/secure.gravatar.com\\\/avatar\\\/89915563d925342126b8ef0281b93d9d7fc337043e8df017f780908eb9644451?s=96&d=mm&r=g\",\"url\":\"https:\\\/\\\/secure.gravatar.com\\\/avatar\\\/89915563d925342126b8ef0281b93d9d7fc337043e8df017f780908eb9644451?s=96&d=mm&r=g\",\"contentUrl\":\"https:\\\/\\\/secure.gravatar.com\\\/avatar\\\/89915563d925342126b8ef0281b93d9d7fc337043e8df017f780908eb9644451?s=96&d=mm&r=g\",\"caption\":\"St\u00e9phane Miget\"},\"url\":\"https:\\\/\\\/batijournal.com\\\/index.php\\\/author\\\/stephane\\\/\"}]}<\/script>\n<!-- \/ Yoast SEO plugin. -->","yoast_head_json":{"title":"Strat\u00e9gie \u00e9nergie-climat : des propositions pour le logement","robots":{"index":"index","follow":"follow","max-snippet":"max-snippet:-1","max-image-preview":"max-image-preview:large","max-video-preview":"max-video-preview:-1"},"canonical":"https:\/\/batijournal.com\/index.php\/strategie-energie-climat-des-propositions-pour-le-logement\/109258\/","og_locale":"fr_FR","og_type":"article","og_title":"Strat\u00e9gie \u00e9nergie-climat : des propositions pour le logement","og_description":"Le projet de loi strat\u00e9gie \u00e9nergie-climat devrait \u00eatre \u00ab\u00a0pr\u00e9sent\u00e9 dans les prochains jours\u00a0\u00bb, a indiqu\u00e9 la ministre de la Transition \u00e9nerg\u00e9tique, Agn\u00e8s Pannier-Runacher le 12 septembre, \u00e0 l&rsquo;occasion de la restitution d&rsquo;une centaine de propositions des groupes de travail qui ont r\u00e9uni depuis mai parlementaires, \u00e9lus locaux, experts, associations et repr\u00e9sentants des diff\u00e9rentes fili\u00e8res. Pour [&hellip;]","og_url":"https:\/\/batijournal.com\/index.php\/strategie-energie-climat-des-propositions-pour-le-logement\/109258\/","og_site_name":"Batijournal","article_published_time":"2023-09-19T19:59:04+00:00","og_image":[{"width":600,"height":560,"url":"https:\/\/batijournal.com\/wp-content\/uploads\/2015\/03\/97273383.jpg","type":"image\/jpeg"}],"author":"St\u00e9phane Miget","twitter_card":"summary_large_image","twitter_creator":"@bati_journal","twitter_site":"@bati_journal","twitter_misc":{"\u00c9crit par":"St\u00e9phane Miget","Dur\u00e9e de lecture estim\u00e9e":"3 minutes"},"schema":{"@context":"https:\/\/schema.org","@graph":[{"@type":"Article","@id":"https:\/\/batijournal.com\/index.php\/strategie-energie-climat-des-propositions-pour-le-logement\/109258\/#article","isPartOf":{"@id":"https:\/\/batijournal.com\/index.php\/strategie-energie-climat-des-propositions-pour-le-logement\/109258\/"},"author":{"name":"St\u00e9phane Miget","@id":"https:\/\/batijournal.com\/#\/schema\/person\/1dc96ec6957aa1ccb25ebe78bb19f100"},"headline":"Strat\u00e9gie \u00e9nergie-climat : des propositions pour le logement","datePublished":"2023-09-19T19:59:04+00:00","mainEntityOfPage":{"@id":"https:\/\/batijournal.com\/index.php\/strategie-energie-climat-des-propositions-pour-le-logement\/109258\/"},"wordCount":601,"image":{"@id":"https:\/\/batijournal.com\/index.php\/strategie-energie-climat-des-propositions-pour-le-logement\/109258\/#primaryimage"},"thumbnailUrl":"https:\/\/batijournal.com\/wp-content\/uploads\/2015\/03\/97273383.jpg","keywords":["renovation energetique"],"articleSection":["Actualit\u00e9s","\u00c9nergie &amp; Environnement","zz_Actualit\u00e9s - Plan\u00e8te","zz_Plan\u00e8te B\u00e2timent"],"inLanguage":"fr-FR"},{"@type":"WebPage","@id":"https:\/\/batijournal.com\/index.php\/strategie-energie-climat-des-propositions-pour-le-logement\/109258\/","url":"https:\/\/batijournal.com\/index.php\/strategie-energie-climat-des-propositions-pour-le-logement\/109258\/","name":"Strat\u00e9gie \u00e9nergie-climat : des propositions pour le logement","isPartOf":{"@id":"https:\/\/batijournal.com\/#website"},"primaryImageOfPage":{"@id":"https:\/\/batijournal.com\/index.php\/strategie-energie-climat-des-propositions-pour-le-logement\/109258\/#primaryimage"},"image":{"@id":"https:\/\/batijournal.com\/index.php\/strategie-energie-climat-des-propositions-pour-le-logement\/109258\/#primaryimage"},"thumbnailUrl":"https:\/\/batijournal.com\/wp-content\/uploads\/2015\/03\/97273383.jpg","datePublished":"2023-09-19T19:59:04+00:00","author":{"@id":"https:\/\/batijournal.com\/#\/schema\/person\/1dc96ec6957aa1ccb25ebe78bb19f100"},"breadcrumb":{"@id":"https:\/\/batijournal.com\/index.php\/strategie-energie-climat-des-propositions-pour-le-logement\/109258\/#breadcrumb"},"inLanguage":"fr-FR","potentialAction":[{"@type":"ReadAction","target":["https:\/\/batijournal.com\/index.php\/strategie-energie-climat-des-propositions-pour-le-logement\/109258\/"]}]},{"@type":"ImageObject","inLanguage":"fr-FR","@id":"https:\/\/batijournal.com\/index.php\/strategie-energie-climat-des-propositions-pour-le-logement\/109258\/#primaryimage","url":"https:\/\/batijournal.com\/wp-content\/uploads\/2015\/03\/97273383.jpg","contentUrl":"https:\/\/batijournal.com\/wp-content\/uploads\/2015\/03\/97273383.jpg","width":600,"height":560,"caption":"r\u00e9novation"},{"@type":"BreadcrumbList","@id":"https:\/\/batijournal.com\/index.php\/strategie-energie-climat-des-propositions-pour-le-logement\/109258\/#breadcrumb","itemListElement":[{"@type":"ListItem","position":1,"name":"Accueil","item":"https:\/\/batijournal.com\/"},{"@type":"ListItem","position":2,"name":"Actualit\u00e9s","item":"https:\/\/batijournal.com\/index.php\/category\/actualites\/"},{"@type":"ListItem","position":3,"name":"Strat\u00e9gie \u00e9nergie-climat : des propositions pour le logement"}]},{"@type":"WebSite","@id":"https:\/\/batijournal.com\/#website","url":"https:\/\/batijournal.com\/","name":"Batijournal","description":"L&#039;actualit\u00e9 du b\u00e2timent","potentialAction":[{"@type":"SearchAction","target":{"@type":"EntryPoint","urlTemplate":"https:\/\/batijournal.com\/?s={search_term_string}"},"query-input":{"@type":"PropertyValueSpecification","valueRequired":true,"valueName":"search_term_string"}}],"inLanguage":"fr-FR"},{"@type":"Person","@id":"https:\/\/batijournal.com\/#\/schema\/person\/1dc96ec6957aa1ccb25ebe78bb19f100","name":"St\u00e9phane Miget","image":{"@type":"ImageObject","inLanguage":"fr-FR","@id":"https:\/\/secure.gravatar.com\/avatar\/89915563d925342126b8ef0281b93d9d7fc337043e8df017f780908eb9644451?s=96&d=mm&r=g","url":"https:\/\/secure.gravatar.com\/avatar\/89915563d925342126b8ef0281b93d9d7fc337043e8df017f780908eb9644451?s=96&d=mm&r=g","contentUrl":"https:\/\/secure.gravatar.com\/avatar\/89915563d925342126b8ef0281b93d9d7fc337043e8df017f780908eb9644451?s=96&d=mm&r=g","caption":"St\u00e9phane Miget"},"url":"https:\/\/batijournal.com\/index.php\/author\/stephane\/"}]}},"_links":{"self":[{"href":"https:\/\/batijournal.com\/index.php\/wp-json\/wp\/v2\/posts\/109258","targetHints":{"allow":["GET"]}}],"collection":[{"href":"https:\/\/batijournal.com\/index.php\/wp-json\/wp\/v2\/posts"}],"about":[{"href":"https:\/\/batijournal.com\/index.php\/wp-json\/wp\/v2\/types\/post"}],"author":[{"embeddable":true,"href":"https:\/\/batijournal.com\/index.php\/wp-json\/wp\/v2\/users\/17"}],"replies":[{"embeddable":true,"href":"https:\/\/batijournal.com\/index.php\/wp-json\/wp\/v2\/comments?post=109258"}],"version-history":[{"count":0,"href":"https:\/\/batijournal.com\/index.php\/wp-json\/wp\/v2\/posts\/109258\/revisions"}],"wp:featuredmedia":[{"embeddable":true,"href":"https:\/\/batijournal.com\/index.php\/wp-json\/wp\/v2\/media\/86453"}],"wp:attachment":[{"href":"https:\/\/batijournal.com\/index.php\/wp-json\/wp\/v2\/media?parent=109258"}],"wp:term":[{"taxonomy":"category","embeddable":true,"href":"https:\/\/batijournal.com\/index.php\/wp-json\/wp\/v2\/categories?post=109258"},{"taxonomy":"post_tag","embeddable":true,"href":"https:\/\/batijournal.com\/index.php\/wp-json\/wp\/v2\/tags?post=109258"}],"curies":[{"name":"wp","href":"https:\/\/api.w.org\/{rel}","templated":true}]}}