{"id":109261,"date":"2023-09-20T14:06:09","date_gmt":"2023-09-20T12:06:09","guid":{"rendered":"https:\/\/batijournal.com\/?p=109261"},"modified":"2023-09-20T14:06:09","modified_gmt":"2023-09-20T12:06:09","slug":"larchitecture-a-lhonneur-en-ile-de-france","status":"publish","type":"post","link":"https:\/\/batijournal.com\/index.php\/larchitecture-a-lhonneur-en-ile-de-france\/109261\/","title":{"rendered":"L\u2019architecture \u00e0 l\u2019honneur en \u00cele-de-France"},"content":{"rendered":"<p class=\"p1\">La DRAC \u00cele-de-France revient avec le \u00ab\u00a0Mois de l&rsquo;Architecture\u00a0\u00bb en 2023, du 16 septembre au 15 octobre. Cet \u00e9v\u00e9nement,\u00a0se cl\u00f4turant\u00a0avec les Journ\u00e9es nationales de l&rsquo;architecture, vise \u00e0 sensibiliser le public\u00a0sur\u00a0le th\u00e8me de la transition \u00e9cologique.<\/p>\n<p class=\"p1\">Ces journ\u00e9es nationales, coordonn\u00e9es par la DRAC, se tiendront du 13 au 15 octobre. Elles visent \u00e0 mettre en lumi\u00e8re une architecture plus respectueuse de l&rsquo;environnement dans tous les aspects de la vie quotidienne.<\/p>\n<p class=\"p1\">Le concours \u00ab\u00a0[R\u00e9]inventer l&rsquo;Existant\u00a0\u00bb, organis\u00e9 en partenariat avec des \u00e9coles d&rsquo;architecture, encourage les \u00e9tudiants \u00e0 repenser les b\u00e2timents existants dans une optique \u00e9cologique. Les r\u00e9sultats seront annonc\u00e9s le 28 septembre, lors du vernissage de l&rsquo;exposition dans le cadre des Journ\u00e9es nationales de l&rsquo;architecture 2023.<\/p>\n<p class=\"p1\">Diff\u00e9rents \u00e9v\u00e9nements \u00e0 l&rsquo;Honneur lors du Mois de l&rsquo;Architecture en \u00cele-de-France<\/p>\n<p>Le \u00ab\u00a0Mois de l&rsquo;Architecture\u00a0\u00bb en \u00cele-de-France promet une s\u00e9rie d&rsquo;\u00e9v\u00e9nements passionnants, mettant en avant l&rsquo;architecture sous ses diff\u00e9rentes facettes. Voici un aper\u00e7u de ce qui vous attend :<\/p>\n<ul>\n<li class=\"p1\"><strong>Le Corbusier \u00e0 Boulogne-Billancourt<\/strong> : d\u00e9couvrez les cinq \u0153uvres majeures de Le Corbusier \u00e0 Boulogne-Billancourt, dont l&rsquo;immeuble Molitor inscrit au patrimoine de l&rsquo;Humanit\u00e9 depuis 2016. Une promenade comment\u00e9e vous permettra de comprendre l&rsquo;importance de cette reconnaissance exceptionnelle. (17 septembre)<\/li>\n<li class=\"p1\"><strong>Exposition \u00ab\u00a0La banlieue des enfants\u00a0\u00bb<\/strong> : la Maison de Banlieue et de l&rsquo;Architecture propose une s\u00e9rie de projections et d\u00e9bats en lien avec son exposition, explorant la banlieue \u00e0 travers le cin\u00e9ma. (16 septembre au 16 d\u00e9cembre)<\/li>\n<li class=\"p1\"><strong>Exposition \u00ab\u00a0hors site, mais pas hors-sol\u00a0\u00bb<\/strong> : cette exposition \u00e0 la Maison de l&rsquo;Architecture d&rsquo;\u00cele-de-France explore la construction hors site, une approche innovante pour am\u00e9liorer la qualit\u00e9\u00a0tout en r\u00e9duisant les nuisances li\u00e9es aux chantiers. (28 septembre au 30 novembre)<\/li>\n<li class=\"p1\"><strong>Exposition itin\u00e9rante sur les \u00e9difices labellis\u00e9s ACR<\/strong> : \u00c9vry-Courcouronnes propose une exposition itin\u00e9rante mettant en valeur les \u00e9difices labellis\u00e9s Architecture contemporaine remarquable (ACR) sur son territoire. (6 octobre au 23 novembre)<\/li>\n<li class=\"p1\"><strong>Archiweek<\/strong> : cette semaine de l&rsquo;architecture propose des visites, des animations, des expositions et des d\u00e9bats, cette ann\u00e9e ax\u00e9s\u00a0sur le\u00a0tertiaire et des si\u00e8ges d&rsquo;entreprise. (dates et programmation \u00e0 venir)<\/li>\n<\/ul>\n<p class=\"p1\">Plein d\u2019autres \u00e9v\u00e9nements seront attendus.<\/p>\n<p class=\"p1\">Tout le programme des Journ\u00e9es nationales de l\u2019architecture bient\u00f4t disponible sur <a href=\"https:\/\/journeesarchitecture.culture.gouv.fr\/\">www.journeesarchitecture.fr<\/a><\/p>\n","protected":false},"excerpt":{"rendered":"<p>La DRAC \u00cele-de-France revient avec le \u00ab\u00a0Mois de l&rsquo;Architecture\u00a0\u00bb en 2023, du 16 septembre au 15 octobre. Cet \u00e9v\u00e9nement,\u00a0se cl\u00f4turant\u00a0avec les Journ\u00e9es nationales de l&rsquo;architecture, vise \u00e0 sensibiliser le public\u00a0sur\u00a0le th\u00e8me de la transition \u00e9cologique. Ces journ\u00e9es nationales, coordonn\u00e9es par la DRAC, se tiendront du 13 au 15 octobre. Elles visent \u00e0 mettre en lumi\u00e8re [&hellip;]<\/p>\n","protected":false},"author":17,"featured_media":109262,"comment_status":"closed","ping_status":"closed","sticky":false,"template":"","format":"standard","meta":{"_et_pb_use_builder":"","_et_pb_old_content":"","_et_gb_content_width":"","footnotes":""},"categories":[10736,10775],"tags":[12901,13178],"class_list":["post-109261","post","type-post","status-publish","format-standard","has-post-thumbnail","hentry","category-a-la-une","category-actualites-5facades","tag-architecture","tag-mois-de-larchitecture"],"yoast_head":"<!-- This site is optimized with the Yoast SEO plugin v27.4 - https:\/\/yoast.com\/product\/yoast-seo-wordpress\/ -->\n<title>L\u2019architecture \u00e0 l\u2019honneur en \u00cele-de-France<\/title>\n<meta name=\"robots\" content=\"index, follow, max-snippet:-1, max-image-preview:large, max-video-preview:-1\" \/>\n<link rel=\"canonical\" href=\"https:\/\/batijournal.com\/index.php\/larchitecture-a-lhonneur-en-ile-de-france\/109261\/\" \/>\n<meta property=\"og:locale\" content=\"fr_FR\" \/>\n<meta property=\"og:type\" content=\"article\" \/>\n<meta property=\"og:title\" content=\"L\u2019architecture \u00e0 l\u2019honneur en \u00cele-de-France\" \/>\n<meta property=\"og:description\" content=\"La DRAC \u00cele-de-France revient avec le \u00ab\u00a0Mois de l&rsquo;Architecture\u00a0\u00bb en 2023, du 16 septembre au 15 octobre. Cet \u00e9v\u00e9nement,\u00a0se cl\u00f4turant\u00a0avec les Journ\u00e9es nationales de l&rsquo;architecture, vise \u00e0 sensibiliser le public\u00a0sur\u00a0le th\u00e8me de la transition \u00e9cologique. Ces journ\u00e9es nationales, coordonn\u00e9es par la DRAC, se tiendront du 13 au 15 octobre. Elles visent \u00e0 mettre en lumi\u00e8re [&hellip;]\" \/>\n<meta property=\"og:url\" content=\"https:\/\/batijournal.com\/index.php\/larchitecture-a-lhonneur-en-ile-de-france\/109261\/\" \/>\n<meta property=\"og:site_name\" content=\"Batijournal\" \/>\n<meta property=\"article:published_time\" content=\"2023-09-20T12:06:09+00:00\" \/>\n<meta property=\"og:image\" content=\"https:\/\/batijournal.com\/wp-content\/uploads\/2023\/09\/jna2023_rs-1920x1080px-avectexte.png\" \/>\n\t<meta property=\"og:image:width\" content=\"1920\" \/>\n\t<meta property=\"og:image:height\" content=\"1080\" \/>\n\t<meta property=\"og:image:type\" content=\"image\/png\" \/>\n<meta name=\"author\" content=\"St\u00e9phane Miget\" \/>\n<meta name=\"twitter:card\" content=\"summary_large_image\" \/>\n<meta name=\"twitter:creator\" content=\"@bati_journal\" \/>\n<meta name=\"twitter:site\" content=\"@bati_journal\" \/>\n<meta name=\"twitter:label1\" content=\"\u00c9crit par\" \/>\n\t<meta name=\"twitter:data1\" content=\"St\u00e9phane Miget\" \/>\n\t<meta name=\"twitter:label2\" content=\"Dur\u00e9e de lecture estim\u00e9e\" \/>\n\t<meta name=\"twitter:data2\" content=\"2 minutes\" \/>\n<script type=\"application\/ld+json\" class=\"yoast-schema-graph\">{\"@context\":\"https:\\\/\\\/schema.org\",\"@graph\":[{\"@type\":\"Article\",\"@id\":\"https:\\\/\\\/batijournal.com\\\/index.php\\\/larchitecture-a-lhonneur-en-ile-de-france\\\/109261\\\/#article\",\"isPartOf\":{\"@id\":\"https:\\\/\\\/batijournal.com\\\/index.php\\\/larchitecture-a-lhonneur-en-ile-de-france\\\/109261\\\/\"},\"author\":{\"name\":\"St\u00e9phane Miget\",\"@id\":\"https:\\\/\\\/batijournal.com\\\/#\\\/schema\\\/person\\\/1dc96ec6957aa1ccb25ebe78bb19f100\"},\"headline\":\"L\u2019architecture \u00e0 l\u2019honneur en \u00cele-de-France\",\"datePublished\":\"2023-09-20T12:06:09+00:00\",\"mainEntityOfPage\":{\"@id\":\"https:\\\/\\\/batijournal.com\\\/index.php\\\/larchitecture-a-lhonneur-en-ile-de-france\\\/109261\\\/\"},\"wordCount\":389,\"image\":{\"@id\":\"https:\\\/\\\/batijournal.com\\\/index.php\\\/larchitecture-a-lhonneur-en-ile-de-france\\\/109261\\\/#primaryimage\"},\"thumbnailUrl\":\"https:\\\/\\\/batijournal.com\\\/wp-content\\\/uploads\\\/2023\\\/09\\\/jna2023_rs-1920x1080px-avectexte.png\",\"keywords\":[\"architecture\",\"mois de l'architecture\"],\"articleSection\":[\"A la Une\",\"zz_Actualit\u00e9s - 5fa\u00e7ades\"],\"inLanguage\":\"fr-FR\"},{\"@type\":\"WebPage\",\"@id\":\"https:\\\/\\\/batijournal.com\\\/index.php\\\/larchitecture-a-lhonneur-en-ile-de-france\\\/109261\\\/\",\"url\":\"https:\\\/\\\/batijournal.com\\\/index.php\\\/larchitecture-a-lhonneur-en-ile-de-france\\\/109261\\\/\",\"name\":\"L\u2019architecture \u00e0 l\u2019honneur en \u00cele-de-France\",\"isPartOf\":{\"@id\":\"https:\\\/\\\/batijournal.com\\\/#website\"},\"primaryImageOfPage\":{\"@id\":\"https:\\\/\\\/batijournal.com\\\/index.php\\\/larchitecture-a-lhonneur-en-ile-de-france\\\/109261\\\/#primaryimage\"},\"image\":{\"@id\":\"https:\\\/\\\/batijournal.com\\\/index.php\\\/larchitecture-a-lhonneur-en-ile-de-france\\\/109261\\\/#primaryimage\"},\"thumbnailUrl\":\"https:\\\/\\\/batijournal.com\\\/wp-content\\\/uploads\\\/2023\\\/09\\\/jna2023_rs-1920x1080px-avectexte.png\",\"datePublished\":\"2023-09-20T12:06:09+00:00\",\"author\":{\"@id\":\"https:\\\/\\\/batijournal.com\\\/#\\\/schema\\\/person\\\/1dc96ec6957aa1ccb25ebe78bb19f100\"},\"breadcrumb\":{\"@id\":\"https:\\\/\\\/batijournal.com\\\/index.php\\\/larchitecture-a-lhonneur-en-ile-de-france\\\/109261\\\/#breadcrumb\"},\"inLanguage\":\"fr-FR\",\"potentialAction\":[{\"@type\":\"ReadAction\",\"target\":[\"https:\\\/\\\/batijournal.com\\\/index.php\\\/larchitecture-a-lhonneur-en-ile-de-france\\\/109261\\\/\"]}]},{\"@type\":\"ImageObject\",\"inLanguage\":\"fr-FR\",\"@id\":\"https:\\\/\\\/batijournal.com\\\/index.php\\\/larchitecture-a-lhonneur-en-ile-de-france\\\/109261\\\/#primaryimage\",\"url\":\"https:\\\/\\\/batijournal.com\\\/wp-content\\\/uploads\\\/2023\\\/09\\\/jna2023_rs-1920x1080px-avectexte.png\",\"contentUrl\":\"https:\\\/\\\/batijournal.com\\\/wp-content\\\/uploads\\\/2023\\\/09\\\/jna2023_rs-1920x1080px-avectexte.png\",\"width\":1920,\"height\":1080},{\"@type\":\"BreadcrumbList\",\"@id\":\"https:\\\/\\\/batijournal.com\\\/index.php\\\/larchitecture-a-lhonneur-en-ile-de-france\\\/109261\\\/#breadcrumb\",\"itemListElement\":[{\"@type\":\"ListItem\",\"position\":1,\"name\":\"Accueil\",\"item\":\"https:\\\/\\\/batijournal.com\\\/\"},{\"@type\":\"ListItem\",\"position\":2,\"name\":\"A la Une\",\"item\":\"https:\\\/\\\/batijournal.com\\\/index.php\\\/category\\\/a-la-une\\\/\"},{\"@type\":\"ListItem\",\"position\":3,\"name\":\"L\u2019architecture \u00e0 l\u2019honneur en \u00cele-de-France\"}]},{\"@type\":\"WebSite\",\"@id\":\"https:\\\/\\\/batijournal.com\\\/#website\",\"url\":\"https:\\\/\\\/batijournal.com\\\/\",\"name\":\"Batijournal\",\"description\":\"L&#039;actualit\u00e9 du b\u00e2timent\",\"potentialAction\":[{\"@type\":\"SearchAction\",\"target\":{\"@type\":\"EntryPoint\",\"urlTemplate\":\"https:\\\/\\\/batijournal.com\\\/?s={search_term_string}\"},\"query-input\":{\"@type\":\"PropertyValueSpecification\",\"valueRequired\":true,\"valueName\":\"search_term_string\"}}],\"inLanguage\":\"fr-FR\"},{\"@type\":\"Person\",\"@id\":\"https:\\\/\\\/batijournal.com\\\/#\\\/schema\\\/person\\\/1dc96ec6957aa1ccb25ebe78bb19f100\",\"name\":\"St\u00e9phane Miget\",\"image\":{\"@type\":\"ImageObject\",\"inLanguage\":\"fr-FR\",\"@id\":\"https:\\\/\\\/secure.gravatar.com\\\/avatar\\\/89915563d925342126b8ef0281b93d9d7fc337043e8df017f780908eb9644451?s=96&d=mm&r=g\",\"url\":\"https:\\\/\\\/secure.gravatar.com\\\/avatar\\\/89915563d925342126b8ef0281b93d9d7fc337043e8df017f780908eb9644451?s=96&d=mm&r=g\",\"contentUrl\":\"https:\\\/\\\/secure.gravatar.com\\\/avatar\\\/89915563d925342126b8ef0281b93d9d7fc337043e8df017f780908eb9644451?s=96&d=mm&r=g\",\"caption\":\"St\u00e9phane Miget\"},\"url\":\"https:\\\/\\\/batijournal.com\\\/index.php\\\/author\\\/stephane\\\/\"}]}<\/script>\n<!-- \/ Yoast SEO plugin. -->","yoast_head_json":{"title":"L\u2019architecture \u00e0 l\u2019honneur en \u00cele-de-France","robots":{"index":"index","follow":"follow","max-snippet":"max-snippet:-1","max-image-preview":"max-image-preview:large","max-video-preview":"max-video-preview:-1"},"canonical":"https:\/\/batijournal.com\/index.php\/larchitecture-a-lhonneur-en-ile-de-france\/109261\/","og_locale":"fr_FR","og_type":"article","og_title":"L\u2019architecture \u00e0 l\u2019honneur en \u00cele-de-France","og_description":"La DRAC \u00cele-de-France revient avec le \u00ab\u00a0Mois de l&rsquo;Architecture\u00a0\u00bb en 2023, du 16 septembre au 15 octobre. Cet \u00e9v\u00e9nement,\u00a0se cl\u00f4turant\u00a0avec les Journ\u00e9es nationales de l&rsquo;architecture, vise \u00e0 sensibiliser le public\u00a0sur\u00a0le th\u00e8me de la transition \u00e9cologique. Ces journ\u00e9es nationales, coordonn\u00e9es par la DRAC, se tiendront du 13 au 15 octobre. Elles visent \u00e0 mettre en lumi\u00e8re [&hellip;]","og_url":"https:\/\/batijournal.com\/index.php\/larchitecture-a-lhonneur-en-ile-de-france\/109261\/","og_site_name":"Batijournal","article_published_time":"2023-09-20T12:06:09+00:00","og_image":[{"width":1920,"height":1080,"url":"https:\/\/batijournal.com\/wp-content\/uploads\/2023\/09\/jna2023_rs-1920x1080px-avectexte.png","type":"image\/png"}],"author":"St\u00e9phane Miget","twitter_card":"summary_large_image","twitter_creator":"@bati_journal","twitter_site":"@bati_journal","twitter_misc":{"\u00c9crit par":"St\u00e9phane Miget","Dur\u00e9e de lecture estim\u00e9e":"2 minutes"},"schema":{"@context":"https:\/\/schema.org","@graph":[{"@type":"Article","@id":"https:\/\/batijournal.com\/index.php\/larchitecture-a-lhonneur-en-ile-de-france\/109261\/#article","isPartOf":{"@id":"https:\/\/batijournal.com\/index.php\/larchitecture-a-lhonneur-en-ile-de-france\/109261\/"},"author":{"name":"St\u00e9phane Miget","@id":"https:\/\/batijournal.com\/#\/schema\/person\/1dc96ec6957aa1ccb25ebe78bb19f100"},"headline":"L\u2019architecture \u00e0 l\u2019honneur en \u00cele-de-France","datePublished":"2023-09-20T12:06:09+00:00","mainEntityOfPage":{"@id":"https:\/\/batijournal.com\/index.php\/larchitecture-a-lhonneur-en-ile-de-france\/109261\/"},"wordCount":389,"image":{"@id":"https:\/\/batijournal.com\/index.php\/larchitecture-a-lhonneur-en-ile-de-france\/109261\/#primaryimage"},"thumbnailUrl":"https:\/\/batijournal.com\/wp-content\/uploads\/2023\/09\/jna2023_rs-1920x1080px-avectexte.png","keywords":["architecture","mois de l'architecture"],"articleSection":["A la Une","zz_Actualit\u00e9s - 5fa\u00e7ades"],"inLanguage":"fr-FR"},{"@type":"WebPage","@id":"https:\/\/batijournal.com\/index.php\/larchitecture-a-lhonneur-en-ile-de-france\/109261\/","url":"https:\/\/batijournal.com\/index.php\/larchitecture-a-lhonneur-en-ile-de-france\/109261\/","name":"L\u2019architecture \u00e0 l\u2019honneur en \u00cele-de-France","isPartOf":{"@id":"https:\/\/batijournal.com\/#website"},"primaryImageOfPage":{"@id":"https:\/\/batijournal.com\/index.php\/larchitecture-a-lhonneur-en-ile-de-france\/109261\/#primaryimage"},"image":{"@id":"https:\/\/batijournal.com\/index.php\/larchitecture-a-lhonneur-en-ile-de-france\/109261\/#primaryimage"},"thumbnailUrl":"https:\/\/batijournal.com\/wp-content\/uploads\/2023\/09\/jna2023_rs-1920x1080px-avectexte.png","datePublished":"2023-09-20T12:06:09+00:00","author":{"@id":"https:\/\/batijournal.com\/#\/schema\/person\/1dc96ec6957aa1ccb25ebe78bb19f100"},"breadcrumb":{"@id":"https:\/\/batijournal.com\/index.php\/larchitecture-a-lhonneur-en-ile-de-france\/109261\/#breadcrumb"},"inLanguage":"fr-FR","potentialAction":[{"@type":"ReadAction","target":["https:\/\/batijournal.com\/index.php\/larchitecture-a-lhonneur-en-ile-de-france\/109261\/"]}]},{"@type":"ImageObject","inLanguage":"fr-FR","@id":"https:\/\/batijournal.com\/index.php\/larchitecture-a-lhonneur-en-ile-de-france\/109261\/#primaryimage","url":"https:\/\/batijournal.com\/wp-content\/uploads\/2023\/09\/jna2023_rs-1920x1080px-avectexte.png","contentUrl":"https:\/\/batijournal.com\/wp-content\/uploads\/2023\/09\/jna2023_rs-1920x1080px-avectexte.png","width":1920,"height":1080},{"@type":"BreadcrumbList","@id":"https:\/\/batijournal.com\/index.php\/larchitecture-a-lhonneur-en-ile-de-france\/109261\/#breadcrumb","itemListElement":[{"@type":"ListItem","position":1,"name":"Accueil","item":"https:\/\/batijournal.com\/"},{"@type":"ListItem","position":2,"name":"A la Une","item":"https:\/\/batijournal.com\/index.php\/category\/a-la-une\/"},{"@type":"ListItem","position":3,"name":"L\u2019architecture \u00e0 l\u2019honneur en \u00cele-de-France"}]},{"@type":"WebSite","@id":"https:\/\/batijournal.com\/#website","url":"https:\/\/batijournal.com\/","name":"Batijournal","description":"L&#039;actualit\u00e9 du b\u00e2timent","potentialAction":[{"@type":"SearchAction","target":{"@type":"EntryPoint","urlTemplate":"https:\/\/batijournal.com\/?s={search_term_string}"},"query-input":{"@type":"PropertyValueSpecification","valueRequired":true,"valueName":"search_term_string"}}],"inLanguage":"fr-FR"},{"@type":"Person","@id":"https:\/\/batijournal.com\/#\/schema\/person\/1dc96ec6957aa1ccb25ebe78bb19f100","name":"St\u00e9phane Miget","image":{"@type":"ImageObject","inLanguage":"fr-FR","@id":"https:\/\/secure.gravatar.com\/avatar\/89915563d925342126b8ef0281b93d9d7fc337043e8df017f780908eb9644451?s=96&d=mm&r=g","url":"https:\/\/secure.gravatar.com\/avatar\/89915563d925342126b8ef0281b93d9d7fc337043e8df017f780908eb9644451?s=96&d=mm&r=g","contentUrl":"https:\/\/secure.gravatar.com\/avatar\/89915563d925342126b8ef0281b93d9d7fc337043e8df017f780908eb9644451?s=96&d=mm&r=g","caption":"St\u00e9phane Miget"},"url":"https:\/\/batijournal.com\/index.php\/author\/stephane\/"}]}},"_links":{"self":[{"href":"https:\/\/batijournal.com\/index.php\/wp-json\/wp\/v2\/posts\/109261","targetHints":{"allow":["GET"]}}],"collection":[{"href":"https:\/\/batijournal.com\/index.php\/wp-json\/wp\/v2\/posts"}],"about":[{"href":"https:\/\/batijournal.com\/index.php\/wp-json\/wp\/v2\/types\/post"}],"author":[{"embeddable":true,"href":"https:\/\/batijournal.com\/index.php\/wp-json\/wp\/v2\/users\/17"}],"replies":[{"embeddable":true,"href":"https:\/\/batijournal.com\/index.php\/wp-json\/wp\/v2\/comments?post=109261"}],"version-history":[{"count":0,"href":"https:\/\/batijournal.com\/index.php\/wp-json\/wp\/v2\/posts\/109261\/revisions"}],"wp:featuredmedia":[{"embeddable":true,"href":"https:\/\/batijournal.com\/index.php\/wp-json\/wp\/v2\/media\/109262"}],"wp:attachment":[{"href":"https:\/\/batijournal.com\/index.php\/wp-json\/wp\/v2\/media?parent=109261"}],"wp:term":[{"taxonomy":"category","embeddable":true,"href":"https:\/\/batijournal.com\/index.php\/wp-json\/wp\/v2\/categories?post=109261"},{"taxonomy":"post_tag","embeddable":true,"href":"https:\/\/batijournal.com\/index.php\/wp-json\/wp\/v2\/tags?post=109261"}],"curies":[{"name":"wp","href":"https:\/\/api.w.org\/{rel}","templated":true}]}}