{"id":109263,"date":"2023-09-20T18:27:08","date_gmt":"2023-09-20T16:27:08","guid":{"rendered":"https:\/\/batijournal.com\/?p=109263"},"modified":"2023-09-20T18:27:08","modified_gmt":"2023-09-20T16:27:08","slug":"programme-national-ponts-travaux","status":"publish","type":"post","link":"https:\/\/batijournal.com\/index.php\/programme-national-ponts-travaux\/109263\/","title":{"rendered":"Programme National Ponts Travaux"},"content":{"rendered":"<p>Dans la suite des op\u00e9rations de recensement des ouvrages communaux engag\u00e9es dans le cadre du Programme National Ponts 1 et 2 (pour 50 M\u20ac au total), l\u2019\u00c9tat mobilise 35 M\u20ac suppl\u00e9mentaires pour accompagner les collectivit\u00e9s \u00e0 r\u00e9aliser les travaux de remise en \u00e9tat de leurs ouvrages communaux les plus d\u00e9grad\u00e9s et notamment ceux pr\u00e9sentant un enjeu majeur de s\u00e9curit\u00e9 des usagers et de continuit\u00e9 des dessertes locales. En compl\u00e9ment d\u2019un appui au financement des travaux, cette enveloppe int\u00e8gre \u00e9galement des actions ponctuelles d\u2019accompagnement des collectivit\u00e9s locales par le Cerema, de la remise du carnet de sant\u00e9 des ouvrages au lancement des travaux.<\/p>\n","protected":false},"excerpt":{"rendered":"<p>Dans la suite des op\u00e9rations de recensement des ouvrages communaux engag\u00e9es dans le cadre du Programme National Ponts 1 et 2 (pour 50 M\u20ac au total), l\u2019\u00c9tat mobilise 35 M\u20ac suppl\u00e9mentaires pour accompagner les collectivit\u00e9s \u00e0 r\u00e9aliser les travaux de remise en \u00e9tat de leurs ouvrages communaux les plus d\u00e9grad\u00e9s et notamment ceux pr\u00e9sentant un [&hellip;]<\/p>\n","protected":false},"author":17,"featured_media":105789,"comment_status":"closed","ping_status":"closed","sticky":false,"template":"","format":"standard","meta":{"_et_pb_use_builder":"","_et_pb_old_content":"","_et_gb_content_width":"","footnotes":""},"categories":[10530,6362,10789,10785],"tags":[1963],"class_list":["post-109263","post","type-post","status-publish","format-standard","has-post-thumbnail","hentry","category-actualites","category-services-equipements","category-publications-atrium","category-atrium","tag-pont"],"yoast_head":"<!-- This site is optimized with the Yoast SEO plugin v27.4 - https:\/\/yoast.com\/product\/yoast-seo-wordpress\/ -->\n<title>Programme National Ponts Travaux<\/title>\n<meta name=\"robots\" content=\"index, follow, max-snippet:-1, max-image-preview:large, max-video-preview:-1\" \/>\n<link rel=\"canonical\" href=\"https:\/\/batijournal.com\/index.php\/programme-national-ponts-travaux\/109263\/\" \/>\n<meta property=\"og:locale\" content=\"fr_FR\" \/>\n<meta property=\"og:type\" content=\"article\" \/>\n<meta property=\"og:title\" content=\"Programme National Ponts Travaux\" \/>\n<meta property=\"og:description\" content=\"Dans la suite des op\u00e9rations de recensement des ouvrages communaux engag\u00e9es dans le cadre du Programme National Ponts 1 et 2 (pour 50 M\u20ac au total), l\u2019\u00c9tat mobilise 35 M\u20ac suppl\u00e9mentaires pour accompagner les collectivit\u00e9s \u00e0 r\u00e9aliser les travaux de remise en \u00e9tat de leurs ouvrages communaux les plus d\u00e9grad\u00e9s et notamment ceux pr\u00e9sentant un [&hellip;]\" \/>\n<meta property=\"og:url\" content=\"https:\/\/batijournal.com\/index.php\/programme-national-ponts-travaux\/109263\/\" \/>\n<meta property=\"og:site_name\" content=\"Batijournal\" \/>\n<meta property=\"article:published_time\" content=\"2023-09-20T16:27:08+00:00\" \/>\n<meta property=\"og:image\" content=\"https:\/\/batijournal.com\/wp-content\/uploads\/2021\/04\/pont-sur-la-loire.jpg\" \/>\n\t<meta property=\"og:image:width\" content=\"1000\" \/>\n\t<meta property=\"og:image:height\" content=\"728\" \/>\n\t<meta property=\"og:image:type\" content=\"image\/jpeg\" \/>\n<meta name=\"author\" content=\"St\u00e9phane Miget\" \/>\n<meta name=\"twitter:card\" content=\"summary_large_image\" \/>\n<meta name=\"twitter:creator\" content=\"@bati_journal\" \/>\n<meta name=\"twitter:site\" content=\"@bati_journal\" \/>\n<meta name=\"twitter:label1\" content=\"\u00c9crit par\" \/>\n\t<meta name=\"twitter:data1\" content=\"St\u00e9phane Miget\" \/>\n\t<meta name=\"twitter:label2\" content=\"Dur\u00e9e de lecture estim\u00e9e\" \/>\n\t<meta name=\"twitter:data2\" content=\"1 minute\" \/>\n<script type=\"application\/ld+json\" class=\"yoast-schema-graph\">{\"@context\":\"https:\\\/\\\/schema.org\",\"@graph\":[{\"@type\":\"Article\",\"@id\":\"https:\\\/\\\/batijournal.com\\\/index.php\\\/programme-national-ponts-travaux\\\/109263\\\/#article\",\"isPartOf\":{\"@id\":\"https:\\\/\\\/batijournal.com\\\/index.php\\\/programme-national-ponts-travaux\\\/109263\\\/\"},\"author\":{\"name\":\"St\u00e9phane Miget\",\"@id\":\"https:\\\/\\\/batijournal.com\\\/#\\\/schema\\\/person\\\/1dc96ec6957aa1ccb25ebe78bb19f100\"},\"headline\":\"Programme National Ponts Travaux\",\"datePublished\":\"2023-09-20T16:27:08+00:00\",\"mainEntityOfPage\":{\"@id\":\"https:\\\/\\\/batijournal.com\\\/index.php\\\/programme-national-ponts-travaux\\\/109263\\\/\"},\"wordCount\":116,\"image\":{\"@id\":\"https:\\\/\\\/batijournal.com\\\/index.php\\\/programme-national-ponts-travaux\\\/109263\\\/#primaryimage\"},\"thumbnailUrl\":\"https:\\\/\\\/batijournal.com\\\/wp-content\\\/uploads\\\/2021\\\/04\\\/pont-sur-la-loire.jpg\",\"keywords\":[\"pont\"],\"articleSection\":[\"Actualit\u00e9s\",\"Divers\",\"zz_Actualit\u00e9s - Atrium\",\"zz_Atrium Patrimoine\"],\"inLanguage\":\"fr-FR\"},{\"@type\":\"WebPage\",\"@id\":\"https:\\\/\\\/batijournal.com\\\/index.php\\\/programme-national-ponts-travaux\\\/109263\\\/\",\"url\":\"https:\\\/\\\/batijournal.com\\\/index.php\\\/programme-national-ponts-travaux\\\/109263\\\/\",\"name\":\"Programme National Ponts Travaux\",\"isPartOf\":{\"@id\":\"https:\\\/\\\/batijournal.com\\\/#website\"},\"primaryImageOfPage\":{\"@id\":\"https:\\\/\\\/batijournal.com\\\/index.php\\\/programme-national-ponts-travaux\\\/109263\\\/#primaryimage\"},\"image\":{\"@id\":\"https:\\\/\\\/batijournal.com\\\/index.php\\\/programme-national-ponts-travaux\\\/109263\\\/#primaryimage\"},\"thumbnailUrl\":\"https:\\\/\\\/batijournal.com\\\/wp-content\\\/uploads\\\/2021\\\/04\\\/pont-sur-la-loire.jpg\",\"datePublished\":\"2023-09-20T16:27:08+00:00\",\"author\":{\"@id\":\"https:\\\/\\\/batijournal.com\\\/#\\\/schema\\\/person\\\/1dc96ec6957aa1ccb25ebe78bb19f100\"},\"breadcrumb\":{\"@id\":\"https:\\\/\\\/batijournal.com\\\/index.php\\\/programme-national-ponts-travaux\\\/109263\\\/#breadcrumb\"},\"inLanguage\":\"fr-FR\",\"potentialAction\":[{\"@type\":\"ReadAction\",\"target\":[\"https:\\\/\\\/batijournal.com\\\/index.php\\\/programme-national-ponts-travaux\\\/109263\\\/\"]}]},{\"@type\":\"ImageObject\",\"inLanguage\":\"fr-FR\",\"@id\":\"https:\\\/\\\/batijournal.com\\\/index.php\\\/programme-national-ponts-travaux\\\/109263\\\/#primaryimage\",\"url\":\"https:\\\/\\\/batijournal.com\\\/wp-content\\\/uploads\\\/2021\\\/04\\\/pont-sur-la-loire.jpg\",\"contentUrl\":\"https:\\\/\\\/batijournal.com\\\/wp-content\\\/uploads\\\/2021\\\/04\\\/pont-sur-la-loire.jpg\",\"width\":1000,\"height\":728},{\"@type\":\"BreadcrumbList\",\"@id\":\"https:\\\/\\\/batijournal.com\\\/index.php\\\/programme-national-ponts-travaux\\\/109263\\\/#breadcrumb\",\"itemListElement\":[{\"@type\":\"ListItem\",\"position\":1,\"name\":\"Accueil\",\"item\":\"https:\\\/\\\/batijournal.com\\\/\"},{\"@type\":\"ListItem\",\"position\":2,\"name\":\"Actualit\u00e9s\",\"item\":\"https:\\\/\\\/batijournal.com\\\/index.php\\\/category\\\/actualites\\\/\"},{\"@type\":\"ListItem\",\"position\":3,\"name\":\"Programme National Ponts Travaux\"}]},{\"@type\":\"WebSite\",\"@id\":\"https:\\\/\\\/batijournal.com\\\/#website\",\"url\":\"https:\\\/\\\/batijournal.com\\\/\",\"name\":\"Batijournal\",\"description\":\"L&#039;actualit\u00e9 du b\u00e2timent\",\"potentialAction\":[{\"@type\":\"SearchAction\",\"target\":{\"@type\":\"EntryPoint\",\"urlTemplate\":\"https:\\\/\\\/batijournal.com\\\/?s={search_term_string}\"},\"query-input\":{\"@type\":\"PropertyValueSpecification\",\"valueRequired\":true,\"valueName\":\"search_term_string\"}}],\"inLanguage\":\"fr-FR\"},{\"@type\":\"Person\",\"@id\":\"https:\\\/\\\/batijournal.com\\\/#\\\/schema\\\/person\\\/1dc96ec6957aa1ccb25ebe78bb19f100\",\"name\":\"St\u00e9phane Miget\",\"image\":{\"@type\":\"ImageObject\",\"inLanguage\":\"fr-FR\",\"@id\":\"https:\\\/\\\/secure.gravatar.com\\\/avatar\\\/89915563d925342126b8ef0281b93d9d7fc337043e8df017f780908eb9644451?s=96&d=mm&r=g\",\"url\":\"https:\\\/\\\/secure.gravatar.com\\\/avatar\\\/89915563d925342126b8ef0281b93d9d7fc337043e8df017f780908eb9644451?s=96&d=mm&r=g\",\"contentUrl\":\"https:\\\/\\\/secure.gravatar.com\\\/avatar\\\/89915563d925342126b8ef0281b93d9d7fc337043e8df017f780908eb9644451?s=96&d=mm&r=g\",\"caption\":\"St\u00e9phane Miget\"},\"url\":\"https:\\\/\\\/batijournal.com\\\/index.php\\\/author\\\/stephane\\\/\"}]}<\/script>\n<!-- \/ Yoast SEO plugin. -->","yoast_head_json":{"title":"Programme National Ponts Travaux","robots":{"index":"index","follow":"follow","max-snippet":"max-snippet:-1","max-image-preview":"max-image-preview:large","max-video-preview":"max-video-preview:-1"},"canonical":"https:\/\/batijournal.com\/index.php\/programme-national-ponts-travaux\/109263\/","og_locale":"fr_FR","og_type":"article","og_title":"Programme National Ponts Travaux","og_description":"Dans la suite des op\u00e9rations de recensement des ouvrages communaux engag\u00e9es dans le cadre du Programme National Ponts 1 et 2 (pour 50 M\u20ac au total), l\u2019\u00c9tat mobilise 35 M\u20ac suppl\u00e9mentaires pour accompagner les collectivit\u00e9s \u00e0 r\u00e9aliser les travaux de remise en \u00e9tat de leurs ouvrages communaux les plus d\u00e9grad\u00e9s et notamment ceux pr\u00e9sentant un [&hellip;]","og_url":"https:\/\/batijournal.com\/index.php\/programme-national-ponts-travaux\/109263\/","og_site_name":"Batijournal","article_published_time":"2023-09-20T16:27:08+00:00","og_image":[{"width":1000,"height":728,"url":"https:\/\/batijournal.com\/wp-content\/uploads\/2021\/04\/pont-sur-la-loire.jpg","type":"image\/jpeg"}],"author":"St\u00e9phane Miget","twitter_card":"summary_large_image","twitter_creator":"@bati_journal","twitter_site":"@bati_journal","twitter_misc":{"\u00c9crit par":"St\u00e9phane Miget","Dur\u00e9e de lecture estim\u00e9e":"1 minute"},"schema":{"@context":"https:\/\/schema.org","@graph":[{"@type":"Article","@id":"https:\/\/batijournal.com\/index.php\/programme-national-ponts-travaux\/109263\/#article","isPartOf":{"@id":"https:\/\/batijournal.com\/index.php\/programme-national-ponts-travaux\/109263\/"},"author":{"name":"St\u00e9phane Miget","@id":"https:\/\/batijournal.com\/#\/schema\/person\/1dc96ec6957aa1ccb25ebe78bb19f100"},"headline":"Programme National Ponts Travaux","datePublished":"2023-09-20T16:27:08+00:00","mainEntityOfPage":{"@id":"https:\/\/batijournal.com\/index.php\/programme-national-ponts-travaux\/109263\/"},"wordCount":116,"image":{"@id":"https:\/\/batijournal.com\/index.php\/programme-national-ponts-travaux\/109263\/#primaryimage"},"thumbnailUrl":"https:\/\/batijournal.com\/wp-content\/uploads\/2021\/04\/pont-sur-la-loire.jpg","keywords":["pont"],"articleSection":["Actualit\u00e9s","Divers","zz_Actualit\u00e9s - Atrium","zz_Atrium Patrimoine"],"inLanguage":"fr-FR"},{"@type":"WebPage","@id":"https:\/\/batijournal.com\/index.php\/programme-national-ponts-travaux\/109263\/","url":"https:\/\/batijournal.com\/index.php\/programme-national-ponts-travaux\/109263\/","name":"Programme National Ponts Travaux","isPartOf":{"@id":"https:\/\/batijournal.com\/#website"},"primaryImageOfPage":{"@id":"https:\/\/batijournal.com\/index.php\/programme-national-ponts-travaux\/109263\/#primaryimage"},"image":{"@id":"https:\/\/batijournal.com\/index.php\/programme-national-ponts-travaux\/109263\/#primaryimage"},"thumbnailUrl":"https:\/\/batijournal.com\/wp-content\/uploads\/2021\/04\/pont-sur-la-loire.jpg","datePublished":"2023-09-20T16:27:08+00:00","author":{"@id":"https:\/\/batijournal.com\/#\/schema\/person\/1dc96ec6957aa1ccb25ebe78bb19f100"},"breadcrumb":{"@id":"https:\/\/batijournal.com\/index.php\/programme-national-ponts-travaux\/109263\/#breadcrumb"},"inLanguage":"fr-FR","potentialAction":[{"@type":"ReadAction","target":["https:\/\/batijournal.com\/index.php\/programme-national-ponts-travaux\/109263\/"]}]},{"@type":"ImageObject","inLanguage":"fr-FR","@id":"https:\/\/batijournal.com\/index.php\/programme-national-ponts-travaux\/109263\/#primaryimage","url":"https:\/\/batijournal.com\/wp-content\/uploads\/2021\/04\/pont-sur-la-loire.jpg","contentUrl":"https:\/\/batijournal.com\/wp-content\/uploads\/2021\/04\/pont-sur-la-loire.jpg","width":1000,"height":728},{"@type":"BreadcrumbList","@id":"https:\/\/batijournal.com\/index.php\/programme-national-ponts-travaux\/109263\/#breadcrumb","itemListElement":[{"@type":"ListItem","position":1,"name":"Accueil","item":"https:\/\/batijournal.com\/"},{"@type":"ListItem","position":2,"name":"Actualit\u00e9s","item":"https:\/\/batijournal.com\/index.php\/category\/actualites\/"},{"@type":"ListItem","position":3,"name":"Programme National Ponts Travaux"}]},{"@type":"WebSite","@id":"https:\/\/batijournal.com\/#website","url":"https:\/\/batijournal.com\/","name":"Batijournal","description":"L&#039;actualit\u00e9 du b\u00e2timent","potentialAction":[{"@type":"SearchAction","target":{"@type":"EntryPoint","urlTemplate":"https:\/\/batijournal.com\/?s={search_term_string}"},"query-input":{"@type":"PropertyValueSpecification","valueRequired":true,"valueName":"search_term_string"}}],"inLanguage":"fr-FR"},{"@type":"Person","@id":"https:\/\/batijournal.com\/#\/schema\/person\/1dc96ec6957aa1ccb25ebe78bb19f100","name":"St\u00e9phane Miget","image":{"@type":"ImageObject","inLanguage":"fr-FR","@id":"https:\/\/secure.gravatar.com\/avatar\/89915563d925342126b8ef0281b93d9d7fc337043e8df017f780908eb9644451?s=96&d=mm&r=g","url":"https:\/\/secure.gravatar.com\/avatar\/89915563d925342126b8ef0281b93d9d7fc337043e8df017f780908eb9644451?s=96&d=mm&r=g","contentUrl":"https:\/\/secure.gravatar.com\/avatar\/89915563d925342126b8ef0281b93d9d7fc337043e8df017f780908eb9644451?s=96&d=mm&r=g","caption":"St\u00e9phane Miget"},"url":"https:\/\/batijournal.com\/index.php\/author\/stephane\/"}]}},"_links":{"self":[{"href":"https:\/\/batijournal.com\/index.php\/wp-json\/wp\/v2\/posts\/109263","targetHints":{"allow":["GET"]}}],"collection":[{"href":"https:\/\/batijournal.com\/index.php\/wp-json\/wp\/v2\/posts"}],"about":[{"href":"https:\/\/batijournal.com\/index.php\/wp-json\/wp\/v2\/types\/post"}],"author":[{"embeddable":true,"href":"https:\/\/batijournal.com\/index.php\/wp-json\/wp\/v2\/users\/17"}],"replies":[{"embeddable":true,"href":"https:\/\/batijournal.com\/index.php\/wp-json\/wp\/v2\/comments?post=109263"}],"version-history":[{"count":0,"href":"https:\/\/batijournal.com\/index.php\/wp-json\/wp\/v2\/posts\/109263\/revisions"}],"wp:featuredmedia":[{"embeddable":true,"href":"https:\/\/batijournal.com\/index.php\/wp-json\/wp\/v2\/media\/105789"}],"wp:attachment":[{"href":"https:\/\/batijournal.com\/index.php\/wp-json\/wp\/v2\/media?parent=109263"}],"wp:term":[{"taxonomy":"category","embeddable":true,"href":"https:\/\/batijournal.com\/index.php\/wp-json\/wp\/v2\/categories?post=109263"},{"taxonomy":"post_tag","embeddable":true,"href":"https:\/\/batijournal.com\/index.php\/wp-json\/wp\/v2\/tags?post=109263"}],"curies":[{"name":"wp","href":"https:\/\/api.w.org\/{rel}","templated":true}]}}