{"id":109264,"date":"2023-09-20T18:37:23","date_gmt":"2023-09-20T16:37:23","guid":{"rendered":"https:\/\/batijournal.com\/?p=109264"},"modified":"2023-09-20T18:37:23","modified_gmt":"2023-09-20T16:37:23","slug":"des-annonces-du-president-de-la-republique-en-faveur-des-edifices-religieux","status":"publish","type":"post","link":"https:\/\/batijournal.com\/index.php\/des-annonces-du-president-de-la-republique-en-faveur-des-edifices-religieux\/109264\/","title":{"rendered":"Des annonces du Pr\u00e9sident de la R\u00e9publique en faveur des \u00e9difices religieux"},"content":{"rendered":"<p>Sur les quelque 50 000 \u00e9difices de cultes fran\u00e7ais, pr\u00e8s de 500 seraient en p\u00e9ril et 2500 dans un \u00e9tat pr\u00e9occupant. Dans l&rsquo;objectif de pr\u00e9server ce bien commun mais aussi de maintenir les savoir-faire et m\u00e9tiers d&rsquo;art li\u00e9s \u00e0 ces \u00e9difices, le Pr\u00e9sident de la R\u00e9publique a annonc\u00e9 des mesures qui seront port\u00e9es par le ministre de l&rsquo;Int\u00e9rieur et des Outre-mer et la ministre de la Culture, pour venir en aide aux propri\u00e9taires d&rsquo;\u00e9difices religieux :<br \/>\n&#8211; Lancement d\u2019une campagne de protection au titre des monuments historiques d&rsquo;\u00e9difices cultuels publics ou priv\u00e9s, en mettant l&rsquo;accent sur ceux situ\u00e9s dans les petites communes et construits aux XIXe et XXe si\u00e8cles. Cette protection rendra ces monuments \u00e9ligibles \u00e0 des subventions du minist\u00e8re de la Culture, qui prendra ainsi sa part dans le financement des travaux de restauration.<br \/>\n&#8211; Mobilisation par les Pr\u00e9fets des cr\u00e9dits de soutien \u00e0 l&rsquo;investissement local (notamment ceux de la dotation d&rsquo;\u00e9quipement des territoires ruraux et de la dotation de soutien \u00e0 l&rsquo;investissement local) en faveur de la r\u00e9novation du patrimoine religieux propri\u00e9t\u00e9 des collectivit\u00e9s dans les communes rurales.<br \/>\n&#8211; Lancement d\u2019une collecte nationale avec la Fondation du patrimoine, sur le mod\u00e8le de celle r\u00e9alis\u00e9e pour la restauration de la cath\u00e9drale Notre-Dame de Paris. S\u2019appuyant sur l\u2019attachement des Fran\u00e7ais au patrimoine religieux de leurs villages, cette collecte permettra de lever des dons pour financer les travaux de restauration et de s\u00e9curit\u00e9 incendie des \u00e9difices religieux des communes de moins de 10 000 habitants en m\u00e9tropole et moins de 20 000 en Outre-mer. Pour les dons jusqu&rsquo;\u00e0 1 000 euros par an, l&rsquo;\u00c9tat d\u00e9cide d&rsquo;accorder exceptionnellement une d\u00e9duction fiscale relev\u00e9e \u00e0 75% jusqu&rsquo;\u00e0 fin 2025.<br \/>\nEn r\u00e9ponse aux communes qui manquent de moyens mais parfois aussi de forces vives pour lancer les chantiers, 10% du montant de la collecte seront d\u00e9di\u00e9s au soutien aux \u00e9tudes et \u00e0 l&rsquo;ing\u00e9nierie. Et, dans le cadre du programme \u00ab Villages d&rsquo;avenir \u00bb, l&rsquo;Agence nationale de la coh\u00e9sion des territoires met des chefs de projets \u00e0 disposition des communes rurales pour les soutenir davantage dans la conduite de leurs projets.<br \/>\n<a href=\"http:\/\/www.fondation-patrimoine.org\/religieux\">www.fondation-patrimoine.org\/religieux<\/a><\/p>\n<p>&nbsp;<\/p>\n","protected":false},"excerpt":{"rendered":"<p>Sur les quelque 50 000 \u00e9difices de cultes fran\u00e7ais, pr\u00e8s de 500 seraient en p\u00e9ril et 2500 dans un \u00e9tat pr\u00e9occupant. Dans l&rsquo;objectif de pr\u00e9server ce bien commun mais aussi de maintenir les savoir-faire et m\u00e9tiers d&rsquo;art li\u00e9s \u00e0 ces \u00e9difices, le Pr\u00e9sident de la R\u00e9publique a annonc\u00e9 des mesures qui seront port\u00e9es par le [&hellip;]<\/p>\n","protected":false},"author":17,"featured_media":96514,"comment_status":"closed","ping_status":"closed","sticky":false,"template":"","format":"standard","meta":{"_et_pb_use_builder":"","_et_pb_old_content":"","_et_gb_content_width":"","footnotes":""},"categories":[10530,6362,10789,10785],"tags":[1548,13179,8395,12449],"class_list":["post-109264","post","type-post","status-publish","format-standard","has-post-thumbnail","hentry","category-actualites","category-services-equipements","category-publications-atrium","category-atrium","tag-eglise","tag-mosquee","tag-patrimoine-religieux","tag-synagogue"],"yoast_head":"<!-- This site is optimized with the Yoast SEO plugin v27.4 - https:\/\/yoast.com\/product\/yoast-seo-wordpress\/ -->\n<title>Des annonces du Pr\u00e9sident de la R\u00e9publique en faveur des \u00e9difices religieux<\/title>\n<meta name=\"robots\" content=\"index, follow, max-snippet:-1, max-image-preview:large, max-video-preview:-1\" \/>\n<link rel=\"canonical\" href=\"https:\/\/batijournal.com\/index.php\/des-annonces-du-president-de-la-republique-en-faveur-des-edifices-religieux\/109264\/\" \/>\n<meta property=\"og:locale\" content=\"fr_FR\" \/>\n<meta property=\"og:type\" content=\"article\" \/>\n<meta property=\"og:title\" content=\"Des annonces du Pr\u00e9sident de la R\u00e9publique en faveur des \u00e9difices religieux\" \/>\n<meta property=\"og:description\" content=\"Sur les quelque 50 000 \u00e9difices de cultes fran\u00e7ais, pr\u00e8s de 500 seraient en p\u00e9ril et 2500 dans un \u00e9tat pr\u00e9occupant. Dans l&rsquo;objectif de pr\u00e9server ce bien commun mais aussi de maintenir les savoir-faire et m\u00e9tiers d&rsquo;art li\u00e9s \u00e0 ces \u00e9difices, le Pr\u00e9sident de la R\u00e9publique a annonc\u00e9 des mesures qui seront port\u00e9es par le [&hellip;]\" \/>\n<meta property=\"og:url\" content=\"https:\/\/batijournal.com\/index.php\/des-annonces-du-president-de-la-republique-en-faveur-des-edifices-religieux\/109264\/\" \/>\n<meta property=\"og:site_name\" content=\"Batijournal\" \/>\n<meta property=\"article:published_time\" content=\"2023-09-20T16:37:23+00:00\" \/>\n<meta property=\"og:image\" content=\"https:\/\/batijournal.com\/wp-content\/uploads\/2017\/07\/echafaudage-eglise.jpg\" \/>\n\t<meta property=\"og:image:width\" content=\"1200\" \/>\n\t<meta property=\"og:image:height\" content=\"650\" \/>\n\t<meta property=\"og:image:type\" content=\"image\/jpeg\" \/>\n<meta name=\"author\" content=\"St\u00e9phane Miget\" \/>\n<meta name=\"twitter:card\" content=\"summary_large_image\" \/>\n<meta name=\"twitter:creator\" content=\"@bati_journal\" \/>\n<meta name=\"twitter:site\" content=\"@bati_journal\" \/>\n<meta name=\"twitter:label1\" content=\"\u00c9crit par\" \/>\n\t<meta name=\"twitter:data1\" content=\"St\u00e9phane Miget\" \/>\n\t<meta name=\"twitter:label2\" content=\"Dur\u00e9e de lecture estim\u00e9e\" \/>\n\t<meta name=\"twitter:data2\" content=\"2 minutes\" \/>\n<script type=\"application\/ld+json\" class=\"yoast-schema-graph\">{\"@context\":\"https:\\\/\\\/schema.org\",\"@graph\":[{\"@type\":\"Article\",\"@id\":\"https:\\\/\\\/batijournal.com\\\/index.php\\\/des-annonces-du-president-de-la-republique-en-faveur-des-edifices-religieux\\\/109264\\\/#article\",\"isPartOf\":{\"@id\":\"https:\\\/\\\/batijournal.com\\\/index.php\\\/des-annonces-du-president-de-la-republique-en-faveur-des-edifices-religieux\\\/109264\\\/\"},\"author\":{\"name\":\"St\u00e9phane Miget\",\"@id\":\"https:\\\/\\\/batijournal.com\\\/#\\\/schema\\\/person\\\/1dc96ec6957aa1ccb25ebe78bb19f100\"},\"headline\":\"Des annonces du Pr\u00e9sident de la R\u00e9publique en faveur des \u00e9difices religieux\",\"datePublished\":\"2023-09-20T16:37:23+00:00\",\"mainEntityOfPage\":{\"@id\":\"https:\\\/\\\/batijournal.com\\\/index.php\\\/des-annonces-du-president-de-la-republique-en-faveur-des-edifices-religieux\\\/109264\\\/\"},\"wordCount\":395,\"image\":{\"@id\":\"https:\\\/\\\/batijournal.com\\\/index.php\\\/des-annonces-du-president-de-la-republique-en-faveur-des-edifices-religieux\\\/109264\\\/#primaryimage\"},\"thumbnailUrl\":\"https:\\\/\\\/batijournal.com\\\/wp-content\\\/uploads\\\/2017\\\/07\\\/echafaudage-eglise.jpg\",\"keywords\":[\"\u00e9glise\",\"mosqu\u00e9e\",\"patrimoine religieux\",\"synagogue\"],\"articleSection\":[\"Actualit\u00e9s\",\"Divers\",\"zz_Actualit\u00e9s - Atrium\",\"zz_Atrium Patrimoine\"],\"inLanguage\":\"fr-FR\"},{\"@type\":\"WebPage\",\"@id\":\"https:\\\/\\\/batijournal.com\\\/index.php\\\/des-annonces-du-president-de-la-republique-en-faveur-des-edifices-religieux\\\/109264\\\/\",\"url\":\"https:\\\/\\\/batijournal.com\\\/index.php\\\/des-annonces-du-president-de-la-republique-en-faveur-des-edifices-religieux\\\/109264\\\/\",\"name\":\"Des annonces du Pr\u00e9sident de la R\u00e9publique en faveur des \u00e9difices religieux\",\"isPartOf\":{\"@id\":\"https:\\\/\\\/batijournal.com\\\/#website\"},\"primaryImageOfPage\":{\"@id\":\"https:\\\/\\\/batijournal.com\\\/index.php\\\/des-annonces-du-president-de-la-republique-en-faveur-des-edifices-religieux\\\/109264\\\/#primaryimage\"},\"image\":{\"@id\":\"https:\\\/\\\/batijournal.com\\\/index.php\\\/des-annonces-du-president-de-la-republique-en-faveur-des-edifices-religieux\\\/109264\\\/#primaryimage\"},\"thumbnailUrl\":\"https:\\\/\\\/batijournal.com\\\/wp-content\\\/uploads\\\/2017\\\/07\\\/echafaudage-eglise.jpg\",\"datePublished\":\"2023-09-20T16:37:23+00:00\",\"author\":{\"@id\":\"https:\\\/\\\/batijournal.com\\\/#\\\/schema\\\/person\\\/1dc96ec6957aa1ccb25ebe78bb19f100\"},\"breadcrumb\":{\"@id\":\"https:\\\/\\\/batijournal.com\\\/index.php\\\/des-annonces-du-president-de-la-republique-en-faveur-des-edifices-religieux\\\/109264\\\/#breadcrumb\"},\"inLanguage\":\"fr-FR\",\"potentialAction\":[{\"@type\":\"ReadAction\",\"target\":[\"https:\\\/\\\/batijournal.com\\\/index.php\\\/des-annonces-du-president-de-la-republique-en-faveur-des-edifices-religieux\\\/109264\\\/\"]}]},{\"@type\":\"ImageObject\",\"inLanguage\":\"fr-FR\",\"@id\":\"https:\\\/\\\/batijournal.com\\\/index.php\\\/des-annonces-du-president-de-la-republique-en-faveur-des-edifices-religieux\\\/109264\\\/#primaryimage\",\"url\":\"https:\\\/\\\/batijournal.com\\\/wp-content\\\/uploads\\\/2017\\\/07\\\/echafaudage-eglise.jpg\",\"contentUrl\":\"https:\\\/\\\/batijournal.com\\\/wp-content\\\/uploads\\\/2017\\\/07\\\/echafaudage-eglise.jpg\",\"width\":1200,\"height\":650},{\"@type\":\"BreadcrumbList\",\"@id\":\"https:\\\/\\\/batijournal.com\\\/index.php\\\/des-annonces-du-president-de-la-republique-en-faveur-des-edifices-religieux\\\/109264\\\/#breadcrumb\",\"itemListElement\":[{\"@type\":\"ListItem\",\"position\":1,\"name\":\"Accueil\",\"item\":\"https:\\\/\\\/batijournal.com\\\/\"},{\"@type\":\"ListItem\",\"position\":2,\"name\":\"Actualit\u00e9s\",\"item\":\"https:\\\/\\\/batijournal.com\\\/index.php\\\/category\\\/actualites\\\/\"},{\"@type\":\"ListItem\",\"position\":3,\"name\":\"Des annonces du Pr\u00e9sident de la R\u00e9publique en faveur des \u00e9difices religieux\"}]},{\"@type\":\"WebSite\",\"@id\":\"https:\\\/\\\/batijournal.com\\\/#website\",\"url\":\"https:\\\/\\\/batijournal.com\\\/\",\"name\":\"Batijournal\",\"description\":\"L&#039;actualit\u00e9 du b\u00e2timent\",\"potentialAction\":[{\"@type\":\"SearchAction\",\"target\":{\"@type\":\"EntryPoint\",\"urlTemplate\":\"https:\\\/\\\/batijournal.com\\\/?s={search_term_string}\"},\"query-input\":{\"@type\":\"PropertyValueSpecification\",\"valueRequired\":true,\"valueName\":\"search_term_string\"}}],\"inLanguage\":\"fr-FR\"},{\"@type\":\"Person\",\"@id\":\"https:\\\/\\\/batijournal.com\\\/#\\\/schema\\\/person\\\/1dc96ec6957aa1ccb25ebe78bb19f100\",\"name\":\"St\u00e9phane Miget\",\"image\":{\"@type\":\"ImageObject\",\"inLanguage\":\"fr-FR\",\"@id\":\"https:\\\/\\\/secure.gravatar.com\\\/avatar\\\/89915563d925342126b8ef0281b93d9d7fc337043e8df017f780908eb9644451?s=96&d=mm&r=g\",\"url\":\"https:\\\/\\\/secure.gravatar.com\\\/avatar\\\/89915563d925342126b8ef0281b93d9d7fc337043e8df017f780908eb9644451?s=96&d=mm&r=g\",\"contentUrl\":\"https:\\\/\\\/secure.gravatar.com\\\/avatar\\\/89915563d925342126b8ef0281b93d9d7fc337043e8df017f780908eb9644451?s=96&d=mm&r=g\",\"caption\":\"St\u00e9phane Miget\"},\"url\":\"https:\\\/\\\/batijournal.com\\\/index.php\\\/author\\\/stephane\\\/\"}]}<\/script>\n<!-- \/ Yoast SEO plugin. -->","yoast_head_json":{"title":"Des annonces du Pr\u00e9sident de la R\u00e9publique en faveur des \u00e9difices religieux","robots":{"index":"index","follow":"follow","max-snippet":"max-snippet:-1","max-image-preview":"max-image-preview:large","max-video-preview":"max-video-preview:-1"},"canonical":"https:\/\/batijournal.com\/index.php\/des-annonces-du-president-de-la-republique-en-faveur-des-edifices-religieux\/109264\/","og_locale":"fr_FR","og_type":"article","og_title":"Des annonces du Pr\u00e9sident de la R\u00e9publique en faveur des \u00e9difices religieux","og_description":"Sur les quelque 50 000 \u00e9difices de cultes fran\u00e7ais, pr\u00e8s de 500 seraient en p\u00e9ril et 2500 dans un \u00e9tat pr\u00e9occupant. Dans l&rsquo;objectif de pr\u00e9server ce bien commun mais aussi de maintenir les savoir-faire et m\u00e9tiers d&rsquo;art li\u00e9s \u00e0 ces \u00e9difices, le Pr\u00e9sident de la R\u00e9publique a annonc\u00e9 des mesures qui seront port\u00e9es par le [&hellip;]","og_url":"https:\/\/batijournal.com\/index.php\/des-annonces-du-president-de-la-republique-en-faveur-des-edifices-religieux\/109264\/","og_site_name":"Batijournal","article_published_time":"2023-09-20T16:37:23+00:00","og_image":[{"width":1200,"height":650,"url":"https:\/\/batijournal.com\/wp-content\/uploads\/2017\/07\/echafaudage-eglise.jpg","type":"image\/jpeg"}],"author":"St\u00e9phane Miget","twitter_card":"summary_large_image","twitter_creator":"@bati_journal","twitter_site":"@bati_journal","twitter_misc":{"\u00c9crit par":"St\u00e9phane Miget","Dur\u00e9e de lecture estim\u00e9e":"2 minutes"},"schema":{"@context":"https:\/\/schema.org","@graph":[{"@type":"Article","@id":"https:\/\/batijournal.com\/index.php\/des-annonces-du-president-de-la-republique-en-faveur-des-edifices-religieux\/109264\/#article","isPartOf":{"@id":"https:\/\/batijournal.com\/index.php\/des-annonces-du-president-de-la-republique-en-faveur-des-edifices-religieux\/109264\/"},"author":{"name":"St\u00e9phane Miget","@id":"https:\/\/batijournal.com\/#\/schema\/person\/1dc96ec6957aa1ccb25ebe78bb19f100"},"headline":"Des annonces du Pr\u00e9sident de la R\u00e9publique en faveur des \u00e9difices religieux","datePublished":"2023-09-20T16:37:23+00:00","mainEntityOfPage":{"@id":"https:\/\/batijournal.com\/index.php\/des-annonces-du-president-de-la-republique-en-faveur-des-edifices-religieux\/109264\/"},"wordCount":395,"image":{"@id":"https:\/\/batijournal.com\/index.php\/des-annonces-du-president-de-la-republique-en-faveur-des-edifices-religieux\/109264\/#primaryimage"},"thumbnailUrl":"https:\/\/batijournal.com\/wp-content\/uploads\/2017\/07\/echafaudage-eglise.jpg","keywords":["\u00e9glise","mosqu\u00e9e","patrimoine religieux","synagogue"],"articleSection":["Actualit\u00e9s","Divers","zz_Actualit\u00e9s - Atrium","zz_Atrium Patrimoine"],"inLanguage":"fr-FR"},{"@type":"WebPage","@id":"https:\/\/batijournal.com\/index.php\/des-annonces-du-president-de-la-republique-en-faveur-des-edifices-religieux\/109264\/","url":"https:\/\/batijournal.com\/index.php\/des-annonces-du-president-de-la-republique-en-faveur-des-edifices-religieux\/109264\/","name":"Des annonces du Pr\u00e9sident de la R\u00e9publique en faveur des \u00e9difices religieux","isPartOf":{"@id":"https:\/\/batijournal.com\/#website"},"primaryImageOfPage":{"@id":"https:\/\/batijournal.com\/index.php\/des-annonces-du-president-de-la-republique-en-faveur-des-edifices-religieux\/109264\/#primaryimage"},"image":{"@id":"https:\/\/batijournal.com\/index.php\/des-annonces-du-president-de-la-republique-en-faveur-des-edifices-religieux\/109264\/#primaryimage"},"thumbnailUrl":"https:\/\/batijournal.com\/wp-content\/uploads\/2017\/07\/echafaudage-eglise.jpg","datePublished":"2023-09-20T16:37:23+00:00","author":{"@id":"https:\/\/batijournal.com\/#\/schema\/person\/1dc96ec6957aa1ccb25ebe78bb19f100"},"breadcrumb":{"@id":"https:\/\/batijournal.com\/index.php\/des-annonces-du-president-de-la-republique-en-faveur-des-edifices-religieux\/109264\/#breadcrumb"},"inLanguage":"fr-FR","potentialAction":[{"@type":"ReadAction","target":["https:\/\/batijournal.com\/index.php\/des-annonces-du-president-de-la-republique-en-faveur-des-edifices-religieux\/109264\/"]}]},{"@type":"ImageObject","inLanguage":"fr-FR","@id":"https:\/\/batijournal.com\/index.php\/des-annonces-du-president-de-la-republique-en-faveur-des-edifices-religieux\/109264\/#primaryimage","url":"https:\/\/batijournal.com\/wp-content\/uploads\/2017\/07\/echafaudage-eglise.jpg","contentUrl":"https:\/\/batijournal.com\/wp-content\/uploads\/2017\/07\/echafaudage-eglise.jpg","width":1200,"height":650},{"@type":"BreadcrumbList","@id":"https:\/\/batijournal.com\/index.php\/des-annonces-du-president-de-la-republique-en-faveur-des-edifices-religieux\/109264\/#breadcrumb","itemListElement":[{"@type":"ListItem","position":1,"name":"Accueil","item":"https:\/\/batijournal.com\/"},{"@type":"ListItem","position":2,"name":"Actualit\u00e9s","item":"https:\/\/batijournal.com\/index.php\/category\/actualites\/"},{"@type":"ListItem","position":3,"name":"Des annonces du Pr\u00e9sident de la R\u00e9publique en faveur des \u00e9difices religieux"}]},{"@type":"WebSite","@id":"https:\/\/batijournal.com\/#website","url":"https:\/\/batijournal.com\/","name":"Batijournal","description":"L&#039;actualit\u00e9 du b\u00e2timent","potentialAction":[{"@type":"SearchAction","target":{"@type":"EntryPoint","urlTemplate":"https:\/\/batijournal.com\/?s={search_term_string}"},"query-input":{"@type":"PropertyValueSpecification","valueRequired":true,"valueName":"search_term_string"}}],"inLanguage":"fr-FR"},{"@type":"Person","@id":"https:\/\/batijournal.com\/#\/schema\/person\/1dc96ec6957aa1ccb25ebe78bb19f100","name":"St\u00e9phane Miget","image":{"@type":"ImageObject","inLanguage":"fr-FR","@id":"https:\/\/secure.gravatar.com\/avatar\/89915563d925342126b8ef0281b93d9d7fc337043e8df017f780908eb9644451?s=96&d=mm&r=g","url":"https:\/\/secure.gravatar.com\/avatar\/89915563d925342126b8ef0281b93d9d7fc337043e8df017f780908eb9644451?s=96&d=mm&r=g","contentUrl":"https:\/\/secure.gravatar.com\/avatar\/89915563d925342126b8ef0281b93d9d7fc337043e8df017f780908eb9644451?s=96&d=mm&r=g","caption":"St\u00e9phane Miget"},"url":"https:\/\/batijournal.com\/index.php\/author\/stephane\/"}]}},"_links":{"self":[{"href":"https:\/\/batijournal.com\/index.php\/wp-json\/wp\/v2\/posts\/109264","targetHints":{"allow":["GET"]}}],"collection":[{"href":"https:\/\/batijournal.com\/index.php\/wp-json\/wp\/v2\/posts"}],"about":[{"href":"https:\/\/batijournal.com\/index.php\/wp-json\/wp\/v2\/types\/post"}],"author":[{"embeddable":true,"href":"https:\/\/batijournal.com\/index.php\/wp-json\/wp\/v2\/users\/17"}],"replies":[{"embeddable":true,"href":"https:\/\/batijournal.com\/index.php\/wp-json\/wp\/v2\/comments?post=109264"}],"version-history":[{"count":0,"href":"https:\/\/batijournal.com\/index.php\/wp-json\/wp\/v2\/posts\/109264\/revisions"}],"wp:featuredmedia":[{"embeddable":true,"href":"https:\/\/batijournal.com\/index.php\/wp-json\/wp\/v2\/media\/96514"}],"wp:attachment":[{"href":"https:\/\/batijournal.com\/index.php\/wp-json\/wp\/v2\/media?parent=109264"}],"wp:term":[{"taxonomy":"category","embeddable":true,"href":"https:\/\/batijournal.com\/index.php\/wp-json\/wp\/v2\/categories?post=109264"},{"taxonomy":"post_tag","embeddable":true,"href":"https:\/\/batijournal.com\/index.php\/wp-json\/wp\/v2\/tags?post=109264"}],"curies":[{"name":"wp","href":"https:\/\/api.w.org\/{rel}","templated":true}]}}