{"id":109270,"date":"2023-09-22T09:36:15","date_gmt":"2023-09-22T07:36:15","guid":{"rendered":"https:\/\/batijournal.com\/?p=109270"},"modified":"2023-09-22T09:36:15","modified_gmt":"2023-09-22T07:36:15","slug":"tim-composites-un-industriel-en-mouvement","status":"publish","type":"post","link":"https:\/\/batijournal.com\/index.php\/tim-composites-un-industriel-en-mouvement\/109270\/","title":{"rendered":"TIM Composites, un industriel en mouvement"},"content":{"rendered":"<p>Dot\u00e9 d\u2019un savoir-faire de plus de 25 ans, TIM Composites fa\u00e7onne les panneaux en aluminium composite pour habiller les architectures les plus audacieuses. En 2020, l\u2019entreprise a ajout\u00e9 une nouvelle corde \u00e0 son arc : l\u2019aluminium massif gr\u00e2ce \u00e0 sa fusion avec l\u2019entreprise SAB FCB situ\u00e9e \u00e0 Sainte-Luce-sur-Loire. Industriel en mouvement, depuis janvier 2023, la soci\u00e9t\u00e9 s\u2019est agrandit en passant de 3 500m\u00b2 \u00e0 6 000 m\u00b2. Elle a pu ainsi augmenter sa capacit\u00e9 industrielle et r\u00e9organiser les flux de production afin de gagner en productivit\u00e9. Chaque ann\u00e9e, entre 500 000\u20ac et 1 million d\u2019euros sont d\u00e9di\u00e9s au renouvellement de ses outils de production. L\u2019ann\u00e9e derni\u00e8re, TIM Composites a entre autres fait l\u2019acquisition d\u2019un nouveau centre d\u2019usinage \u00e0 profils permettant \u00e0 l\u2019entreprise d\u2019\u00eatre totalement autonome et plus r\u00e9active sur son activit\u00e9 de serrurerie.<\/p>\n","protected":false},"excerpt":{"rendered":"<p>Dot\u00e9 d\u2019un savoir-faire de plus de 25 ans, TIM Composites fa\u00e7onne les panneaux en aluminium composite pour habiller les architectures les plus audacieuses. En 2020, l\u2019entreprise a ajout\u00e9 une nouvelle corde \u00e0 son arc : l\u2019aluminium massif gr\u00e2ce \u00e0 sa fusion avec l\u2019entreprise SAB FCB situ\u00e9e \u00e0 Sainte-Luce-sur-Loire. Industriel en mouvement, depuis janvier 2023, la [&hellip;]<\/p>\n","protected":false},"author":17,"featured_media":109271,"comment_status":"closed","ping_status":"closed","sticky":false,"template":"","format":"standard","meta":{"_et_pb_use_builder":"","_et_pb_old_content":"","_et_gb_content_width":"","footnotes":""},"categories":[10530,6345,10771,10775],"tags":[12885,3705],"class_list":["post-109270","post","type-post","status-publish","format-standard","has-post-thumbnail","hentry","category-actualites","category-economie-marches","category-5facades","category-actualites-5facades","tag-bardage","tag-menuiseries-aluminium"],"yoast_head":"<!-- This site is optimized with the Yoast SEO plugin v27.4 - https:\/\/yoast.com\/product\/yoast-seo-wordpress\/ -->\n<title>TIM Composites, un industriel en mouvement<\/title>\n<meta name=\"robots\" content=\"index, follow, max-snippet:-1, max-image-preview:large, max-video-preview:-1\" \/>\n<link rel=\"canonical\" href=\"https:\/\/batijournal.com\/index.php\/tim-composites-un-industriel-en-mouvement\/109270\/\" \/>\n<meta property=\"og:locale\" content=\"fr_FR\" \/>\n<meta property=\"og:type\" content=\"article\" \/>\n<meta property=\"og:title\" content=\"TIM Composites, un industriel en mouvement\" \/>\n<meta property=\"og:description\" content=\"Dot\u00e9 d\u2019un savoir-faire de plus de 25 ans, TIM Composites fa\u00e7onne les panneaux en aluminium composite pour habiller les architectures les plus audacieuses. En 2020, l\u2019entreprise a ajout\u00e9 une nouvelle corde \u00e0 son arc : l\u2019aluminium massif gr\u00e2ce \u00e0 sa fusion avec l\u2019entreprise SAB FCB situ\u00e9e \u00e0 Sainte-Luce-sur-Loire. Industriel en mouvement, depuis janvier 2023, la [&hellip;]\" \/>\n<meta property=\"og:url\" content=\"https:\/\/batijournal.com\/index.php\/tim-composites-un-industriel-en-mouvement\/109270\/\" \/>\n<meta property=\"og:site_name\" content=\"Batijournal\" \/>\n<meta property=\"article:published_time\" content=\"2023-09-22T07:36:15+00:00\" \/>\n<meta property=\"og:image\" content=\"https:\/\/batijournal.com\/wp-content\/uploads\/2023\/09\/tim-composites.jpg\" \/>\n\t<meta property=\"og:image:width\" content=\"440\" \/>\n\t<meta property=\"og:image:height\" content=\"293\" \/>\n\t<meta property=\"og:image:type\" content=\"image\/jpeg\" \/>\n<meta name=\"author\" content=\"St\u00e9phane Miget\" \/>\n<meta name=\"twitter:card\" content=\"summary_large_image\" \/>\n<meta name=\"twitter:creator\" content=\"@bati_journal\" \/>\n<meta name=\"twitter:site\" content=\"@bati_journal\" \/>\n<meta name=\"twitter:label1\" content=\"\u00c9crit par\" \/>\n\t<meta name=\"twitter:data1\" content=\"St\u00e9phane Miget\" \/>\n\t<meta name=\"twitter:label2\" content=\"Dur\u00e9e de lecture estim\u00e9e\" \/>\n\t<meta name=\"twitter:data2\" content=\"1 minute\" \/>\n<script type=\"application\/ld+json\" class=\"yoast-schema-graph\">{\"@context\":\"https:\\\/\\\/schema.org\",\"@graph\":[{\"@type\":\"Article\",\"@id\":\"https:\\\/\\\/batijournal.com\\\/index.php\\\/tim-composites-un-industriel-en-mouvement\\\/109270\\\/#article\",\"isPartOf\":{\"@id\":\"https:\\\/\\\/batijournal.com\\\/index.php\\\/tim-composites-un-industriel-en-mouvement\\\/109270\\\/\"},\"author\":{\"name\":\"St\u00e9phane Miget\",\"@id\":\"https:\\\/\\\/batijournal.com\\\/#\\\/schema\\\/person\\\/1dc96ec6957aa1ccb25ebe78bb19f100\"},\"headline\":\"TIM Composites, un industriel en mouvement\",\"datePublished\":\"2023-09-22T07:36:15+00:00\",\"mainEntityOfPage\":{\"@id\":\"https:\\\/\\\/batijournal.com\\\/index.php\\\/tim-composites-un-industriel-en-mouvement\\\/109270\\\/\"},\"wordCount\":146,\"image\":{\"@id\":\"https:\\\/\\\/batijournal.com\\\/index.php\\\/tim-composites-un-industriel-en-mouvement\\\/109270\\\/#primaryimage\"},\"thumbnailUrl\":\"https:\\\/\\\/batijournal.com\\\/wp-content\\\/uploads\\\/2023\\\/09\\\/tim-composites.jpg\",\"keywords\":[\"bardage\",\"menuiseries aluminium\"],\"articleSection\":[\"Actualit\u00e9s\",\"\u00c9conomie &amp; March\u00e9s\",\"zz_5fa\u00e7ades\",\"zz_Actualit\u00e9s - 5fa\u00e7ades\"],\"inLanguage\":\"fr-FR\"},{\"@type\":\"WebPage\",\"@id\":\"https:\\\/\\\/batijournal.com\\\/index.php\\\/tim-composites-un-industriel-en-mouvement\\\/109270\\\/\",\"url\":\"https:\\\/\\\/batijournal.com\\\/index.php\\\/tim-composites-un-industriel-en-mouvement\\\/109270\\\/\",\"name\":\"TIM Composites, un industriel en mouvement\",\"isPartOf\":{\"@id\":\"https:\\\/\\\/batijournal.com\\\/#website\"},\"primaryImageOfPage\":{\"@id\":\"https:\\\/\\\/batijournal.com\\\/index.php\\\/tim-composites-un-industriel-en-mouvement\\\/109270\\\/#primaryimage\"},\"image\":{\"@id\":\"https:\\\/\\\/batijournal.com\\\/index.php\\\/tim-composites-un-industriel-en-mouvement\\\/109270\\\/#primaryimage\"},\"thumbnailUrl\":\"https:\\\/\\\/batijournal.com\\\/wp-content\\\/uploads\\\/2023\\\/09\\\/tim-composites.jpg\",\"datePublished\":\"2023-09-22T07:36:15+00:00\",\"author\":{\"@id\":\"https:\\\/\\\/batijournal.com\\\/#\\\/schema\\\/person\\\/1dc96ec6957aa1ccb25ebe78bb19f100\"},\"breadcrumb\":{\"@id\":\"https:\\\/\\\/batijournal.com\\\/index.php\\\/tim-composites-un-industriel-en-mouvement\\\/109270\\\/#breadcrumb\"},\"inLanguage\":\"fr-FR\",\"potentialAction\":[{\"@type\":\"ReadAction\",\"target\":[\"https:\\\/\\\/batijournal.com\\\/index.php\\\/tim-composites-un-industriel-en-mouvement\\\/109270\\\/\"]}]},{\"@type\":\"ImageObject\",\"inLanguage\":\"fr-FR\",\"@id\":\"https:\\\/\\\/batijournal.com\\\/index.php\\\/tim-composites-un-industriel-en-mouvement\\\/109270\\\/#primaryimage\",\"url\":\"https:\\\/\\\/batijournal.com\\\/wp-content\\\/uploads\\\/2023\\\/09\\\/tim-composites.jpg\",\"contentUrl\":\"https:\\\/\\\/batijournal.com\\\/wp-content\\\/uploads\\\/2023\\\/09\\\/tim-composites.jpg\",\"width\":440,\"height\":293},{\"@type\":\"BreadcrumbList\",\"@id\":\"https:\\\/\\\/batijournal.com\\\/index.php\\\/tim-composites-un-industriel-en-mouvement\\\/109270\\\/#breadcrumb\",\"itemListElement\":[{\"@type\":\"ListItem\",\"position\":1,\"name\":\"Accueil\",\"item\":\"https:\\\/\\\/batijournal.com\\\/\"},{\"@type\":\"ListItem\",\"position\":2,\"name\":\"Actualit\u00e9s\",\"item\":\"https:\\\/\\\/batijournal.com\\\/index.php\\\/category\\\/actualites\\\/\"},{\"@type\":\"ListItem\",\"position\":3,\"name\":\"TIM Composites, un industriel en mouvement\"}]},{\"@type\":\"WebSite\",\"@id\":\"https:\\\/\\\/batijournal.com\\\/#website\",\"url\":\"https:\\\/\\\/batijournal.com\\\/\",\"name\":\"Batijournal\",\"description\":\"L&#039;actualit\u00e9 du b\u00e2timent\",\"potentialAction\":[{\"@type\":\"SearchAction\",\"target\":{\"@type\":\"EntryPoint\",\"urlTemplate\":\"https:\\\/\\\/batijournal.com\\\/?s={search_term_string}\"},\"query-input\":{\"@type\":\"PropertyValueSpecification\",\"valueRequired\":true,\"valueName\":\"search_term_string\"}}],\"inLanguage\":\"fr-FR\"},{\"@type\":\"Person\",\"@id\":\"https:\\\/\\\/batijournal.com\\\/#\\\/schema\\\/person\\\/1dc96ec6957aa1ccb25ebe78bb19f100\",\"name\":\"St\u00e9phane Miget\",\"image\":{\"@type\":\"ImageObject\",\"inLanguage\":\"fr-FR\",\"@id\":\"https:\\\/\\\/secure.gravatar.com\\\/avatar\\\/89915563d925342126b8ef0281b93d9d7fc337043e8df017f780908eb9644451?s=96&d=mm&r=g\",\"url\":\"https:\\\/\\\/secure.gravatar.com\\\/avatar\\\/89915563d925342126b8ef0281b93d9d7fc337043e8df017f780908eb9644451?s=96&d=mm&r=g\",\"contentUrl\":\"https:\\\/\\\/secure.gravatar.com\\\/avatar\\\/89915563d925342126b8ef0281b93d9d7fc337043e8df017f780908eb9644451?s=96&d=mm&r=g\",\"caption\":\"St\u00e9phane Miget\"},\"url\":\"https:\\\/\\\/batijournal.com\\\/index.php\\\/author\\\/stephane\\\/\"}]}<\/script>\n<!-- \/ Yoast SEO plugin. -->","yoast_head_json":{"title":"TIM Composites, un industriel en mouvement","robots":{"index":"index","follow":"follow","max-snippet":"max-snippet:-1","max-image-preview":"max-image-preview:large","max-video-preview":"max-video-preview:-1"},"canonical":"https:\/\/batijournal.com\/index.php\/tim-composites-un-industriel-en-mouvement\/109270\/","og_locale":"fr_FR","og_type":"article","og_title":"TIM Composites, un industriel en mouvement","og_description":"Dot\u00e9 d\u2019un savoir-faire de plus de 25 ans, TIM Composites fa\u00e7onne les panneaux en aluminium composite pour habiller les architectures les plus audacieuses. En 2020, l\u2019entreprise a ajout\u00e9 une nouvelle corde \u00e0 son arc : l\u2019aluminium massif gr\u00e2ce \u00e0 sa fusion avec l\u2019entreprise SAB FCB situ\u00e9e \u00e0 Sainte-Luce-sur-Loire. Industriel en mouvement, depuis janvier 2023, la [&hellip;]","og_url":"https:\/\/batijournal.com\/index.php\/tim-composites-un-industriel-en-mouvement\/109270\/","og_site_name":"Batijournal","article_published_time":"2023-09-22T07:36:15+00:00","og_image":[{"width":440,"height":293,"url":"https:\/\/batijournal.com\/wp-content\/uploads\/2023\/09\/tim-composites.jpg","type":"image\/jpeg"}],"author":"St\u00e9phane Miget","twitter_card":"summary_large_image","twitter_creator":"@bati_journal","twitter_site":"@bati_journal","twitter_misc":{"\u00c9crit par":"St\u00e9phane Miget","Dur\u00e9e de lecture estim\u00e9e":"1 minute"},"schema":{"@context":"https:\/\/schema.org","@graph":[{"@type":"Article","@id":"https:\/\/batijournal.com\/index.php\/tim-composites-un-industriel-en-mouvement\/109270\/#article","isPartOf":{"@id":"https:\/\/batijournal.com\/index.php\/tim-composites-un-industriel-en-mouvement\/109270\/"},"author":{"name":"St\u00e9phane Miget","@id":"https:\/\/batijournal.com\/#\/schema\/person\/1dc96ec6957aa1ccb25ebe78bb19f100"},"headline":"TIM Composites, un industriel en mouvement","datePublished":"2023-09-22T07:36:15+00:00","mainEntityOfPage":{"@id":"https:\/\/batijournal.com\/index.php\/tim-composites-un-industriel-en-mouvement\/109270\/"},"wordCount":146,"image":{"@id":"https:\/\/batijournal.com\/index.php\/tim-composites-un-industriel-en-mouvement\/109270\/#primaryimage"},"thumbnailUrl":"https:\/\/batijournal.com\/wp-content\/uploads\/2023\/09\/tim-composites.jpg","keywords":["bardage","menuiseries aluminium"],"articleSection":["Actualit\u00e9s","\u00c9conomie &amp; March\u00e9s","zz_5fa\u00e7ades","zz_Actualit\u00e9s - 5fa\u00e7ades"],"inLanguage":"fr-FR"},{"@type":"WebPage","@id":"https:\/\/batijournal.com\/index.php\/tim-composites-un-industriel-en-mouvement\/109270\/","url":"https:\/\/batijournal.com\/index.php\/tim-composites-un-industriel-en-mouvement\/109270\/","name":"TIM Composites, un industriel en mouvement","isPartOf":{"@id":"https:\/\/batijournal.com\/#website"},"primaryImageOfPage":{"@id":"https:\/\/batijournal.com\/index.php\/tim-composites-un-industriel-en-mouvement\/109270\/#primaryimage"},"image":{"@id":"https:\/\/batijournal.com\/index.php\/tim-composites-un-industriel-en-mouvement\/109270\/#primaryimage"},"thumbnailUrl":"https:\/\/batijournal.com\/wp-content\/uploads\/2023\/09\/tim-composites.jpg","datePublished":"2023-09-22T07:36:15+00:00","author":{"@id":"https:\/\/batijournal.com\/#\/schema\/person\/1dc96ec6957aa1ccb25ebe78bb19f100"},"breadcrumb":{"@id":"https:\/\/batijournal.com\/index.php\/tim-composites-un-industriel-en-mouvement\/109270\/#breadcrumb"},"inLanguage":"fr-FR","potentialAction":[{"@type":"ReadAction","target":["https:\/\/batijournal.com\/index.php\/tim-composites-un-industriel-en-mouvement\/109270\/"]}]},{"@type":"ImageObject","inLanguage":"fr-FR","@id":"https:\/\/batijournal.com\/index.php\/tim-composites-un-industriel-en-mouvement\/109270\/#primaryimage","url":"https:\/\/batijournal.com\/wp-content\/uploads\/2023\/09\/tim-composites.jpg","contentUrl":"https:\/\/batijournal.com\/wp-content\/uploads\/2023\/09\/tim-composites.jpg","width":440,"height":293},{"@type":"BreadcrumbList","@id":"https:\/\/batijournal.com\/index.php\/tim-composites-un-industriel-en-mouvement\/109270\/#breadcrumb","itemListElement":[{"@type":"ListItem","position":1,"name":"Accueil","item":"https:\/\/batijournal.com\/"},{"@type":"ListItem","position":2,"name":"Actualit\u00e9s","item":"https:\/\/batijournal.com\/index.php\/category\/actualites\/"},{"@type":"ListItem","position":3,"name":"TIM Composites, un industriel en mouvement"}]},{"@type":"WebSite","@id":"https:\/\/batijournal.com\/#website","url":"https:\/\/batijournal.com\/","name":"Batijournal","description":"L&#039;actualit\u00e9 du b\u00e2timent","potentialAction":[{"@type":"SearchAction","target":{"@type":"EntryPoint","urlTemplate":"https:\/\/batijournal.com\/?s={search_term_string}"},"query-input":{"@type":"PropertyValueSpecification","valueRequired":true,"valueName":"search_term_string"}}],"inLanguage":"fr-FR"},{"@type":"Person","@id":"https:\/\/batijournal.com\/#\/schema\/person\/1dc96ec6957aa1ccb25ebe78bb19f100","name":"St\u00e9phane Miget","image":{"@type":"ImageObject","inLanguage":"fr-FR","@id":"https:\/\/secure.gravatar.com\/avatar\/89915563d925342126b8ef0281b93d9d7fc337043e8df017f780908eb9644451?s=96&d=mm&r=g","url":"https:\/\/secure.gravatar.com\/avatar\/89915563d925342126b8ef0281b93d9d7fc337043e8df017f780908eb9644451?s=96&d=mm&r=g","contentUrl":"https:\/\/secure.gravatar.com\/avatar\/89915563d925342126b8ef0281b93d9d7fc337043e8df017f780908eb9644451?s=96&d=mm&r=g","caption":"St\u00e9phane Miget"},"url":"https:\/\/batijournal.com\/index.php\/author\/stephane\/"}]}},"_links":{"self":[{"href":"https:\/\/batijournal.com\/index.php\/wp-json\/wp\/v2\/posts\/109270","targetHints":{"allow":["GET"]}}],"collection":[{"href":"https:\/\/batijournal.com\/index.php\/wp-json\/wp\/v2\/posts"}],"about":[{"href":"https:\/\/batijournal.com\/index.php\/wp-json\/wp\/v2\/types\/post"}],"author":[{"embeddable":true,"href":"https:\/\/batijournal.com\/index.php\/wp-json\/wp\/v2\/users\/17"}],"replies":[{"embeddable":true,"href":"https:\/\/batijournal.com\/index.php\/wp-json\/wp\/v2\/comments?post=109270"}],"version-history":[{"count":0,"href":"https:\/\/batijournal.com\/index.php\/wp-json\/wp\/v2\/posts\/109270\/revisions"}],"wp:featuredmedia":[{"embeddable":true,"href":"https:\/\/batijournal.com\/index.php\/wp-json\/wp\/v2\/media\/109271"}],"wp:attachment":[{"href":"https:\/\/batijournal.com\/index.php\/wp-json\/wp\/v2\/media?parent=109270"}],"wp:term":[{"taxonomy":"category","embeddable":true,"href":"https:\/\/batijournal.com\/index.php\/wp-json\/wp\/v2\/categories?post=109270"},{"taxonomy":"post_tag","embeddable":true,"href":"https:\/\/batijournal.com\/index.php\/wp-json\/wp\/v2\/tags?post=109270"}],"curies":[{"name":"wp","href":"https:\/\/api.w.org\/{rel}","templated":true}]}}