{"id":109274,"date":"2023-09-22T09:47:49","date_gmt":"2023-09-22T07:47:49","guid":{"rendered":"https:\/\/batijournal.com\/?p=109274"},"modified":"2023-09-22T09:47:50","modified_gmt":"2023-09-22T07:47:50","slug":"renovations-performantes-des-investissements-supplementaires-prevus-par-letat","status":"publish","type":"post","link":"https:\/\/batijournal.com\/index.php\/renovations-performantes-des-investissements-supplementaires-prevus-par-letat\/109274\/","title":{"rendered":"R\u00e9novations performantes : des investissements suppl\u00e9mentaires pr\u00e9vus par l&rsquo;Etat"},"content":{"rendered":"<p>Le gouvernement a d\u00e9taill\u00e9 ce 19 septembre devant le Conseil national de la refondation la r\u00e9partition des plus de 10 milliards d&rsquo;euros suppl\u00e9mentaires engag\u00e9s dans la transition \u00e9cologique. En juillet dernier, la Premi\u00e8re ministre avait annonc\u00e9 une hausse de 7 milliards d\u2019euros du budget consacr\u00e9 \u00e0 la transition \u00e9cologique pour 2024. Cet engagement ayant pour but d\u2019atteindre les objectifs de baisse des \u00e9missions de gaz \u00e0 effet de serre et de pr\u00e9servation de la biodiversit\u00e9. Ces 7 milliards de d\u00e9penses de l\u2019\u00c9tat en 2024 repr\u00e9sentent un total de 10 milliards d\u2019investissements, l\u2019\u00c9tat engageant 3 milliards suppl\u00e9mentaires sur des projets pluriannuels. Au total, pr\u00e8s de 5 milliards d\u2019euros d\u2019engagement sont pr\u00e9vus en 2024 pour accompagner les Fran\u00e7ais dans la r\u00e9novation de leurs logements, soit une hausse de 1,6 milliard d\u2019euros apr\u00e8s ces annonces. Cette augmentation viendra soutenir notamment la mont\u00e9e en charge des r\u00e9novations performantes aid\u00e9es et accompagn\u00e9es par MaPrimeR\u00e9nov\u2019, avec un objectif de 200 000 r\u00e9novations d\u00e8s 2024. S\u2019agissant de la r\u00e9novation \u00e9nerg\u00e9tique des b\u00e2timents de l\u2019\u00c9tat, les moyens suppl\u00e9mentaires attribu\u00e9s augmentent de 550 millions d\u2019euros d\u2019autorisations d\u2019engagement en 2024.<\/p>\n","protected":false},"excerpt":{"rendered":"<p>Le gouvernement a d\u00e9taill\u00e9 ce 19 septembre devant le Conseil national de la refondation la r\u00e9partition des plus de 10 milliards d&rsquo;euros suppl\u00e9mentaires engag\u00e9s dans la transition \u00e9cologique. En juillet dernier, la Premi\u00e8re ministre avait annonc\u00e9 une hausse de 7 milliards d\u2019euros du budget consacr\u00e9 \u00e0 la transition \u00e9cologique pour 2024. Cet engagement ayant pour [&hellip;]<\/p>\n","protected":false},"author":17,"featured_media":109275,"comment_status":"closed","ping_status":"closed","sticky":false,"template":"","format":"standard","meta":{"_et_pb_use_builder":"","_et_pb_old_content":"","_et_gb_content_width":"","footnotes":""},"categories":[10530,6351,10771,10775,10781,10778],"tags":[1683],"class_list":["post-109274","post","type-post","status-publish","format-standard","has-post-thumbnail","hentry","category-actualites","category-energie-environnement","category-5facades","category-actualites-5facades","category-publications-planete","category-planete","tag-renovation-energetique"],"yoast_head":"<!-- This site is optimized with the Yoast SEO plugin v27.4 - https:\/\/yoast.com\/product\/yoast-seo-wordpress\/ -->\n<title>R\u00e9novations performantes : des investissements suppl\u00e9mentaires pr\u00e9vus par l&#039;Etat<\/title>\n<meta name=\"robots\" content=\"index, follow, max-snippet:-1, max-image-preview:large, max-video-preview:-1\" \/>\n<link rel=\"canonical\" href=\"https:\/\/batijournal.com\/index.php\/renovations-performantes-des-investissements-supplementaires-prevus-par-letat\/109274\/\" \/>\n<meta property=\"og:locale\" content=\"fr_FR\" \/>\n<meta property=\"og:type\" content=\"article\" \/>\n<meta property=\"og:title\" content=\"R\u00e9novations performantes : des investissements suppl\u00e9mentaires pr\u00e9vus par l&#039;Etat\" \/>\n<meta property=\"og:description\" content=\"Le gouvernement a d\u00e9taill\u00e9 ce 19 septembre devant le Conseil national de la refondation la r\u00e9partition des plus de 10 milliards d&rsquo;euros suppl\u00e9mentaires engag\u00e9s dans la transition \u00e9cologique. En juillet dernier, la Premi\u00e8re ministre avait annonc\u00e9 une hausse de 7 milliards d\u2019euros du budget consacr\u00e9 \u00e0 la transition \u00e9cologique pour 2024. Cet engagement ayant pour [&hellip;]\" \/>\n<meta property=\"og:url\" content=\"https:\/\/batijournal.com\/index.php\/renovations-performantes-des-investissements-supplementaires-prevus-par-letat\/109274\/\" \/>\n<meta property=\"og:site_name\" content=\"Batijournal\" \/>\n<meta property=\"article:published_time\" content=\"2023-09-22T07:47:49+00:00\" \/>\n<meta property=\"article:modified_time\" content=\"2023-09-22T07:47:50+00:00\" \/>\n<meta property=\"og:image\" content=\"https:\/\/batijournal.com\/wp-content\/uploads\/2023\/09\/renovation-energetique-facade.jpg\" \/>\n\t<meta property=\"og:image:width\" content=\"1000\" \/>\n\t<meta property=\"og:image:height\" content=\"593\" \/>\n\t<meta property=\"og:image:type\" content=\"image\/jpeg\" \/>\n<meta name=\"author\" content=\"St\u00e9phane Miget\" \/>\n<meta name=\"twitter:card\" content=\"summary_large_image\" \/>\n<meta name=\"twitter:creator\" content=\"@bati_journal\" \/>\n<meta name=\"twitter:site\" content=\"@bati_journal\" \/>\n<meta name=\"twitter:label1\" content=\"\u00c9crit par\" \/>\n\t<meta name=\"twitter:data1\" content=\"St\u00e9phane Miget\" \/>\n\t<meta name=\"twitter:label2\" content=\"Dur\u00e9e de lecture estim\u00e9e\" \/>\n\t<meta name=\"twitter:data2\" content=\"1 minute\" \/>\n<script type=\"application\/ld+json\" class=\"yoast-schema-graph\">{\"@context\":\"https:\\\/\\\/schema.org\",\"@graph\":[{\"@type\":\"Article\",\"@id\":\"https:\\\/\\\/batijournal.com\\\/index.php\\\/renovations-performantes-des-investissements-supplementaires-prevus-par-letat\\\/109274\\\/#article\",\"isPartOf\":{\"@id\":\"https:\\\/\\\/batijournal.com\\\/index.php\\\/renovations-performantes-des-investissements-supplementaires-prevus-par-letat\\\/109274\\\/\"},\"author\":{\"name\":\"St\u00e9phane Miget\",\"@id\":\"https:\\\/\\\/batijournal.com\\\/#\\\/schema\\\/person\\\/1dc96ec6957aa1ccb25ebe78bb19f100\"},\"headline\":\"R\u00e9novations performantes : des investissements suppl\u00e9mentaires pr\u00e9vus par l&rsquo;Etat\",\"datePublished\":\"2023-09-22T07:47:49+00:00\",\"dateModified\":\"2023-09-22T07:47:50+00:00\",\"mainEntityOfPage\":{\"@id\":\"https:\\\/\\\/batijournal.com\\\/index.php\\\/renovations-performantes-des-investissements-supplementaires-prevus-par-letat\\\/109274\\\/\"},\"wordCount\":214,\"image\":{\"@id\":\"https:\\\/\\\/batijournal.com\\\/index.php\\\/renovations-performantes-des-investissements-supplementaires-prevus-par-letat\\\/109274\\\/#primaryimage\"},\"thumbnailUrl\":\"https:\\\/\\\/batijournal.com\\\/wp-content\\\/uploads\\\/2023\\\/09\\\/renovation-energetique-facade.jpg\",\"keywords\":[\"renovation energetique\"],\"articleSection\":[\"Actualit\u00e9s\",\"\u00c9nergie &amp; Environnement\",\"zz_5fa\u00e7ades\",\"zz_Actualit\u00e9s - 5fa\u00e7ades\",\"zz_Actualit\u00e9s - Plan\u00e8te\",\"zz_Plan\u00e8te B\u00e2timent\"],\"inLanguage\":\"fr-FR\"},{\"@type\":\"WebPage\",\"@id\":\"https:\\\/\\\/batijournal.com\\\/index.php\\\/renovations-performantes-des-investissements-supplementaires-prevus-par-letat\\\/109274\\\/\",\"url\":\"https:\\\/\\\/batijournal.com\\\/index.php\\\/renovations-performantes-des-investissements-supplementaires-prevus-par-letat\\\/109274\\\/\",\"name\":\"R\u00e9novations performantes : des investissements suppl\u00e9mentaires pr\u00e9vus par l'Etat\",\"isPartOf\":{\"@id\":\"https:\\\/\\\/batijournal.com\\\/#website\"},\"primaryImageOfPage\":{\"@id\":\"https:\\\/\\\/batijournal.com\\\/index.php\\\/renovations-performantes-des-investissements-supplementaires-prevus-par-letat\\\/109274\\\/#primaryimage\"},\"image\":{\"@id\":\"https:\\\/\\\/batijournal.com\\\/index.php\\\/renovations-performantes-des-investissements-supplementaires-prevus-par-letat\\\/109274\\\/#primaryimage\"},\"thumbnailUrl\":\"https:\\\/\\\/batijournal.com\\\/wp-content\\\/uploads\\\/2023\\\/09\\\/renovation-energetique-facade.jpg\",\"datePublished\":\"2023-09-22T07:47:49+00:00\",\"dateModified\":\"2023-09-22T07:47:50+00:00\",\"author\":{\"@id\":\"https:\\\/\\\/batijournal.com\\\/#\\\/schema\\\/person\\\/1dc96ec6957aa1ccb25ebe78bb19f100\"},\"breadcrumb\":{\"@id\":\"https:\\\/\\\/batijournal.com\\\/index.php\\\/renovations-performantes-des-investissements-supplementaires-prevus-par-letat\\\/109274\\\/#breadcrumb\"},\"inLanguage\":\"fr-FR\",\"potentialAction\":[{\"@type\":\"ReadAction\",\"target\":[\"https:\\\/\\\/batijournal.com\\\/index.php\\\/renovations-performantes-des-investissements-supplementaires-prevus-par-letat\\\/109274\\\/\"]}]},{\"@type\":\"ImageObject\",\"inLanguage\":\"fr-FR\",\"@id\":\"https:\\\/\\\/batijournal.com\\\/index.php\\\/renovations-performantes-des-investissements-supplementaires-prevus-par-letat\\\/109274\\\/#primaryimage\",\"url\":\"https:\\\/\\\/batijournal.com\\\/wp-content\\\/uploads\\\/2023\\\/09\\\/renovation-energetique-facade.jpg\",\"contentUrl\":\"https:\\\/\\\/batijournal.com\\\/wp-content\\\/uploads\\\/2023\\\/09\\\/renovation-energetique-facade.jpg\",\"width\":1000,\"height\":593},{\"@type\":\"BreadcrumbList\",\"@id\":\"https:\\\/\\\/batijournal.com\\\/index.php\\\/renovations-performantes-des-investissements-supplementaires-prevus-par-letat\\\/109274\\\/#breadcrumb\",\"itemListElement\":[{\"@type\":\"ListItem\",\"position\":1,\"name\":\"Accueil\",\"item\":\"https:\\\/\\\/batijournal.com\\\/\"},{\"@type\":\"ListItem\",\"position\":2,\"name\":\"Actualit\u00e9s\",\"item\":\"https:\\\/\\\/batijournal.com\\\/index.php\\\/category\\\/actualites\\\/\"},{\"@type\":\"ListItem\",\"position\":3,\"name\":\"R\u00e9novations performantes : des investissements suppl\u00e9mentaires pr\u00e9vus par l&rsquo;Etat\"}]},{\"@type\":\"WebSite\",\"@id\":\"https:\\\/\\\/batijournal.com\\\/#website\",\"url\":\"https:\\\/\\\/batijournal.com\\\/\",\"name\":\"Batijournal\",\"description\":\"L&#039;actualit\u00e9 du b\u00e2timent\",\"potentialAction\":[{\"@type\":\"SearchAction\",\"target\":{\"@type\":\"EntryPoint\",\"urlTemplate\":\"https:\\\/\\\/batijournal.com\\\/?s={search_term_string}\"},\"query-input\":{\"@type\":\"PropertyValueSpecification\",\"valueRequired\":true,\"valueName\":\"search_term_string\"}}],\"inLanguage\":\"fr-FR\"},{\"@type\":\"Person\",\"@id\":\"https:\\\/\\\/batijournal.com\\\/#\\\/schema\\\/person\\\/1dc96ec6957aa1ccb25ebe78bb19f100\",\"name\":\"St\u00e9phane Miget\",\"image\":{\"@type\":\"ImageObject\",\"inLanguage\":\"fr-FR\",\"@id\":\"https:\\\/\\\/secure.gravatar.com\\\/avatar\\\/89915563d925342126b8ef0281b93d9d7fc337043e8df017f780908eb9644451?s=96&d=mm&r=g\",\"url\":\"https:\\\/\\\/secure.gravatar.com\\\/avatar\\\/89915563d925342126b8ef0281b93d9d7fc337043e8df017f780908eb9644451?s=96&d=mm&r=g\",\"contentUrl\":\"https:\\\/\\\/secure.gravatar.com\\\/avatar\\\/89915563d925342126b8ef0281b93d9d7fc337043e8df017f780908eb9644451?s=96&d=mm&r=g\",\"caption\":\"St\u00e9phane Miget\"},\"url\":\"https:\\\/\\\/batijournal.com\\\/index.php\\\/author\\\/stephane\\\/\"}]}<\/script>\n<!-- \/ Yoast SEO plugin. -->","yoast_head_json":{"title":"R\u00e9novations performantes : des investissements suppl\u00e9mentaires pr\u00e9vus par l'Etat","robots":{"index":"index","follow":"follow","max-snippet":"max-snippet:-1","max-image-preview":"max-image-preview:large","max-video-preview":"max-video-preview:-1"},"canonical":"https:\/\/batijournal.com\/index.php\/renovations-performantes-des-investissements-supplementaires-prevus-par-letat\/109274\/","og_locale":"fr_FR","og_type":"article","og_title":"R\u00e9novations performantes : des investissements suppl\u00e9mentaires pr\u00e9vus par l'Etat","og_description":"Le gouvernement a d\u00e9taill\u00e9 ce 19 septembre devant le Conseil national de la refondation la r\u00e9partition des plus de 10 milliards d&rsquo;euros suppl\u00e9mentaires engag\u00e9s dans la transition \u00e9cologique. En juillet dernier, la Premi\u00e8re ministre avait annonc\u00e9 une hausse de 7 milliards d\u2019euros du budget consacr\u00e9 \u00e0 la transition \u00e9cologique pour 2024. Cet engagement ayant pour [&hellip;]","og_url":"https:\/\/batijournal.com\/index.php\/renovations-performantes-des-investissements-supplementaires-prevus-par-letat\/109274\/","og_site_name":"Batijournal","article_published_time":"2023-09-22T07:47:49+00:00","article_modified_time":"2023-09-22T07:47:50+00:00","og_image":[{"width":1000,"height":593,"url":"https:\/\/batijournal.com\/wp-content\/uploads\/2023\/09\/renovation-energetique-facade.jpg","type":"image\/jpeg"}],"author":"St\u00e9phane Miget","twitter_card":"summary_large_image","twitter_creator":"@bati_journal","twitter_site":"@bati_journal","twitter_misc":{"\u00c9crit par":"St\u00e9phane Miget","Dur\u00e9e de lecture estim\u00e9e":"1 minute"},"schema":{"@context":"https:\/\/schema.org","@graph":[{"@type":"Article","@id":"https:\/\/batijournal.com\/index.php\/renovations-performantes-des-investissements-supplementaires-prevus-par-letat\/109274\/#article","isPartOf":{"@id":"https:\/\/batijournal.com\/index.php\/renovations-performantes-des-investissements-supplementaires-prevus-par-letat\/109274\/"},"author":{"name":"St\u00e9phane Miget","@id":"https:\/\/batijournal.com\/#\/schema\/person\/1dc96ec6957aa1ccb25ebe78bb19f100"},"headline":"R\u00e9novations performantes : des investissements suppl\u00e9mentaires pr\u00e9vus par l&rsquo;Etat","datePublished":"2023-09-22T07:47:49+00:00","dateModified":"2023-09-22T07:47:50+00:00","mainEntityOfPage":{"@id":"https:\/\/batijournal.com\/index.php\/renovations-performantes-des-investissements-supplementaires-prevus-par-letat\/109274\/"},"wordCount":214,"image":{"@id":"https:\/\/batijournal.com\/index.php\/renovations-performantes-des-investissements-supplementaires-prevus-par-letat\/109274\/#primaryimage"},"thumbnailUrl":"https:\/\/batijournal.com\/wp-content\/uploads\/2023\/09\/renovation-energetique-facade.jpg","keywords":["renovation energetique"],"articleSection":["Actualit\u00e9s","\u00c9nergie &amp; Environnement","zz_5fa\u00e7ades","zz_Actualit\u00e9s - 5fa\u00e7ades","zz_Actualit\u00e9s - Plan\u00e8te","zz_Plan\u00e8te B\u00e2timent"],"inLanguage":"fr-FR"},{"@type":"WebPage","@id":"https:\/\/batijournal.com\/index.php\/renovations-performantes-des-investissements-supplementaires-prevus-par-letat\/109274\/","url":"https:\/\/batijournal.com\/index.php\/renovations-performantes-des-investissements-supplementaires-prevus-par-letat\/109274\/","name":"R\u00e9novations performantes : des investissements suppl\u00e9mentaires pr\u00e9vus par l'Etat","isPartOf":{"@id":"https:\/\/batijournal.com\/#website"},"primaryImageOfPage":{"@id":"https:\/\/batijournal.com\/index.php\/renovations-performantes-des-investissements-supplementaires-prevus-par-letat\/109274\/#primaryimage"},"image":{"@id":"https:\/\/batijournal.com\/index.php\/renovations-performantes-des-investissements-supplementaires-prevus-par-letat\/109274\/#primaryimage"},"thumbnailUrl":"https:\/\/batijournal.com\/wp-content\/uploads\/2023\/09\/renovation-energetique-facade.jpg","datePublished":"2023-09-22T07:47:49+00:00","dateModified":"2023-09-22T07:47:50+00:00","author":{"@id":"https:\/\/batijournal.com\/#\/schema\/person\/1dc96ec6957aa1ccb25ebe78bb19f100"},"breadcrumb":{"@id":"https:\/\/batijournal.com\/index.php\/renovations-performantes-des-investissements-supplementaires-prevus-par-letat\/109274\/#breadcrumb"},"inLanguage":"fr-FR","potentialAction":[{"@type":"ReadAction","target":["https:\/\/batijournal.com\/index.php\/renovations-performantes-des-investissements-supplementaires-prevus-par-letat\/109274\/"]}]},{"@type":"ImageObject","inLanguage":"fr-FR","@id":"https:\/\/batijournal.com\/index.php\/renovations-performantes-des-investissements-supplementaires-prevus-par-letat\/109274\/#primaryimage","url":"https:\/\/batijournal.com\/wp-content\/uploads\/2023\/09\/renovation-energetique-facade.jpg","contentUrl":"https:\/\/batijournal.com\/wp-content\/uploads\/2023\/09\/renovation-energetique-facade.jpg","width":1000,"height":593},{"@type":"BreadcrumbList","@id":"https:\/\/batijournal.com\/index.php\/renovations-performantes-des-investissements-supplementaires-prevus-par-letat\/109274\/#breadcrumb","itemListElement":[{"@type":"ListItem","position":1,"name":"Accueil","item":"https:\/\/batijournal.com\/"},{"@type":"ListItem","position":2,"name":"Actualit\u00e9s","item":"https:\/\/batijournal.com\/index.php\/category\/actualites\/"},{"@type":"ListItem","position":3,"name":"R\u00e9novations performantes : des investissements suppl\u00e9mentaires pr\u00e9vus par l&rsquo;Etat"}]},{"@type":"WebSite","@id":"https:\/\/batijournal.com\/#website","url":"https:\/\/batijournal.com\/","name":"Batijournal","description":"L&#039;actualit\u00e9 du b\u00e2timent","potentialAction":[{"@type":"SearchAction","target":{"@type":"EntryPoint","urlTemplate":"https:\/\/batijournal.com\/?s={search_term_string}"},"query-input":{"@type":"PropertyValueSpecification","valueRequired":true,"valueName":"search_term_string"}}],"inLanguage":"fr-FR"},{"@type":"Person","@id":"https:\/\/batijournal.com\/#\/schema\/person\/1dc96ec6957aa1ccb25ebe78bb19f100","name":"St\u00e9phane Miget","image":{"@type":"ImageObject","inLanguage":"fr-FR","@id":"https:\/\/secure.gravatar.com\/avatar\/89915563d925342126b8ef0281b93d9d7fc337043e8df017f780908eb9644451?s=96&d=mm&r=g","url":"https:\/\/secure.gravatar.com\/avatar\/89915563d925342126b8ef0281b93d9d7fc337043e8df017f780908eb9644451?s=96&d=mm&r=g","contentUrl":"https:\/\/secure.gravatar.com\/avatar\/89915563d925342126b8ef0281b93d9d7fc337043e8df017f780908eb9644451?s=96&d=mm&r=g","caption":"St\u00e9phane Miget"},"url":"https:\/\/batijournal.com\/index.php\/author\/stephane\/"}]}},"_links":{"self":[{"href":"https:\/\/batijournal.com\/index.php\/wp-json\/wp\/v2\/posts\/109274","targetHints":{"allow":["GET"]}}],"collection":[{"href":"https:\/\/batijournal.com\/index.php\/wp-json\/wp\/v2\/posts"}],"about":[{"href":"https:\/\/batijournal.com\/index.php\/wp-json\/wp\/v2\/types\/post"}],"author":[{"embeddable":true,"href":"https:\/\/batijournal.com\/index.php\/wp-json\/wp\/v2\/users\/17"}],"replies":[{"embeddable":true,"href":"https:\/\/batijournal.com\/index.php\/wp-json\/wp\/v2\/comments?post=109274"}],"version-history":[{"count":0,"href":"https:\/\/batijournal.com\/index.php\/wp-json\/wp\/v2\/posts\/109274\/revisions"}],"wp:featuredmedia":[{"embeddable":true,"href":"https:\/\/batijournal.com\/index.php\/wp-json\/wp\/v2\/media\/109275"}],"wp:attachment":[{"href":"https:\/\/batijournal.com\/index.php\/wp-json\/wp\/v2\/media?parent=109274"}],"wp:term":[{"taxonomy":"category","embeddable":true,"href":"https:\/\/batijournal.com\/index.php\/wp-json\/wp\/v2\/categories?post=109274"},{"taxonomy":"post_tag","embeddable":true,"href":"https:\/\/batijournal.com\/index.php\/wp-json\/wp\/v2\/tags?post=109274"}],"curies":[{"name":"wp","href":"https:\/\/api.w.org\/{rel}","templated":true}]}}