{"id":109286,"date":"2023-09-26T15:59:25","date_gmt":"2023-09-26T13:59:25","guid":{"rendered":"https:\/\/batijournal.com\/?p=109286"},"modified":"2023-09-26T15:59:25","modified_gmt":"2023-09-26T13:59:25","slug":"planification-ecologique-pas-de-pompes-a-chaleur-sans-isolation-performante","status":"publish","type":"post","link":"https:\/\/batijournal.com\/index.php\/planification-ecologique-pas-de-pompes-a-chaleur-sans-isolation-performante\/109286\/","title":{"rendered":"Planification \u00e9cologique : pas de pompes \u00e0 chaleur sans isolation performante"},"content":{"rendered":"<p>Le plan de planification \u00e9cologique, d\u00e9voil\u00e9 par Emmanuel Macron, est une approche globale qui doit permettre \u00e0 la France de r\u00e9duire de 55 % ses \u00e9missions de gaz \u00e0 effet de serre d\u2019ici 2030. Le programme inclut une part d\u2019innovation avec le d\u00e9veloppement de l\u2019hydrog\u00e8ne et de la voiture \u00e9lectrique, une r\u00e9duction de l\u2019utilisation des \u00e9nergies fossiles ou encore le renforcement de l\u2019industrie verte. Parmi les mesures souhait\u00e9es, le chef de l&rsquo;\u00e9tat veut que la France produise 1 million de pompes \u00e0 chaleur d\u2019ici la fin du quinquennat. Sans rien annoncer de pr\u00e9cis ni de chiffr\u00e9, Emmanuel Macron consid\u00e8re que l\u2019Etat devra \u00ab accompagner les m\u00e9nages qui sont les plus modestes et au-del\u00e0 de ce qui est fait actuellement avec MaPrimeR\u00e9nov\u2019 \u00bb.<\/p>\n<p>Une \u00e9tude r\u00e9alis\u00e9e par n\u00e9gaWatt en 2022 sur le r\u00f4le des PAC dans la d\u00e9carbonation des b\u00e2timents a montr\u00e9 que les actions de changement de chaudi\u00e8res fioul ou gaz par des pompes \u00e0 chaleur non coordonn\u00e9es avec une isolation du b\u00e2timent peuvent \u00eatre probl\u00e9matiques sur les appels de puissance sur le syst\u00e8me \u00e9lectrique. Il est estim\u00e9 que l&rsquo;installation de 3.7 millions de PAC dans les logements de classe C et D actuellement chauff\u00e9s au gaz conduirait \u00e0 g\u00e9n\u00e9rer une pointe \u00e9lectrique suppl\u00e9mentaire de 6.27GWe. Cet appel de puissance suppl\u00e9mentaire risquerait de devoir \u00eatre couvert par des moyens de production d\u2019\u00e9lectricit\u00e9 carbon\u00e9s, qu\u2019ils se situent sur le territoire national ou dans les pays voisins. De mani\u00e8re g\u00e9n\u00e9rale, l\u2019\u00e9tude men\u00e9e par l\u2019Association n\u00e9gaWatt sur le r\u00f4le des PAC dans la d\u00e9carbonation du b\u00e2timent montre qu\u2019une politique centr\u00e9e majoritairement sur le changement de chaudi\u00e8re, sans associer syst\u00e9matiquement une r\u00e9novation, restera plus co\u00fbteuse et moins efficace, tant sur le plan climatique, que sur la r\u00e9duction de la pointe \u00e9lectrique et la lutte contre la pr\u00e9carit\u00e9 \u00e9nerg\u00e9tique.<\/p>\n<p>&nbsp;<\/p>\n","protected":false},"excerpt":{"rendered":"<p>Le plan de planification \u00e9cologique, d\u00e9voil\u00e9 par Emmanuel Macron, est une approche globale qui doit permettre \u00e0 la France de r\u00e9duire de 55 % ses \u00e9missions de gaz \u00e0 effet de serre d\u2019ici 2030. Le programme inclut une part d\u2019innovation avec le d\u00e9veloppement de l\u2019hydrog\u00e8ne et de la voiture \u00e9lectrique, une r\u00e9duction de l\u2019utilisation des [&hellip;]<\/p>\n","protected":false},"author":17,"featured_media":101321,"comment_status":"closed","ping_status":"closed","sticky":false,"template":"","format":"standard","meta":{"_et_pb_use_builder":"","_et_pb_old_content":"","_et_gb_content_width":"","footnotes":""},"categories":[10736,10530,6351,10781,10778],"tags":[13180,1312,871],"class_list":["post-109286","post","type-post","status-publish","format-standard","has-post-thumbnail","hentry","category-a-la-une","category-actualites","category-energie-environnement","category-publications-planete","category-planete","tag-planification-ecologique","tag-pompes-a-chaleur","tag-renovation-thermique"],"yoast_head":"<!-- This site is optimized with the Yoast SEO plugin v27.4 - https:\/\/yoast.com\/product\/yoast-seo-wordpress\/ -->\n<title>Planification \u00e9cologique : pas de pompes \u00e0 chaleur sans isolation performante<\/title>\n<meta name=\"robots\" content=\"index, follow, max-snippet:-1, max-image-preview:large, max-video-preview:-1\" \/>\n<link rel=\"canonical\" href=\"https:\/\/batijournal.com\/index.php\/planification-ecologique-pas-de-pompes-a-chaleur-sans-isolation-performante\/109286\/\" \/>\n<meta property=\"og:locale\" content=\"fr_FR\" \/>\n<meta property=\"og:type\" content=\"article\" \/>\n<meta property=\"og:title\" content=\"Planification \u00e9cologique : pas de pompes \u00e0 chaleur sans isolation performante\" \/>\n<meta property=\"og:description\" content=\"Le plan de planification \u00e9cologique, d\u00e9voil\u00e9 par Emmanuel Macron, est une approche globale qui doit permettre \u00e0 la France de r\u00e9duire de 55 % ses \u00e9missions de gaz \u00e0 effet de serre d\u2019ici 2030. Le programme inclut une part d\u2019innovation avec le d\u00e9veloppement de l\u2019hydrog\u00e8ne et de la voiture \u00e9lectrique, une r\u00e9duction de l\u2019utilisation des [&hellip;]\" \/>\n<meta property=\"og:url\" content=\"https:\/\/batijournal.com\/index.php\/planification-ecologique-pas-de-pompes-a-chaleur-sans-isolation-performante\/109286\/\" \/>\n<meta property=\"og:site_name\" content=\"Batijournal\" \/>\n<meta property=\"article:published_time\" content=\"2023-09-26T13:59:25+00:00\" \/>\n<meta property=\"og:image\" content=\"https:\/\/batijournal.com\/wp-content\/uploads\/2019\/02\/pompe-a-chaleur.jpg\" \/>\n\t<meta property=\"og:image:width\" content=\"1200\" \/>\n\t<meta property=\"og:image:height\" content=\"702\" \/>\n\t<meta property=\"og:image:type\" content=\"image\/jpeg\" \/>\n<meta name=\"author\" content=\"St\u00e9phane Miget\" \/>\n<meta name=\"twitter:card\" content=\"summary_large_image\" \/>\n<meta name=\"twitter:creator\" content=\"@bati_journal\" \/>\n<meta name=\"twitter:site\" content=\"@bati_journal\" \/>\n<meta name=\"twitter:label1\" content=\"\u00c9crit par\" \/>\n\t<meta name=\"twitter:data1\" content=\"St\u00e9phane Miget\" \/>\n\t<meta name=\"twitter:label2\" content=\"Dur\u00e9e de lecture estim\u00e9e\" \/>\n\t<meta name=\"twitter:data2\" content=\"2 minutes\" \/>\n<script type=\"application\/ld+json\" class=\"yoast-schema-graph\">{\"@context\":\"https:\\\/\\\/schema.org\",\"@graph\":[{\"@type\":\"Article\",\"@id\":\"https:\\\/\\\/batijournal.com\\\/index.php\\\/planification-ecologique-pas-de-pompes-a-chaleur-sans-isolation-performante\\\/109286\\\/#article\",\"isPartOf\":{\"@id\":\"https:\\\/\\\/batijournal.com\\\/index.php\\\/planification-ecologique-pas-de-pompes-a-chaleur-sans-isolation-performante\\\/109286\\\/\"},\"author\":{\"name\":\"St\u00e9phane Miget\",\"@id\":\"https:\\\/\\\/batijournal.com\\\/#\\\/schema\\\/person\\\/1dc96ec6957aa1ccb25ebe78bb19f100\"},\"headline\":\"Planification \u00e9cologique : pas de pompes \u00e0 chaleur sans isolation performante\",\"datePublished\":\"2023-09-26T13:59:25+00:00\",\"mainEntityOfPage\":{\"@id\":\"https:\\\/\\\/batijournal.com\\\/index.php\\\/planification-ecologique-pas-de-pompes-a-chaleur-sans-isolation-performante\\\/109286\\\/\"},\"wordCount\":348,\"image\":{\"@id\":\"https:\\\/\\\/batijournal.com\\\/index.php\\\/planification-ecologique-pas-de-pompes-a-chaleur-sans-isolation-performante\\\/109286\\\/#primaryimage\"},\"thumbnailUrl\":\"https:\\\/\\\/batijournal.com\\\/wp-content\\\/uploads\\\/2019\\\/02\\\/pompe-a-chaleur.jpg\",\"keywords\":[\"planification \u00e9cologique\",\"pompes \u00e0 chaleur\",\"r\u00e9novation thermique\"],\"articleSection\":[\"A la Une\",\"Actualit\u00e9s\",\"\u00c9nergie &amp; Environnement\",\"zz_Actualit\u00e9s - Plan\u00e8te\",\"zz_Plan\u00e8te B\u00e2timent\"],\"inLanguage\":\"fr-FR\"},{\"@type\":\"WebPage\",\"@id\":\"https:\\\/\\\/batijournal.com\\\/index.php\\\/planification-ecologique-pas-de-pompes-a-chaleur-sans-isolation-performante\\\/109286\\\/\",\"url\":\"https:\\\/\\\/batijournal.com\\\/index.php\\\/planification-ecologique-pas-de-pompes-a-chaleur-sans-isolation-performante\\\/109286\\\/\",\"name\":\"Planification \u00e9cologique : pas de pompes \u00e0 chaleur sans isolation performante\",\"isPartOf\":{\"@id\":\"https:\\\/\\\/batijournal.com\\\/#website\"},\"primaryImageOfPage\":{\"@id\":\"https:\\\/\\\/batijournal.com\\\/index.php\\\/planification-ecologique-pas-de-pompes-a-chaleur-sans-isolation-performante\\\/109286\\\/#primaryimage\"},\"image\":{\"@id\":\"https:\\\/\\\/batijournal.com\\\/index.php\\\/planification-ecologique-pas-de-pompes-a-chaleur-sans-isolation-performante\\\/109286\\\/#primaryimage\"},\"thumbnailUrl\":\"https:\\\/\\\/batijournal.com\\\/wp-content\\\/uploads\\\/2019\\\/02\\\/pompe-a-chaleur.jpg\",\"datePublished\":\"2023-09-26T13:59:25+00:00\",\"author\":{\"@id\":\"https:\\\/\\\/batijournal.com\\\/#\\\/schema\\\/person\\\/1dc96ec6957aa1ccb25ebe78bb19f100\"},\"breadcrumb\":{\"@id\":\"https:\\\/\\\/batijournal.com\\\/index.php\\\/planification-ecologique-pas-de-pompes-a-chaleur-sans-isolation-performante\\\/109286\\\/#breadcrumb\"},\"inLanguage\":\"fr-FR\",\"potentialAction\":[{\"@type\":\"ReadAction\",\"target\":[\"https:\\\/\\\/batijournal.com\\\/index.php\\\/planification-ecologique-pas-de-pompes-a-chaleur-sans-isolation-performante\\\/109286\\\/\"]}]},{\"@type\":\"ImageObject\",\"inLanguage\":\"fr-FR\",\"@id\":\"https:\\\/\\\/batijournal.com\\\/index.php\\\/planification-ecologique-pas-de-pompes-a-chaleur-sans-isolation-performante\\\/109286\\\/#primaryimage\",\"url\":\"https:\\\/\\\/batijournal.com\\\/wp-content\\\/uploads\\\/2019\\\/02\\\/pompe-a-chaleur.jpg\",\"contentUrl\":\"https:\\\/\\\/batijournal.com\\\/wp-content\\\/uploads\\\/2019\\\/02\\\/pompe-a-chaleur.jpg\",\"width\":1200,\"height\":702},{\"@type\":\"BreadcrumbList\",\"@id\":\"https:\\\/\\\/batijournal.com\\\/index.php\\\/planification-ecologique-pas-de-pompes-a-chaleur-sans-isolation-performante\\\/109286\\\/#breadcrumb\",\"itemListElement\":[{\"@type\":\"ListItem\",\"position\":1,\"name\":\"Accueil\",\"item\":\"https:\\\/\\\/batijournal.com\\\/\"},{\"@type\":\"ListItem\",\"position\":2,\"name\":\"Actualit\u00e9s\",\"item\":\"https:\\\/\\\/batijournal.com\\\/index.php\\\/category\\\/actualites\\\/\"},{\"@type\":\"ListItem\",\"position\":3,\"name\":\"Planification \u00e9cologique : pas de pompes \u00e0 chaleur sans isolation performante\"}]},{\"@type\":\"WebSite\",\"@id\":\"https:\\\/\\\/batijournal.com\\\/#website\",\"url\":\"https:\\\/\\\/batijournal.com\\\/\",\"name\":\"Batijournal\",\"description\":\"L&#039;actualit\u00e9 du b\u00e2timent\",\"potentialAction\":[{\"@type\":\"SearchAction\",\"target\":{\"@type\":\"EntryPoint\",\"urlTemplate\":\"https:\\\/\\\/batijournal.com\\\/?s={search_term_string}\"},\"query-input\":{\"@type\":\"PropertyValueSpecification\",\"valueRequired\":true,\"valueName\":\"search_term_string\"}}],\"inLanguage\":\"fr-FR\"},{\"@type\":\"Person\",\"@id\":\"https:\\\/\\\/batijournal.com\\\/#\\\/schema\\\/person\\\/1dc96ec6957aa1ccb25ebe78bb19f100\",\"name\":\"St\u00e9phane Miget\",\"image\":{\"@type\":\"ImageObject\",\"inLanguage\":\"fr-FR\",\"@id\":\"https:\\\/\\\/secure.gravatar.com\\\/avatar\\\/89915563d925342126b8ef0281b93d9d7fc337043e8df017f780908eb9644451?s=96&d=mm&r=g\",\"url\":\"https:\\\/\\\/secure.gravatar.com\\\/avatar\\\/89915563d925342126b8ef0281b93d9d7fc337043e8df017f780908eb9644451?s=96&d=mm&r=g\",\"contentUrl\":\"https:\\\/\\\/secure.gravatar.com\\\/avatar\\\/89915563d925342126b8ef0281b93d9d7fc337043e8df017f780908eb9644451?s=96&d=mm&r=g\",\"caption\":\"St\u00e9phane Miget\"},\"url\":\"https:\\\/\\\/batijournal.com\\\/index.php\\\/author\\\/stephane\\\/\"}]}<\/script>\n<!-- \/ Yoast SEO plugin. -->","yoast_head_json":{"title":"Planification \u00e9cologique : pas de pompes \u00e0 chaleur sans isolation performante","robots":{"index":"index","follow":"follow","max-snippet":"max-snippet:-1","max-image-preview":"max-image-preview:large","max-video-preview":"max-video-preview:-1"},"canonical":"https:\/\/batijournal.com\/index.php\/planification-ecologique-pas-de-pompes-a-chaleur-sans-isolation-performante\/109286\/","og_locale":"fr_FR","og_type":"article","og_title":"Planification \u00e9cologique : pas de pompes \u00e0 chaleur sans isolation performante","og_description":"Le plan de planification \u00e9cologique, d\u00e9voil\u00e9 par Emmanuel Macron, est une approche globale qui doit permettre \u00e0 la France de r\u00e9duire de 55 % ses \u00e9missions de gaz \u00e0 effet de serre d\u2019ici 2030. Le programme inclut une part d\u2019innovation avec le d\u00e9veloppement de l\u2019hydrog\u00e8ne et de la voiture \u00e9lectrique, une r\u00e9duction de l\u2019utilisation des [&hellip;]","og_url":"https:\/\/batijournal.com\/index.php\/planification-ecologique-pas-de-pompes-a-chaleur-sans-isolation-performante\/109286\/","og_site_name":"Batijournal","article_published_time":"2023-09-26T13:59:25+00:00","og_image":[{"width":1200,"height":702,"url":"https:\/\/batijournal.com\/wp-content\/uploads\/2019\/02\/pompe-a-chaleur.jpg","type":"image\/jpeg"}],"author":"St\u00e9phane Miget","twitter_card":"summary_large_image","twitter_creator":"@bati_journal","twitter_site":"@bati_journal","twitter_misc":{"\u00c9crit par":"St\u00e9phane Miget","Dur\u00e9e de lecture estim\u00e9e":"2 minutes"},"schema":{"@context":"https:\/\/schema.org","@graph":[{"@type":"Article","@id":"https:\/\/batijournal.com\/index.php\/planification-ecologique-pas-de-pompes-a-chaleur-sans-isolation-performante\/109286\/#article","isPartOf":{"@id":"https:\/\/batijournal.com\/index.php\/planification-ecologique-pas-de-pompes-a-chaleur-sans-isolation-performante\/109286\/"},"author":{"name":"St\u00e9phane Miget","@id":"https:\/\/batijournal.com\/#\/schema\/person\/1dc96ec6957aa1ccb25ebe78bb19f100"},"headline":"Planification \u00e9cologique : pas de pompes \u00e0 chaleur sans isolation performante","datePublished":"2023-09-26T13:59:25+00:00","mainEntityOfPage":{"@id":"https:\/\/batijournal.com\/index.php\/planification-ecologique-pas-de-pompes-a-chaleur-sans-isolation-performante\/109286\/"},"wordCount":348,"image":{"@id":"https:\/\/batijournal.com\/index.php\/planification-ecologique-pas-de-pompes-a-chaleur-sans-isolation-performante\/109286\/#primaryimage"},"thumbnailUrl":"https:\/\/batijournal.com\/wp-content\/uploads\/2019\/02\/pompe-a-chaleur.jpg","keywords":["planification \u00e9cologique","pompes \u00e0 chaleur","r\u00e9novation thermique"],"articleSection":["A la Une","Actualit\u00e9s","\u00c9nergie &amp; Environnement","zz_Actualit\u00e9s - Plan\u00e8te","zz_Plan\u00e8te B\u00e2timent"],"inLanguage":"fr-FR"},{"@type":"WebPage","@id":"https:\/\/batijournal.com\/index.php\/planification-ecologique-pas-de-pompes-a-chaleur-sans-isolation-performante\/109286\/","url":"https:\/\/batijournal.com\/index.php\/planification-ecologique-pas-de-pompes-a-chaleur-sans-isolation-performante\/109286\/","name":"Planification \u00e9cologique : pas de pompes \u00e0 chaleur sans isolation performante","isPartOf":{"@id":"https:\/\/batijournal.com\/#website"},"primaryImageOfPage":{"@id":"https:\/\/batijournal.com\/index.php\/planification-ecologique-pas-de-pompes-a-chaleur-sans-isolation-performante\/109286\/#primaryimage"},"image":{"@id":"https:\/\/batijournal.com\/index.php\/planification-ecologique-pas-de-pompes-a-chaleur-sans-isolation-performante\/109286\/#primaryimage"},"thumbnailUrl":"https:\/\/batijournal.com\/wp-content\/uploads\/2019\/02\/pompe-a-chaleur.jpg","datePublished":"2023-09-26T13:59:25+00:00","author":{"@id":"https:\/\/batijournal.com\/#\/schema\/person\/1dc96ec6957aa1ccb25ebe78bb19f100"},"breadcrumb":{"@id":"https:\/\/batijournal.com\/index.php\/planification-ecologique-pas-de-pompes-a-chaleur-sans-isolation-performante\/109286\/#breadcrumb"},"inLanguage":"fr-FR","potentialAction":[{"@type":"ReadAction","target":["https:\/\/batijournal.com\/index.php\/planification-ecologique-pas-de-pompes-a-chaleur-sans-isolation-performante\/109286\/"]}]},{"@type":"ImageObject","inLanguage":"fr-FR","@id":"https:\/\/batijournal.com\/index.php\/planification-ecologique-pas-de-pompes-a-chaleur-sans-isolation-performante\/109286\/#primaryimage","url":"https:\/\/batijournal.com\/wp-content\/uploads\/2019\/02\/pompe-a-chaleur.jpg","contentUrl":"https:\/\/batijournal.com\/wp-content\/uploads\/2019\/02\/pompe-a-chaleur.jpg","width":1200,"height":702},{"@type":"BreadcrumbList","@id":"https:\/\/batijournal.com\/index.php\/planification-ecologique-pas-de-pompes-a-chaleur-sans-isolation-performante\/109286\/#breadcrumb","itemListElement":[{"@type":"ListItem","position":1,"name":"Accueil","item":"https:\/\/batijournal.com\/"},{"@type":"ListItem","position":2,"name":"Actualit\u00e9s","item":"https:\/\/batijournal.com\/index.php\/category\/actualites\/"},{"@type":"ListItem","position":3,"name":"Planification \u00e9cologique : pas de pompes \u00e0 chaleur sans isolation performante"}]},{"@type":"WebSite","@id":"https:\/\/batijournal.com\/#website","url":"https:\/\/batijournal.com\/","name":"Batijournal","description":"L&#039;actualit\u00e9 du b\u00e2timent","potentialAction":[{"@type":"SearchAction","target":{"@type":"EntryPoint","urlTemplate":"https:\/\/batijournal.com\/?s={search_term_string}"},"query-input":{"@type":"PropertyValueSpecification","valueRequired":true,"valueName":"search_term_string"}}],"inLanguage":"fr-FR"},{"@type":"Person","@id":"https:\/\/batijournal.com\/#\/schema\/person\/1dc96ec6957aa1ccb25ebe78bb19f100","name":"St\u00e9phane Miget","image":{"@type":"ImageObject","inLanguage":"fr-FR","@id":"https:\/\/secure.gravatar.com\/avatar\/89915563d925342126b8ef0281b93d9d7fc337043e8df017f780908eb9644451?s=96&d=mm&r=g","url":"https:\/\/secure.gravatar.com\/avatar\/89915563d925342126b8ef0281b93d9d7fc337043e8df017f780908eb9644451?s=96&d=mm&r=g","contentUrl":"https:\/\/secure.gravatar.com\/avatar\/89915563d925342126b8ef0281b93d9d7fc337043e8df017f780908eb9644451?s=96&d=mm&r=g","caption":"St\u00e9phane Miget"},"url":"https:\/\/batijournal.com\/index.php\/author\/stephane\/"}]}},"_links":{"self":[{"href":"https:\/\/batijournal.com\/index.php\/wp-json\/wp\/v2\/posts\/109286","targetHints":{"allow":["GET"]}}],"collection":[{"href":"https:\/\/batijournal.com\/index.php\/wp-json\/wp\/v2\/posts"}],"about":[{"href":"https:\/\/batijournal.com\/index.php\/wp-json\/wp\/v2\/types\/post"}],"author":[{"embeddable":true,"href":"https:\/\/batijournal.com\/index.php\/wp-json\/wp\/v2\/users\/17"}],"replies":[{"embeddable":true,"href":"https:\/\/batijournal.com\/index.php\/wp-json\/wp\/v2\/comments?post=109286"}],"version-history":[{"count":0,"href":"https:\/\/batijournal.com\/index.php\/wp-json\/wp\/v2\/posts\/109286\/revisions"}],"wp:featuredmedia":[{"embeddable":true,"href":"https:\/\/batijournal.com\/index.php\/wp-json\/wp\/v2\/media\/101321"}],"wp:attachment":[{"href":"https:\/\/batijournal.com\/index.php\/wp-json\/wp\/v2\/media?parent=109286"}],"wp:term":[{"taxonomy":"category","embeddable":true,"href":"https:\/\/batijournal.com\/index.php\/wp-json\/wp\/v2\/categories?post=109286"},{"taxonomy":"post_tag","embeddable":true,"href":"https:\/\/batijournal.com\/index.php\/wp-json\/wp\/v2\/tags?post=109286"}],"curies":[{"name":"wp","href":"https:\/\/api.w.org\/{rel}","templated":true}]}}