{"id":109289,"date":"2023-09-27T06:22:41","date_gmt":"2023-09-27T04:22:41","guid":{"rendered":"https:\/\/batijournal.com\/?p=109289"},"modified":"2023-09-27T06:22:41","modified_gmt":"2023-09-27T04:22:41","slug":"139-sites-funeraires-et-memoriels-de-la-premiere-guerre-mondiale-inscrits-au-patrimoine-mondial-de-lunesco","status":"publish","type":"post","link":"https:\/\/batijournal.com\/index.php\/139-sites-funeraires-et-memoriels-de-la-premiere-guerre-mondiale-inscrits-au-patrimoine-mondial-de-lunesco\/109289\/","title":{"rendered":"139 sites fun\u00e9raires et m\u00e9moriels de la Premi\u00e8re Guerre mondiale inscrits au patrimoine mondial de l\u2019UNESCO"},"content":{"rendered":"<p>139 sites fun\u00e9raires et m\u00e9moriels fran\u00e7ais, allemands, belges, am\u00e9ricains et du Commonwealth de la Premi\u00e8re Guerre mondiale viennent d&rsquo;\u00eatre inscrits au patrimoine mondial de l\u2019UNESCO. Ces sites s&rsquo;\u00e9tablissent en Flandre et en Wallonie pour la Belgique et, pour la France, dans les r\u00e9gions Hauts-de-France, Ile-de-France et Grand Est. Ils se composent de m\u00e9moriaux, de monuments et surtout de cimeti\u00e8res militaires de l&rsquo;ensemble des nations ayant particip\u00e9 \u00e0 la Premi\u00e8re Guerre mondiale. Cette inscription a donc une dimension \u00e9minemment internationale, puisque pr\u00e8s de 130 pays du monde entier sont concern\u00e9s par la pr\u00e9sence de leurs soldats, inhum\u00e9s dans des cimeti\u00e8res militaires situ\u00e9s en France et en Belgique. \u00ab Cette inscription doit \u00eatre v\u00e9cue comme une fiert\u00e9 et une reconnaissance pour les sites de la r\u00e9gion b\u00e9n\u00e9ficiant de l\u2019inscription au Patrimoine mondial, refl\u00e9tant l\u2019ambition de r\u00e9conciliation des m\u00e9moires. \u00bb Hilaire Multon, Directeur r\u00e9gional des affaires culturelles des Hauts-de-France<\/p>\n<p>Photo ; Drac des Hauts-de-France<\/p>\n","protected":false},"excerpt":{"rendered":"<p>139 sites fun\u00e9raires et m\u00e9moriels fran\u00e7ais, allemands, belges, am\u00e9ricains et du Commonwealth de la Premi\u00e8re Guerre mondiale viennent d&rsquo;\u00eatre inscrits au patrimoine mondial de l\u2019UNESCO. Ces sites s&rsquo;\u00e9tablissent en Flandre et en Wallonie pour la Belgique et, pour la France, dans les r\u00e9gions Hauts-de-France, Ile-de-France et Grand Est. Ils se composent de m\u00e9moriaux, de monuments [&hellip;]<\/p>\n","protected":false},"author":17,"featured_media":109290,"comment_status":"closed","ping_status":"closed","sticky":false,"template":"","format":"standard","meta":{"_et_pb_use_builder":"","_et_pb_old_content":"","_et_gb_content_width":"","footnotes":""},"categories":[10530,6362,10789,10785],"tags":[8674,516],"class_list":["post-109289","post","type-post","status-publish","format-standard","has-post-thumbnail","hentry","category-actualites","category-services-equipements","category-publications-atrium","category-atrium","tag-patrimoine-mondial-de-lunesco","tag-unesco"],"yoast_head":"<!-- This site is optimized with the Yoast SEO plugin v27.4 - https:\/\/yoast.com\/product\/yoast-seo-wordpress\/ -->\n<title>139 sites fun\u00e9raires et m\u00e9moriels de la Premi\u00e8re Guerre mondiale inscrits au patrimoine mondial de l\u2019UNESCO<\/title>\n<meta name=\"robots\" content=\"index, follow, max-snippet:-1, max-image-preview:large, max-video-preview:-1\" \/>\n<link rel=\"canonical\" href=\"https:\/\/batijournal.com\/index.php\/139-sites-funeraires-et-memoriels-de-la-premiere-guerre-mondiale-inscrits-au-patrimoine-mondial-de-lunesco\/109289\/\" \/>\n<meta property=\"og:locale\" content=\"fr_FR\" \/>\n<meta property=\"og:type\" content=\"article\" \/>\n<meta property=\"og:title\" content=\"139 sites fun\u00e9raires et m\u00e9moriels de la Premi\u00e8re Guerre mondiale inscrits au patrimoine mondial de l\u2019UNESCO\" \/>\n<meta property=\"og:description\" content=\"139 sites fun\u00e9raires et m\u00e9moriels fran\u00e7ais, allemands, belges, am\u00e9ricains et du Commonwealth de la Premi\u00e8re Guerre mondiale viennent d&rsquo;\u00eatre inscrits au patrimoine mondial de l\u2019UNESCO. Ces sites s&rsquo;\u00e9tablissent en Flandre et en Wallonie pour la Belgique et, pour la France, dans les r\u00e9gions Hauts-de-France, Ile-de-France et Grand Est. Ils se composent de m\u00e9moriaux, de monuments [&hellip;]\" \/>\n<meta property=\"og:url\" content=\"https:\/\/batijournal.com\/index.php\/139-sites-funeraires-et-memoriels-de-la-premiere-guerre-mondiale-inscrits-au-patrimoine-mondial-de-lunesco\/109289\/\" \/>\n<meta property=\"og:site_name\" content=\"Batijournal\" \/>\n<meta property=\"article:published_time\" content=\"2023-09-27T04:22:41+00:00\" \/>\n<meta property=\"og:image\" content=\"https:\/\/batijournal.com\/wp-content\/uploads\/2023\/09\/cimetiere-premier-guerre-mondiale.jpg\" \/>\n\t<meta property=\"og:image:width\" content=\"826\" \/>\n\t<meta property=\"og:image:height\" content=\"620\" \/>\n\t<meta property=\"og:image:type\" content=\"image\/jpeg\" \/>\n<meta name=\"author\" content=\"St\u00e9phane Miget\" \/>\n<meta name=\"twitter:card\" content=\"summary_large_image\" \/>\n<meta name=\"twitter:creator\" content=\"@bati_journal\" \/>\n<meta name=\"twitter:site\" content=\"@bati_journal\" \/>\n<meta name=\"twitter:label1\" content=\"\u00c9crit par\" \/>\n\t<meta name=\"twitter:data1\" content=\"St\u00e9phane Miget\" \/>\n\t<meta name=\"twitter:label2\" content=\"Dur\u00e9e de lecture estim\u00e9e\" \/>\n\t<meta name=\"twitter:data2\" content=\"1 minute\" \/>\n<script type=\"application\/ld+json\" class=\"yoast-schema-graph\">{\"@context\":\"https:\\\/\\\/schema.org\",\"@graph\":[{\"@type\":\"Article\",\"@id\":\"https:\\\/\\\/batijournal.com\\\/index.php\\\/139-sites-funeraires-et-memoriels-de-la-premiere-guerre-mondiale-inscrits-au-patrimoine-mondial-de-lunesco\\\/109289\\\/#article\",\"isPartOf\":{\"@id\":\"https:\\\/\\\/batijournal.com\\\/index.php\\\/139-sites-funeraires-et-memoriels-de-la-premiere-guerre-mondiale-inscrits-au-patrimoine-mondial-de-lunesco\\\/109289\\\/\"},\"author\":{\"name\":\"St\u00e9phane Miget\",\"@id\":\"https:\\\/\\\/batijournal.com\\\/#\\\/schema\\\/person\\\/1dc96ec6957aa1ccb25ebe78bb19f100\"},\"headline\":\"139 sites fun\u00e9raires et m\u00e9moriels de la Premi\u00e8re Guerre mondiale inscrits au patrimoine mondial de l\u2019UNESCO\",\"datePublished\":\"2023-09-27T04:22:41+00:00\",\"mainEntityOfPage\":{\"@id\":\"https:\\\/\\\/batijournal.com\\\/index.php\\\/139-sites-funeraires-et-memoriels-de-la-premiere-guerre-mondiale-inscrits-au-patrimoine-mondial-de-lunesco\\\/109289\\\/\"},\"wordCount\":193,\"image\":{\"@id\":\"https:\\\/\\\/batijournal.com\\\/index.php\\\/139-sites-funeraires-et-memoriels-de-la-premiere-guerre-mondiale-inscrits-au-patrimoine-mondial-de-lunesco\\\/109289\\\/#primaryimage\"},\"thumbnailUrl\":\"https:\\\/\\\/batijournal.com\\\/wp-content\\\/uploads\\\/2023\\\/09\\\/cimetiere-premier-guerre-mondiale.jpg\",\"keywords\":[\"patrimoine mondial de lunesco\",\"unesco\"],\"articleSection\":[\"Actualit\u00e9s\",\"Divers\",\"zz_Actualit\u00e9s - Atrium\",\"zz_Atrium Patrimoine\"],\"inLanguage\":\"fr-FR\"},{\"@type\":\"WebPage\",\"@id\":\"https:\\\/\\\/batijournal.com\\\/index.php\\\/139-sites-funeraires-et-memoriels-de-la-premiere-guerre-mondiale-inscrits-au-patrimoine-mondial-de-lunesco\\\/109289\\\/\",\"url\":\"https:\\\/\\\/batijournal.com\\\/index.php\\\/139-sites-funeraires-et-memoriels-de-la-premiere-guerre-mondiale-inscrits-au-patrimoine-mondial-de-lunesco\\\/109289\\\/\",\"name\":\"139 sites fun\u00e9raires et m\u00e9moriels de la Premi\u00e8re Guerre mondiale inscrits au patrimoine mondial de l\u2019UNESCO\",\"isPartOf\":{\"@id\":\"https:\\\/\\\/batijournal.com\\\/#website\"},\"primaryImageOfPage\":{\"@id\":\"https:\\\/\\\/batijournal.com\\\/index.php\\\/139-sites-funeraires-et-memoriels-de-la-premiere-guerre-mondiale-inscrits-au-patrimoine-mondial-de-lunesco\\\/109289\\\/#primaryimage\"},\"image\":{\"@id\":\"https:\\\/\\\/batijournal.com\\\/index.php\\\/139-sites-funeraires-et-memoriels-de-la-premiere-guerre-mondiale-inscrits-au-patrimoine-mondial-de-lunesco\\\/109289\\\/#primaryimage\"},\"thumbnailUrl\":\"https:\\\/\\\/batijournal.com\\\/wp-content\\\/uploads\\\/2023\\\/09\\\/cimetiere-premier-guerre-mondiale.jpg\",\"datePublished\":\"2023-09-27T04:22:41+00:00\",\"author\":{\"@id\":\"https:\\\/\\\/batijournal.com\\\/#\\\/schema\\\/person\\\/1dc96ec6957aa1ccb25ebe78bb19f100\"},\"breadcrumb\":{\"@id\":\"https:\\\/\\\/batijournal.com\\\/index.php\\\/139-sites-funeraires-et-memoriels-de-la-premiere-guerre-mondiale-inscrits-au-patrimoine-mondial-de-lunesco\\\/109289\\\/#breadcrumb\"},\"inLanguage\":\"fr-FR\",\"potentialAction\":[{\"@type\":\"ReadAction\",\"target\":[\"https:\\\/\\\/batijournal.com\\\/index.php\\\/139-sites-funeraires-et-memoriels-de-la-premiere-guerre-mondiale-inscrits-au-patrimoine-mondial-de-lunesco\\\/109289\\\/\"]}]},{\"@type\":\"ImageObject\",\"inLanguage\":\"fr-FR\",\"@id\":\"https:\\\/\\\/batijournal.com\\\/index.php\\\/139-sites-funeraires-et-memoriels-de-la-premiere-guerre-mondiale-inscrits-au-patrimoine-mondial-de-lunesco\\\/109289\\\/#primaryimage\",\"url\":\"https:\\\/\\\/batijournal.com\\\/wp-content\\\/uploads\\\/2023\\\/09\\\/cimetiere-premier-guerre-mondiale.jpg\",\"contentUrl\":\"https:\\\/\\\/batijournal.com\\\/wp-content\\\/uploads\\\/2023\\\/09\\\/cimetiere-premier-guerre-mondiale.jpg\",\"width\":826,\"height\":620},{\"@type\":\"BreadcrumbList\",\"@id\":\"https:\\\/\\\/batijournal.com\\\/index.php\\\/139-sites-funeraires-et-memoriels-de-la-premiere-guerre-mondiale-inscrits-au-patrimoine-mondial-de-lunesco\\\/109289\\\/#breadcrumb\",\"itemListElement\":[{\"@type\":\"ListItem\",\"position\":1,\"name\":\"Accueil\",\"item\":\"https:\\\/\\\/batijournal.com\\\/\"},{\"@type\":\"ListItem\",\"position\":2,\"name\":\"Actualit\u00e9s\",\"item\":\"https:\\\/\\\/batijournal.com\\\/index.php\\\/category\\\/actualites\\\/\"},{\"@type\":\"ListItem\",\"position\":3,\"name\":\"139 sites fun\u00e9raires et m\u00e9moriels de la Premi\u00e8re Guerre mondiale inscrits au patrimoine mondial de l\u2019UNESCO\"}]},{\"@type\":\"WebSite\",\"@id\":\"https:\\\/\\\/batijournal.com\\\/#website\",\"url\":\"https:\\\/\\\/batijournal.com\\\/\",\"name\":\"Batijournal\",\"description\":\"L&#039;actualit\u00e9 du b\u00e2timent\",\"potentialAction\":[{\"@type\":\"SearchAction\",\"target\":{\"@type\":\"EntryPoint\",\"urlTemplate\":\"https:\\\/\\\/batijournal.com\\\/?s={search_term_string}\"},\"query-input\":{\"@type\":\"PropertyValueSpecification\",\"valueRequired\":true,\"valueName\":\"search_term_string\"}}],\"inLanguage\":\"fr-FR\"},{\"@type\":\"Person\",\"@id\":\"https:\\\/\\\/batijournal.com\\\/#\\\/schema\\\/person\\\/1dc96ec6957aa1ccb25ebe78bb19f100\",\"name\":\"St\u00e9phane Miget\",\"image\":{\"@type\":\"ImageObject\",\"inLanguage\":\"fr-FR\",\"@id\":\"https:\\\/\\\/secure.gravatar.com\\\/avatar\\\/89915563d925342126b8ef0281b93d9d7fc337043e8df017f780908eb9644451?s=96&d=mm&r=g\",\"url\":\"https:\\\/\\\/secure.gravatar.com\\\/avatar\\\/89915563d925342126b8ef0281b93d9d7fc337043e8df017f780908eb9644451?s=96&d=mm&r=g\",\"contentUrl\":\"https:\\\/\\\/secure.gravatar.com\\\/avatar\\\/89915563d925342126b8ef0281b93d9d7fc337043e8df017f780908eb9644451?s=96&d=mm&r=g\",\"caption\":\"St\u00e9phane Miget\"},\"url\":\"https:\\\/\\\/batijournal.com\\\/index.php\\\/author\\\/stephane\\\/\"}]}<\/script>\n<!-- \/ Yoast SEO plugin. -->","yoast_head_json":{"title":"139 sites fun\u00e9raires et m\u00e9moriels de la Premi\u00e8re Guerre mondiale inscrits au patrimoine mondial de l\u2019UNESCO","robots":{"index":"index","follow":"follow","max-snippet":"max-snippet:-1","max-image-preview":"max-image-preview:large","max-video-preview":"max-video-preview:-1"},"canonical":"https:\/\/batijournal.com\/index.php\/139-sites-funeraires-et-memoriels-de-la-premiere-guerre-mondiale-inscrits-au-patrimoine-mondial-de-lunesco\/109289\/","og_locale":"fr_FR","og_type":"article","og_title":"139 sites fun\u00e9raires et m\u00e9moriels de la Premi\u00e8re Guerre mondiale inscrits au patrimoine mondial de l\u2019UNESCO","og_description":"139 sites fun\u00e9raires et m\u00e9moriels fran\u00e7ais, allemands, belges, am\u00e9ricains et du Commonwealth de la Premi\u00e8re Guerre mondiale viennent d&rsquo;\u00eatre inscrits au patrimoine mondial de l\u2019UNESCO. Ces sites s&rsquo;\u00e9tablissent en Flandre et en Wallonie pour la Belgique et, pour la France, dans les r\u00e9gions Hauts-de-France, Ile-de-France et Grand Est. Ils se composent de m\u00e9moriaux, de monuments [&hellip;]","og_url":"https:\/\/batijournal.com\/index.php\/139-sites-funeraires-et-memoriels-de-la-premiere-guerre-mondiale-inscrits-au-patrimoine-mondial-de-lunesco\/109289\/","og_site_name":"Batijournal","article_published_time":"2023-09-27T04:22:41+00:00","og_image":[{"width":826,"height":620,"url":"https:\/\/batijournal.com\/wp-content\/uploads\/2023\/09\/cimetiere-premier-guerre-mondiale.jpg","type":"image\/jpeg"}],"author":"St\u00e9phane Miget","twitter_card":"summary_large_image","twitter_creator":"@bati_journal","twitter_site":"@bati_journal","twitter_misc":{"\u00c9crit par":"St\u00e9phane Miget","Dur\u00e9e de lecture estim\u00e9e":"1 minute"},"schema":{"@context":"https:\/\/schema.org","@graph":[{"@type":"Article","@id":"https:\/\/batijournal.com\/index.php\/139-sites-funeraires-et-memoriels-de-la-premiere-guerre-mondiale-inscrits-au-patrimoine-mondial-de-lunesco\/109289\/#article","isPartOf":{"@id":"https:\/\/batijournal.com\/index.php\/139-sites-funeraires-et-memoriels-de-la-premiere-guerre-mondiale-inscrits-au-patrimoine-mondial-de-lunesco\/109289\/"},"author":{"name":"St\u00e9phane Miget","@id":"https:\/\/batijournal.com\/#\/schema\/person\/1dc96ec6957aa1ccb25ebe78bb19f100"},"headline":"139 sites fun\u00e9raires et m\u00e9moriels de la Premi\u00e8re Guerre mondiale inscrits au patrimoine mondial de l\u2019UNESCO","datePublished":"2023-09-27T04:22:41+00:00","mainEntityOfPage":{"@id":"https:\/\/batijournal.com\/index.php\/139-sites-funeraires-et-memoriels-de-la-premiere-guerre-mondiale-inscrits-au-patrimoine-mondial-de-lunesco\/109289\/"},"wordCount":193,"image":{"@id":"https:\/\/batijournal.com\/index.php\/139-sites-funeraires-et-memoriels-de-la-premiere-guerre-mondiale-inscrits-au-patrimoine-mondial-de-lunesco\/109289\/#primaryimage"},"thumbnailUrl":"https:\/\/batijournal.com\/wp-content\/uploads\/2023\/09\/cimetiere-premier-guerre-mondiale.jpg","keywords":["patrimoine mondial de lunesco","unesco"],"articleSection":["Actualit\u00e9s","Divers","zz_Actualit\u00e9s - Atrium","zz_Atrium Patrimoine"],"inLanguage":"fr-FR"},{"@type":"WebPage","@id":"https:\/\/batijournal.com\/index.php\/139-sites-funeraires-et-memoriels-de-la-premiere-guerre-mondiale-inscrits-au-patrimoine-mondial-de-lunesco\/109289\/","url":"https:\/\/batijournal.com\/index.php\/139-sites-funeraires-et-memoriels-de-la-premiere-guerre-mondiale-inscrits-au-patrimoine-mondial-de-lunesco\/109289\/","name":"139 sites fun\u00e9raires et m\u00e9moriels de la Premi\u00e8re Guerre mondiale inscrits au patrimoine mondial de l\u2019UNESCO","isPartOf":{"@id":"https:\/\/batijournal.com\/#website"},"primaryImageOfPage":{"@id":"https:\/\/batijournal.com\/index.php\/139-sites-funeraires-et-memoriels-de-la-premiere-guerre-mondiale-inscrits-au-patrimoine-mondial-de-lunesco\/109289\/#primaryimage"},"image":{"@id":"https:\/\/batijournal.com\/index.php\/139-sites-funeraires-et-memoriels-de-la-premiere-guerre-mondiale-inscrits-au-patrimoine-mondial-de-lunesco\/109289\/#primaryimage"},"thumbnailUrl":"https:\/\/batijournal.com\/wp-content\/uploads\/2023\/09\/cimetiere-premier-guerre-mondiale.jpg","datePublished":"2023-09-27T04:22:41+00:00","author":{"@id":"https:\/\/batijournal.com\/#\/schema\/person\/1dc96ec6957aa1ccb25ebe78bb19f100"},"breadcrumb":{"@id":"https:\/\/batijournal.com\/index.php\/139-sites-funeraires-et-memoriels-de-la-premiere-guerre-mondiale-inscrits-au-patrimoine-mondial-de-lunesco\/109289\/#breadcrumb"},"inLanguage":"fr-FR","potentialAction":[{"@type":"ReadAction","target":["https:\/\/batijournal.com\/index.php\/139-sites-funeraires-et-memoriels-de-la-premiere-guerre-mondiale-inscrits-au-patrimoine-mondial-de-lunesco\/109289\/"]}]},{"@type":"ImageObject","inLanguage":"fr-FR","@id":"https:\/\/batijournal.com\/index.php\/139-sites-funeraires-et-memoriels-de-la-premiere-guerre-mondiale-inscrits-au-patrimoine-mondial-de-lunesco\/109289\/#primaryimage","url":"https:\/\/batijournal.com\/wp-content\/uploads\/2023\/09\/cimetiere-premier-guerre-mondiale.jpg","contentUrl":"https:\/\/batijournal.com\/wp-content\/uploads\/2023\/09\/cimetiere-premier-guerre-mondiale.jpg","width":826,"height":620},{"@type":"BreadcrumbList","@id":"https:\/\/batijournal.com\/index.php\/139-sites-funeraires-et-memoriels-de-la-premiere-guerre-mondiale-inscrits-au-patrimoine-mondial-de-lunesco\/109289\/#breadcrumb","itemListElement":[{"@type":"ListItem","position":1,"name":"Accueil","item":"https:\/\/batijournal.com\/"},{"@type":"ListItem","position":2,"name":"Actualit\u00e9s","item":"https:\/\/batijournal.com\/index.php\/category\/actualites\/"},{"@type":"ListItem","position":3,"name":"139 sites fun\u00e9raires et m\u00e9moriels de la Premi\u00e8re Guerre mondiale inscrits au patrimoine mondial de l\u2019UNESCO"}]},{"@type":"WebSite","@id":"https:\/\/batijournal.com\/#website","url":"https:\/\/batijournal.com\/","name":"Batijournal","description":"L&#039;actualit\u00e9 du b\u00e2timent","potentialAction":[{"@type":"SearchAction","target":{"@type":"EntryPoint","urlTemplate":"https:\/\/batijournal.com\/?s={search_term_string}"},"query-input":{"@type":"PropertyValueSpecification","valueRequired":true,"valueName":"search_term_string"}}],"inLanguage":"fr-FR"},{"@type":"Person","@id":"https:\/\/batijournal.com\/#\/schema\/person\/1dc96ec6957aa1ccb25ebe78bb19f100","name":"St\u00e9phane Miget","image":{"@type":"ImageObject","inLanguage":"fr-FR","@id":"https:\/\/secure.gravatar.com\/avatar\/89915563d925342126b8ef0281b93d9d7fc337043e8df017f780908eb9644451?s=96&d=mm&r=g","url":"https:\/\/secure.gravatar.com\/avatar\/89915563d925342126b8ef0281b93d9d7fc337043e8df017f780908eb9644451?s=96&d=mm&r=g","contentUrl":"https:\/\/secure.gravatar.com\/avatar\/89915563d925342126b8ef0281b93d9d7fc337043e8df017f780908eb9644451?s=96&d=mm&r=g","caption":"St\u00e9phane Miget"},"url":"https:\/\/batijournal.com\/index.php\/author\/stephane\/"}]}},"_links":{"self":[{"href":"https:\/\/batijournal.com\/index.php\/wp-json\/wp\/v2\/posts\/109289","targetHints":{"allow":["GET"]}}],"collection":[{"href":"https:\/\/batijournal.com\/index.php\/wp-json\/wp\/v2\/posts"}],"about":[{"href":"https:\/\/batijournal.com\/index.php\/wp-json\/wp\/v2\/types\/post"}],"author":[{"embeddable":true,"href":"https:\/\/batijournal.com\/index.php\/wp-json\/wp\/v2\/users\/17"}],"replies":[{"embeddable":true,"href":"https:\/\/batijournal.com\/index.php\/wp-json\/wp\/v2\/comments?post=109289"}],"version-history":[{"count":0,"href":"https:\/\/batijournal.com\/index.php\/wp-json\/wp\/v2\/posts\/109289\/revisions"}],"wp:featuredmedia":[{"embeddable":true,"href":"https:\/\/batijournal.com\/index.php\/wp-json\/wp\/v2\/media\/109290"}],"wp:attachment":[{"href":"https:\/\/batijournal.com\/index.php\/wp-json\/wp\/v2\/media?parent=109289"}],"wp:term":[{"taxonomy":"category","embeddable":true,"href":"https:\/\/batijournal.com\/index.php\/wp-json\/wp\/v2\/categories?post=109289"},{"taxonomy":"post_tag","embeddable":true,"href":"https:\/\/batijournal.com\/index.php\/wp-json\/wp\/v2\/tags?post=109289"}],"curies":[{"name":"wp","href":"https:\/\/api.w.org\/{rel}","templated":true}]}}