{"id":109291,"date":"2023-09-27T06:31:25","date_gmt":"2023-09-27T04:31:25","guid":{"rendered":"https:\/\/batijournal.com\/?p=109291"},"modified":"2023-09-27T06:31:25","modified_gmt":"2023-09-27T04:31:25","slug":"visite-virtuelle-avant-et-apres-restauration-de-la-cathedrale-saint-jean-de-lyon","status":"publish","type":"post","link":"https:\/\/batijournal.com\/index.php\/visite-virtuelle-avant-et-apres-restauration-de-la-cathedrale-saint-jean-de-lyon\/109291\/","title":{"rendered":"Visite virtuelle avant et apr\u00e8s restauration de la cath\u00e9drale Saint-Jean de Lyon"},"content":{"rendered":"<p>Une toute nouvelle visite virtuelle permet de comparer l&rsquo;\u00e9tat avant et apr\u00e8s restauration des int\u00e9rieurs de la primatiale Saint-Jean de Lyon o\u00f9 la DRAC Auvergne-Rh\u00f4ne-Alpes m\u00e8ne, depuis 2012, d\u2019importants travaux de restauration. Le chantier de restauration est men\u00e9, sous la ma\u00eetrise d&rsquo;ouvrage de l\u2019\u00c9tat, propri\u00e9taire du monument et sous la ma\u00eetrise d\u2019\u0153uvre de Didier Repellin, puis de Fran\u00e7ois Botton, architectes en chef des monuments historiques. La restauration des fa\u00e7ades ext\u00e9rieures s&rsquo;est achev\u00e9e en octobre 2011. Les travaux sur les espaces int\u00e9rieurs, d\u00e9but\u00e9s en 2012 par le ch\u0153ur, se sont poursuivis par le transept. En 2014 ont commenc\u00e9 les travaux de restauration de la nef. La premi\u00e8re trav\u00e9e a \u00e9t\u00e9 achev\u00e9e en 2017, et les travaux vont se continuer dans les trois trav\u00e9es suivantes, puis les bas-c\u00f4t\u00e9s et les chapelles lat\u00e9rales. Parall\u00e8lement, le mobilier de la cath\u00e9drale s\u2019est modernis\u00e9. La designer fran\u00e7aise Andr\u00e9e Putman a dessin\u00e9 de nouveaux luminaires, install\u00e9s en 2007 dans les grandes arcades, et un ambon install\u00e9 en d\u00e9cembre 2015. De nouveaux vitraux ont \u00e9t\u00e9 install\u00e9s dans les baies hautes du transept suite \u00e0 un concours lanc\u00e9 en 2013. L\u2019orgue dit \u00ab Bossan \u00bb, construit par Daublaine en 1841 et install\u00e9 en 1936 dans le transept sud, a \u00e9t\u00e9 r\u00e9install\u00e9 dans la premi\u00e8re trav\u00e9e de la nef en septembre 2022.<\/p>\n<p><a href=\"https:\/\/www.visitesvirtuelles-lyon.com\/cathedraleStJean\/\">https:\/\/www.visitesvirtuelles-lyon.com\/cathedraleStJean\/<\/a><\/p>\n<p>&nbsp;<\/p>\n","protected":false},"excerpt":{"rendered":"<p>Une toute nouvelle visite virtuelle permet de comparer l&rsquo;\u00e9tat avant et apr\u00e8s restauration des int\u00e9rieurs de la primatiale Saint-Jean de Lyon o\u00f9 la DRAC Auvergne-Rh\u00f4ne-Alpes m\u00e8ne, depuis 2012, d\u2019importants travaux de restauration. Le chantier de restauration est men\u00e9, sous la ma\u00eetrise d&rsquo;ouvrage de l\u2019\u00c9tat, propri\u00e9taire du monument et sous la ma\u00eetrise d\u2019\u0153uvre de Didier Repellin, [&hellip;]<\/p>\n","protected":false},"author":17,"featured_media":109292,"comment_status":"closed","ping_status":"closed","sticky":false,"template":"","format":"standard","meta":{"_et_pb_use_builder":"","_et_pb_old_content":"","_et_gb_content_width":"","footnotes":""},"categories":[10530,6340,10789,10785],"tags":[6758,9335,863],"class_list":["post-109291","post","type-post","status-publish","format-standard","has-post-thumbnail","hentry","category-actualites","category-architecture-conception","category-publications-atrium","category-atrium","tag-cathedrale","tag-realite-virtuelle","tag-visite"],"yoast_head":"<!-- This site is optimized with the Yoast SEO plugin v27.4 - https:\/\/yoast.com\/product\/yoast-seo-wordpress\/ -->\n<title>Visite virtuelle avant et apr\u00e8s restauration de la cath\u00e9drale Saint-Jean de Lyon<\/title>\n<meta name=\"robots\" content=\"index, follow, max-snippet:-1, max-image-preview:large, max-video-preview:-1\" \/>\n<link rel=\"canonical\" href=\"https:\/\/batijournal.com\/index.php\/visite-virtuelle-avant-et-apres-restauration-de-la-cathedrale-saint-jean-de-lyon\/109291\/\" \/>\n<meta property=\"og:locale\" content=\"fr_FR\" \/>\n<meta property=\"og:type\" content=\"article\" \/>\n<meta property=\"og:title\" content=\"Visite virtuelle avant et apr\u00e8s restauration de la cath\u00e9drale Saint-Jean de Lyon\" \/>\n<meta property=\"og:description\" content=\"Une toute nouvelle visite virtuelle permet de comparer l&rsquo;\u00e9tat avant et apr\u00e8s restauration des int\u00e9rieurs de la primatiale Saint-Jean de Lyon o\u00f9 la DRAC Auvergne-Rh\u00f4ne-Alpes m\u00e8ne, depuis 2012, d\u2019importants travaux de restauration. Le chantier de restauration est men\u00e9, sous la ma\u00eetrise d&rsquo;ouvrage de l\u2019\u00c9tat, propri\u00e9taire du monument et sous la ma\u00eetrise d\u2019\u0153uvre de Didier Repellin, [&hellip;]\" \/>\n<meta property=\"og:url\" content=\"https:\/\/batijournal.com\/index.php\/visite-virtuelle-avant-et-apres-restauration-de-la-cathedrale-saint-jean-de-lyon\/109291\/\" \/>\n<meta property=\"og:site_name\" content=\"Batijournal\" \/>\n<meta property=\"article:published_time\" content=\"2023-09-27T04:31:25+00:00\" \/>\n<meta property=\"og:image\" content=\"https:\/\/batijournal.com\/wp-content\/uploads\/2023\/09\/visite-virtuelle-cathedrale-de-lyon.png\" \/>\n\t<meta property=\"og:image:width\" content=\"1313\" \/>\n\t<meta property=\"og:image:height\" content=\"728\" \/>\n\t<meta property=\"og:image:type\" content=\"image\/png\" \/>\n<meta name=\"author\" content=\"St\u00e9phane Miget\" \/>\n<meta name=\"twitter:card\" content=\"summary_large_image\" \/>\n<meta name=\"twitter:creator\" content=\"@bati_journal\" \/>\n<meta name=\"twitter:site\" content=\"@bati_journal\" \/>\n<meta name=\"twitter:label1\" content=\"\u00c9crit par\" \/>\n\t<meta name=\"twitter:data1\" content=\"St\u00e9phane Miget\" \/>\n\t<meta name=\"twitter:label2\" content=\"Dur\u00e9e de lecture estim\u00e9e\" \/>\n\t<meta name=\"twitter:data2\" content=\"1 minute\" \/>\n<script type=\"application\/ld+json\" class=\"yoast-schema-graph\">{\"@context\":\"https:\\\/\\\/schema.org\",\"@graph\":[{\"@type\":\"Article\",\"@id\":\"https:\\\/\\\/batijournal.com\\\/index.php\\\/visite-virtuelle-avant-et-apres-restauration-de-la-cathedrale-saint-jean-de-lyon\\\/109291\\\/#article\",\"isPartOf\":{\"@id\":\"https:\\\/\\\/batijournal.com\\\/index.php\\\/visite-virtuelle-avant-et-apres-restauration-de-la-cathedrale-saint-jean-de-lyon\\\/109291\\\/\"},\"author\":{\"name\":\"St\u00e9phane Miget\",\"@id\":\"https:\\\/\\\/batijournal.com\\\/#\\\/schema\\\/person\\\/1dc96ec6957aa1ccb25ebe78bb19f100\"},\"headline\":\"Visite virtuelle avant et apr\u00e8s restauration de la cath\u00e9drale Saint-Jean de Lyon\",\"datePublished\":\"2023-09-27T04:31:25+00:00\",\"mainEntityOfPage\":{\"@id\":\"https:\\\/\\\/batijournal.com\\\/index.php\\\/visite-virtuelle-avant-et-apres-restauration-de-la-cathedrale-saint-jean-de-lyon\\\/109291\\\/\"},\"wordCount\":258,\"image\":{\"@id\":\"https:\\\/\\\/batijournal.com\\\/index.php\\\/visite-virtuelle-avant-et-apres-restauration-de-la-cathedrale-saint-jean-de-lyon\\\/109291\\\/#primaryimage\"},\"thumbnailUrl\":\"https:\\\/\\\/batijournal.com\\\/wp-content\\\/uploads\\\/2023\\\/09\\\/visite-virtuelle-cathedrale-de-lyon.png\",\"keywords\":[\"cathedrale\",\"realite virtuelle\",\"visite\"],\"articleSection\":[\"Actualit\u00e9s\",\"Architecture &amp; Conception\",\"zz_Actualit\u00e9s - Atrium\",\"zz_Atrium Patrimoine\"],\"inLanguage\":\"fr-FR\"},{\"@type\":\"WebPage\",\"@id\":\"https:\\\/\\\/batijournal.com\\\/index.php\\\/visite-virtuelle-avant-et-apres-restauration-de-la-cathedrale-saint-jean-de-lyon\\\/109291\\\/\",\"url\":\"https:\\\/\\\/batijournal.com\\\/index.php\\\/visite-virtuelle-avant-et-apres-restauration-de-la-cathedrale-saint-jean-de-lyon\\\/109291\\\/\",\"name\":\"Visite virtuelle avant et apr\u00e8s restauration de la cath\u00e9drale Saint-Jean de Lyon\",\"isPartOf\":{\"@id\":\"https:\\\/\\\/batijournal.com\\\/#website\"},\"primaryImageOfPage\":{\"@id\":\"https:\\\/\\\/batijournal.com\\\/index.php\\\/visite-virtuelle-avant-et-apres-restauration-de-la-cathedrale-saint-jean-de-lyon\\\/109291\\\/#primaryimage\"},\"image\":{\"@id\":\"https:\\\/\\\/batijournal.com\\\/index.php\\\/visite-virtuelle-avant-et-apres-restauration-de-la-cathedrale-saint-jean-de-lyon\\\/109291\\\/#primaryimage\"},\"thumbnailUrl\":\"https:\\\/\\\/batijournal.com\\\/wp-content\\\/uploads\\\/2023\\\/09\\\/visite-virtuelle-cathedrale-de-lyon.png\",\"datePublished\":\"2023-09-27T04:31:25+00:00\",\"author\":{\"@id\":\"https:\\\/\\\/batijournal.com\\\/#\\\/schema\\\/person\\\/1dc96ec6957aa1ccb25ebe78bb19f100\"},\"breadcrumb\":{\"@id\":\"https:\\\/\\\/batijournal.com\\\/index.php\\\/visite-virtuelle-avant-et-apres-restauration-de-la-cathedrale-saint-jean-de-lyon\\\/109291\\\/#breadcrumb\"},\"inLanguage\":\"fr-FR\",\"potentialAction\":[{\"@type\":\"ReadAction\",\"target\":[\"https:\\\/\\\/batijournal.com\\\/index.php\\\/visite-virtuelle-avant-et-apres-restauration-de-la-cathedrale-saint-jean-de-lyon\\\/109291\\\/\"]}]},{\"@type\":\"ImageObject\",\"inLanguage\":\"fr-FR\",\"@id\":\"https:\\\/\\\/batijournal.com\\\/index.php\\\/visite-virtuelle-avant-et-apres-restauration-de-la-cathedrale-saint-jean-de-lyon\\\/109291\\\/#primaryimage\",\"url\":\"https:\\\/\\\/batijournal.com\\\/wp-content\\\/uploads\\\/2023\\\/09\\\/visite-virtuelle-cathedrale-de-lyon.png\",\"contentUrl\":\"https:\\\/\\\/batijournal.com\\\/wp-content\\\/uploads\\\/2023\\\/09\\\/visite-virtuelle-cathedrale-de-lyon.png\",\"width\":1313,\"height\":728},{\"@type\":\"BreadcrumbList\",\"@id\":\"https:\\\/\\\/batijournal.com\\\/index.php\\\/visite-virtuelle-avant-et-apres-restauration-de-la-cathedrale-saint-jean-de-lyon\\\/109291\\\/#breadcrumb\",\"itemListElement\":[{\"@type\":\"ListItem\",\"position\":1,\"name\":\"Accueil\",\"item\":\"https:\\\/\\\/batijournal.com\\\/\"},{\"@type\":\"ListItem\",\"position\":2,\"name\":\"Actualit\u00e9s\",\"item\":\"https:\\\/\\\/batijournal.com\\\/index.php\\\/category\\\/actualites\\\/\"},{\"@type\":\"ListItem\",\"position\":3,\"name\":\"Visite virtuelle avant et apr\u00e8s restauration de la cath\u00e9drale Saint-Jean de Lyon\"}]},{\"@type\":\"WebSite\",\"@id\":\"https:\\\/\\\/batijournal.com\\\/#website\",\"url\":\"https:\\\/\\\/batijournal.com\\\/\",\"name\":\"Batijournal\",\"description\":\"L&#039;actualit\u00e9 du b\u00e2timent\",\"potentialAction\":[{\"@type\":\"SearchAction\",\"target\":{\"@type\":\"EntryPoint\",\"urlTemplate\":\"https:\\\/\\\/batijournal.com\\\/?s={search_term_string}\"},\"query-input\":{\"@type\":\"PropertyValueSpecification\",\"valueRequired\":true,\"valueName\":\"search_term_string\"}}],\"inLanguage\":\"fr-FR\"},{\"@type\":\"Person\",\"@id\":\"https:\\\/\\\/batijournal.com\\\/#\\\/schema\\\/person\\\/1dc96ec6957aa1ccb25ebe78bb19f100\",\"name\":\"St\u00e9phane Miget\",\"image\":{\"@type\":\"ImageObject\",\"inLanguage\":\"fr-FR\",\"@id\":\"https:\\\/\\\/secure.gravatar.com\\\/avatar\\\/89915563d925342126b8ef0281b93d9d7fc337043e8df017f780908eb9644451?s=96&d=mm&r=g\",\"url\":\"https:\\\/\\\/secure.gravatar.com\\\/avatar\\\/89915563d925342126b8ef0281b93d9d7fc337043e8df017f780908eb9644451?s=96&d=mm&r=g\",\"contentUrl\":\"https:\\\/\\\/secure.gravatar.com\\\/avatar\\\/89915563d925342126b8ef0281b93d9d7fc337043e8df017f780908eb9644451?s=96&d=mm&r=g\",\"caption\":\"St\u00e9phane Miget\"},\"url\":\"https:\\\/\\\/batijournal.com\\\/index.php\\\/author\\\/stephane\\\/\"}]}<\/script>\n<!-- \/ Yoast SEO plugin. -->","yoast_head_json":{"title":"Visite virtuelle avant et apr\u00e8s restauration de la cath\u00e9drale Saint-Jean de Lyon","robots":{"index":"index","follow":"follow","max-snippet":"max-snippet:-1","max-image-preview":"max-image-preview:large","max-video-preview":"max-video-preview:-1"},"canonical":"https:\/\/batijournal.com\/index.php\/visite-virtuelle-avant-et-apres-restauration-de-la-cathedrale-saint-jean-de-lyon\/109291\/","og_locale":"fr_FR","og_type":"article","og_title":"Visite virtuelle avant et apr\u00e8s restauration de la cath\u00e9drale Saint-Jean de Lyon","og_description":"Une toute nouvelle visite virtuelle permet de comparer l&rsquo;\u00e9tat avant et apr\u00e8s restauration des int\u00e9rieurs de la primatiale Saint-Jean de Lyon o\u00f9 la DRAC Auvergne-Rh\u00f4ne-Alpes m\u00e8ne, depuis 2012, d\u2019importants travaux de restauration. Le chantier de restauration est men\u00e9, sous la ma\u00eetrise d&rsquo;ouvrage de l\u2019\u00c9tat, propri\u00e9taire du monument et sous la ma\u00eetrise d\u2019\u0153uvre de Didier Repellin, [&hellip;]","og_url":"https:\/\/batijournal.com\/index.php\/visite-virtuelle-avant-et-apres-restauration-de-la-cathedrale-saint-jean-de-lyon\/109291\/","og_site_name":"Batijournal","article_published_time":"2023-09-27T04:31:25+00:00","og_image":[{"width":1313,"height":728,"url":"https:\/\/batijournal.com\/wp-content\/uploads\/2023\/09\/visite-virtuelle-cathedrale-de-lyon.png","type":"image\/png"}],"author":"St\u00e9phane Miget","twitter_card":"summary_large_image","twitter_creator":"@bati_journal","twitter_site":"@bati_journal","twitter_misc":{"\u00c9crit par":"St\u00e9phane Miget","Dur\u00e9e de lecture estim\u00e9e":"1 minute"},"schema":{"@context":"https:\/\/schema.org","@graph":[{"@type":"Article","@id":"https:\/\/batijournal.com\/index.php\/visite-virtuelle-avant-et-apres-restauration-de-la-cathedrale-saint-jean-de-lyon\/109291\/#article","isPartOf":{"@id":"https:\/\/batijournal.com\/index.php\/visite-virtuelle-avant-et-apres-restauration-de-la-cathedrale-saint-jean-de-lyon\/109291\/"},"author":{"name":"St\u00e9phane Miget","@id":"https:\/\/batijournal.com\/#\/schema\/person\/1dc96ec6957aa1ccb25ebe78bb19f100"},"headline":"Visite virtuelle avant et apr\u00e8s restauration de la cath\u00e9drale Saint-Jean de Lyon","datePublished":"2023-09-27T04:31:25+00:00","mainEntityOfPage":{"@id":"https:\/\/batijournal.com\/index.php\/visite-virtuelle-avant-et-apres-restauration-de-la-cathedrale-saint-jean-de-lyon\/109291\/"},"wordCount":258,"image":{"@id":"https:\/\/batijournal.com\/index.php\/visite-virtuelle-avant-et-apres-restauration-de-la-cathedrale-saint-jean-de-lyon\/109291\/#primaryimage"},"thumbnailUrl":"https:\/\/batijournal.com\/wp-content\/uploads\/2023\/09\/visite-virtuelle-cathedrale-de-lyon.png","keywords":["cathedrale","realite virtuelle","visite"],"articleSection":["Actualit\u00e9s","Architecture &amp; Conception","zz_Actualit\u00e9s - Atrium","zz_Atrium Patrimoine"],"inLanguage":"fr-FR"},{"@type":"WebPage","@id":"https:\/\/batijournal.com\/index.php\/visite-virtuelle-avant-et-apres-restauration-de-la-cathedrale-saint-jean-de-lyon\/109291\/","url":"https:\/\/batijournal.com\/index.php\/visite-virtuelle-avant-et-apres-restauration-de-la-cathedrale-saint-jean-de-lyon\/109291\/","name":"Visite virtuelle avant et apr\u00e8s restauration de la cath\u00e9drale Saint-Jean de Lyon","isPartOf":{"@id":"https:\/\/batijournal.com\/#website"},"primaryImageOfPage":{"@id":"https:\/\/batijournal.com\/index.php\/visite-virtuelle-avant-et-apres-restauration-de-la-cathedrale-saint-jean-de-lyon\/109291\/#primaryimage"},"image":{"@id":"https:\/\/batijournal.com\/index.php\/visite-virtuelle-avant-et-apres-restauration-de-la-cathedrale-saint-jean-de-lyon\/109291\/#primaryimage"},"thumbnailUrl":"https:\/\/batijournal.com\/wp-content\/uploads\/2023\/09\/visite-virtuelle-cathedrale-de-lyon.png","datePublished":"2023-09-27T04:31:25+00:00","author":{"@id":"https:\/\/batijournal.com\/#\/schema\/person\/1dc96ec6957aa1ccb25ebe78bb19f100"},"breadcrumb":{"@id":"https:\/\/batijournal.com\/index.php\/visite-virtuelle-avant-et-apres-restauration-de-la-cathedrale-saint-jean-de-lyon\/109291\/#breadcrumb"},"inLanguage":"fr-FR","potentialAction":[{"@type":"ReadAction","target":["https:\/\/batijournal.com\/index.php\/visite-virtuelle-avant-et-apres-restauration-de-la-cathedrale-saint-jean-de-lyon\/109291\/"]}]},{"@type":"ImageObject","inLanguage":"fr-FR","@id":"https:\/\/batijournal.com\/index.php\/visite-virtuelle-avant-et-apres-restauration-de-la-cathedrale-saint-jean-de-lyon\/109291\/#primaryimage","url":"https:\/\/batijournal.com\/wp-content\/uploads\/2023\/09\/visite-virtuelle-cathedrale-de-lyon.png","contentUrl":"https:\/\/batijournal.com\/wp-content\/uploads\/2023\/09\/visite-virtuelle-cathedrale-de-lyon.png","width":1313,"height":728},{"@type":"BreadcrumbList","@id":"https:\/\/batijournal.com\/index.php\/visite-virtuelle-avant-et-apres-restauration-de-la-cathedrale-saint-jean-de-lyon\/109291\/#breadcrumb","itemListElement":[{"@type":"ListItem","position":1,"name":"Accueil","item":"https:\/\/batijournal.com\/"},{"@type":"ListItem","position":2,"name":"Actualit\u00e9s","item":"https:\/\/batijournal.com\/index.php\/category\/actualites\/"},{"@type":"ListItem","position":3,"name":"Visite virtuelle avant et apr\u00e8s restauration de la cath\u00e9drale Saint-Jean de Lyon"}]},{"@type":"WebSite","@id":"https:\/\/batijournal.com\/#website","url":"https:\/\/batijournal.com\/","name":"Batijournal","description":"L&#039;actualit\u00e9 du b\u00e2timent","potentialAction":[{"@type":"SearchAction","target":{"@type":"EntryPoint","urlTemplate":"https:\/\/batijournal.com\/?s={search_term_string}"},"query-input":{"@type":"PropertyValueSpecification","valueRequired":true,"valueName":"search_term_string"}}],"inLanguage":"fr-FR"},{"@type":"Person","@id":"https:\/\/batijournal.com\/#\/schema\/person\/1dc96ec6957aa1ccb25ebe78bb19f100","name":"St\u00e9phane Miget","image":{"@type":"ImageObject","inLanguage":"fr-FR","@id":"https:\/\/secure.gravatar.com\/avatar\/89915563d925342126b8ef0281b93d9d7fc337043e8df017f780908eb9644451?s=96&d=mm&r=g","url":"https:\/\/secure.gravatar.com\/avatar\/89915563d925342126b8ef0281b93d9d7fc337043e8df017f780908eb9644451?s=96&d=mm&r=g","contentUrl":"https:\/\/secure.gravatar.com\/avatar\/89915563d925342126b8ef0281b93d9d7fc337043e8df017f780908eb9644451?s=96&d=mm&r=g","caption":"St\u00e9phane Miget"},"url":"https:\/\/batijournal.com\/index.php\/author\/stephane\/"}]}},"_links":{"self":[{"href":"https:\/\/batijournal.com\/index.php\/wp-json\/wp\/v2\/posts\/109291","targetHints":{"allow":["GET"]}}],"collection":[{"href":"https:\/\/batijournal.com\/index.php\/wp-json\/wp\/v2\/posts"}],"about":[{"href":"https:\/\/batijournal.com\/index.php\/wp-json\/wp\/v2\/types\/post"}],"author":[{"embeddable":true,"href":"https:\/\/batijournal.com\/index.php\/wp-json\/wp\/v2\/users\/17"}],"replies":[{"embeddable":true,"href":"https:\/\/batijournal.com\/index.php\/wp-json\/wp\/v2\/comments?post=109291"}],"version-history":[{"count":0,"href":"https:\/\/batijournal.com\/index.php\/wp-json\/wp\/v2\/posts\/109291\/revisions"}],"wp:featuredmedia":[{"embeddable":true,"href":"https:\/\/batijournal.com\/index.php\/wp-json\/wp\/v2\/media\/109292"}],"wp:attachment":[{"href":"https:\/\/batijournal.com\/index.php\/wp-json\/wp\/v2\/media?parent=109291"}],"wp:term":[{"taxonomy":"category","embeddable":true,"href":"https:\/\/batijournal.com\/index.php\/wp-json\/wp\/v2\/categories?post=109291"},{"taxonomy":"post_tag","embeddable":true,"href":"https:\/\/batijournal.com\/index.php\/wp-json\/wp\/v2\/tags?post=109291"}],"curies":[{"name":"wp","href":"https:\/\/api.w.org\/{rel}","templated":true}]}}