{"id":109297,"date":"2023-09-28T09:15:24","date_gmt":"2023-09-28T07:15:24","guid":{"rendered":"https:\/\/batijournal.com\/?p=109297"},"modified":"2023-09-28T09:15:24","modified_gmt":"2023-09-28T07:15:24","slug":"manufacture-des-tabacs-de-strasbourg-les-toitures-terrasses-verdissent-le-monument-historique","status":"publish","type":"post","link":"https:\/\/batijournal.com\/index.php\/manufacture-des-tabacs-de-strasbourg-les-toitures-terrasses-verdissent-le-monument-historique\/109297\/","title":{"rendered":"Manufacture des tabacs de Strasbourg : les toitures terrasses verdissent le monument historique"},"content":{"rendered":"<p>L\u2019ancienne Manufacture des Tabacs de Strasbourg a \u00e9t\u00e9 construite entre 1849 et 1852. Ferm\u00e9e en 2010 puis inscrite aux Monuments Historiques fin 2016, elle vient de faire l\u2019objet d\u2019un projet de reconversion compl\u00e8te. La Sers (Soci\u00e9t\u00e9 d\u2019am\u00e9nagement et d\u2019\u00e9quipement de la r\u00e9gion de Strasbourg), qui a acquis le b\u00e2timent en 2015, avait pour ambition de cr\u00e9er un \u00e9cosyst\u00e8me innovant et cr\u00e9atif, centr\u00e9 sur la jeunesse, les arts, les sciences et l\u2019exp\u00e9rimentation, tout en conservant une continuit\u00e9 avec le patrimoine industriel du lieu. Un v\u00e9ritable d\u00e9fi \u00e0 relever pour ce programme d\u2019envergure de 21 500 m2, situ\u00e9 au c\u0153ur du quartier de la Krutenau, entre l\u2019hypercentre historique et le Campus Universitaire de l\u2019Esplanade. L\u2019un des enjeux de la r\u00e9habilitation \u00e9tait de travailler sur les espaces paysagers afin d\u2019apporter de la nuance \u00e0 ce b\u00e2timent imposant et tr\u00e8s min\u00e9ral. Les r\u00e9seaux \u00e9tant nombreux au sol, il n\u2019\u00e9tait pas envisageable d\u2019y planter des arbres. La Sers, l\u2019Atelier Matthieu Buisson et l\u2019agence d\u2019architecture associ\u00e9e G\u00e9n\u00e9rale ont donc pris le parti d\u2019investir les toits terrasses, en particulier ceux du b\u00e2timent central, d\u2019une superficie de 1 570 m2. Ils ont fait appel \u00e0 l\u2019agence SOPREMA Entreprises de Strasbourg qui a r\u00e9alis\u00e9 les toitures v\u00e9g\u00e9talis\u00e9es apr\u00e8s avoir entrepris la r\u00e9fection d\u2019\u00e9tanch\u00e9it\u00e9 sur support b\u00e9ton, avec arrachage du complexe existant. Un syst\u00e8me isolation en polyur\u00e9thane (190 mm d\u2019\u00e9paisseur), pare-vapeur et \u00e9tanch\u00e9it\u00e9 bicouche anti-racine a \u00e9t\u00e9 pr\u00e9conis\u00e9 par son bureau d\u2019\u00e9tudes. L\u2019agence SOPREMA Entreprises de Strasbourg a ensuite recouvert ce complexe isolation\/\u00e9tanch\u00e9it\u00e9 avec diff\u00e9rents types de protection lourde : 715 m2 de v\u00e9g\u00e9talisation semi-intensive, 252 m2 de toiture potag\u00e8re pour cultiver fruits et l\u00e9gumes et favoriser le circuit court du restaurant comme demand\u00e9 par La Sers, 341 m2 de platelages bois sur plots pour la terrasse du restaurant et 177 m2 de graviers sur deux terrasses. L\u2019un des points techniques \u00e9tait \u00e9galement de remplacer les descentes d\u2019eaux pluviales et d\u2019installer le nouveau complexe isolation\/\u00e9tanch\u00e9it\u00e9 tout en conservant les bandes de rive en zinc existantes. Cette 5\u00e8me fa\u00e7ade, l\u00e9g\u00e8rement en contrebas, offre une vue verdoyante, quel que soit l\u2019endroit o\u00f9 l\u2019on se trouve dans le b\u00e2timent principal p\u00e9riph\u00e9rique. Elle participe \u00e9galement \u00e0 la r\u00e9duction des \u00eelots de chaleur en milieu urbain.<\/p>\n<p>&nbsp;<\/p>\n<p>Photo : Vincent Eschmann<\/p>\n<p>&nbsp;<\/p>\n","protected":false},"excerpt":{"rendered":"<p>L\u2019ancienne Manufacture des Tabacs de Strasbourg a \u00e9t\u00e9 construite entre 1849 et 1852. Ferm\u00e9e en 2010 puis inscrite aux Monuments Historiques fin 2016, elle vient de faire l\u2019objet d\u2019un projet de reconversion compl\u00e8te. La Sers (Soci\u00e9t\u00e9 d\u2019am\u00e9nagement et d\u2019\u00e9quipement de la r\u00e9gion de Strasbourg), qui a acquis le b\u00e2timent en 2015, avait pour ambition de [&hellip;]<\/p>\n","protected":false},"author":17,"featured_media":109298,"comment_status":"closed","ping_status":"closed","sticky":false,"template":"","format":"standard","meta":{"_et_pb_use_builder":"","_et_pb_old_content":"","_et_gb_content_width":"","footnotes":""},"categories":[10530,6340,10771,10775],"tags":[393,5545],"class_list":["post-109297","post","type-post","status-publish","format-standard","has-post-thumbnail","hentry","category-actualites","category-architecture-conception","category-5facades","category-actualites-5facades","tag-etancheite-2","tag-toiture-terrasse"],"yoast_head":"<!-- This site is optimized with the Yoast SEO plugin v27.4 - https:\/\/yoast.com\/product\/yoast-seo-wordpress\/ -->\n<title>Manufacture des tabacs de Strasbourg : les toitures terrasses verdissent le monument historique<\/title>\n<meta name=\"robots\" content=\"index, follow, max-snippet:-1, max-image-preview:large, max-video-preview:-1\" \/>\n<link rel=\"canonical\" href=\"https:\/\/batijournal.com\/index.php\/manufacture-des-tabacs-de-strasbourg-les-toitures-terrasses-verdissent-le-monument-historique\/109297\/\" \/>\n<meta property=\"og:locale\" content=\"fr_FR\" \/>\n<meta property=\"og:type\" content=\"article\" \/>\n<meta property=\"og:title\" content=\"Manufacture des tabacs de Strasbourg : les toitures terrasses verdissent le monument historique\" \/>\n<meta property=\"og:description\" content=\"L\u2019ancienne Manufacture des Tabacs de Strasbourg a \u00e9t\u00e9 construite entre 1849 et 1852. Ferm\u00e9e en 2010 puis inscrite aux Monuments Historiques fin 2016, elle vient de faire l\u2019objet d\u2019un projet de reconversion compl\u00e8te. La Sers (Soci\u00e9t\u00e9 d\u2019am\u00e9nagement et d\u2019\u00e9quipement de la r\u00e9gion de Strasbourg), qui a acquis le b\u00e2timent en 2015, avait pour ambition de [&hellip;]\" \/>\n<meta property=\"og:url\" content=\"https:\/\/batijournal.com\/index.php\/manufacture-des-tabacs-de-strasbourg-les-toitures-terrasses-verdissent-le-monument-historique\/109297\/\" \/>\n<meta property=\"og:site_name\" content=\"Batijournal\" \/>\n<meta property=\"article:published_time\" content=\"2023-09-28T07:15:24+00:00\" \/>\n<meta property=\"og:image\" content=\"https:\/\/batijournal.com\/wp-content\/uploads\/2023\/09\/Manufacture-des-Tabacs_Credit-photo-SOPREMA-Entreprises-photographe-Vincent-Eschmann.jpg\" \/>\n\t<meta property=\"og:image:width\" content=\"2200\" \/>\n\t<meta property=\"og:image:height\" content=\"1237\" \/>\n\t<meta property=\"og:image:type\" content=\"image\/jpeg\" \/>\n<meta name=\"author\" content=\"St\u00e9phane Miget\" \/>\n<meta name=\"twitter:card\" content=\"summary_large_image\" \/>\n<meta name=\"twitter:creator\" content=\"@bati_journal\" \/>\n<meta name=\"twitter:site\" content=\"@bati_journal\" \/>\n<meta name=\"twitter:label1\" content=\"\u00c9crit par\" \/>\n\t<meta name=\"twitter:data1\" content=\"St\u00e9phane Miget\" \/>\n\t<meta name=\"twitter:label2\" content=\"Dur\u00e9e de lecture estim\u00e9e\" \/>\n\t<meta name=\"twitter:data2\" content=\"2 minutes\" \/>\n<script type=\"application\/ld+json\" class=\"yoast-schema-graph\">{\"@context\":\"https:\\\/\\\/schema.org\",\"@graph\":[{\"@type\":\"Article\",\"@id\":\"https:\\\/\\\/batijournal.com\\\/index.php\\\/manufacture-des-tabacs-de-strasbourg-les-toitures-terrasses-verdissent-le-monument-historique\\\/109297\\\/#article\",\"isPartOf\":{\"@id\":\"https:\\\/\\\/batijournal.com\\\/index.php\\\/manufacture-des-tabacs-de-strasbourg-les-toitures-terrasses-verdissent-le-monument-historique\\\/109297\\\/\"},\"author\":{\"name\":\"St\u00e9phane Miget\",\"@id\":\"https:\\\/\\\/batijournal.com\\\/#\\\/schema\\\/person\\\/1dc96ec6957aa1ccb25ebe78bb19f100\"},\"headline\":\"Manufacture des tabacs de Strasbourg : les toitures terrasses verdissent le monument historique\",\"datePublished\":\"2023-09-28T07:15:24+00:00\",\"mainEntityOfPage\":{\"@id\":\"https:\\\/\\\/batijournal.com\\\/index.php\\\/manufacture-des-tabacs-de-strasbourg-les-toitures-terrasses-verdissent-le-monument-historique\\\/109297\\\/\"},\"wordCount\":437,\"image\":{\"@id\":\"https:\\\/\\\/batijournal.com\\\/index.php\\\/manufacture-des-tabacs-de-strasbourg-les-toitures-terrasses-verdissent-le-monument-historique\\\/109297\\\/#primaryimage\"},\"thumbnailUrl\":\"https:\\\/\\\/batijournal.com\\\/wp-content\\\/uploads\\\/2023\\\/09\\\/Manufacture-des-Tabacs_Credit-photo-SOPREMA-Entreprises-photographe-Vincent-Eschmann.jpg\",\"keywords\":[\"\u00e9tanch\u00e9it\u00e9\",\"toiture-terrasse\"],\"articleSection\":[\"Actualit\u00e9s\",\"Architecture &amp; Conception\",\"zz_5fa\u00e7ades\",\"zz_Actualit\u00e9s - 5fa\u00e7ades\"],\"inLanguage\":\"fr-FR\"},{\"@type\":\"WebPage\",\"@id\":\"https:\\\/\\\/batijournal.com\\\/index.php\\\/manufacture-des-tabacs-de-strasbourg-les-toitures-terrasses-verdissent-le-monument-historique\\\/109297\\\/\",\"url\":\"https:\\\/\\\/batijournal.com\\\/index.php\\\/manufacture-des-tabacs-de-strasbourg-les-toitures-terrasses-verdissent-le-monument-historique\\\/109297\\\/\",\"name\":\"Manufacture des tabacs de Strasbourg : les toitures terrasses verdissent le monument historique\",\"isPartOf\":{\"@id\":\"https:\\\/\\\/batijournal.com\\\/#website\"},\"primaryImageOfPage\":{\"@id\":\"https:\\\/\\\/batijournal.com\\\/index.php\\\/manufacture-des-tabacs-de-strasbourg-les-toitures-terrasses-verdissent-le-monument-historique\\\/109297\\\/#primaryimage\"},\"image\":{\"@id\":\"https:\\\/\\\/batijournal.com\\\/index.php\\\/manufacture-des-tabacs-de-strasbourg-les-toitures-terrasses-verdissent-le-monument-historique\\\/109297\\\/#primaryimage\"},\"thumbnailUrl\":\"https:\\\/\\\/batijournal.com\\\/wp-content\\\/uploads\\\/2023\\\/09\\\/Manufacture-des-Tabacs_Credit-photo-SOPREMA-Entreprises-photographe-Vincent-Eschmann.jpg\",\"datePublished\":\"2023-09-28T07:15:24+00:00\",\"author\":{\"@id\":\"https:\\\/\\\/batijournal.com\\\/#\\\/schema\\\/person\\\/1dc96ec6957aa1ccb25ebe78bb19f100\"},\"breadcrumb\":{\"@id\":\"https:\\\/\\\/batijournal.com\\\/index.php\\\/manufacture-des-tabacs-de-strasbourg-les-toitures-terrasses-verdissent-le-monument-historique\\\/109297\\\/#breadcrumb\"},\"inLanguage\":\"fr-FR\",\"potentialAction\":[{\"@type\":\"ReadAction\",\"target\":[\"https:\\\/\\\/batijournal.com\\\/index.php\\\/manufacture-des-tabacs-de-strasbourg-les-toitures-terrasses-verdissent-le-monument-historique\\\/109297\\\/\"]}]},{\"@type\":\"ImageObject\",\"inLanguage\":\"fr-FR\",\"@id\":\"https:\\\/\\\/batijournal.com\\\/index.php\\\/manufacture-des-tabacs-de-strasbourg-les-toitures-terrasses-verdissent-le-monument-historique\\\/109297\\\/#primaryimage\",\"url\":\"https:\\\/\\\/batijournal.com\\\/wp-content\\\/uploads\\\/2023\\\/09\\\/Manufacture-des-Tabacs_Credit-photo-SOPREMA-Entreprises-photographe-Vincent-Eschmann.jpg\",\"contentUrl\":\"https:\\\/\\\/batijournal.com\\\/wp-content\\\/uploads\\\/2023\\\/09\\\/Manufacture-des-Tabacs_Credit-photo-SOPREMA-Entreprises-photographe-Vincent-Eschmann.jpg\",\"width\":2200,\"height\":1237},{\"@type\":\"BreadcrumbList\",\"@id\":\"https:\\\/\\\/batijournal.com\\\/index.php\\\/manufacture-des-tabacs-de-strasbourg-les-toitures-terrasses-verdissent-le-monument-historique\\\/109297\\\/#breadcrumb\",\"itemListElement\":[{\"@type\":\"ListItem\",\"position\":1,\"name\":\"Accueil\",\"item\":\"https:\\\/\\\/batijournal.com\\\/\"},{\"@type\":\"ListItem\",\"position\":2,\"name\":\"Actualit\u00e9s\",\"item\":\"https:\\\/\\\/batijournal.com\\\/index.php\\\/category\\\/actualites\\\/\"},{\"@type\":\"ListItem\",\"position\":3,\"name\":\"Manufacture des tabacs de Strasbourg : les toitures terrasses verdissent le monument historique\"}]},{\"@type\":\"WebSite\",\"@id\":\"https:\\\/\\\/batijournal.com\\\/#website\",\"url\":\"https:\\\/\\\/batijournal.com\\\/\",\"name\":\"Batijournal\",\"description\":\"L&#039;actualit\u00e9 du b\u00e2timent\",\"potentialAction\":[{\"@type\":\"SearchAction\",\"target\":{\"@type\":\"EntryPoint\",\"urlTemplate\":\"https:\\\/\\\/batijournal.com\\\/?s={search_term_string}\"},\"query-input\":{\"@type\":\"PropertyValueSpecification\",\"valueRequired\":true,\"valueName\":\"search_term_string\"}}],\"inLanguage\":\"fr-FR\"},{\"@type\":\"Person\",\"@id\":\"https:\\\/\\\/batijournal.com\\\/#\\\/schema\\\/person\\\/1dc96ec6957aa1ccb25ebe78bb19f100\",\"name\":\"St\u00e9phane Miget\",\"image\":{\"@type\":\"ImageObject\",\"inLanguage\":\"fr-FR\",\"@id\":\"https:\\\/\\\/secure.gravatar.com\\\/avatar\\\/89915563d925342126b8ef0281b93d9d7fc337043e8df017f780908eb9644451?s=96&d=mm&r=g\",\"url\":\"https:\\\/\\\/secure.gravatar.com\\\/avatar\\\/89915563d925342126b8ef0281b93d9d7fc337043e8df017f780908eb9644451?s=96&d=mm&r=g\",\"contentUrl\":\"https:\\\/\\\/secure.gravatar.com\\\/avatar\\\/89915563d925342126b8ef0281b93d9d7fc337043e8df017f780908eb9644451?s=96&d=mm&r=g\",\"caption\":\"St\u00e9phane Miget\"},\"url\":\"https:\\\/\\\/batijournal.com\\\/index.php\\\/author\\\/stephane\\\/\"}]}<\/script>\n<!-- \/ Yoast SEO plugin. -->","yoast_head_json":{"title":"Manufacture des tabacs de Strasbourg : les toitures terrasses verdissent le monument historique","robots":{"index":"index","follow":"follow","max-snippet":"max-snippet:-1","max-image-preview":"max-image-preview:large","max-video-preview":"max-video-preview:-1"},"canonical":"https:\/\/batijournal.com\/index.php\/manufacture-des-tabacs-de-strasbourg-les-toitures-terrasses-verdissent-le-monument-historique\/109297\/","og_locale":"fr_FR","og_type":"article","og_title":"Manufacture des tabacs de Strasbourg : les toitures terrasses verdissent le monument historique","og_description":"L\u2019ancienne Manufacture des Tabacs de Strasbourg a \u00e9t\u00e9 construite entre 1849 et 1852. Ferm\u00e9e en 2010 puis inscrite aux Monuments Historiques fin 2016, elle vient de faire l\u2019objet d\u2019un projet de reconversion compl\u00e8te. La Sers (Soci\u00e9t\u00e9 d\u2019am\u00e9nagement et d\u2019\u00e9quipement de la r\u00e9gion de Strasbourg), qui a acquis le b\u00e2timent en 2015, avait pour ambition de [&hellip;]","og_url":"https:\/\/batijournal.com\/index.php\/manufacture-des-tabacs-de-strasbourg-les-toitures-terrasses-verdissent-le-monument-historique\/109297\/","og_site_name":"Batijournal","article_published_time":"2023-09-28T07:15:24+00:00","og_image":[{"width":2200,"height":1237,"url":"https:\/\/batijournal.com\/wp-content\/uploads\/2023\/09\/Manufacture-des-Tabacs_Credit-photo-SOPREMA-Entreprises-photographe-Vincent-Eschmann.jpg","type":"image\/jpeg"}],"author":"St\u00e9phane Miget","twitter_card":"summary_large_image","twitter_creator":"@bati_journal","twitter_site":"@bati_journal","twitter_misc":{"\u00c9crit par":"St\u00e9phane Miget","Dur\u00e9e de lecture estim\u00e9e":"2 minutes"},"schema":{"@context":"https:\/\/schema.org","@graph":[{"@type":"Article","@id":"https:\/\/batijournal.com\/index.php\/manufacture-des-tabacs-de-strasbourg-les-toitures-terrasses-verdissent-le-monument-historique\/109297\/#article","isPartOf":{"@id":"https:\/\/batijournal.com\/index.php\/manufacture-des-tabacs-de-strasbourg-les-toitures-terrasses-verdissent-le-monument-historique\/109297\/"},"author":{"name":"St\u00e9phane Miget","@id":"https:\/\/batijournal.com\/#\/schema\/person\/1dc96ec6957aa1ccb25ebe78bb19f100"},"headline":"Manufacture des tabacs de Strasbourg : les toitures terrasses verdissent le monument historique","datePublished":"2023-09-28T07:15:24+00:00","mainEntityOfPage":{"@id":"https:\/\/batijournal.com\/index.php\/manufacture-des-tabacs-de-strasbourg-les-toitures-terrasses-verdissent-le-monument-historique\/109297\/"},"wordCount":437,"image":{"@id":"https:\/\/batijournal.com\/index.php\/manufacture-des-tabacs-de-strasbourg-les-toitures-terrasses-verdissent-le-monument-historique\/109297\/#primaryimage"},"thumbnailUrl":"https:\/\/batijournal.com\/wp-content\/uploads\/2023\/09\/Manufacture-des-Tabacs_Credit-photo-SOPREMA-Entreprises-photographe-Vincent-Eschmann.jpg","keywords":["\u00e9tanch\u00e9it\u00e9","toiture-terrasse"],"articleSection":["Actualit\u00e9s","Architecture &amp; Conception","zz_5fa\u00e7ades","zz_Actualit\u00e9s - 5fa\u00e7ades"],"inLanguage":"fr-FR"},{"@type":"WebPage","@id":"https:\/\/batijournal.com\/index.php\/manufacture-des-tabacs-de-strasbourg-les-toitures-terrasses-verdissent-le-monument-historique\/109297\/","url":"https:\/\/batijournal.com\/index.php\/manufacture-des-tabacs-de-strasbourg-les-toitures-terrasses-verdissent-le-monument-historique\/109297\/","name":"Manufacture des tabacs de Strasbourg : les toitures terrasses verdissent le monument historique","isPartOf":{"@id":"https:\/\/batijournal.com\/#website"},"primaryImageOfPage":{"@id":"https:\/\/batijournal.com\/index.php\/manufacture-des-tabacs-de-strasbourg-les-toitures-terrasses-verdissent-le-monument-historique\/109297\/#primaryimage"},"image":{"@id":"https:\/\/batijournal.com\/index.php\/manufacture-des-tabacs-de-strasbourg-les-toitures-terrasses-verdissent-le-monument-historique\/109297\/#primaryimage"},"thumbnailUrl":"https:\/\/batijournal.com\/wp-content\/uploads\/2023\/09\/Manufacture-des-Tabacs_Credit-photo-SOPREMA-Entreprises-photographe-Vincent-Eschmann.jpg","datePublished":"2023-09-28T07:15:24+00:00","author":{"@id":"https:\/\/batijournal.com\/#\/schema\/person\/1dc96ec6957aa1ccb25ebe78bb19f100"},"breadcrumb":{"@id":"https:\/\/batijournal.com\/index.php\/manufacture-des-tabacs-de-strasbourg-les-toitures-terrasses-verdissent-le-monument-historique\/109297\/#breadcrumb"},"inLanguage":"fr-FR","potentialAction":[{"@type":"ReadAction","target":["https:\/\/batijournal.com\/index.php\/manufacture-des-tabacs-de-strasbourg-les-toitures-terrasses-verdissent-le-monument-historique\/109297\/"]}]},{"@type":"ImageObject","inLanguage":"fr-FR","@id":"https:\/\/batijournal.com\/index.php\/manufacture-des-tabacs-de-strasbourg-les-toitures-terrasses-verdissent-le-monument-historique\/109297\/#primaryimage","url":"https:\/\/batijournal.com\/wp-content\/uploads\/2023\/09\/Manufacture-des-Tabacs_Credit-photo-SOPREMA-Entreprises-photographe-Vincent-Eschmann.jpg","contentUrl":"https:\/\/batijournal.com\/wp-content\/uploads\/2023\/09\/Manufacture-des-Tabacs_Credit-photo-SOPREMA-Entreprises-photographe-Vincent-Eschmann.jpg","width":2200,"height":1237},{"@type":"BreadcrumbList","@id":"https:\/\/batijournal.com\/index.php\/manufacture-des-tabacs-de-strasbourg-les-toitures-terrasses-verdissent-le-monument-historique\/109297\/#breadcrumb","itemListElement":[{"@type":"ListItem","position":1,"name":"Accueil","item":"https:\/\/batijournal.com\/"},{"@type":"ListItem","position":2,"name":"Actualit\u00e9s","item":"https:\/\/batijournal.com\/index.php\/category\/actualites\/"},{"@type":"ListItem","position":3,"name":"Manufacture des tabacs de Strasbourg : les toitures terrasses verdissent le monument historique"}]},{"@type":"WebSite","@id":"https:\/\/batijournal.com\/#website","url":"https:\/\/batijournal.com\/","name":"Batijournal","description":"L&#039;actualit\u00e9 du b\u00e2timent","potentialAction":[{"@type":"SearchAction","target":{"@type":"EntryPoint","urlTemplate":"https:\/\/batijournal.com\/?s={search_term_string}"},"query-input":{"@type":"PropertyValueSpecification","valueRequired":true,"valueName":"search_term_string"}}],"inLanguage":"fr-FR"},{"@type":"Person","@id":"https:\/\/batijournal.com\/#\/schema\/person\/1dc96ec6957aa1ccb25ebe78bb19f100","name":"St\u00e9phane Miget","image":{"@type":"ImageObject","inLanguage":"fr-FR","@id":"https:\/\/secure.gravatar.com\/avatar\/89915563d925342126b8ef0281b93d9d7fc337043e8df017f780908eb9644451?s=96&d=mm&r=g","url":"https:\/\/secure.gravatar.com\/avatar\/89915563d925342126b8ef0281b93d9d7fc337043e8df017f780908eb9644451?s=96&d=mm&r=g","contentUrl":"https:\/\/secure.gravatar.com\/avatar\/89915563d925342126b8ef0281b93d9d7fc337043e8df017f780908eb9644451?s=96&d=mm&r=g","caption":"St\u00e9phane Miget"},"url":"https:\/\/batijournal.com\/index.php\/author\/stephane\/"}]}},"_links":{"self":[{"href":"https:\/\/batijournal.com\/index.php\/wp-json\/wp\/v2\/posts\/109297","targetHints":{"allow":["GET"]}}],"collection":[{"href":"https:\/\/batijournal.com\/index.php\/wp-json\/wp\/v2\/posts"}],"about":[{"href":"https:\/\/batijournal.com\/index.php\/wp-json\/wp\/v2\/types\/post"}],"author":[{"embeddable":true,"href":"https:\/\/batijournal.com\/index.php\/wp-json\/wp\/v2\/users\/17"}],"replies":[{"embeddable":true,"href":"https:\/\/batijournal.com\/index.php\/wp-json\/wp\/v2\/comments?post=109297"}],"version-history":[{"count":0,"href":"https:\/\/batijournal.com\/index.php\/wp-json\/wp\/v2\/posts\/109297\/revisions"}],"wp:featuredmedia":[{"embeddable":true,"href":"https:\/\/batijournal.com\/index.php\/wp-json\/wp\/v2\/media\/109298"}],"wp:attachment":[{"href":"https:\/\/batijournal.com\/index.php\/wp-json\/wp\/v2\/media?parent=109297"}],"wp:term":[{"taxonomy":"category","embeddable":true,"href":"https:\/\/batijournal.com\/index.php\/wp-json\/wp\/v2\/categories?post=109297"},{"taxonomy":"post_tag","embeddable":true,"href":"https:\/\/batijournal.com\/index.php\/wp-json\/wp\/v2\/tags?post=109297"}],"curies":[{"name":"wp","href":"https:\/\/api.w.org\/{rel}","templated":true}]}}