{"id":109313,"date":"2023-10-04T14:39:19","date_gmt":"2023-10-04T12:39:19","guid":{"rendered":"https:\/\/batijournal.com\/?p=109313"},"modified":"2023-10-04T14:39:19","modified_gmt":"2023-10-04T12:39:19","slug":"les-architectes-de-demain-imaginent-notre-avenir-post-carbone","status":"publish","type":"post","link":"https:\/\/batijournal.com\/index.php\/les-architectes-de-demain-imaginent-notre-avenir-post-carbone\/109313\/","title":{"rendered":"Les architectes de demain imaginent notre avenir post-carbone"},"content":{"rendered":"<p>Le concours \u00ab\u00a0(R\u00e9)inventer l\u2019existant\u00a0\u00bb imagin\u00e9 par la DRAC et la DRIEAT \u00cele-de-France \u00e0 destination des \u00e9tudiants en \u00e9coles d\u2019architecture en 2022 a suscit\u00e9 de nombreuses propositions. L\u2019objectif de ce concours, construit en partenariat avec le Conseil r\u00e9gional de l\u2019Ordre des architectes d\u2019\u00cele-de-France, Ekopolis, les CAUE franciliens et le r\u00e9seau ENSA\u00e9co de l\u2019enseignement des \u00e9coles d\u2019architecture engag\u00e9es dans la transition \u00e9cologique, et associant \u00e9troitement les sept \u00e9coles nationales sup\u00e9rieures d\u2019architecture de la r\u00e9gion, est de mobiliser l\u2019ensemble de la communaut\u00e9 professionnelle autour de l\u2019enjeu climatique et de sensibiliser les nouvelles g\u00e9n\u00e9rations d\u2019architectes \u2014d\u00e9j\u00e0 tr\u00e8s attentifs \u00e0 cette probl\u00e9matique. Ouvert aux \u00e9tudiants en architecture des 1er et 2e cycle qui peuvent concourir seuls ou en \u00e9quipe (voire en association avec des \u00e9tudiants issus d\u2019autres formations : art, design, b\u00e2timent, ing\u00e9nieirie\u2026), le concours donne lieu \u00e0 une proposition qui doit \u00eatre obligatoirement con\u00e7ue sous la responsabilit\u00e9 d\u2019un ou plusieurs enseignants qui traitent ce projet dans le cadre de leur enseignement. Cette m\u00e9canique de projet permet ainsi d\u2019associer tr\u00e8s \u00e9troitement les \u00e9quipes p\u00e9dagogiques au concours. L\u2019appel \u00e0 candidature, ouvert en f\u00e9vrier 2023, a mobilis\u00e9 15 \u00e9quipes enseignantes issues de 5 \u00e9coles d\u2019architecture et g\u00e9n\u00e9r\u00e9 25 projets d\u2019\u00e9tudiants, qui ont \u00e9t\u00e9 examin\u00e9s par un jury de professionnels le 28 septembre 2023. Gr\u00e2ce au Pavillon de l\u2019Arsenal, partenaire du concours, les 10 projets finalistes sont expos\u00e9s du 10 au 22 octobre 2023 et constituent l\u2019une des temps forts des Journ\u00e9es nationales de l\u2019architecture en \u00cele-de-France (13-15 octobre).<\/p>\n","protected":false},"excerpt":{"rendered":"<p>Le concours \u00ab\u00a0(R\u00e9)inventer l\u2019existant\u00a0\u00bb imagin\u00e9 par la DRAC et la DRIEAT \u00cele-de-France \u00e0 destination des \u00e9tudiants en \u00e9coles d\u2019architecture en 2022 a suscit\u00e9 de nombreuses propositions. L\u2019objectif de ce concours, construit en partenariat avec le Conseil r\u00e9gional de l\u2019Ordre des architectes d\u2019\u00cele-de-France, Ekopolis, les CAUE franciliens et le r\u00e9seau ENSA\u00e9co de l\u2019enseignement des \u00e9coles d\u2019architecture [&hellip;]<\/p>\n","protected":false},"author":17,"featured_media":109314,"comment_status":"closed","ping_status":"closed","sticky":false,"template":"","format":"standard","meta":{"_et_pb_use_builder":"","_et_pb_old_content":"","_et_gb_content_width":"","footnotes":""},"categories":[10530,6340,10789,10781,10785,10778],"tags":[12901,11005],"class_list":["post-109313","post","type-post","status-publish","format-standard","has-post-thumbnail","hentry","category-actualites","category-architecture-conception","category-publications-atrium","category-publications-planete","category-atrium","category-planete","tag-architecture","tag-concours"],"yoast_head":"<!-- This site is optimized with the Yoast SEO plugin v27.4 - https:\/\/yoast.com\/product\/yoast-seo-wordpress\/ -->\n<title>Les architectes de demain imaginent notre avenir post-carbone<\/title>\n<meta name=\"robots\" content=\"index, follow, max-snippet:-1, max-image-preview:large, max-video-preview:-1\" \/>\n<link rel=\"canonical\" href=\"https:\/\/batijournal.com\/index.php\/les-architectes-de-demain-imaginent-notre-avenir-post-carbone\/109313\/\" \/>\n<meta property=\"og:locale\" content=\"fr_FR\" \/>\n<meta property=\"og:type\" content=\"article\" \/>\n<meta property=\"og:title\" content=\"Les architectes de demain imaginent notre avenir post-carbone\" \/>\n<meta property=\"og:description\" content=\"Le concours \u00ab\u00a0(R\u00e9)inventer l\u2019existant\u00a0\u00bb imagin\u00e9 par la DRAC et la DRIEAT \u00cele-de-France \u00e0 destination des \u00e9tudiants en \u00e9coles d\u2019architecture en 2022 a suscit\u00e9 de nombreuses propositions. L\u2019objectif de ce concours, construit en partenariat avec le Conseil r\u00e9gional de l\u2019Ordre des architectes d\u2019\u00cele-de-France, Ekopolis, les CAUE franciliens et le r\u00e9seau ENSA\u00e9co de l\u2019enseignement des \u00e9coles d\u2019architecture [&hellip;]\" \/>\n<meta property=\"og:url\" content=\"https:\/\/batijournal.com\/index.php\/les-architectes-de-demain-imaginent-notre-avenir-post-carbone\/109313\/\" \/>\n<meta property=\"og:site_name\" content=\"Batijournal\" \/>\n<meta property=\"article:published_time\" content=\"2023-10-04T12:39:19+00:00\" \/>\n<meta property=\"og:image\" content=\"https:\/\/batijournal.com\/wp-content\/uploads\/2023\/10\/reinventer_lexistant_affiche2-site.jpg\" \/>\n\t<meta property=\"og:image:width\" content=\"321\" \/>\n\t<meta property=\"og:image:height\" content=\"450\" \/>\n\t<meta property=\"og:image:type\" content=\"image\/jpeg\" \/>\n<meta name=\"author\" content=\"St\u00e9phane Miget\" \/>\n<meta name=\"twitter:card\" content=\"summary_large_image\" \/>\n<meta name=\"twitter:creator\" content=\"@bati_journal\" \/>\n<meta name=\"twitter:site\" content=\"@bati_journal\" \/>\n<meta name=\"twitter:label1\" content=\"\u00c9crit par\" \/>\n\t<meta name=\"twitter:data1\" content=\"St\u00e9phane Miget\" \/>\n\t<meta name=\"twitter:label2\" content=\"Dur\u00e9e de lecture estim\u00e9e\" \/>\n\t<meta name=\"twitter:data2\" content=\"1 minute\" \/>\n<script type=\"application\/ld+json\" class=\"yoast-schema-graph\">{\"@context\":\"https:\\\/\\\/schema.org\",\"@graph\":[{\"@type\":\"Article\",\"@id\":\"https:\\\/\\\/batijournal.com\\\/index.php\\\/les-architectes-de-demain-imaginent-notre-avenir-post-carbone\\\/109313\\\/#article\",\"isPartOf\":{\"@id\":\"https:\\\/\\\/batijournal.com\\\/index.php\\\/les-architectes-de-demain-imaginent-notre-avenir-post-carbone\\\/109313\\\/\"},\"author\":{\"name\":\"St\u00e9phane Miget\",\"@id\":\"https:\\\/\\\/batijournal.com\\\/#\\\/schema\\\/person\\\/1dc96ec6957aa1ccb25ebe78bb19f100\"},\"headline\":\"Les architectes de demain imaginent notre avenir post-carbone\",\"datePublished\":\"2023-10-04T12:39:19+00:00\",\"mainEntityOfPage\":{\"@id\":\"https:\\\/\\\/batijournal.com\\\/index.php\\\/les-architectes-de-demain-imaginent-notre-avenir-post-carbone\\\/109313\\\/\"},\"wordCount\":278,\"image\":{\"@id\":\"https:\\\/\\\/batijournal.com\\\/index.php\\\/les-architectes-de-demain-imaginent-notre-avenir-post-carbone\\\/109313\\\/#primaryimage\"},\"thumbnailUrl\":\"https:\\\/\\\/batijournal.com\\\/wp-content\\\/uploads\\\/2023\\\/10\\\/reinventer_lexistant_affiche2-site.jpg\",\"keywords\":[\"architecture\",\"concours\"],\"articleSection\":[\"Actualit\u00e9s\",\"Architecture &amp; Conception\",\"zz_Actualit\u00e9s - Atrium\",\"zz_Actualit\u00e9s - Plan\u00e8te\",\"zz_Atrium Patrimoine\",\"zz_Plan\u00e8te B\u00e2timent\"],\"inLanguage\":\"fr-FR\"},{\"@type\":\"WebPage\",\"@id\":\"https:\\\/\\\/batijournal.com\\\/index.php\\\/les-architectes-de-demain-imaginent-notre-avenir-post-carbone\\\/109313\\\/\",\"url\":\"https:\\\/\\\/batijournal.com\\\/index.php\\\/les-architectes-de-demain-imaginent-notre-avenir-post-carbone\\\/109313\\\/\",\"name\":\"Les architectes de demain imaginent notre avenir post-carbone\",\"isPartOf\":{\"@id\":\"https:\\\/\\\/batijournal.com\\\/#website\"},\"primaryImageOfPage\":{\"@id\":\"https:\\\/\\\/batijournal.com\\\/index.php\\\/les-architectes-de-demain-imaginent-notre-avenir-post-carbone\\\/109313\\\/#primaryimage\"},\"image\":{\"@id\":\"https:\\\/\\\/batijournal.com\\\/index.php\\\/les-architectes-de-demain-imaginent-notre-avenir-post-carbone\\\/109313\\\/#primaryimage\"},\"thumbnailUrl\":\"https:\\\/\\\/batijournal.com\\\/wp-content\\\/uploads\\\/2023\\\/10\\\/reinventer_lexistant_affiche2-site.jpg\",\"datePublished\":\"2023-10-04T12:39:19+00:00\",\"author\":{\"@id\":\"https:\\\/\\\/batijournal.com\\\/#\\\/schema\\\/person\\\/1dc96ec6957aa1ccb25ebe78bb19f100\"},\"breadcrumb\":{\"@id\":\"https:\\\/\\\/batijournal.com\\\/index.php\\\/les-architectes-de-demain-imaginent-notre-avenir-post-carbone\\\/109313\\\/#breadcrumb\"},\"inLanguage\":\"fr-FR\",\"potentialAction\":[{\"@type\":\"ReadAction\",\"target\":[\"https:\\\/\\\/batijournal.com\\\/index.php\\\/les-architectes-de-demain-imaginent-notre-avenir-post-carbone\\\/109313\\\/\"]}]},{\"@type\":\"ImageObject\",\"inLanguage\":\"fr-FR\",\"@id\":\"https:\\\/\\\/batijournal.com\\\/index.php\\\/les-architectes-de-demain-imaginent-notre-avenir-post-carbone\\\/109313\\\/#primaryimage\",\"url\":\"https:\\\/\\\/batijournal.com\\\/wp-content\\\/uploads\\\/2023\\\/10\\\/reinventer_lexistant_affiche2-site.jpg\",\"contentUrl\":\"https:\\\/\\\/batijournal.com\\\/wp-content\\\/uploads\\\/2023\\\/10\\\/reinventer_lexistant_affiche2-site.jpg\",\"width\":321,\"height\":450},{\"@type\":\"BreadcrumbList\",\"@id\":\"https:\\\/\\\/batijournal.com\\\/index.php\\\/les-architectes-de-demain-imaginent-notre-avenir-post-carbone\\\/109313\\\/#breadcrumb\",\"itemListElement\":[{\"@type\":\"ListItem\",\"position\":1,\"name\":\"Accueil\",\"item\":\"https:\\\/\\\/batijournal.com\\\/\"},{\"@type\":\"ListItem\",\"position\":2,\"name\":\"Actualit\u00e9s\",\"item\":\"https:\\\/\\\/batijournal.com\\\/index.php\\\/category\\\/actualites\\\/\"},{\"@type\":\"ListItem\",\"position\":3,\"name\":\"Les architectes de demain imaginent notre avenir post-carbone\"}]},{\"@type\":\"WebSite\",\"@id\":\"https:\\\/\\\/batijournal.com\\\/#website\",\"url\":\"https:\\\/\\\/batijournal.com\\\/\",\"name\":\"Batijournal\",\"description\":\"L&#039;actualit\u00e9 du b\u00e2timent\",\"potentialAction\":[{\"@type\":\"SearchAction\",\"target\":{\"@type\":\"EntryPoint\",\"urlTemplate\":\"https:\\\/\\\/batijournal.com\\\/?s={search_term_string}\"},\"query-input\":{\"@type\":\"PropertyValueSpecification\",\"valueRequired\":true,\"valueName\":\"search_term_string\"}}],\"inLanguage\":\"fr-FR\"},{\"@type\":\"Person\",\"@id\":\"https:\\\/\\\/batijournal.com\\\/#\\\/schema\\\/person\\\/1dc96ec6957aa1ccb25ebe78bb19f100\",\"name\":\"St\u00e9phane Miget\",\"image\":{\"@type\":\"ImageObject\",\"inLanguage\":\"fr-FR\",\"@id\":\"https:\\\/\\\/secure.gravatar.com\\\/avatar\\\/89915563d925342126b8ef0281b93d9d7fc337043e8df017f780908eb9644451?s=96&d=mm&r=g\",\"url\":\"https:\\\/\\\/secure.gravatar.com\\\/avatar\\\/89915563d925342126b8ef0281b93d9d7fc337043e8df017f780908eb9644451?s=96&d=mm&r=g\",\"contentUrl\":\"https:\\\/\\\/secure.gravatar.com\\\/avatar\\\/89915563d925342126b8ef0281b93d9d7fc337043e8df017f780908eb9644451?s=96&d=mm&r=g\",\"caption\":\"St\u00e9phane Miget\"},\"url\":\"https:\\\/\\\/batijournal.com\\\/index.php\\\/author\\\/stephane\\\/\"}]}<\/script>\n<!-- \/ Yoast SEO plugin. -->","yoast_head_json":{"title":"Les architectes de demain imaginent notre avenir post-carbone","robots":{"index":"index","follow":"follow","max-snippet":"max-snippet:-1","max-image-preview":"max-image-preview:large","max-video-preview":"max-video-preview:-1"},"canonical":"https:\/\/batijournal.com\/index.php\/les-architectes-de-demain-imaginent-notre-avenir-post-carbone\/109313\/","og_locale":"fr_FR","og_type":"article","og_title":"Les architectes de demain imaginent notre avenir post-carbone","og_description":"Le concours \u00ab\u00a0(R\u00e9)inventer l\u2019existant\u00a0\u00bb imagin\u00e9 par la DRAC et la DRIEAT \u00cele-de-France \u00e0 destination des \u00e9tudiants en \u00e9coles d\u2019architecture en 2022 a suscit\u00e9 de nombreuses propositions. L\u2019objectif de ce concours, construit en partenariat avec le Conseil r\u00e9gional de l\u2019Ordre des architectes d\u2019\u00cele-de-France, Ekopolis, les CAUE franciliens et le r\u00e9seau ENSA\u00e9co de l\u2019enseignement des \u00e9coles d\u2019architecture [&hellip;]","og_url":"https:\/\/batijournal.com\/index.php\/les-architectes-de-demain-imaginent-notre-avenir-post-carbone\/109313\/","og_site_name":"Batijournal","article_published_time":"2023-10-04T12:39:19+00:00","og_image":[{"width":321,"height":450,"url":"https:\/\/batijournal.com\/wp-content\/uploads\/2023\/10\/reinventer_lexistant_affiche2-site.jpg","type":"image\/jpeg"}],"author":"St\u00e9phane Miget","twitter_card":"summary_large_image","twitter_creator":"@bati_journal","twitter_site":"@bati_journal","twitter_misc":{"\u00c9crit par":"St\u00e9phane Miget","Dur\u00e9e de lecture estim\u00e9e":"1 minute"},"schema":{"@context":"https:\/\/schema.org","@graph":[{"@type":"Article","@id":"https:\/\/batijournal.com\/index.php\/les-architectes-de-demain-imaginent-notre-avenir-post-carbone\/109313\/#article","isPartOf":{"@id":"https:\/\/batijournal.com\/index.php\/les-architectes-de-demain-imaginent-notre-avenir-post-carbone\/109313\/"},"author":{"name":"St\u00e9phane Miget","@id":"https:\/\/batijournal.com\/#\/schema\/person\/1dc96ec6957aa1ccb25ebe78bb19f100"},"headline":"Les architectes de demain imaginent notre avenir post-carbone","datePublished":"2023-10-04T12:39:19+00:00","mainEntityOfPage":{"@id":"https:\/\/batijournal.com\/index.php\/les-architectes-de-demain-imaginent-notre-avenir-post-carbone\/109313\/"},"wordCount":278,"image":{"@id":"https:\/\/batijournal.com\/index.php\/les-architectes-de-demain-imaginent-notre-avenir-post-carbone\/109313\/#primaryimage"},"thumbnailUrl":"https:\/\/batijournal.com\/wp-content\/uploads\/2023\/10\/reinventer_lexistant_affiche2-site.jpg","keywords":["architecture","concours"],"articleSection":["Actualit\u00e9s","Architecture &amp; Conception","zz_Actualit\u00e9s - Atrium","zz_Actualit\u00e9s - Plan\u00e8te","zz_Atrium Patrimoine","zz_Plan\u00e8te B\u00e2timent"],"inLanguage":"fr-FR"},{"@type":"WebPage","@id":"https:\/\/batijournal.com\/index.php\/les-architectes-de-demain-imaginent-notre-avenir-post-carbone\/109313\/","url":"https:\/\/batijournal.com\/index.php\/les-architectes-de-demain-imaginent-notre-avenir-post-carbone\/109313\/","name":"Les architectes de demain imaginent notre avenir post-carbone","isPartOf":{"@id":"https:\/\/batijournal.com\/#website"},"primaryImageOfPage":{"@id":"https:\/\/batijournal.com\/index.php\/les-architectes-de-demain-imaginent-notre-avenir-post-carbone\/109313\/#primaryimage"},"image":{"@id":"https:\/\/batijournal.com\/index.php\/les-architectes-de-demain-imaginent-notre-avenir-post-carbone\/109313\/#primaryimage"},"thumbnailUrl":"https:\/\/batijournal.com\/wp-content\/uploads\/2023\/10\/reinventer_lexistant_affiche2-site.jpg","datePublished":"2023-10-04T12:39:19+00:00","author":{"@id":"https:\/\/batijournal.com\/#\/schema\/person\/1dc96ec6957aa1ccb25ebe78bb19f100"},"breadcrumb":{"@id":"https:\/\/batijournal.com\/index.php\/les-architectes-de-demain-imaginent-notre-avenir-post-carbone\/109313\/#breadcrumb"},"inLanguage":"fr-FR","potentialAction":[{"@type":"ReadAction","target":["https:\/\/batijournal.com\/index.php\/les-architectes-de-demain-imaginent-notre-avenir-post-carbone\/109313\/"]}]},{"@type":"ImageObject","inLanguage":"fr-FR","@id":"https:\/\/batijournal.com\/index.php\/les-architectes-de-demain-imaginent-notre-avenir-post-carbone\/109313\/#primaryimage","url":"https:\/\/batijournal.com\/wp-content\/uploads\/2023\/10\/reinventer_lexistant_affiche2-site.jpg","contentUrl":"https:\/\/batijournal.com\/wp-content\/uploads\/2023\/10\/reinventer_lexistant_affiche2-site.jpg","width":321,"height":450},{"@type":"BreadcrumbList","@id":"https:\/\/batijournal.com\/index.php\/les-architectes-de-demain-imaginent-notre-avenir-post-carbone\/109313\/#breadcrumb","itemListElement":[{"@type":"ListItem","position":1,"name":"Accueil","item":"https:\/\/batijournal.com\/"},{"@type":"ListItem","position":2,"name":"Actualit\u00e9s","item":"https:\/\/batijournal.com\/index.php\/category\/actualites\/"},{"@type":"ListItem","position":3,"name":"Les architectes de demain imaginent notre avenir post-carbone"}]},{"@type":"WebSite","@id":"https:\/\/batijournal.com\/#website","url":"https:\/\/batijournal.com\/","name":"Batijournal","description":"L&#039;actualit\u00e9 du b\u00e2timent","potentialAction":[{"@type":"SearchAction","target":{"@type":"EntryPoint","urlTemplate":"https:\/\/batijournal.com\/?s={search_term_string}"},"query-input":{"@type":"PropertyValueSpecification","valueRequired":true,"valueName":"search_term_string"}}],"inLanguage":"fr-FR"},{"@type":"Person","@id":"https:\/\/batijournal.com\/#\/schema\/person\/1dc96ec6957aa1ccb25ebe78bb19f100","name":"St\u00e9phane Miget","image":{"@type":"ImageObject","inLanguage":"fr-FR","@id":"https:\/\/secure.gravatar.com\/avatar\/89915563d925342126b8ef0281b93d9d7fc337043e8df017f780908eb9644451?s=96&d=mm&r=g","url":"https:\/\/secure.gravatar.com\/avatar\/89915563d925342126b8ef0281b93d9d7fc337043e8df017f780908eb9644451?s=96&d=mm&r=g","contentUrl":"https:\/\/secure.gravatar.com\/avatar\/89915563d925342126b8ef0281b93d9d7fc337043e8df017f780908eb9644451?s=96&d=mm&r=g","caption":"St\u00e9phane Miget"},"url":"https:\/\/batijournal.com\/index.php\/author\/stephane\/"}]}},"_links":{"self":[{"href":"https:\/\/batijournal.com\/index.php\/wp-json\/wp\/v2\/posts\/109313","targetHints":{"allow":["GET"]}}],"collection":[{"href":"https:\/\/batijournal.com\/index.php\/wp-json\/wp\/v2\/posts"}],"about":[{"href":"https:\/\/batijournal.com\/index.php\/wp-json\/wp\/v2\/types\/post"}],"author":[{"embeddable":true,"href":"https:\/\/batijournal.com\/index.php\/wp-json\/wp\/v2\/users\/17"}],"replies":[{"embeddable":true,"href":"https:\/\/batijournal.com\/index.php\/wp-json\/wp\/v2\/comments?post=109313"}],"version-history":[{"count":0,"href":"https:\/\/batijournal.com\/index.php\/wp-json\/wp\/v2\/posts\/109313\/revisions"}],"wp:featuredmedia":[{"embeddable":true,"href":"https:\/\/batijournal.com\/index.php\/wp-json\/wp\/v2\/media\/109314"}],"wp:attachment":[{"href":"https:\/\/batijournal.com\/index.php\/wp-json\/wp\/v2\/media?parent=109313"}],"wp:term":[{"taxonomy":"category","embeddable":true,"href":"https:\/\/batijournal.com\/index.php\/wp-json\/wp\/v2\/categories?post=109313"},{"taxonomy":"post_tag","embeddable":true,"href":"https:\/\/batijournal.com\/index.php\/wp-json\/wp\/v2\/tags?post=109313"}],"curies":[{"name":"wp","href":"https:\/\/api.w.org\/{rel}","templated":true}]}}