{"id":109318,"date":"2023-10-04T14:51:59","date_gmt":"2023-10-04T12:51:59","guid":{"rendered":"https:\/\/batijournal.com\/?p=109318"},"modified":"2023-10-04T14:51:59","modified_gmt":"2023-10-04T12:51:59","slug":"30-ans-de-rubans-du-patrimoine","status":"publish","type":"post","link":"https:\/\/batijournal.com\/index.php\/30-ans-de-rubans-du-patrimoine\/109318\/","title":{"rendered":"30 ans de rubans du Patrimoine"},"content":{"rendered":"<p>Les rubans du Patrimoine ont 30 ans ! Les op\u00e9rations r\u00e9compens\u00e9es par ce concours illustrent la cr\u00e9ativit\u00e9 et la t\u00e9nacit\u00e9 des diff\u00e9rents acteurs impliqu\u00e9s. Elles mettent en valeur le dynamisme des communes et de leurs groupements et les savoir-faire des artisans et entrepreneurs du b\u00e2timent ainsi que de leurs compagnons. La c\u00e9r\u00e9monie de remise des prix nationaux 2023 se tiendra le vendredi 3 novembre \u00e0 10 h 30 au Studio Th\u00e9\u00e2tre de la Com\u00e9die-Fran\u00e7aise (Carrousel du Louvre) lors du Salon international du Patrimoine culturel.<br \/>\nLes communes de Sainte-Christie-d&rsquo;Armagnac (Gers), Bl\u00e9r\u00e9 (Indre-et-Loire), Dole (Jura), Honfleur (Calvados) et Niort (Deux-S\u00e8vres) se verront remettre leur prix par les repr\u00e9sentants des cinq partenaires organisateurs : l\u2019Association des maires de France et des pr\u00e9sidents d\u2019intercommunalit\u00e9, la Fondation du patrimoine, la F\u00e9d\u00e9ration nationale des Caisses d&rsquo;\u00c9pargne, le Groupement fran\u00e7ais des entreprises de restauration de Monuments Historiques et la F\u00e9d\u00e9ration Fran\u00e7aise du B\u00e2timent.<\/p>\n<p><a href=\"http:\/\/www.rubansdupatrimoine.ffbatiment.fr\">www.rubansdupatrimoine.ffbatiment.fr<\/a><\/p>\n<p>&nbsp;<\/p>\n","protected":false},"excerpt":{"rendered":"<p>Les rubans du Patrimoine ont 30 ans ! Les op\u00e9rations r\u00e9compens\u00e9es par ce concours illustrent la cr\u00e9ativit\u00e9 et la t\u00e9nacit\u00e9 des diff\u00e9rents acteurs impliqu\u00e9s. Elles mettent en valeur le dynamisme des communes et de leurs groupements et les savoir-faire des artisans et entrepreneurs du b\u00e2timent ainsi que de leurs compagnons. La c\u00e9r\u00e9monie de remise des [&hellip;]<\/p>\n","protected":false},"author":17,"featured_media":102207,"comment_status":"closed","ping_status":"closed","sticky":false,"template":"","format":"standard","meta":{"_et_pb_use_builder":"","_et_pb_old_content":"","_et_gb_content_width":"","footnotes":""},"categories":[10530,6340,10789,10785],"tags":[373,12611],"class_list":["post-109318","post","type-post","status-publish","format-standard","has-post-thumbnail","hentry","category-actualites","category-architecture-conception","category-publications-atrium","category-atrium","tag-ffb","tag-les-rubans-du-patrimoine"],"yoast_head":"<!-- This site is optimized with the Yoast SEO plugin v27.4 - https:\/\/yoast.com\/product\/yoast-seo-wordpress\/ -->\n<title>30 ans de rubans du Patrimoine<\/title>\n<meta name=\"robots\" content=\"index, follow, max-snippet:-1, max-image-preview:large, max-video-preview:-1\" \/>\n<link rel=\"canonical\" href=\"https:\/\/batijournal.com\/index.php\/30-ans-de-rubans-du-patrimoine\/109318\/\" \/>\n<meta property=\"og:locale\" content=\"fr_FR\" \/>\n<meta property=\"og:type\" content=\"article\" \/>\n<meta property=\"og:title\" content=\"30 ans de rubans du Patrimoine\" \/>\n<meta property=\"og:description\" content=\"Les rubans du Patrimoine ont 30 ans ! Les op\u00e9rations r\u00e9compens\u00e9es par ce concours illustrent la cr\u00e9ativit\u00e9 et la t\u00e9nacit\u00e9 des diff\u00e9rents acteurs impliqu\u00e9s. Elles mettent en valeur le dynamisme des communes et de leurs groupements et les savoir-faire des artisans et entrepreneurs du b\u00e2timent ainsi que de leurs compagnons. La c\u00e9r\u00e9monie de remise des [&hellip;]\" \/>\n<meta property=\"og:url\" content=\"https:\/\/batijournal.com\/index.php\/30-ans-de-rubans-du-patrimoine\/109318\/\" \/>\n<meta property=\"og:site_name\" content=\"Batijournal\" \/>\n<meta property=\"article:published_time\" content=\"2023-10-04T12:51:59+00:00\" \/>\n<meta property=\"og:image\" content=\"https:\/\/batijournal.com\/wp-content\/uploads\/2019\/05\/ruban-du-patrimoine-2019-laureats.jpg\" \/>\n\t<meta property=\"og:image:width\" content=\"1837\" \/>\n\t<meta property=\"og:image:height\" content=\"828\" \/>\n\t<meta property=\"og:image:type\" content=\"image\/jpeg\" \/>\n<meta name=\"author\" content=\"St\u00e9phane Miget\" \/>\n<meta name=\"twitter:card\" content=\"summary_large_image\" \/>\n<meta name=\"twitter:creator\" content=\"@bati_journal\" \/>\n<meta name=\"twitter:site\" content=\"@bati_journal\" \/>\n<meta name=\"twitter:label1\" content=\"\u00c9crit par\" \/>\n\t<meta name=\"twitter:data1\" content=\"St\u00e9phane Miget\" \/>\n\t<meta name=\"twitter:label2\" content=\"Dur\u00e9e de lecture estim\u00e9e\" \/>\n\t<meta name=\"twitter:data2\" content=\"1 minute\" \/>\n<script type=\"application\/ld+json\" class=\"yoast-schema-graph\">{\"@context\":\"https:\\\/\\\/schema.org\",\"@graph\":[{\"@type\":\"Article\",\"@id\":\"https:\\\/\\\/batijournal.com\\\/index.php\\\/30-ans-de-rubans-du-patrimoine\\\/109318\\\/#article\",\"isPartOf\":{\"@id\":\"https:\\\/\\\/batijournal.com\\\/index.php\\\/30-ans-de-rubans-du-patrimoine\\\/109318\\\/\"},\"author\":{\"name\":\"St\u00e9phane Miget\",\"@id\":\"https:\\\/\\\/batijournal.com\\\/#\\\/schema\\\/person\\\/1dc96ec6957aa1ccb25ebe78bb19f100\"},\"headline\":\"30 ans de rubans du Patrimoine\",\"datePublished\":\"2023-10-04T12:51:59+00:00\",\"mainEntityOfPage\":{\"@id\":\"https:\\\/\\\/batijournal.com\\\/index.php\\\/30-ans-de-rubans-du-patrimoine\\\/109318\\\/\"},\"wordCount\":176,\"image\":{\"@id\":\"https:\\\/\\\/batijournal.com\\\/index.php\\\/30-ans-de-rubans-du-patrimoine\\\/109318\\\/#primaryimage\"},\"thumbnailUrl\":\"https:\\\/\\\/batijournal.com\\\/wp-content\\\/uploads\\\/2019\\\/05\\\/ruban-du-patrimoine-2019-laureats.jpg\",\"keywords\":[\"ffb\",\"Les Rubans du Patrimoine\"],\"articleSection\":[\"Actualit\u00e9s\",\"Architecture &amp; Conception\",\"zz_Actualit\u00e9s - Atrium\",\"zz_Atrium Patrimoine\"],\"inLanguage\":\"fr-FR\"},{\"@type\":\"WebPage\",\"@id\":\"https:\\\/\\\/batijournal.com\\\/index.php\\\/30-ans-de-rubans-du-patrimoine\\\/109318\\\/\",\"url\":\"https:\\\/\\\/batijournal.com\\\/index.php\\\/30-ans-de-rubans-du-patrimoine\\\/109318\\\/\",\"name\":\"30 ans de rubans du Patrimoine\",\"isPartOf\":{\"@id\":\"https:\\\/\\\/batijournal.com\\\/#website\"},\"primaryImageOfPage\":{\"@id\":\"https:\\\/\\\/batijournal.com\\\/index.php\\\/30-ans-de-rubans-du-patrimoine\\\/109318\\\/#primaryimage\"},\"image\":{\"@id\":\"https:\\\/\\\/batijournal.com\\\/index.php\\\/30-ans-de-rubans-du-patrimoine\\\/109318\\\/#primaryimage\"},\"thumbnailUrl\":\"https:\\\/\\\/batijournal.com\\\/wp-content\\\/uploads\\\/2019\\\/05\\\/ruban-du-patrimoine-2019-laureats.jpg\",\"datePublished\":\"2023-10-04T12:51:59+00:00\",\"author\":{\"@id\":\"https:\\\/\\\/batijournal.com\\\/#\\\/schema\\\/person\\\/1dc96ec6957aa1ccb25ebe78bb19f100\"},\"breadcrumb\":{\"@id\":\"https:\\\/\\\/batijournal.com\\\/index.php\\\/30-ans-de-rubans-du-patrimoine\\\/109318\\\/#breadcrumb\"},\"inLanguage\":\"fr-FR\",\"potentialAction\":[{\"@type\":\"ReadAction\",\"target\":[\"https:\\\/\\\/batijournal.com\\\/index.php\\\/30-ans-de-rubans-du-patrimoine\\\/109318\\\/\"]}]},{\"@type\":\"ImageObject\",\"inLanguage\":\"fr-FR\",\"@id\":\"https:\\\/\\\/batijournal.com\\\/index.php\\\/30-ans-de-rubans-du-patrimoine\\\/109318\\\/#primaryimage\",\"url\":\"https:\\\/\\\/batijournal.com\\\/wp-content\\\/uploads\\\/2019\\\/05\\\/ruban-du-patrimoine-2019-laureats.jpg\",\"contentUrl\":\"https:\\\/\\\/batijournal.com\\\/wp-content\\\/uploads\\\/2019\\\/05\\\/ruban-du-patrimoine-2019-laureats.jpg\",\"width\":1837,\"height\":828,\"caption\":\"rubans-du-patrimoine-2019-laureats\"},{\"@type\":\"BreadcrumbList\",\"@id\":\"https:\\\/\\\/batijournal.com\\\/index.php\\\/30-ans-de-rubans-du-patrimoine\\\/109318\\\/#breadcrumb\",\"itemListElement\":[{\"@type\":\"ListItem\",\"position\":1,\"name\":\"Accueil\",\"item\":\"https:\\\/\\\/batijournal.com\\\/\"},{\"@type\":\"ListItem\",\"position\":2,\"name\":\"Actualit\u00e9s\",\"item\":\"https:\\\/\\\/batijournal.com\\\/index.php\\\/category\\\/actualites\\\/\"},{\"@type\":\"ListItem\",\"position\":3,\"name\":\"30 ans de rubans du Patrimoine\"}]},{\"@type\":\"WebSite\",\"@id\":\"https:\\\/\\\/batijournal.com\\\/#website\",\"url\":\"https:\\\/\\\/batijournal.com\\\/\",\"name\":\"Batijournal\",\"description\":\"L&#039;actualit\u00e9 du b\u00e2timent\",\"potentialAction\":[{\"@type\":\"SearchAction\",\"target\":{\"@type\":\"EntryPoint\",\"urlTemplate\":\"https:\\\/\\\/batijournal.com\\\/?s={search_term_string}\"},\"query-input\":{\"@type\":\"PropertyValueSpecification\",\"valueRequired\":true,\"valueName\":\"search_term_string\"}}],\"inLanguage\":\"fr-FR\"},{\"@type\":\"Person\",\"@id\":\"https:\\\/\\\/batijournal.com\\\/#\\\/schema\\\/person\\\/1dc96ec6957aa1ccb25ebe78bb19f100\",\"name\":\"St\u00e9phane Miget\",\"image\":{\"@type\":\"ImageObject\",\"inLanguage\":\"fr-FR\",\"@id\":\"https:\\\/\\\/secure.gravatar.com\\\/avatar\\\/89915563d925342126b8ef0281b93d9d7fc337043e8df017f780908eb9644451?s=96&d=mm&r=g\",\"url\":\"https:\\\/\\\/secure.gravatar.com\\\/avatar\\\/89915563d925342126b8ef0281b93d9d7fc337043e8df017f780908eb9644451?s=96&d=mm&r=g\",\"contentUrl\":\"https:\\\/\\\/secure.gravatar.com\\\/avatar\\\/89915563d925342126b8ef0281b93d9d7fc337043e8df017f780908eb9644451?s=96&d=mm&r=g\",\"caption\":\"St\u00e9phane Miget\"},\"url\":\"https:\\\/\\\/batijournal.com\\\/index.php\\\/author\\\/stephane\\\/\"}]}<\/script>\n<!-- \/ Yoast SEO plugin. -->","yoast_head_json":{"title":"30 ans de rubans du Patrimoine","robots":{"index":"index","follow":"follow","max-snippet":"max-snippet:-1","max-image-preview":"max-image-preview:large","max-video-preview":"max-video-preview:-1"},"canonical":"https:\/\/batijournal.com\/index.php\/30-ans-de-rubans-du-patrimoine\/109318\/","og_locale":"fr_FR","og_type":"article","og_title":"30 ans de rubans du Patrimoine","og_description":"Les rubans du Patrimoine ont 30 ans ! Les op\u00e9rations r\u00e9compens\u00e9es par ce concours illustrent la cr\u00e9ativit\u00e9 et la t\u00e9nacit\u00e9 des diff\u00e9rents acteurs impliqu\u00e9s. Elles mettent en valeur le dynamisme des communes et de leurs groupements et les savoir-faire des artisans et entrepreneurs du b\u00e2timent ainsi que de leurs compagnons. La c\u00e9r\u00e9monie de remise des [&hellip;]","og_url":"https:\/\/batijournal.com\/index.php\/30-ans-de-rubans-du-patrimoine\/109318\/","og_site_name":"Batijournal","article_published_time":"2023-10-04T12:51:59+00:00","og_image":[{"width":1837,"height":828,"url":"https:\/\/batijournal.com\/wp-content\/uploads\/2019\/05\/ruban-du-patrimoine-2019-laureats.jpg","type":"image\/jpeg"}],"author":"St\u00e9phane Miget","twitter_card":"summary_large_image","twitter_creator":"@bati_journal","twitter_site":"@bati_journal","twitter_misc":{"\u00c9crit par":"St\u00e9phane Miget","Dur\u00e9e de lecture estim\u00e9e":"1 minute"},"schema":{"@context":"https:\/\/schema.org","@graph":[{"@type":"Article","@id":"https:\/\/batijournal.com\/index.php\/30-ans-de-rubans-du-patrimoine\/109318\/#article","isPartOf":{"@id":"https:\/\/batijournal.com\/index.php\/30-ans-de-rubans-du-patrimoine\/109318\/"},"author":{"name":"St\u00e9phane Miget","@id":"https:\/\/batijournal.com\/#\/schema\/person\/1dc96ec6957aa1ccb25ebe78bb19f100"},"headline":"30 ans de rubans du Patrimoine","datePublished":"2023-10-04T12:51:59+00:00","mainEntityOfPage":{"@id":"https:\/\/batijournal.com\/index.php\/30-ans-de-rubans-du-patrimoine\/109318\/"},"wordCount":176,"image":{"@id":"https:\/\/batijournal.com\/index.php\/30-ans-de-rubans-du-patrimoine\/109318\/#primaryimage"},"thumbnailUrl":"https:\/\/batijournal.com\/wp-content\/uploads\/2019\/05\/ruban-du-patrimoine-2019-laureats.jpg","keywords":["ffb","Les Rubans du Patrimoine"],"articleSection":["Actualit\u00e9s","Architecture &amp; Conception","zz_Actualit\u00e9s - Atrium","zz_Atrium Patrimoine"],"inLanguage":"fr-FR"},{"@type":"WebPage","@id":"https:\/\/batijournal.com\/index.php\/30-ans-de-rubans-du-patrimoine\/109318\/","url":"https:\/\/batijournal.com\/index.php\/30-ans-de-rubans-du-patrimoine\/109318\/","name":"30 ans de rubans du Patrimoine","isPartOf":{"@id":"https:\/\/batijournal.com\/#website"},"primaryImageOfPage":{"@id":"https:\/\/batijournal.com\/index.php\/30-ans-de-rubans-du-patrimoine\/109318\/#primaryimage"},"image":{"@id":"https:\/\/batijournal.com\/index.php\/30-ans-de-rubans-du-patrimoine\/109318\/#primaryimage"},"thumbnailUrl":"https:\/\/batijournal.com\/wp-content\/uploads\/2019\/05\/ruban-du-patrimoine-2019-laureats.jpg","datePublished":"2023-10-04T12:51:59+00:00","author":{"@id":"https:\/\/batijournal.com\/#\/schema\/person\/1dc96ec6957aa1ccb25ebe78bb19f100"},"breadcrumb":{"@id":"https:\/\/batijournal.com\/index.php\/30-ans-de-rubans-du-patrimoine\/109318\/#breadcrumb"},"inLanguage":"fr-FR","potentialAction":[{"@type":"ReadAction","target":["https:\/\/batijournal.com\/index.php\/30-ans-de-rubans-du-patrimoine\/109318\/"]}]},{"@type":"ImageObject","inLanguage":"fr-FR","@id":"https:\/\/batijournal.com\/index.php\/30-ans-de-rubans-du-patrimoine\/109318\/#primaryimage","url":"https:\/\/batijournal.com\/wp-content\/uploads\/2019\/05\/ruban-du-patrimoine-2019-laureats.jpg","contentUrl":"https:\/\/batijournal.com\/wp-content\/uploads\/2019\/05\/ruban-du-patrimoine-2019-laureats.jpg","width":1837,"height":828,"caption":"rubans-du-patrimoine-2019-laureats"},{"@type":"BreadcrumbList","@id":"https:\/\/batijournal.com\/index.php\/30-ans-de-rubans-du-patrimoine\/109318\/#breadcrumb","itemListElement":[{"@type":"ListItem","position":1,"name":"Accueil","item":"https:\/\/batijournal.com\/"},{"@type":"ListItem","position":2,"name":"Actualit\u00e9s","item":"https:\/\/batijournal.com\/index.php\/category\/actualites\/"},{"@type":"ListItem","position":3,"name":"30 ans de rubans du Patrimoine"}]},{"@type":"WebSite","@id":"https:\/\/batijournal.com\/#website","url":"https:\/\/batijournal.com\/","name":"Batijournal","description":"L&#039;actualit\u00e9 du b\u00e2timent","potentialAction":[{"@type":"SearchAction","target":{"@type":"EntryPoint","urlTemplate":"https:\/\/batijournal.com\/?s={search_term_string}"},"query-input":{"@type":"PropertyValueSpecification","valueRequired":true,"valueName":"search_term_string"}}],"inLanguage":"fr-FR"},{"@type":"Person","@id":"https:\/\/batijournal.com\/#\/schema\/person\/1dc96ec6957aa1ccb25ebe78bb19f100","name":"St\u00e9phane Miget","image":{"@type":"ImageObject","inLanguage":"fr-FR","@id":"https:\/\/secure.gravatar.com\/avatar\/89915563d925342126b8ef0281b93d9d7fc337043e8df017f780908eb9644451?s=96&d=mm&r=g","url":"https:\/\/secure.gravatar.com\/avatar\/89915563d925342126b8ef0281b93d9d7fc337043e8df017f780908eb9644451?s=96&d=mm&r=g","contentUrl":"https:\/\/secure.gravatar.com\/avatar\/89915563d925342126b8ef0281b93d9d7fc337043e8df017f780908eb9644451?s=96&d=mm&r=g","caption":"St\u00e9phane Miget"},"url":"https:\/\/batijournal.com\/index.php\/author\/stephane\/"}]}},"_links":{"self":[{"href":"https:\/\/batijournal.com\/index.php\/wp-json\/wp\/v2\/posts\/109318","targetHints":{"allow":["GET"]}}],"collection":[{"href":"https:\/\/batijournal.com\/index.php\/wp-json\/wp\/v2\/posts"}],"about":[{"href":"https:\/\/batijournal.com\/index.php\/wp-json\/wp\/v2\/types\/post"}],"author":[{"embeddable":true,"href":"https:\/\/batijournal.com\/index.php\/wp-json\/wp\/v2\/users\/17"}],"replies":[{"embeddable":true,"href":"https:\/\/batijournal.com\/index.php\/wp-json\/wp\/v2\/comments?post=109318"}],"version-history":[{"count":0,"href":"https:\/\/batijournal.com\/index.php\/wp-json\/wp\/v2\/posts\/109318\/revisions"}],"wp:featuredmedia":[{"embeddable":true,"href":"https:\/\/batijournal.com\/index.php\/wp-json\/wp\/v2\/media\/102207"}],"wp:attachment":[{"href":"https:\/\/batijournal.com\/index.php\/wp-json\/wp\/v2\/media?parent=109318"}],"wp:term":[{"taxonomy":"category","embeddable":true,"href":"https:\/\/batijournal.com\/index.php\/wp-json\/wp\/v2\/categories?post=109318"},{"taxonomy":"post_tag","embeddable":true,"href":"https:\/\/batijournal.com\/index.php\/wp-json\/wp\/v2\/tags?post=109318"}],"curies":[{"name":"wp","href":"https:\/\/api.w.org\/{rel}","templated":true}]}}