{"id":109335,"date":"2023-10-05T16:13:55","date_gmt":"2023-10-05T14:13:55","guid":{"rendered":"https:\/\/batijournal.com\/?p=109335"},"modified":"2023-10-05T16:13:55","modified_gmt":"2023-10-05T14:13:55","slug":"sto-main-dans-la-main-avec-les-acteurs-du-logement-social","status":"publish","type":"post","link":"https:\/\/batijournal.com\/index.php\/sto-main-dans-la-main-avec-les-acteurs-du-logement-social\/109335\/","title":{"rendered":"Sto main dans la main avec les acteurs du logement social"},"content":{"rendered":"<p>\u00c0 l\u2019occasion du salon H\u2019Expo, Sto a mis en lumi\u00e8re son expertise aux c\u00f4t\u00e9s des bailleurs sociaux, tant pour leurs projets de r\u00e9novation \u00e9nerg\u00e9tique que pour la construction neuve. Soucieux de prot\u00e9ger les locataires du parc locatif social face \u00e0 l\u2019explosion des co\u00fbts de l\u2019\u00e9nergie, Le leader mondial de l\u2019isolation thermique par l\u2019ext\u00e9rieur, sp\u00e9cialiste du ravalement et de l\u2019embellissement des fa\u00e7ades, accompagne les d\u00e9cideurs du secteur dans la d\u00e9carbonation de leurs projets, avec des solutions fa\u00e7ade innovantes moins carbon\u00e9es \u00e0 budget ma\u00eetris\u00e9. Les syst\u00e8mes d\u2019isolation par l\u2019ext\u00e9rieur sous enduit, et sous bardage, propos\u00e9s par Sto optimisent l\u2019enveloppe des b\u00e2timents, apportent un meilleur confort thermique aux locataires, pr\u00e9viennent leur d\u00e9gradation et conjuguent d\u00e9veloppement durable, respect de l\u2019environnement, \u00e9conomie et p\u00e9rennit\u00e9. Des solutions d\u2019embellissement et de ravalement technique de fa\u00e7ade viennent en compl\u00e9ment des syst\u00e8mes d\u2019isolation, toutes les fa\u00e7ades d\u2019un projet n\u2019\u00e9tant pas toujours vou\u00e9es \u00e0 \u00eatre isol\u00e9es.<\/p>\n","protected":false},"excerpt":{"rendered":"<p>\u00c0 l\u2019occasion du salon H\u2019Expo, Sto a mis en lumi\u00e8re son expertise aux c\u00f4t\u00e9s des bailleurs sociaux, tant pour leurs projets de r\u00e9novation \u00e9nerg\u00e9tique que pour la construction neuve. Soucieux de prot\u00e9ger les locataires du parc locatif social face \u00e0 l\u2019explosion des co\u00fbts de l\u2019\u00e9nergie, Le leader mondial de l\u2019isolation thermique par l\u2019ext\u00e9rieur, sp\u00e9cialiste du [&hellip;]<\/p>\n","protected":false},"author":17,"featured_media":109336,"comment_status":"closed","ping_status":"closed","sticky":false,"template":"","format":"standard","meta":{"_et_pb_use_builder":"","_et_pb_old_content":"","_et_gb_content_width":"","footnotes":""},"categories":[10530,6351,10771,10775],"tags":[70,1683],"class_list":["post-109335","post","type-post","status-publish","format-standard","has-post-thumbnail","hentry","category-actualites","category-energie-environnement","category-5facades","category-actualites-5facades","tag-ite","tag-renovation-energetique"],"yoast_head":"<!-- This site is optimized with the Yoast SEO plugin v27.4 - https:\/\/yoast.com\/product\/yoast-seo-wordpress\/ -->\n<title>Sto main dans la main avec les acteurs du logement social<\/title>\n<meta name=\"robots\" content=\"index, follow, max-snippet:-1, max-image-preview:large, max-video-preview:-1\" \/>\n<link rel=\"canonical\" href=\"https:\/\/batijournal.com\/index.php\/sto-main-dans-la-main-avec-les-acteurs-du-logement-social\/109335\/\" \/>\n<meta property=\"og:locale\" content=\"fr_FR\" \/>\n<meta property=\"og:type\" content=\"article\" \/>\n<meta property=\"og:title\" content=\"Sto main dans la main avec les acteurs du logement social\" \/>\n<meta property=\"og:description\" content=\"\u00c0 l\u2019occasion du salon H\u2019Expo, Sto a mis en lumi\u00e8re son expertise aux c\u00f4t\u00e9s des bailleurs sociaux, tant pour leurs projets de r\u00e9novation \u00e9nerg\u00e9tique que pour la construction neuve. Soucieux de prot\u00e9ger les locataires du parc locatif social face \u00e0 l\u2019explosion des co\u00fbts de l\u2019\u00e9nergie, Le leader mondial de l\u2019isolation thermique par l\u2019ext\u00e9rieur, sp\u00e9cialiste du [&hellip;]\" \/>\n<meta property=\"og:url\" content=\"https:\/\/batijournal.com\/index.php\/sto-main-dans-la-main-avec-les-acteurs-du-logement-social\/109335\/\" \/>\n<meta property=\"og:site_name\" content=\"Batijournal\" \/>\n<meta property=\"article:published_time\" content=\"2023-10-05T14:13:55+00:00\" \/>\n<meta property=\"og:image\" content=\"https:\/\/batijournal.com\/wp-content\/uploads\/2023\/10\/Sto-Thiais.jpg\" \/>\n\t<meta property=\"og:image:width\" content=\"1000\" \/>\n\t<meta property=\"og:image:height\" content=\"667\" \/>\n\t<meta property=\"og:image:type\" content=\"image\/jpeg\" \/>\n<meta name=\"author\" content=\"St\u00e9phane Miget\" \/>\n<meta name=\"twitter:card\" content=\"summary_large_image\" \/>\n<meta name=\"twitter:creator\" content=\"@bati_journal\" \/>\n<meta name=\"twitter:site\" content=\"@bati_journal\" \/>\n<meta name=\"twitter:label1\" content=\"\u00c9crit par\" \/>\n\t<meta name=\"twitter:data1\" content=\"St\u00e9phane Miget\" \/>\n\t<meta name=\"twitter:label2\" content=\"Dur\u00e9e de lecture estim\u00e9e\" \/>\n\t<meta name=\"twitter:data2\" content=\"1 minute\" \/>\n<script type=\"application\/ld+json\" class=\"yoast-schema-graph\">{\"@context\":\"https:\\\/\\\/schema.org\",\"@graph\":[{\"@type\":\"Article\",\"@id\":\"https:\\\/\\\/batijournal.com\\\/index.php\\\/sto-main-dans-la-main-avec-les-acteurs-du-logement-social\\\/109335\\\/#article\",\"isPartOf\":{\"@id\":\"https:\\\/\\\/batijournal.com\\\/index.php\\\/sto-main-dans-la-main-avec-les-acteurs-du-logement-social\\\/109335\\\/\"},\"author\":{\"name\":\"St\u00e9phane Miget\",\"@id\":\"https:\\\/\\\/batijournal.com\\\/#\\\/schema\\\/person\\\/1dc96ec6957aa1ccb25ebe78bb19f100\"},\"headline\":\"Sto main dans la main avec les acteurs du logement social\",\"datePublished\":\"2023-10-05T14:13:55+00:00\",\"mainEntityOfPage\":{\"@id\":\"https:\\\/\\\/batijournal.com\\\/index.php\\\/sto-main-dans-la-main-avec-les-acteurs-du-logement-social\\\/109335\\\/\"},\"wordCount\":197,\"image\":{\"@id\":\"https:\\\/\\\/batijournal.com\\\/index.php\\\/sto-main-dans-la-main-avec-les-acteurs-du-logement-social\\\/109335\\\/#primaryimage\"},\"thumbnailUrl\":\"https:\\\/\\\/batijournal.com\\\/wp-content\\\/uploads\\\/2023\\\/10\\\/Sto-Thiais.jpg\",\"keywords\":[\"ITE\",\"renovation energetique\"],\"articleSection\":[\"Actualit\u00e9s\",\"\u00c9nergie &amp; Environnement\",\"zz_5fa\u00e7ades\",\"zz_Actualit\u00e9s - 5fa\u00e7ades\"],\"inLanguage\":\"fr-FR\"},{\"@type\":\"WebPage\",\"@id\":\"https:\\\/\\\/batijournal.com\\\/index.php\\\/sto-main-dans-la-main-avec-les-acteurs-du-logement-social\\\/109335\\\/\",\"url\":\"https:\\\/\\\/batijournal.com\\\/index.php\\\/sto-main-dans-la-main-avec-les-acteurs-du-logement-social\\\/109335\\\/\",\"name\":\"Sto main dans la main avec les acteurs du logement social\",\"isPartOf\":{\"@id\":\"https:\\\/\\\/batijournal.com\\\/#website\"},\"primaryImageOfPage\":{\"@id\":\"https:\\\/\\\/batijournal.com\\\/index.php\\\/sto-main-dans-la-main-avec-les-acteurs-du-logement-social\\\/109335\\\/#primaryimage\"},\"image\":{\"@id\":\"https:\\\/\\\/batijournal.com\\\/index.php\\\/sto-main-dans-la-main-avec-les-acteurs-du-logement-social\\\/109335\\\/#primaryimage\"},\"thumbnailUrl\":\"https:\\\/\\\/batijournal.com\\\/wp-content\\\/uploads\\\/2023\\\/10\\\/Sto-Thiais.jpg\",\"datePublished\":\"2023-10-05T14:13:55+00:00\",\"author\":{\"@id\":\"https:\\\/\\\/batijournal.com\\\/#\\\/schema\\\/person\\\/1dc96ec6957aa1ccb25ebe78bb19f100\"},\"breadcrumb\":{\"@id\":\"https:\\\/\\\/batijournal.com\\\/index.php\\\/sto-main-dans-la-main-avec-les-acteurs-du-logement-social\\\/109335\\\/#breadcrumb\"},\"inLanguage\":\"fr-FR\",\"potentialAction\":[{\"@type\":\"ReadAction\",\"target\":[\"https:\\\/\\\/batijournal.com\\\/index.php\\\/sto-main-dans-la-main-avec-les-acteurs-du-logement-social\\\/109335\\\/\"]}]},{\"@type\":\"ImageObject\",\"inLanguage\":\"fr-FR\",\"@id\":\"https:\\\/\\\/batijournal.com\\\/index.php\\\/sto-main-dans-la-main-avec-les-acteurs-du-logement-social\\\/109335\\\/#primaryimage\",\"url\":\"https:\\\/\\\/batijournal.com\\\/wp-content\\\/uploads\\\/2023\\\/10\\\/Sto-Thiais.jpg\",\"contentUrl\":\"https:\\\/\\\/batijournal.com\\\/wp-content\\\/uploads\\\/2023\\\/10\\\/Sto-Thiais.jpg\",\"width\":1000,\"height\":667},{\"@type\":\"BreadcrumbList\",\"@id\":\"https:\\\/\\\/batijournal.com\\\/index.php\\\/sto-main-dans-la-main-avec-les-acteurs-du-logement-social\\\/109335\\\/#breadcrumb\",\"itemListElement\":[{\"@type\":\"ListItem\",\"position\":1,\"name\":\"Accueil\",\"item\":\"https:\\\/\\\/batijournal.com\\\/\"},{\"@type\":\"ListItem\",\"position\":2,\"name\":\"Actualit\u00e9s\",\"item\":\"https:\\\/\\\/batijournal.com\\\/index.php\\\/category\\\/actualites\\\/\"},{\"@type\":\"ListItem\",\"position\":3,\"name\":\"Sto main dans la main avec les acteurs du logement social\"}]},{\"@type\":\"WebSite\",\"@id\":\"https:\\\/\\\/batijournal.com\\\/#website\",\"url\":\"https:\\\/\\\/batijournal.com\\\/\",\"name\":\"Batijournal\",\"description\":\"L&#039;actualit\u00e9 du b\u00e2timent\",\"potentialAction\":[{\"@type\":\"SearchAction\",\"target\":{\"@type\":\"EntryPoint\",\"urlTemplate\":\"https:\\\/\\\/batijournal.com\\\/?s={search_term_string}\"},\"query-input\":{\"@type\":\"PropertyValueSpecification\",\"valueRequired\":true,\"valueName\":\"search_term_string\"}}],\"inLanguage\":\"fr-FR\"},{\"@type\":\"Person\",\"@id\":\"https:\\\/\\\/batijournal.com\\\/#\\\/schema\\\/person\\\/1dc96ec6957aa1ccb25ebe78bb19f100\",\"name\":\"St\u00e9phane Miget\",\"image\":{\"@type\":\"ImageObject\",\"inLanguage\":\"fr-FR\",\"@id\":\"https:\\\/\\\/secure.gravatar.com\\\/avatar\\\/89915563d925342126b8ef0281b93d9d7fc337043e8df017f780908eb9644451?s=96&d=mm&r=g\",\"url\":\"https:\\\/\\\/secure.gravatar.com\\\/avatar\\\/89915563d925342126b8ef0281b93d9d7fc337043e8df017f780908eb9644451?s=96&d=mm&r=g\",\"contentUrl\":\"https:\\\/\\\/secure.gravatar.com\\\/avatar\\\/89915563d925342126b8ef0281b93d9d7fc337043e8df017f780908eb9644451?s=96&d=mm&r=g\",\"caption\":\"St\u00e9phane Miget\"},\"url\":\"https:\\\/\\\/batijournal.com\\\/index.php\\\/author\\\/stephane\\\/\"}]}<\/script>\n<!-- \/ Yoast SEO plugin. -->","yoast_head_json":{"title":"Sto main dans la main avec les acteurs du logement social","robots":{"index":"index","follow":"follow","max-snippet":"max-snippet:-1","max-image-preview":"max-image-preview:large","max-video-preview":"max-video-preview:-1"},"canonical":"https:\/\/batijournal.com\/index.php\/sto-main-dans-la-main-avec-les-acteurs-du-logement-social\/109335\/","og_locale":"fr_FR","og_type":"article","og_title":"Sto main dans la main avec les acteurs du logement social","og_description":"\u00c0 l\u2019occasion du salon H\u2019Expo, Sto a mis en lumi\u00e8re son expertise aux c\u00f4t\u00e9s des bailleurs sociaux, tant pour leurs projets de r\u00e9novation \u00e9nerg\u00e9tique que pour la construction neuve. Soucieux de prot\u00e9ger les locataires du parc locatif social face \u00e0 l\u2019explosion des co\u00fbts de l\u2019\u00e9nergie, Le leader mondial de l\u2019isolation thermique par l\u2019ext\u00e9rieur, sp\u00e9cialiste du [&hellip;]","og_url":"https:\/\/batijournal.com\/index.php\/sto-main-dans-la-main-avec-les-acteurs-du-logement-social\/109335\/","og_site_name":"Batijournal","article_published_time":"2023-10-05T14:13:55+00:00","og_image":[{"width":1000,"height":667,"url":"https:\/\/batijournal.com\/wp-content\/uploads\/2023\/10\/Sto-Thiais.jpg","type":"image\/jpeg"}],"author":"St\u00e9phane Miget","twitter_card":"summary_large_image","twitter_creator":"@bati_journal","twitter_site":"@bati_journal","twitter_misc":{"\u00c9crit par":"St\u00e9phane Miget","Dur\u00e9e de lecture estim\u00e9e":"1 minute"},"schema":{"@context":"https:\/\/schema.org","@graph":[{"@type":"Article","@id":"https:\/\/batijournal.com\/index.php\/sto-main-dans-la-main-avec-les-acteurs-du-logement-social\/109335\/#article","isPartOf":{"@id":"https:\/\/batijournal.com\/index.php\/sto-main-dans-la-main-avec-les-acteurs-du-logement-social\/109335\/"},"author":{"name":"St\u00e9phane Miget","@id":"https:\/\/batijournal.com\/#\/schema\/person\/1dc96ec6957aa1ccb25ebe78bb19f100"},"headline":"Sto main dans la main avec les acteurs du logement social","datePublished":"2023-10-05T14:13:55+00:00","mainEntityOfPage":{"@id":"https:\/\/batijournal.com\/index.php\/sto-main-dans-la-main-avec-les-acteurs-du-logement-social\/109335\/"},"wordCount":197,"image":{"@id":"https:\/\/batijournal.com\/index.php\/sto-main-dans-la-main-avec-les-acteurs-du-logement-social\/109335\/#primaryimage"},"thumbnailUrl":"https:\/\/batijournal.com\/wp-content\/uploads\/2023\/10\/Sto-Thiais.jpg","keywords":["ITE","renovation energetique"],"articleSection":["Actualit\u00e9s","\u00c9nergie &amp; Environnement","zz_5fa\u00e7ades","zz_Actualit\u00e9s - 5fa\u00e7ades"],"inLanguage":"fr-FR"},{"@type":"WebPage","@id":"https:\/\/batijournal.com\/index.php\/sto-main-dans-la-main-avec-les-acteurs-du-logement-social\/109335\/","url":"https:\/\/batijournal.com\/index.php\/sto-main-dans-la-main-avec-les-acteurs-du-logement-social\/109335\/","name":"Sto main dans la main avec les acteurs du logement social","isPartOf":{"@id":"https:\/\/batijournal.com\/#website"},"primaryImageOfPage":{"@id":"https:\/\/batijournal.com\/index.php\/sto-main-dans-la-main-avec-les-acteurs-du-logement-social\/109335\/#primaryimage"},"image":{"@id":"https:\/\/batijournal.com\/index.php\/sto-main-dans-la-main-avec-les-acteurs-du-logement-social\/109335\/#primaryimage"},"thumbnailUrl":"https:\/\/batijournal.com\/wp-content\/uploads\/2023\/10\/Sto-Thiais.jpg","datePublished":"2023-10-05T14:13:55+00:00","author":{"@id":"https:\/\/batijournal.com\/#\/schema\/person\/1dc96ec6957aa1ccb25ebe78bb19f100"},"breadcrumb":{"@id":"https:\/\/batijournal.com\/index.php\/sto-main-dans-la-main-avec-les-acteurs-du-logement-social\/109335\/#breadcrumb"},"inLanguage":"fr-FR","potentialAction":[{"@type":"ReadAction","target":["https:\/\/batijournal.com\/index.php\/sto-main-dans-la-main-avec-les-acteurs-du-logement-social\/109335\/"]}]},{"@type":"ImageObject","inLanguage":"fr-FR","@id":"https:\/\/batijournal.com\/index.php\/sto-main-dans-la-main-avec-les-acteurs-du-logement-social\/109335\/#primaryimage","url":"https:\/\/batijournal.com\/wp-content\/uploads\/2023\/10\/Sto-Thiais.jpg","contentUrl":"https:\/\/batijournal.com\/wp-content\/uploads\/2023\/10\/Sto-Thiais.jpg","width":1000,"height":667},{"@type":"BreadcrumbList","@id":"https:\/\/batijournal.com\/index.php\/sto-main-dans-la-main-avec-les-acteurs-du-logement-social\/109335\/#breadcrumb","itemListElement":[{"@type":"ListItem","position":1,"name":"Accueil","item":"https:\/\/batijournal.com\/"},{"@type":"ListItem","position":2,"name":"Actualit\u00e9s","item":"https:\/\/batijournal.com\/index.php\/category\/actualites\/"},{"@type":"ListItem","position":3,"name":"Sto main dans la main avec les acteurs du logement social"}]},{"@type":"WebSite","@id":"https:\/\/batijournal.com\/#website","url":"https:\/\/batijournal.com\/","name":"Batijournal","description":"L&#039;actualit\u00e9 du b\u00e2timent","potentialAction":[{"@type":"SearchAction","target":{"@type":"EntryPoint","urlTemplate":"https:\/\/batijournal.com\/?s={search_term_string}"},"query-input":{"@type":"PropertyValueSpecification","valueRequired":true,"valueName":"search_term_string"}}],"inLanguage":"fr-FR"},{"@type":"Person","@id":"https:\/\/batijournal.com\/#\/schema\/person\/1dc96ec6957aa1ccb25ebe78bb19f100","name":"St\u00e9phane Miget","image":{"@type":"ImageObject","inLanguage":"fr-FR","@id":"https:\/\/secure.gravatar.com\/avatar\/89915563d925342126b8ef0281b93d9d7fc337043e8df017f780908eb9644451?s=96&d=mm&r=g","url":"https:\/\/secure.gravatar.com\/avatar\/89915563d925342126b8ef0281b93d9d7fc337043e8df017f780908eb9644451?s=96&d=mm&r=g","contentUrl":"https:\/\/secure.gravatar.com\/avatar\/89915563d925342126b8ef0281b93d9d7fc337043e8df017f780908eb9644451?s=96&d=mm&r=g","caption":"St\u00e9phane Miget"},"url":"https:\/\/batijournal.com\/index.php\/author\/stephane\/"}]}},"_links":{"self":[{"href":"https:\/\/batijournal.com\/index.php\/wp-json\/wp\/v2\/posts\/109335","targetHints":{"allow":["GET"]}}],"collection":[{"href":"https:\/\/batijournal.com\/index.php\/wp-json\/wp\/v2\/posts"}],"about":[{"href":"https:\/\/batijournal.com\/index.php\/wp-json\/wp\/v2\/types\/post"}],"author":[{"embeddable":true,"href":"https:\/\/batijournal.com\/index.php\/wp-json\/wp\/v2\/users\/17"}],"replies":[{"embeddable":true,"href":"https:\/\/batijournal.com\/index.php\/wp-json\/wp\/v2\/comments?post=109335"}],"version-history":[{"count":0,"href":"https:\/\/batijournal.com\/index.php\/wp-json\/wp\/v2\/posts\/109335\/revisions"}],"wp:featuredmedia":[{"embeddable":true,"href":"https:\/\/batijournal.com\/index.php\/wp-json\/wp\/v2\/media\/109336"}],"wp:attachment":[{"href":"https:\/\/batijournal.com\/index.php\/wp-json\/wp\/v2\/media?parent=109335"}],"wp:term":[{"taxonomy":"category","embeddable":true,"href":"https:\/\/batijournal.com\/index.php\/wp-json\/wp\/v2\/categories?post=109335"},{"taxonomy":"post_tag","embeddable":true,"href":"https:\/\/batijournal.com\/index.php\/wp-json\/wp\/v2\/tags?post=109335"}],"curies":[{"name":"wp","href":"https:\/\/api.w.org\/{rel}","templated":true}]}}