{"id":109343,"date":"2023-10-09T08:37:45","date_gmt":"2023-10-09T06:37:45","guid":{"rendered":"https:\/\/batijournal.com\/?p=109343"},"modified":"2023-10-09T08:37:45","modified_gmt":"2023-10-09T06:37:45","slug":"validation-nationale-du-referentiel-fsc-de-gestion-forestiere-adapte-a-la-france-metropolitaine","status":"publish","type":"post","link":"https:\/\/batijournal.com\/index.php\/validation-nationale-du-referentiel-fsc-de-gestion-forestiere-adapte-a-la-france-metropolitaine\/109343\/","title":{"rendered":"Validation nationale du r\u00e9f\u00e9rentiel FSC\u00ae de gestion foresti\u00e8re adapt\u00e9 \u00e0 la France m\u00e9tropolitaine"},"content":{"rendered":"<p>Apr\u00e8s avoir lanc\u00e9 en 2021 la r\u00e9vision partielle de son r\u00e9f\u00e9rentiel de gestion foresti\u00e8re pour la France m\u00e9tropolitaine, le Conseil d\u2019administration de l\u2019association FSC France, r\u00e9uni le 28 septembre 2023, a valid\u00e9 les \u00e9volutions propos\u00e9es par un Groupe de travail d\u00e9di\u00e9 avec notamment pour objectifs de r\u00e9pondre aux enjeux suivants : prise en compte de l\u2019impact des changements climatiques, am\u00e9lioration de l\u2019encadrement des pratiques de gestion \u00ab intensives \u00bb et de l\u2019accessibilit\u00e9 \u00e0 la certification FSC pour les petites for\u00eats. Cette version r\u00e9vis\u00e9e sera envoy\u00e9e \u00e0 FSC International pour \u00e9valuation et validation finale. \u00ab Les th\u00e9matiques abord\u00e9es telles que les coupes rases et l\u2019adaptation au changement climatique sont sources de tensions dans notre pays. De ce fait, cette r\u00e9vision a suscit\u00e9 quelques d\u00e9bats anim\u00e9s, mais il s\u2019agit d\u2019un processus normal et sain, car les membres du Groupe de travail ont des approches diff\u00e9rentes, mais toutes l\u00e9gitimes, de la gestion foresti\u00e8re. Il n\u2019y a pas de solution miracle compte tenu de l\u2019ensemble des enjeux \u00e9conomiques, environnementaux et sociaux, et la connaissance scientifique est encore partielle sur ces sujets complexes \u00bb explique Guillaume Dahringer, Directeur technique de FSC France qui pilote cette r\u00e9vision.<\/p>\n","protected":false},"excerpt":{"rendered":"<p>Apr\u00e8s avoir lanc\u00e9 en 2021 la r\u00e9vision partielle de son r\u00e9f\u00e9rentiel de gestion foresti\u00e8re pour la France m\u00e9tropolitaine, le Conseil d\u2019administration de l\u2019association FSC France, r\u00e9uni le 28 septembre 2023, a valid\u00e9 les \u00e9volutions propos\u00e9es par un Groupe de travail d\u00e9di\u00e9 avec notamment pour objectifs de r\u00e9pondre aux enjeux suivants : prise en compte de [&hellip;]<\/p>\n","protected":false},"author":17,"featured_media":109344,"comment_status":"closed","ping_status":"closed","sticky":false,"template":"","format":"standard","meta":{"_et_pb_use_builder":"","_et_pb_old_content":"","_et_gb_content_width":"","footnotes":""},"categories":[10530,6362,10769,10764],"tags":[530],"class_list":["post-109343","post","type-post","status-publish","format-standard","has-post-thumbnail","hentry","category-actualites","category-services-equipements","category-publications","category-woodsurfer","tag-fsc"],"yoast_head":"<!-- This site is optimized with the Yoast SEO plugin v27.4 - https:\/\/yoast.com\/product\/yoast-seo-wordpress\/ -->\n<title>Validation nationale du r\u00e9f\u00e9rentiel FSC\u00ae de gestion foresti\u00e8re adapt\u00e9 \u00e0 la France m\u00e9tropolitaine<\/title>\n<meta name=\"robots\" content=\"index, follow, max-snippet:-1, max-image-preview:large, max-video-preview:-1\" \/>\n<link rel=\"canonical\" href=\"https:\/\/batijournal.com\/index.php\/validation-nationale-du-referentiel-fsc-de-gestion-forestiere-adapte-a-la-france-metropolitaine\/109343\/\" \/>\n<meta property=\"og:locale\" content=\"fr_FR\" \/>\n<meta property=\"og:type\" content=\"article\" \/>\n<meta property=\"og:title\" content=\"Validation nationale du r\u00e9f\u00e9rentiel FSC\u00ae de gestion foresti\u00e8re adapt\u00e9 \u00e0 la France m\u00e9tropolitaine\" \/>\n<meta property=\"og:description\" content=\"Apr\u00e8s avoir lanc\u00e9 en 2021 la r\u00e9vision partielle de son r\u00e9f\u00e9rentiel de gestion foresti\u00e8re pour la France m\u00e9tropolitaine, le Conseil d\u2019administration de l\u2019association FSC France, r\u00e9uni le 28 septembre 2023, a valid\u00e9 les \u00e9volutions propos\u00e9es par un Groupe de travail d\u00e9di\u00e9 avec notamment pour objectifs de r\u00e9pondre aux enjeux suivants : prise en compte de [&hellip;]\" \/>\n<meta property=\"og:url\" content=\"https:\/\/batijournal.com\/index.php\/validation-nationale-du-referentiel-fsc-de-gestion-forestiere-adapte-a-la-france-metropolitaine\/109343\/\" \/>\n<meta property=\"og:site_name\" content=\"Batijournal\" \/>\n<meta property=\"article:published_time\" content=\"2023-10-09T06:37:45+00:00\" \/>\n<meta property=\"og:image\" content=\"https:\/\/batijournal.com\/wp-content\/uploads\/2023\/10\/fsc.png\" \/>\n\t<meta property=\"og:image:width\" content=\"870\" \/>\n\t<meta property=\"og:image:height\" content=\"436\" \/>\n\t<meta property=\"og:image:type\" content=\"image\/png\" \/>\n<meta name=\"author\" content=\"St\u00e9phane Miget\" \/>\n<meta name=\"twitter:card\" content=\"summary_large_image\" \/>\n<meta name=\"twitter:creator\" content=\"@bati_journal\" \/>\n<meta name=\"twitter:site\" content=\"@bati_journal\" \/>\n<meta name=\"twitter:label1\" content=\"\u00c9crit par\" \/>\n\t<meta name=\"twitter:data1\" content=\"St\u00e9phane Miget\" \/>\n\t<meta name=\"twitter:label2\" content=\"Dur\u00e9e de lecture estim\u00e9e\" \/>\n\t<meta name=\"twitter:data2\" content=\"1 minute\" \/>\n<script type=\"application\/ld+json\" class=\"yoast-schema-graph\">{\"@context\":\"https:\\\/\\\/schema.org\",\"@graph\":[{\"@type\":\"Article\",\"@id\":\"https:\\\/\\\/batijournal.com\\\/index.php\\\/validation-nationale-du-referentiel-fsc-de-gestion-forestiere-adapte-a-la-france-metropolitaine\\\/109343\\\/#article\",\"isPartOf\":{\"@id\":\"https:\\\/\\\/batijournal.com\\\/index.php\\\/validation-nationale-du-referentiel-fsc-de-gestion-forestiere-adapte-a-la-france-metropolitaine\\\/109343\\\/\"},\"author\":{\"name\":\"St\u00e9phane Miget\",\"@id\":\"https:\\\/\\\/batijournal.com\\\/#\\\/schema\\\/person\\\/1dc96ec6957aa1ccb25ebe78bb19f100\"},\"headline\":\"Validation nationale du r\u00e9f\u00e9rentiel FSC\u00ae de gestion foresti\u00e8re adapt\u00e9 \u00e0 la France m\u00e9tropolitaine\",\"datePublished\":\"2023-10-09T06:37:45+00:00\",\"mainEntityOfPage\":{\"@id\":\"https:\\\/\\\/batijournal.com\\\/index.php\\\/validation-nationale-du-referentiel-fsc-de-gestion-forestiere-adapte-a-la-france-metropolitaine\\\/109343\\\/\"},\"wordCount\":231,\"image\":{\"@id\":\"https:\\\/\\\/batijournal.com\\\/index.php\\\/validation-nationale-du-referentiel-fsc-de-gestion-forestiere-adapte-a-la-france-metropolitaine\\\/109343\\\/#primaryimage\"},\"thumbnailUrl\":\"https:\\\/\\\/batijournal.com\\\/wp-content\\\/uploads\\\/2023\\\/10\\\/fsc.png\",\"keywords\":[\"FSC\"],\"articleSection\":[\"Actualit\u00e9s\",\"Divers\",\"zz_Actualit\u00e9s - Woodsurfer\",\"zz_Woodsurfer\"],\"inLanguage\":\"fr-FR\"},{\"@type\":\"WebPage\",\"@id\":\"https:\\\/\\\/batijournal.com\\\/index.php\\\/validation-nationale-du-referentiel-fsc-de-gestion-forestiere-adapte-a-la-france-metropolitaine\\\/109343\\\/\",\"url\":\"https:\\\/\\\/batijournal.com\\\/index.php\\\/validation-nationale-du-referentiel-fsc-de-gestion-forestiere-adapte-a-la-france-metropolitaine\\\/109343\\\/\",\"name\":\"Validation nationale du r\u00e9f\u00e9rentiel FSC\u00ae de gestion foresti\u00e8re adapt\u00e9 \u00e0 la France m\u00e9tropolitaine\",\"isPartOf\":{\"@id\":\"https:\\\/\\\/batijournal.com\\\/#website\"},\"primaryImageOfPage\":{\"@id\":\"https:\\\/\\\/batijournal.com\\\/index.php\\\/validation-nationale-du-referentiel-fsc-de-gestion-forestiere-adapte-a-la-france-metropolitaine\\\/109343\\\/#primaryimage\"},\"image\":{\"@id\":\"https:\\\/\\\/batijournal.com\\\/index.php\\\/validation-nationale-du-referentiel-fsc-de-gestion-forestiere-adapte-a-la-france-metropolitaine\\\/109343\\\/#primaryimage\"},\"thumbnailUrl\":\"https:\\\/\\\/batijournal.com\\\/wp-content\\\/uploads\\\/2023\\\/10\\\/fsc.png\",\"datePublished\":\"2023-10-09T06:37:45+00:00\",\"author\":{\"@id\":\"https:\\\/\\\/batijournal.com\\\/#\\\/schema\\\/person\\\/1dc96ec6957aa1ccb25ebe78bb19f100\"},\"breadcrumb\":{\"@id\":\"https:\\\/\\\/batijournal.com\\\/index.php\\\/validation-nationale-du-referentiel-fsc-de-gestion-forestiere-adapte-a-la-france-metropolitaine\\\/109343\\\/#breadcrumb\"},\"inLanguage\":\"fr-FR\",\"potentialAction\":[{\"@type\":\"ReadAction\",\"target\":[\"https:\\\/\\\/batijournal.com\\\/index.php\\\/validation-nationale-du-referentiel-fsc-de-gestion-forestiere-adapte-a-la-france-metropolitaine\\\/109343\\\/\"]}]},{\"@type\":\"ImageObject\",\"inLanguage\":\"fr-FR\",\"@id\":\"https:\\\/\\\/batijournal.com\\\/index.php\\\/validation-nationale-du-referentiel-fsc-de-gestion-forestiere-adapte-a-la-france-metropolitaine\\\/109343\\\/#primaryimage\",\"url\":\"https:\\\/\\\/batijournal.com\\\/wp-content\\\/uploads\\\/2023\\\/10\\\/fsc.png\",\"contentUrl\":\"https:\\\/\\\/batijournal.com\\\/wp-content\\\/uploads\\\/2023\\\/10\\\/fsc.png\",\"width\":870,\"height\":436},{\"@type\":\"BreadcrumbList\",\"@id\":\"https:\\\/\\\/batijournal.com\\\/index.php\\\/validation-nationale-du-referentiel-fsc-de-gestion-forestiere-adapte-a-la-france-metropolitaine\\\/109343\\\/#breadcrumb\",\"itemListElement\":[{\"@type\":\"ListItem\",\"position\":1,\"name\":\"Accueil\",\"item\":\"https:\\\/\\\/batijournal.com\\\/\"},{\"@type\":\"ListItem\",\"position\":2,\"name\":\"Actualit\u00e9s\",\"item\":\"https:\\\/\\\/batijournal.com\\\/index.php\\\/category\\\/actualites\\\/\"},{\"@type\":\"ListItem\",\"position\":3,\"name\":\"Validation nationale du r\u00e9f\u00e9rentiel FSC\u00ae de gestion foresti\u00e8re adapt\u00e9 \u00e0 la France m\u00e9tropolitaine\"}]},{\"@type\":\"WebSite\",\"@id\":\"https:\\\/\\\/batijournal.com\\\/#website\",\"url\":\"https:\\\/\\\/batijournal.com\\\/\",\"name\":\"Batijournal\",\"description\":\"L&#039;actualit\u00e9 du b\u00e2timent\",\"potentialAction\":[{\"@type\":\"SearchAction\",\"target\":{\"@type\":\"EntryPoint\",\"urlTemplate\":\"https:\\\/\\\/batijournal.com\\\/?s={search_term_string}\"},\"query-input\":{\"@type\":\"PropertyValueSpecification\",\"valueRequired\":true,\"valueName\":\"search_term_string\"}}],\"inLanguage\":\"fr-FR\"},{\"@type\":\"Person\",\"@id\":\"https:\\\/\\\/batijournal.com\\\/#\\\/schema\\\/person\\\/1dc96ec6957aa1ccb25ebe78bb19f100\",\"name\":\"St\u00e9phane Miget\",\"image\":{\"@type\":\"ImageObject\",\"inLanguage\":\"fr-FR\",\"@id\":\"https:\\\/\\\/secure.gravatar.com\\\/avatar\\\/89915563d925342126b8ef0281b93d9d7fc337043e8df017f780908eb9644451?s=96&d=mm&r=g\",\"url\":\"https:\\\/\\\/secure.gravatar.com\\\/avatar\\\/89915563d925342126b8ef0281b93d9d7fc337043e8df017f780908eb9644451?s=96&d=mm&r=g\",\"contentUrl\":\"https:\\\/\\\/secure.gravatar.com\\\/avatar\\\/89915563d925342126b8ef0281b93d9d7fc337043e8df017f780908eb9644451?s=96&d=mm&r=g\",\"caption\":\"St\u00e9phane Miget\"},\"url\":\"https:\\\/\\\/batijournal.com\\\/index.php\\\/author\\\/stephane\\\/\"}]}<\/script>\n<!-- \/ Yoast SEO plugin. -->","yoast_head_json":{"title":"Validation nationale du r\u00e9f\u00e9rentiel FSC\u00ae de gestion foresti\u00e8re adapt\u00e9 \u00e0 la France m\u00e9tropolitaine","robots":{"index":"index","follow":"follow","max-snippet":"max-snippet:-1","max-image-preview":"max-image-preview:large","max-video-preview":"max-video-preview:-1"},"canonical":"https:\/\/batijournal.com\/index.php\/validation-nationale-du-referentiel-fsc-de-gestion-forestiere-adapte-a-la-france-metropolitaine\/109343\/","og_locale":"fr_FR","og_type":"article","og_title":"Validation nationale du r\u00e9f\u00e9rentiel FSC\u00ae de gestion foresti\u00e8re adapt\u00e9 \u00e0 la France m\u00e9tropolitaine","og_description":"Apr\u00e8s avoir lanc\u00e9 en 2021 la r\u00e9vision partielle de son r\u00e9f\u00e9rentiel de gestion foresti\u00e8re pour la France m\u00e9tropolitaine, le Conseil d\u2019administration de l\u2019association FSC France, r\u00e9uni le 28 septembre 2023, a valid\u00e9 les \u00e9volutions propos\u00e9es par un Groupe de travail d\u00e9di\u00e9 avec notamment pour objectifs de r\u00e9pondre aux enjeux suivants : prise en compte de [&hellip;]","og_url":"https:\/\/batijournal.com\/index.php\/validation-nationale-du-referentiel-fsc-de-gestion-forestiere-adapte-a-la-france-metropolitaine\/109343\/","og_site_name":"Batijournal","article_published_time":"2023-10-09T06:37:45+00:00","og_image":[{"width":870,"height":436,"url":"https:\/\/batijournal.com\/wp-content\/uploads\/2023\/10\/fsc.png","type":"image\/png"}],"author":"St\u00e9phane Miget","twitter_card":"summary_large_image","twitter_creator":"@bati_journal","twitter_site":"@bati_journal","twitter_misc":{"\u00c9crit par":"St\u00e9phane Miget","Dur\u00e9e de lecture estim\u00e9e":"1 minute"},"schema":{"@context":"https:\/\/schema.org","@graph":[{"@type":"Article","@id":"https:\/\/batijournal.com\/index.php\/validation-nationale-du-referentiel-fsc-de-gestion-forestiere-adapte-a-la-france-metropolitaine\/109343\/#article","isPartOf":{"@id":"https:\/\/batijournal.com\/index.php\/validation-nationale-du-referentiel-fsc-de-gestion-forestiere-adapte-a-la-france-metropolitaine\/109343\/"},"author":{"name":"St\u00e9phane Miget","@id":"https:\/\/batijournal.com\/#\/schema\/person\/1dc96ec6957aa1ccb25ebe78bb19f100"},"headline":"Validation nationale du r\u00e9f\u00e9rentiel FSC\u00ae de gestion foresti\u00e8re adapt\u00e9 \u00e0 la France m\u00e9tropolitaine","datePublished":"2023-10-09T06:37:45+00:00","mainEntityOfPage":{"@id":"https:\/\/batijournal.com\/index.php\/validation-nationale-du-referentiel-fsc-de-gestion-forestiere-adapte-a-la-france-metropolitaine\/109343\/"},"wordCount":231,"image":{"@id":"https:\/\/batijournal.com\/index.php\/validation-nationale-du-referentiel-fsc-de-gestion-forestiere-adapte-a-la-france-metropolitaine\/109343\/#primaryimage"},"thumbnailUrl":"https:\/\/batijournal.com\/wp-content\/uploads\/2023\/10\/fsc.png","keywords":["FSC"],"articleSection":["Actualit\u00e9s","Divers","zz_Actualit\u00e9s - Woodsurfer","zz_Woodsurfer"],"inLanguage":"fr-FR"},{"@type":"WebPage","@id":"https:\/\/batijournal.com\/index.php\/validation-nationale-du-referentiel-fsc-de-gestion-forestiere-adapte-a-la-france-metropolitaine\/109343\/","url":"https:\/\/batijournal.com\/index.php\/validation-nationale-du-referentiel-fsc-de-gestion-forestiere-adapte-a-la-france-metropolitaine\/109343\/","name":"Validation nationale du r\u00e9f\u00e9rentiel FSC\u00ae de gestion foresti\u00e8re adapt\u00e9 \u00e0 la France m\u00e9tropolitaine","isPartOf":{"@id":"https:\/\/batijournal.com\/#website"},"primaryImageOfPage":{"@id":"https:\/\/batijournal.com\/index.php\/validation-nationale-du-referentiel-fsc-de-gestion-forestiere-adapte-a-la-france-metropolitaine\/109343\/#primaryimage"},"image":{"@id":"https:\/\/batijournal.com\/index.php\/validation-nationale-du-referentiel-fsc-de-gestion-forestiere-adapte-a-la-france-metropolitaine\/109343\/#primaryimage"},"thumbnailUrl":"https:\/\/batijournal.com\/wp-content\/uploads\/2023\/10\/fsc.png","datePublished":"2023-10-09T06:37:45+00:00","author":{"@id":"https:\/\/batijournal.com\/#\/schema\/person\/1dc96ec6957aa1ccb25ebe78bb19f100"},"breadcrumb":{"@id":"https:\/\/batijournal.com\/index.php\/validation-nationale-du-referentiel-fsc-de-gestion-forestiere-adapte-a-la-france-metropolitaine\/109343\/#breadcrumb"},"inLanguage":"fr-FR","potentialAction":[{"@type":"ReadAction","target":["https:\/\/batijournal.com\/index.php\/validation-nationale-du-referentiel-fsc-de-gestion-forestiere-adapte-a-la-france-metropolitaine\/109343\/"]}]},{"@type":"ImageObject","inLanguage":"fr-FR","@id":"https:\/\/batijournal.com\/index.php\/validation-nationale-du-referentiel-fsc-de-gestion-forestiere-adapte-a-la-france-metropolitaine\/109343\/#primaryimage","url":"https:\/\/batijournal.com\/wp-content\/uploads\/2023\/10\/fsc.png","contentUrl":"https:\/\/batijournal.com\/wp-content\/uploads\/2023\/10\/fsc.png","width":870,"height":436},{"@type":"BreadcrumbList","@id":"https:\/\/batijournal.com\/index.php\/validation-nationale-du-referentiel-fsc-de-gestion-forestiere-adapte-a-la-france-metropolitaine\/109343\/#breadcrumb","itemListElement":[{"@type":"ListItem","position":1,"name":"Accueil","item":"https:\/\/batijournal.com\/"},{"@type":"ListItem","position":2,"name":"Actualit\u00e9s","item":"https:\/\/batijournal.com\/index.php\/category\/actualites\/"},{"@type":"ListItem","position":3,"name":"Validation nationale du r\u00e9f\u00e9rentiel FSC\u00ae de gestion foresti\u00e8re adapt\u00e9 \u00e0 la France m\u00e9tropolitaine"}]},{"@type":"WebSite","@id":"https:\/\/batijournal.com\/#website","url":"https:\/\/batijournal.com\/","name":"Batijournal","description":"L&#039;actualit\u00e9 du b\u00e2timent","potentialAction":[{"@type":"SearchAction","target":{"@type":"EntryPoint","urlTemplate":"https:\/\/batijournal.com\/?s={search_term_string}"},"query-input":{"@type":"PropertyValueSpecification","valueRequired":true,"valueName":"search_term_string"}}],"inLanguage":"fr-FR"},{"@type":"Person","@id":"https:\/\/batijournal.com\/#\/schema\/person\/1dc96ec6957aa1ccb25ebe78bb19f100","name":"St\u00e9phane Miget","image":{"@type":"ImageObject","inLanguage":"fr-FR","@id":"https:\/\/secure.gravatar.com\/avatar\/89915563d925342126b8ef0281b93d9d7fc337043e8df017f780908eb9644451?s=96&d=mm&r=g","url":"https:\/\/secure.gravatar.com\/avatar\/89915563d925342126b8ef0281b93d9d7fc337043e8df017f780908eb9644451?s=96&d=mm&r=g","contentUrl":"https:\/\/secure.gravatar.com\/avatar\/89915563d925342126b8ef0281b93d9d7fc337043e8df017f780908eb9644451?s=96&d=mm&r=g","caption":"St\u00e9phane Miget"},"url":"https:\/\/batijournal.com\/index.php\/author\/stephane\/"}]}},"_links":{"self":[{"href":"https:\/\/batijournal.com\/index.php\/wp-json\/wp\/v2\/posts\/109343","targetHints":{"allow":["GET"]}}],"collection":[{"href":"https:\/\/batijournal.com\/index.php\/wp-json\/wp\/v2\/posts"}],"about":[{"href":"https:\/\/batijournal.com\/index.php\/wp-json\/wp\/v2\/types\/post"}],"author":[{"embeddable":true,"href":"https:\/\/batijournal.com\/index.php\/wp-json\/wp\/v2\/users\/17"}],"replies":[{"embeddable":true,"href":"https:\/\/batijournal.com\/index.php\/wp-json\/wp\/v2\/comments?post=109343"}],"version-history":[{"count":0,"href":"https:\/\/batijournal.com\/index.php\/wp-json\/wp\/v2\/posts\/109343\/revisions"}],"wp:featuredmedia":[{"embeddable":true,"href":"https:\/\/batijournal.com\/index.php\/wp-json\/wp\/v2\/media\/109344"}],"wp:attachment":[{"href":"https:\/\/batijournal.com\/index.php\/wp-json\/wp\/v2\/media?parent=109343"}],"wp:term":[{"taxonomy":"category","embeddable":true,"href":"https:\/\/batijournal.com\/index.php\/wp-json\/wp\/v2\/categories?post=109343"},{"taxonomy":"post_tag","embeddable":true,"href":"https:\/\/batijournal.com\/index.php\/wp-json\/wp\/v2\/tags?post=109343"}],"curies":[{"name":"wp","href":"https:\/\/api.w.org\/{rel}","templated":true}]}}