{"id":109345,"date":"2023-10-09T08:55:54","date_gmt":"2023-10-09T06:55:54","guid":{"rendered":"https:\/\/batijournal.com\/?p=109345"},"modified":"2023-10-10T16:27:25","modified_gmt":"2023-10-10T14:27:25","slug":"comment-les-professionnels-percoivent-ils-lutilisation-raisonnee-de-la-chimie-dans-le-traitement-du-bois","status":"publish","type":"post","link":"https:\/\/batijournal.com\/index.php\/comment-les-professionnels-percoivent-ils-lutilisation-raisonnee-de-la-chimie-dans-le-traitement-du-bois\/109345\/","title":{"rendered":"Comment les professionnels per\u00e7oivent-ils l&rsquo;utilisation raisonn\u00e9e de la chimie dans le traitement du bois ?"},"content":{"rendered":"<p>L\u2019Institut technologique FCBA a r\u00e9uni une centaine d\u2019acteurs de la durabilit\u00e9, protection et entretien des bois : industriels fabricants, applicateurs, experts en pathologies&#8230; Au programme de cette journ\u00e9e de r\u00e9flexion et de partage d\u2019exp\u00e9riences, une th\u00e9matique fondamentale et incontournable dans le domaine de l\u2019entretien et de la p\u00e9rennit\u00e9 des bois neufs et en \u0153uvre : l\u2019utilisation raisonn\u00e9e de la chimie, en particulier des produits biocides.<br \/>\nLes professionnels certifi\u00e9s CTB de la pr\u00e9servation et durabilit\u00e9 du bois pr\u00e9sents partagent une conviction : prot\u00e9ger le bois, efficacement et durablement, sans jamais aucun recours aux produits biocides, est aujourd\u2019hui impossible dans un grand nombre de configurations, niveaux ou types d\u2019infestation.<br \/>\n\u00ab Soyons clairs : il n\u2019y a pas aujourd\u2019hui de lutte efficace, sans jamais aucun recours au biocide. Si on a une grosse infestation, on va par exemple recommander un traitement chimique dans les \u00e9tages et les combles et des pi\u00e8ges au rez-de-chauss\u00e9e \u00bb, Fran\u00e7ois Duret, Responsable technique d\u2019Ensystex (fabricant de solutions anti-nuisibles pour les professionnels, certifi\u00e9 CTB P+).<br \/>\nChristophe Perrault, directeur des ventes d\u2019Arxada France (fabricant de solutions de protection ignifuge et de pr\u00e9servation du bois, certifi\u00e9 CTB P+) : \u00ab On veut des bois qui tiennent dans le temps, trait\u00e9s avec des produits stables et performants, inoffensifs pour l\u2019homme, l\u2019animal et l\u2019environnement&#8230; : c\u2019est tout \u00e0 fait l\u00e9gitime. Pour autant, c\u2019est une \u00e9quation difficile \u00e0 r\u00e9soudre \u00bb.<\/p>\n<p>L\u2019\u00e9volution vers une utilisation raisonn\u00e9e et sur-mesure de ces produits est donc incontournable :<br \/>\n\u00ab Il n\u2019y a pas de solution unique. Tout est question d\u2019\u00e9quilibre. A chacun va correspondre un outil.\u00bb &#8211; Jean-Luc Dubois, directeur industriel de Protac (fabricant de produits bois &#8211; bardages, terrasses, cl\u00f4tures&#8230;, certifi\u00e9 CTB B+).<br \/>\n\u00ab L\u2019approche raisonn\u00e9e est \u00e0 la fois n\u00e9cessaire et source de progr\u00e8s. C\u2019est aussi une r\u00e9elle opportunit\u00e9 pour les professionnels : c\u2019est un vecteur de cr\u00e9dibilit\u00e9 pour la commercialisation de solutions en syst\u00e8mes int\u00e9gr\u00e9s. \u00bb, Olivier Montagne, Directeur technique de Cromology (fabricant et distributeur de peintures et produits techniques et de d\u00e9coration aux marques Tollens, Plasdox et Zolpan, certifi\u00e9 CTB Finition Bois).<\/p>\n<p>Les professionnels CTB du secteur sont ainsi, pour beaucoup, d\u00e9j\u00e0 engag\u00e9s dans cette voie :<br \/>\n\u00ab Quand notre process arrive en France, en 1997, il tombe \u00e0 point nomm\u00e9 par rapport aux attentes et exigences qualit\u00e9 : on commen\u00e7ait \u00e0 sortir du tout chimique pour s\u2019adapter aux attentes associant performance et efficacit\u00e9 sur les termites, avec le moins d\u2019incidences possibles sur l\u2019environnement, la sant\u00e9 et le confort de l\u2019applicateur et de l\u2019usager. \u00bb, Olivier Monchatre \u2013 National Key Account Manager de SentriTech (support cellulosique consomm\u00e9 par les termites et bloquant leur mue &#8211; Groupe Corteva \u2013 certifi\u00e9 CTB P+).<br \/>\n\u00ab Nous travaillons actuellement au d\u00e9veloppement de nouveaux produits, qui, on l\u2019esp\u00e8re, devraient permettre de moins utiliser de chimie. Nous avons \u00e9galement mis en place, avec FCBA, un process de contr\u00f4le hebdomadaire, en interne, qui nous permet de contr\u00f4ler nos produits en continu. \u00bb, Jean-Luc Dubois, directeur industriel de Protac.<\/p>\n<p>&nbsp;<\/p>\n<p>Photo : m\u00e9rule &#8211; FCBA<\/p>\n<p>&nbsp;<\/p>\n","protected":false},"excerpt":{"rendered":"<p>L\u2019Institut technologique FCBA a r\u00e9uni une centaine d\u2019acteurs de la durabilit\u00e9, protection et entretien des bois : industriels fabricants, applicateurs, experts en pathologies&#8230; Au programme de cette journ\u00e9e de r\u00e9flexion et de partage d\u2019exp\u00e9riences, une th\u00e9matique fondamentale et incontournable dans le domaine de l\u2019entretien et de la p\u00e9rennit\u00e9 des bois neufs et en \u0153uvre : [&hellip;]<\/p>\n","protected":false},"author":17,"featured_media":108182,"comment_status":"closed","ping_status":"closed","sticky":false,"template":"","format":"standard","meta":{"_et_pb_use_builder":"","_et_pb_old_content":"","_et_gb_content_width":"","footnotes":""},"categories":[10530,6362,10769,10764],"tags":[12379,11043],"class_list":["post-109345","post","type-post","status-publish","format-standard","has-post-thumbnail","hentry","category-actualites","category-services-equipements","category-publications","category-woodsurfer","tag-ctb","tag-fcba"],"yoast_head":"<!-- This site is optimized with the Yoast SEO plugin v27.4 - https:\/\/yoast.com\/product\/yoast-seo-wordpress\/ -->\n<title>Comment les professionnels per\u00e7oivent-ils l&#039;utilisation raisonn\u00e9e de la chimie dans le traitement du bois ?<\/title>\n<meta name=\"robots\" content=\"index, follow, max-snippet:-1, max-image-preview:large, max-video-preview:-1\" \/>\n<link rel=\"canonical\" href=\"https:\/\/batijournal.com\/index.php\/comment-les-professionnels-percoivent-ils-lutilisation-raisonnee-de-la-chimie-dans-le-traitement-du-bois\/109345\/\" \/>\n<meta property=\"og:locale\" content=\"fr_FR\" \/>\n<meta property=\"og:type\" content=\"article\" \/>\n<meta property=\"og:title\" content=\"Comment les professionnels per\u00e7oivent-ils l&#039;utilisation raisonn\u00e9e de la chimie dans le traitement du bois ?\" \/>\n<meta property=\"og:description\" content=\"L\u2019Institut technologique FCBA a r\u00e9uni une centaine d\u2019acteurs de la durabilit\u00e9, protection et entretien des bois : industriels fabricants, applicateurs, experts en pathologies&#8230; Au programme de cette journ\u00e9e de r\u00e9flexion et de partage d\u2019exp\u00e9riences, une th\u00e9matique fondamentale et incontournable dans le domaine de l\u2019entretien et de la p\u00e9rennit\u00e9 des bois neufs et en \u0153uvre : [&hellip;]\" \/>\n<meta property=\"og:url\" content=\"https:\/\/batijournal.com\/index.php\/comment-les-professionnels-percoivent-ils-lutilisation-raisonnee-de-la-chimie-dans-le-traitement-du-bois\/109345\/\" \/>\n<meta property=\"og:site_name\" content=\"Batijournal\" \/>\n<meta property=\"article:published_time\" content=\"2023-10-09T06:55:54+00:00\" \/>\n<meta property=\"article:modified_time\" content=\"2023-10-10T14:27:25+00:00\" \/>\n<meta property=\"og:image\" content=\"https:\/\/batijournal.com\/wp-content\/uploads\/2022\/11\/FCBA_merule.jpg\" \/>\n\t<meta property=\"og:image:width\" content=\"1000\" \/>\n\t<meta property=\"og:image:height\" content=\"667\" \/>\n\t<meta property=\"og:image:type\" content=\"image\/jpeg\" \/>\n<meta name=\"author\" content=\"St\u00e9phane Miget\" \/>\n<meta name=\"twitter:card\" content=\"summary_large_image\" \/>\n<meta name=\"twitter:creator\" content=\"@bati_journal\" \/>\n<meta name=\"twitter:site\" content=\"@bati_journal\" \/>\n<meta name=\"twitter:label1\" content=\"\u00c9crit par\" \/>\n\t<meta name=\"twitter:data1\" content=\"St\u00e9phane Miget\" \/>\n\t<meta name=\"twitter:label2\" content=\"Dur\u00e9e de lecture estim\u00e9e\" \/>\n\t<meta name=\"twitter:data2\" content=\"3 minutes\" \/>\n<script type=\"application\/ld+json\" class=\"yoast-schema-graph\">{\"@context\":\"https:\\\/\\\/schema.org\",\"@graph\":[{\"@type\":\"Article\",\"@id\":\"https:\\\/\\\/batijournal.com\\\/index.php\\\/comment-les-professionnels-percoivent-ils-lutilisation-raisonnee-de-la-chimie-dans-le-traitement-du-bois\\\/109345\\\/#article\",\"isPartOf\":{\"@id\":\"https:\\\/\\\/batijournal.com\\\/index.php\\\/comment-les-professionnels-percoivent-ils-lutilisation-raisonnee-de-la-chimie-dans-le-traitement-du-bois\\\/109345\\\/\"},\"author\":{\"name\":\"St\u00e9phane Miget\",\"@id\":\"https:\\\/\\\/batijournal.com\\\/#\\\/schema\\\/person\\\/1dc96ec6957aa1ccb25ebe78bb19f100\"},\"headline\":\"Comment les professionnels per\u00e7oivent-ils l&rsquo;utilisation raisonn\u00e9e de la chimie dans le traitement du bois ?\",\"datePublished\":\"2023-10-09T06:55:54+00:00\",\"dateModified\":\"2023-10-10T14:27:25+00:00\",\"mainEntityOfPage\":{\"@id\":\"https:\\\/\\\/batijournal.com\\\/index.php\\\/comment-les-professionnels-percoivent-ils-lutilisation-raisonnee-de-la-chimie-dans-le-traitement-du-bois\\\/109345\\\/\"},\"wordCount\":546,\"image\":{\"@id\":\"https:\\\/\\\/batijournal.com\\\/index.php\\\/comment-les-professionnels-percoivent-ils-lutilisation-raisonnee-de-la-chimie-dans-le-traitement-du-bois\\\/109345\\\/#primaryimage\"},\"thumbnailUrl\":\"https:\\\/\\\/batijournal.com\\\/wp-content\\\/uploads\\\/2022\\\/11\\\/FCBA_merule.jpg\",\"keywords\":[\"ctb\",\"FCBA\"],\"articleSection\":[\"Actualit\u00e9s\",\"Divers\",\"zz_Actualit\u00e9s - Woodsurfer\",\"zz_Woodsurfer\"],\"inLanguage\":\"fr-FR\"},{\"@type\":\"WebPage\",\"@id\":\"https:\\\/\\\/batijournal.com\\\/index.php\\\/comment-les-professionnels-percoivent-ils-lutilisation-raisonnee-de-la-chimie-dans-le-traitement-du-bois\\\/109345\\\/\",\"url\":\"https:\\\/\\\/batijournal.com\\\/index.php\\\/comment-les-professionnels-percoivent-ils-lutilisation-raisonnee-de-la-chimie-dans-le-traitement-du-bois\\\/109345\\\/\",\"name\":\"Comment les professionnels per\u00e7oivent-ils l'utilisation raisonn\u00e9e de la chimie dans le traitement du bois ?\",\"isPartOf\":{\"@id\":\"https:\\\/\\\/batijournal.com\\\/#website\"},\"primaryImageOfPage\":{\"@id\":\"https:\\\/\\\/batijournal.com\\\/index.php\\\/comment-les-professionnels-percoivent-ils-lutilisation-raisonnee-de-la-chimie-dans-le-traitement-du-bois\\\/109345\\\/#primaryimage\"},\"image\":{\"@id\":\"https:\\\/\\\/batijournal.com\\\/index.php\\\/comment-les-professionnels-percoivent-ils-lutilisation-raisonnee-de-la-chimie-dans-le-traitement-du-bois\\\/109345\\\/#primaryimage\"},\"thumbnailUrl\":\"https:\\\/\\\/batijournal.com\\\/wp-content\\\/uploads\\\/2022\\\/11\\\/FCBA_merule.jpg\",\"datePublished\":\"2023-10-09T06:55:54+00:00\",\"dateModified\":\"2023-10-10T14:27:25+00:00\",\"author\":{\"@id\":\"https:\\\/\\\/batijournal.com\\\/#\\\/schema\\\/person\\\/1dc96ec6957aa1ccb25ebe78bb19f100\"},\"breadcrumb\":{\"@id\":\"https:\\\/\\\/batijournal.com\\\/index.php\\\/comment-les-professionnels-percoivent-ils-lutilisation-raisonnee-de-la-chimie-dans-le-traitement-du-bois\\\/109345\\\/#breadcrumb\"},\"inLanguage\":\"fr-FR\",\"potentialAction\":[{\"@type\":\"ReadAction\",\"target\":[\"https:\\\/\\\/batijournal.com\\\/index.php\\\/comment-les-professionnels-percoivent-ils-lutilisation-raisonnee-de-la-chimie-dans-le-traitement-du-bois\\\/109345\\\/\"]}]},{\"@type\":\"ImageObject\",\"inLanguage\":\"fr-FR\",\"@id\":\"https:\\\/\\\/batijournal.com\\\/index.php\\\/comment-les-professionnels-percoivent-ils-lutilisation-raisonnee-de-la-chimie-dans-le-traitement-du-bois\\\/109345\\\/#primaryimage\",\"url\":\"https:\\\/\\\/batijournal.com\\\/wp-content\\\/uploads\\\/2022\\\/11\\\/FCBA_merule.jpg\",\"contentUrl\":\"https:\\\/\\\/batijournal.com\\\/wp-content\\\/uploads\\\/2022\\\/11\\\/FCBA_merule.jpg\",\"width\":1000,\"height\":667},{\"@type\":\"BreadcrumbList\",\"@id\":\"https:\\\/\\\/batijournal.com\\\/index.php\\\/comment-les-professionnels-percoivent-ils-lutilisation-raisonnee-de-la-chimie-dans-le-traitement-du-bois\\\/109345\\\/#breadcrumb\",\"itemListElement\":[{\"@type\":\"ListItem\",\"position\":1,\"name\":\"Accueil\",\"item\":\"https:\\\/\\\/batijournal.com\\\/\"},{\"@type\":\"ListItem\",\"position\":2,\"name\":\"Actualit\u00e9s\",\"item\":\"https:\\\/\\\/batijournal.com\\\/index.php\\\/category\\\/actualites\\\/\"},{\"@type\":\"ListItem\",\"position\":3,\"name\":\"Comment les professionnels per\u00e7oivent-ils l&rsquo;utilisation raisonn\u00e9e de la chimie dans le traitement du bois ?\"}]},{\"@type\":\"WebSite\",\"@id\":\"https:\\\/\\\/batijournal.com\\\/#website\",\"url\":\"https:\\\/\\\/batijournal.com\\\/\",\"name\":\"Batijournal\",\"description\":\"L&#039;actualit\u00e9 du b\u00e2timent\",\"potentialAction\":[{\"@type\":\"SearchAction\",\"target\":{\"@type\":\"EntryPoint\",\"urlTemplate\":\"https:\\\/\\\/batijournal.com\\\/?s={search_term_string}\"},\"query-input\":{\"@type\":\"PropertyValueSpecification\",\"valueRequired\":true,\"valueName\":\"search_term_string\"}}],\"inLanguage\":\"fr-FR\"},{\"@type\":\"Person\",\"@id\":\"https:\\\/\\\/batijournal.com\\\/#\\\/schema\\\/person\\\/1dc96ec6957aa1ccb25ebe78bb19f100\",\"name\":\"St\u00e9phane Miget\",\"image\":{\"@type\":\"ImageObject\",\"inLanguage\":\"fr-FR\",\"@id\":\"https:\\\/\\\/secure.gravatar.com\\\/avatar\\\/89915563d925342126b8ef0281b93d9d7fc337043e8df017f780908eb9644451?s=96&d=mm&r=g\",\"url\":\"https:\\\/\\\/secure.gravatar.com\\\/avatar\\\/89915563d925342126b8ef0281b93d9d7fc337043e8df017f780908eb9644451?s=96&d=mm&r=g\",\"contentUrl\":\"https:\\\/\\\/secure.gravatar.com\\\/avatar\\\/89915563d925342126b8ef0281b93d9d7fc337043e8df017f780908eb9644451?s=96&d=mm&r=g\",\"caption\":\"St\u00e9phane Miget\"},\"url\":\"https:\\\/\\\/batijournal.com\\\/index.php\\\/author\\\/stephane\\\/\"}]}<\/script>\n<!-- \/ Yoast SEO plugin. -->","yoast_head_json":{"title":"Comment les professionnels per\u00e7oivent-ils l'utilisation raisonn\u00e9e de la chimie dans le traitement du bois ?","robots":{"index":"index","follow":"follow","max-snippet":"max-snippet:-1","max-image-preview":"max-image-preview:large","max-video-preview":"max-video-preview:-1"},"canonical":"https:\/\/batijournal.com\/index.php\/comment-les-professionnels-percoivent-ils-lutilisation-raisonnee-de-la-chimie-dans-le-traitement-du-bois\/109345\/","og_locale":"fr_FR","og_type":"article","og_title":"Comment les professionnels per\u00e7oivent-ils l'utilisation raisonn\u00e9e de la chimie dans le traitement du bois ?","og_description":"L\u2019Institut technologique FCBA a r\u00e9uni une centaine d\u2019acteurs de la durabilit\u00e9, protection et entretien des bois : industriels fabricants, applicateurs, experts en pathologies&#8230; Au programme de cette journ\u00e9e de r\u00e9flexion et de partage d\u2019exp\u00e9riences, une th\u00e9matique fondamentale et incontournable dans le domaine de l\u2019entretien et de la p\u00e9rennit\u00e9 des bois neufs et en \u0153uvre : [&hellip;]","og_url":"https:\/\/batijournal.com\/index.php\/comment-les-professionnels-percoivent-ils-lutilisation-raisonnee-de-la-chimie-dans-le-traitement-du-bois\/109345\/","og_site_name":"Batijournal","article_published_time":"2023-10-09T06:55:54+00:00","article_modified_time":"2023-10-10T14:27:25+00:00","og_image":[{"width":1000,"height":667,"url":"https:\/\/batijournal.com\/wp-content\/uploads\/2022\/11\/FCBA_merule.jpg","type":"image\/jpeg"}],"author":"St\u00e9phane Miget","twitter_card":"summary_large_image","twitter_creator":"@bati_journal","twitter_site":"@bati_journal","twitter_misc":{"\u00c9crit par":"St\u00e9phane Miget","Dur\u00e9e de lecture estim\u00e9e":"3 minutes"},"schema":{"@context":"https:\/\/schema.org","@graph":[{"@type":"Article","@id":"https:\/\/batijournal.com\/index.php\/comment-les-professionnels-percoivent-ils-lutilisation-raisonnee-de-la-chimie-dans-le-traitement-du-bois\/109345\/#article","isPartOf":{"@id":"https:\/\/batijournal.com\/index.php\/comment-les-professionnels-percoivent-ils-lutilisation-raisonnee-de-la-chimie-dans-le-traitement-du-bois\/109345\/"},"author":{"name":"St\u00e9phane Miget","@id":"https:\/\/batijournal.com\/#\/schema\/person\/1dc96ec6957aa1ccb25ebe78bb19f100"},"headline":"Comment les professionnels per\u00e7oivent-ils l&rsquo;utilisation raisonn\u00e9e de la chimie dans le traitement du bois ?","datePublished":"2023-10-09T06:55:54+00:00","dateModified":"2023-10-10T14:27:25+00:00","mainEntityOfPage":{"@id":"https:\/\/batijournal.com\/index.php\/comment-les-professionnels-percoivent-ils-lutilisation-raisonnee-de-la-chimie-dans-le-traitement-du-bois\/109345\/"},"wordCount":546,"image":{"@id":"https:\/\/batijournal.com\/index.php\/comment-les-professionnels-percoivent-ils-lutilisation-raisonnee-de-la-chimie-dans-le-traitement-du-bois\/109345\/#primaryimage"},"thumbnailUrl":"https:\/\/batijournal.com\/wp-content\/uploads\/2022\/11\/FCBA_merule.jpg","keywords":["ctb","FCBA"],"articleSection":["Actualit\u00e9s","Divers","zz_Actualit\u00e9s - Woodsurfer","zz_Woodsurfer"],"inLanguage":"fr-FR"},{"@type":"WebPage","@id":"https:\/\/batijournal.com\/index.php\/comment-les-professionnels-percoivent-ils-lutilisation-raisonnee-de-la-chimie-dans-le-traitement-du-bois\/109345\/","url":"https:\/\/batijournal.com\/index.php\/comment-les-professionnels-percoivent-ils-lutilisation-raisonnee-de-la-chimie-dans-le-traitement-du-bois\/109345\/","name":"Comment les professionnels per\u00e7oivent-ils l'utilisation raisonn\u00e9e de la chimie dans le traitement du bois ?","isPartOf":{"@id":"https:\/\/batijournal.com\/#website"},"primaryImageOfPage":{"@id":"https:\/\/batijournal.com\/index.php\/comment-les-professionnels-percoivent-ils-lutilisation-raisonnee-de-la-chimie-dans-le-traitement-du-bois\/109345\/#primaryimage"},"image":{"@id":"https:\/\/batijournal.com\/index.php\/comment-les-professionnels-percoivent-ils-lutilisation-raisonnee-de-la-chimie-dans-le-traitement-du-bois\/109345\/#primaryimage"},"thumbnailUrl":"https:\/\/batijournal.com\/wp-content\/uploads\/2022\/11\/FCBA_merule.jpg","datePublished":"2023-10-09T06:55:54+00:00","dateModified":"2023-10-10T14:27:25+00:00","author":{"@id":"https:\/\/batijournal.com\/#\/schema\/person\/1dc96ec6957aa1ccb25ebe78bb19f100"},"breadcrumb":{"@id":"https:\/\/batijournal.com\/index.php\/comment-les-professionnels-percoivent-ils-lutilisation-raisonnee-de-la-chimie-dans-le-traitement-du-bois\/109345\/#breadcrumb"},"inLanguage":"fr-FR","potentialAction":[{"@type":"ReadAction","target":["https:\/\/batijournal.com\/index.php\/comment-les-professionnels-percoivent-ils-lutilisation-raisonnee-de-la-chimie-dans-le-traitement-du-bois\/109345\/"]}]},{"@type":"ImageObject","inLanguage":"fr-FR","@id":"https:\/\/batijournal.com\/index.php\/comment-les-professionnels-percoivent-ils-lutilisation-raisonnee-de-la-chimie-dans-le-traitement-du-bois\/109345\/#primaryimage","url":"https:\/\/batijournal.com\/wp-content\/uploads\/2022\/11\/FCBA_merule.jpg","contentUrl":"https:\/\/batijournal.com\/wp-content\/uploads\/2022\/11\/FCBA_merule.jpg","width":1000,"height":667},{"@type":"BreadcrumbList","@id":"https:\/\/batijournal.com\/index.php\/comment-les-professionnels-percoivent-ils-lutilisation-raisonnee-de-la-chimie-dans-le-traitement-du-bois\/109345\/#breadcrumb","itemListElement":[{"@type":"ListItem","position":1,"name":"Accueil","item":"https:\/\/batijournal.com\/"},{"@type":"ListItem","position":2,"name":"Actualit\u00e9s","item":"https:\/\/batijournal.com\/index.php\/category\/actualites\/"},{"@type":"ListItem","position":3,"name":"Comment les professionnels per\u00e7oivent-ils l&rsquo;utilisation raisonn\u00e9e de la chimie dans le traitement du bois ?"}]},{"@type":"WebSite","@id":"https:\/\/batijournal.com\/#website","url":"https:\/\/batijournal.com\/","name":"Batijournal","description":"L&#039;actualit\u00e9 du b\u00e2timent","potentialAction":[{"@type":"SearchAction","target":{"@type":"EntryPoint","urlTemplate":"https:\/\/batijournal.com\/?s={search_term_string}"},"query-input":{"@type":"PropertyValueSpecification","valueRequired":true,"valueName":"search_term_string"}}],"inLanguage":"fr-FR"},{"@type":"Person","@id":"https:\/\/batijournal.com\/#\/schema\/person\/1dc96ec6957aa1ccb25ebe78bb19f100","name":"St\u00e9phane Miget","image":{"@type":"ImageObject","inLanguage":"fr-FR","@id":"https:\/\/secure.gravatar.com\/avatar\/89915563d925342126b8ef0281b93d9d7fc337043e8df017f780908eb9644451?s=96&d=mm&r=g","url":"https:\/\/secure.gravatar.com\/avatar\/89915563d925342126b8ef0281b93d9d7fc337043e8df017f780908eb9644451?s=96&d=mm&r=g","contentUrl":"https:\/\/secure.gravatar.com\/avatar\/89915563d925342126b8ef0281b93d9d7fc337043e8df017f780908eb9644451?s=96&d=mm&r=g","caption":"St\u00e9phane Miget"},"url":"https:\/\/batijournal.com\/index.php\/author\/stephane\/"}]}},"_links":{"self":[{"href":"https:\/\/batijournal.com\/index.php\/wp-json\/wp\/v2\/posts\/109345","targetHints":{"allow":["GET"]}}],"collection":[{"href":"https:\/\/batijournal.com\/index.php\/wp-json\/wp\/v2\/posts"}],"about":[{"href":"https:\/\/batijournal.com\/index.php\/wp-json\/wp\/v2\/types\/post"}],"author":[{"embeddable":true,"href":"https:\/\/batijournal.com\/index.php\/wp-json\/wp\/v2\/users\/17"}],"replies":[{"embeddable":true,"href":"https:\/\/batijournal.com\/index.php\/wp-json\/wp\/v2\/comments?post=109345"}],"version-history":[{"count":0,"href":"https:\/\/batijournal.com\/index.php\/wp-json\/wp\/v2\/posts\/109345\/revisions"}],"wp:featuredmedia":[{"embeddable":true,"href":"https:\/\/batijournal.com\/index.php\/wp-json\/wp\/v2\/media\/108182"}],"wp:attachment":[{"href":"https:\/\/batijournal.com\/index.php\/wp-json\/wp\/v2\/media?parent=109345"}],"wp:term":[{"taxonomy":"category","embeddable":true,"href":"https:\/\/batijournal.com\/index.php\/wp-json\/wp\/v2\/categories?post=109345"},{"taxonomy":"post_tag","embeddable":true,"href":"https:\/\/batijournal.com\/index.php\/wp-json\/wp\/v2\/tags?post=109345"}],"curies":[{"name":"wp","href":"https:\/\/api.w.org\/{rel}","templated":true}]}}