{"id":109349,"date":"2023-10-10T17:00:45","date_gmt":"2023-10-10T15:00:45","guid":{"rendered":"https:\/\/batijournal.com\/?p=109349"},"modified":"2023-10-10T17:00:45","modified_gmt":"2023-10-10T15:00:45","slug":"lamf-veut-que-letat-renoue-avec-un-modele-economique-de-production-de-logement","status":"publish","type":"post","link":"https:\/\/batijournal.com\/index.php\/lamf-veut-que-letat-renoue-avec-un-modele-economique-de-production-de-logement\/109349\/","title":{"rendered":"L&rsquo;AMF veut que l&rsquo;Etat renoue avec un mod\u00e8le \u00e9conomique de production de logement"},"content":{"rendered":"<p>Dans un communiqu\u00e9 de ce lundi 9 octobre 2023, les instances dirigeantes de l\u2019AMF alertent une nouvelle fois le gouvernement sur la crise profonde que traverse aujourd\u2019hui le march\u00e9 du logement. Pour les maires de France, la premi\u00e8re cause de cette crise est la p\u00e9nurie de foncier, r\u00e9sultant de la conjonction des trop nombreux dispositifs d\u2019encadrement de l\u2019usage, dont le dernier en date est le ZAN. La crise de l\u2019offre est accentu\u00e9e par l\u2019exigence croissante des normes de construction, qui entra\u00eene des surco\u00fbts importants, ainsi que des normes s\u2019appliquant \u00e0 la location, avec l\u2019exclusion des passoires thermiques \u00e0 horizon 2025 (et 2028 du march\u00e9 de la location classique) qui va retirer du parc locatif des millions de logements. Par ailleurs, la baisse des aides personnalis\u00e9es au logement a conduit \u00e0 la diminution des ressources des bailleurs sociaux, et donc de leur capacit\u00e9 \u00e0 construire. L\u2019accession \u00e0 la propri\u00e9t\u00e9 a \u00e9t\u00e9 mise \u00e0 mal par le poids de la fiscalit\u00e9 pesant sur les propri\u00e9taires, avec la nationalisation de la taxe d\u2019habitation sur les r\u00e9sidences principales et l\u2019imp\u00f4t sur la fortune immobili\u00e8re. A cela s\u2019ajoute d\u00e9sormais l\u2019extinction du dispositif fiscal Pinel et la concentration du PTZ dans les zones tendues. Par la fin de l\u2019aide aux maires b\u00e2tisseurs, la non-compensation des exon\u00e9rations de taxe fonci\u00e8re sur le logement social et la suppression de la taxe d\u2019habitation, les d\u00e9cisions de l\u2019Ex\u00e9cutif ont conduit \u00e0 casser la dynamique locale d\u2019offre de logement port\u00e9e par les communes et les intercommunalit\u00e9s. Enfin, le contexte \u00e9conomique, marqu\u00e9 par l\u2019inflation qui rench\u00e9rit les co\u00fbts de construction, la hausse des taux d\u2019int\u00e9r\u00eat et les difficult\u00e9s d\u2019acc\u00e8s \u00e0 l\u2019emprunt, alimente cette crise.<\/p>\n<p>Face \u00e0 l\u2019urgence, les maires appellent \u00e0 ce que l\u2019Etat assume vite ses pr\u00e9rogatives, pour renouer de fa\u00e7on p\u00e9renne avec un mod\u00e8le \u00e9conomique de production de logement, et de logement social en particulier, financi\u00e8rement \u00e9quilibr\u00e9. C\u2019est ainsi que l\u2019on pourra r\u00e9habiliter l\u2019acte de construire, tout en maintenant des objectifs ambitieux en mati\u00e8re de r\u00e9novation du parc. L\u2019objectif de loger dignement l\u2019ensemble de la population doit redevenir une cause nationale.<\/p>\n<p>&nbsp;<\/p>\n","protected":false},"excerpt":{"rendered":"<p>Dans un communiqu\u00e9 de ce lundi 9 octobre 2023, les instances dirigeantes de l\u2019AMF alertent une nouvelle fois le gouvernement sur la crise profonde que traverse aujourd\u2019hui le march\u00e9 du logement. Pour les maires de France, la premi\u00e8re cause de cette crise est la p\u00e9nurie de foncier, r\u00e9sultant de la conjonction des trop nombreux dispositifs [&hellip;]<\/p>\n","protected":false},"author":17,"featured_media":93713,"comment_status":"closed","ping_status":"closed","sticky":false,"template":"","format":"standard","meta":{"_et_pb_use_builder":"","_et_pb_old_content":"","_et_gb_content_width":"","footnotes":""},"categories":[10530,6362],"tags":[13181,2020],"class_list":["post-109349","post","type-post","status-publish","format-standard","has-post-thumbnail","hentry","category-actualites","category-services-equipements","tag-amf","tag-logement"],"yoast_head":"<!-- This site is optimized with the Yoast SEO plugin v27.4 - https:\/\/yoast.com\/product\/yoast-seo-wordpress\/ -->\n<title>L&#039;AMF veut que l&#039;Etat renoue avec un mod\u00e8le \u00e9conomique de production de logement<\/title>\n<meta name=\"robots\" content=\"index, follow, max-snippet:-1, max-image-preview:large, max-video-preview:-1\" \/>\n<link rel=\"canonical\" href=\"https:\/\/batijournal.com\/index.php\/lamf-veut-que-letat-renoue-avec-un-modele-economique-de-production-de-logement\/109349\/\" \/>\n<meta property=\"og:locale\" content=\"fr_FR\" \/>\n<meta property=\"og:type\" content=\"article\" \/>\n<meta property=\"og:title\" content=\"L&#039;AMF veut que l&#039;Etat renoue avec un mod\u00e8le \u00e9conomique de production de logement\" \/>\n<meta property=\"og:description\" content=\"Dans un communiqu\u00e9 de ce lundi 9 octobre 2023, les instances dirigeantes de l\u2019AMF alertent une nouvelle fois le gouvernement sur la crise profonde que traverse aujourd\u2019hui le march\u00e9 du logement. Pour les maires de France, la premi\u00e8re cause de cette crise est la p\u00e9nurie de foncier, r\u00e9sultant de la conjonction des trop nombreux dispositifs [&hellip;]\" \/>\n<meta property=\"og:url\" content=\"https:\/\/batijournal.com\/index.php\/lamf-veut-que-letat-renoue-avec-un-modele-economique-de-production-de-logement\/109349\/\" \/>\n<meta property=\"og:site_name\" content=\"Batijournal\" \/>\n<meta property=\"article:published_time\" content=\"2023-10-10T15:00:45+00:00\" \/>\n<meta property=\"og:image\" content=\"https:\/\/batijournal.com\/wp-content\/uploads\/2016\/09\/construction-reprise.jpg\" \/>\n\t<meta property=\"og:image:width\" content=\"1000\" \/>\n\t<meta property=\"og:image:height\" content=\"598\" \/>\n\t<meta property=\"og:image:type\" content=\"image\/jpeg\" \/>\n<meta name=\"author\" content=\"St\u00e9phane Miget\" \/>\n<meta name=\"twitter:card\" content=\"summary_large_image\" \/>\n<meta name=\"twitter:creator\" content=\"@bati_journal\" \/>\n<meta name=\"twitter:site\" content=\"@bati_journal\" \/>\n<meta name=\"twitter:label1\" content=\"\u00c9crit par\" \/>\n\t<meta name=\"twitter:data1\" content=\"St\u00e9phane Miget\" \/>\n\t<meta name=\"twitter:label2\" content=\"Dur\u00e9e de lecture estim\u00e9e\" \/>\n\t<meta name=\"twitter:data2\" content=\"2 minutes\" \/>\n<script type=\"application\/ld+json\" class=\"yoast-schema-graph\">{\"@context\":\"https:\\\/\\\/schema.org\",\"@graph\":[{\"@type\":\"Article\",\"@id\":\"https:\\\/\\\/batijournal.com\\\/index.php\\\/lamf-veut-que-letat-renoue-avec-un-modele-economique-de-production-de-logement\\\/109349\\\/#article\",\"isPartOf\":{\"@id\":\"https:\\\/\\\/batijournal.com\\\/index.php\\\/lamf-veut-que-letat-renoue-avec-un-modele-economique-de-production-de-logement\\\/109349\\\/\"},\"author\":{\"name\":\"St\u00e9phane Miget\",\"@id\":\"https:\\\/\\\/batijournal.com\\\/#\\\/schema\\\/person\\\/1dc96ec6957aa1ccb25ebe78bb19f100\"},\"headline\":\"L&rsquo;AMF veut que l&rsquo;Etat renoue avec un mod\u00e8le \u00e9conomique de production de logement\",\"datePublished\":\"2023-10-10T15:00:45+00:00\",\"mainEntityOfPage\":{\"@id\":\"https:\\\/\\\/batijournal.com\\\/index.php\\\/lamf-veut-que-letat-renoue-avec-un-modele-economique-de-production-de-logement\\\/109349\\\/\"},\"wordCount\":406,\"image\":{\"@id\":\"https:\\\/\\\/batijournal.com\\\/index.php\\\/lamf-veut-que-letat-renoue-avec-un-modele-economique-de-production-de-logement\\\/109349\\\/#primaryimage\"},\"thumbnailUrl\":\"https:\\\/\\\/batijournal.com\\\/wp-content\\\/uploads\\\/2016\\\/09\\\/construction-reprise.jpg\",\"keywords\":[\"amf\",\"logement\"],\"articleSection\":[\"Actualit\u00e9s\",\"Divers\"],\"inLanguage\":\"fr-FR\"},{\"@type\":\"WebPage\",\"@id\":\"https:\\\/\\\/batijournal.com\\\/index.php\\\/lamf-veut-que-letat-renoue-avec-un-modele-economique-de-production-de-logement\\\/109349\\\/\",\"url\":\"https:\\\/\\\/batijournal.com\\\/index.php\\\/lamf-veut-que-letat-renoue-avec-un-modele-economique-de-production-de-logement\\\/109349\\\/\",\"name\":\"L'AMF veut que l'Etat renoue avec un mod\u00e8le \u00e9conomique de production de logement\",\"isPartOf\":{\"@id\":\"https:\\\/\\\/batijournal.com\\\/#website\"},\"primaryImageOfPage\":{\"@id\":\"https:\\\/\\\/batijournal.com\\\/index.php\\\/lamf-veut-que-letat-renoue-avec-un-modele-economique-de-production-de-logement\\\/109349\\\/#primaryimage\"},\"image\":{\"@id\":\"https:\\\/\\\/batijournal.com\\\/index.php\\\/lamf-veut-que-letat-renoue-avec-un-modele-economique-de-production-de-logement\\\/109349\\\/#primaryimage\"},\"thumbnailUrl\":\"https:\\\/\\\/batijournal.com\\\/wp-content\\\/uploads\\\/2016\\\/09\\\/construction-reprise.jpg\",\"datePublished\":\"2023-10-10T15:00:45+00:00\",\"author\":{\"@id\":\"https:\\\/\\\/batijournal.com\\\/#\\\/schema\\\/person\\\/1dc96ec6957aa1ccb25ebe78bb19f100\"},\"breadcrumb\":{\"@id\":\"https:\\\/\\\/batijournal.com\\\/index.php\\\/lamf-veut-que-letat-renoue-avec-un-modele-economique-de-production-de-logement\\\/109349\\\/#breadcrumb\"},\"inLanguage\":\"fr-FR\",\"potentialAction\":[{\"@type\":\"ReadAction\",\"target\":[\"https:\\\/\\\/batijournal.com\\\/index.php\\\/lamf-veut-que-letat-renoue-avec-un-modele-economique-de-production-de-logement\\\/109349\\\/\"]}]},{\"@type\":\"ImageObject\",\"inLanguage\":\"fr-FR\",\"@id\":\"https:\\\/\\\/batijournal.com\\\/index.php\\\/lamf-veut-que-letat-renoue-avec-un-modele-economique-de-production-de-logement\\\/109349\\\/#primaryimage\",\"url\":\"https:\\\/\\\/batijournal.com\\\/wp-content\\\/uploads\\\/2016\\\/09\\\/construction-reprise.jpg\",\"contentUrl\":\"https:\\\/\\\/batijournal.com\\\/wp-content\\\/uploads\\\/2016\\\/09\\\/construction-reprise.jpg\",\"width\":1000,\"height\":598},{\"@type\":\"BreadcrumbList\",\"@id\":\"https:\\\/\\\/batijournal.com\\\/index.php\\\/lamf-veut-que-letat-renoue-avec-un-modele-economique-de-production-de-logement\\\/109349\\\/#breadcrumb\",\"itemListElement\":[{\"@type\":\"ListItem\",\"position\":1,\"name\":\"Accueil\",\"item\":\"https:\\\/\\\/batijournal.com\\\/\"},{\"@type\":\"ListItem\",\"position\":2,\"name\":\"Actualit\u00e9s\",\"item\":\"https:\\\/\\\/batijournal.com\\\/index.php\\\/category\\\/actualites\\\/\"},{\"@type\":\"ListItem\",\"position\":3,\"name\":\"L&rsquo;AMF veut que l&rsquo;Etat renoue avec un mod\u00e8le \u00e9conomique de production de logement\"}]},{\"@type\":\"WebSite\",\"@id\":\"https:\\\/\\\/batijournal.com\\\/#website\",\"url\":\"https:\\\/\\\/batijournal.com\\\/\",\"name\":\"Batijournal\",\"description\":\"L&#039;actualit\u00e9 du b\u00e2timent\",\"potentialAction\":[{\"@type\":\"SearchAction\",\"target\":{\"@type\":\"EntryPoint\",\"urlTemplate\":\"https:\\\/\\\/batijournal.com\\\/?s={search_term_string}\"},\"query-input\":{\"@type\":\"PropertyValueSpecification\",\"valueRequired\":true,\"valueName\":\"search_term_string\"}}],\"inLanguage\":\"fr-FR\"},{\"@type\":\"Person\",\"@id\":\"https:\\\/\\\/batijournal.com\\\/#\\\/schema\\\/person\\\/1dc96ec6957aa1ccb25ebe78bb19f100\",\"name\":\"St\u00e9phane Miget\",\"image\":{\"@type\":\"ImageObject\",\"inLanguage\":\"fr-FR\",\"@id\":\"https:\\\/\\\/secure.gravatar.com\\\/avatar\\\/89915563d925342126b8ef0281b93d9d7fc337043e8df017f780908eb9644451?s=96&d=mm&r=g\",\"url\":\"https:\\\/\\\/secure.gravatar.com\\\/avatar\\\/89915563d925342126b8ef0281b93d9d7fc337043e8df017f780908eb9644451?s=96&d=mm&r=g\",\"contentUrl\":\"https:\\\/\\\/secure.gravatar.com\\\/avatar\\\/89915563d925342126b8ef0281b93d9d7fc337043e8df017f780908eb9644451?s=96&d=mm&r=g\",\"caption\":\"St\u00e9phane Miget\"},\"url\":\"https:\\\/\\\/batijournal.com\\\/index.php\\\/author\\\/stephane\\\/\"}]}<\/script>\n<!-- \/ Yoast SEO plugin. -->","yoast_head_json":{"title":"L'AMF veut que l'Etat renoue avec un mod\u00e8le \u00e9conomique de production de logement","robots":{"index":"index","follow":"follow","max-snippet":"max-snippet:-1","max-image-preview":"max-image-preview:large","max-video-preview":"max-video-preview:-1"},"canonical":"https:\/\/batijournal.com\/index.php\/lamf-veut-que-letat-renoue-avec-un-modele-economique-de-production-de-logement\/109349\/","og_locale":"fr_FR","og_type":"article","og_title":"L'AMF veut que l'Etat renoue avec un mod\u00e8le \u00e9conomique de production de logement","og_description":"Dans un communiqu\u00e9 de ce lundi 9 octobre 2023, les instances dirigeantes de l\u2019AMF alertent une nouvelle fois le gouvernement sur la crise profonde que traverse aujourd\u2019hui le march\u00e9 du logement. Pour les maires de France, la premi\u00e8re cause de cette crise est la p\u00e9nurie de foncier, r\u00e9sultant de la conjonction des trop nombreux dispositifs [&hellip;]","og_url":"https:\/\/batijournal.com\/index.php\/lamf-veut-que-letat-renoue-avec-un-modele-economique-de-production-de-logement\/109349\/","og_site_name":"Batijournal","article_published_time":"2023-10-10T15:00:45+00:00","og_image":[{"width":1000,"height":598,"url":"https:\/\/batijournal.com\/wp-content\/uploads\/2016\/09\/construction-reprise.jpg","type":"image\/jpeg"}],"author":"St\u00e9phane Miget","twitter_card":"summary_large_image","twitter_creator":"@bati_journal","twitter_site":"@bati_journal","twitter_misc":{"\u00c9crit par":"St\u00e9phane Miget","Dur\u00e9e de lecture estim\u00e9e":"2 minutes"},"schema":{"@context":"https:\/\/schema.org","@graph":[{"@type":"Article","@id":"https:\/\/batijournal.com\/index.php\/lamf-veut-que-letat-renoue-avec-un-modele-economique-de-production-de-logement\/109349\/#article","isPartOf":{"@id":"https:\/\/batijournal.com\/index.php\/lamf-veut-que-letat-renoue-avec-un-modele-economique-de-production-de-logement\/109349\/"},"author":{"name":"St\u00e9phane Miget","@id":"https:\/\/batijournal.com\/#\/schema\/person\/1dc96ec6957aa1ccb25ebe78bb19f100"},"headline":"L&rsquo;AMF veut que l&rsquo;Etat renoue avec un mod\u00e8le \u00e9conomique de production de logement","datePublished":"2023-10-10T15:00:45+00:00","mainEntityOfPage":{"@id":"https:\/\/batijournal.com\/index.php\/lamf-veut-que-letat-renoue-avec-un-modele-economique-de-production-de-logement\/109349\/"},"wordCount":406,"image":{"@id":"https:\/\/batijournal.com\/index.php\/lamf-veut-que-letat-renoue-avec-un-modele-economique-de-production-de-logement\/109349\/#primaryimage"},"thumbnailUrl":"https:\/\/batijournal.com\/wp-content\/uploads\/2016\/09\/construction-reprise.jpg","keywords":["amf","logement"],"articleSection":["Actualit\u00e9s","Divers"],"inLanguage":"fr-FR"},{"@type":"WebPage","@id":"https:\/\/batijournal.com\/index.php\/lamf-veut-que-letat-renoue-avec-un-modele-economique-de-production-de-logement\/109349\/","url":"https:\/\/batijournal.com\/index.php\/lamf-veut-que-letat-renoue-avec-un-modele-economique-de-production-de-logement\/109349\/","name":"L'AMF veut que l'Etat renoue avec un mod\u00e8le \u00e9conomique de production de logement","isPartOf":{"@id":"https:\/\/batijournal.com\/#website"},"primaryImageOfPage":{"@id":"https:\/\/batijournal.com\/index.php\/lamf-veut-que-letat-renoue-avec-un-modele-economique-de-production-de-logement\/109349\/#primaryimage"},"image":{"@id":"https:\/\/batijournal.com\/index.php\/lamf-veut-que-letat-renoue-avec-un-modele-economique-de-production-de-logement\/109349\/#primaryimage"},"thumbnailUrl":"https:\/\/batijournal.com\/wp-content\/uploads\/2016\/09\/construction-reprise.jpg","datePublished":"2023-10-10T15:00:45+00:00","author":{"@id":"https:\/\/batijournal.com\/#\/schema\/person\/1dc96ec6957aa1ccb25ebe78bb19f100"},"breadcrumb":{"@id":"https:\/\/batijournal.com\/index.php\/lamf-veut-que-letat-renoue-avec-un-modele-economique-de-production-de-logement\/109349\/#breadcrumb"},"inLanguage":"fr-FR","potentialAction":[{"@type":"ReadAction","target":["https:\/\/batijournal.com\/index.php\/lamf-veut-que-letat-renoue-avec-un-modele-economique-de-production-de-logement\/109349\/"]}]},{"@type":"ImageObject","inLanguage":"fr-FR","@id":"https:\/\/batijournal.com\/index.php\/lamf-veut-que-letat-renoue-avec-un-modele-economique-de-production-de-logement\/109349\/#primaryimage","url":"https:\/\/batijournal.com\/wp-content\/uploads\/2016\/09\/construction-reprise.jpg","contentUrl":"https:\/\/batijournal.com\/wp-content\/uploads\/2016\/09\/construction-reprise.jpg","width":1000,"height":598},{"@type":"BreadcrumbList","@id":"https:\/\/batijournal.com\/index.php\/lamf-veut-que-letat-renoue-avec-un-modele-economique-de-production-de-logement\/109349\/#breadcrumb","itemListElement":[{"@type":"ListItem","position":1,"name":"Accueil","item":"https:\/\/batijournal.com\/"},{"@type":"ListItem","position":2,"name":"Actualit\u00e9s","item":"https:\/\/batijournal.com\/index.php\/category\/actualites\/"},{"@type":"ListItem","position":3,"name":"L&rsquo;AMF veut que l&rsquo;Etat renoue avec un mod\u00e8le \u00e9conomique de production de logement"}]},{"@type":"WebSite","@id":"https:\/\/batijournal.com\/#website","url":"https:\/\/batijournal.com\/","name":"Batijournal","description":"L&#039;actualit\u00e9 du b\u00e2timent","potentialAction":[{"@type":"SearchAction","target":{"@type":"EntryPoint","urlTemplate":"https:\/\/batijournal.com\/?s={search_term_string}"},"query-input":{"@type":"PropertyValueSpecification","valueRequired":true,"valueName":"search_term_string"}}],"inLanguage":"fr-FR"},{"@type":"Person","@id":"https:\/\/batijournal.com\/#\/schema\/person\/1dc96ec6957aa1ccb25ebe78bb19f100","name":"St\u00e9phane Miget","image":{"@type":"ImageObject","inLanguage":"fr-FR","@id":"https:\/\/secure.gravatar.com\/avatar\/89915563d925342126b8ef0281b93d9d7fc337043e8df017f780908eb9644451?s=96&d=mm&r=g","url":"https:\/\/secure.gravatar.com\/avatar\/89915563d925342126b8ef0281b93d9d7fc337043e8df017f780908eb9644451?s=96&d=mm&r=g","contentUrl":"https:\/\/secure.gravatar.com\/avatar\/89915563d925342126b8ef0281b93d9d7fc337043e8df017f780908eb9644451?s=96&d=mm&r=g","caption":"St\u00e9phane Miget"},"url":"https:\/\/batijournal.com\/index.php\/author\/stephane\/"}]}},"_links":{"self":[{"href":"https:\/\/batijournal.com\/index.php\/wp-json\/wp\/v2\/posts\/109349","targetHints":{"allow":["GET"]}}],"collection":[{"href":"https:\/\/batijournal.com\/index.php\/wp-json\/wp\/v2\/posts"}],"about":[{"href":"https:\/\/batijournal.com\/index.php\/wp-json\/wp\/v2\/types\/post"}],"author":[{"embeddable":true,"href":"https:\/\/batijournal.com\/index.php\/wp-json\/wp\/v2\/users\/17"}],"replies":[{"embeddable":true,"href":"https:\/\/batijournal.com\/index.php\/wp-json\/wp\/v2\/comments?post=109349"}],"version-history":[{"count":0,"href":"https:\/\/batijournal.com\/index.php\/wp-json\/wp\/v2\/posts\/109349\/revisions"}],"wp:featuredmedia":[{"embeddable":true,"href":"https:\/\/batijournal.com\/index.php\/wp-json\/wp\/v2\/media\/93713"}],"wp:attachment":[{"href":"https:\/\/batijournal.com\/index.php\/wp-json\/wp\/v2\/media?parent=109349"}],"wp:term":[{"taxonomy":"category","embeddable":true,"href":"https:\/\/batijournal.com\/index.php\/wp-json\/wp\/v2\/categories?post=109349"},{"taxonomy":"post_tag","embeddable":true,"href":"https:\/\/batijournal.com\/index.php\/wp-json\/wp\/v2\/tags?post=109349"}],"curies":[{"name":"wp","href":"https:\/\/api.w.org\/{rel}","templated":true}]}}