{"id":109352,"date":"2023-10-12T09:49:24","date_gmt":"2023-10-12T07:49:24","guid":{"rendered":"https:\/\/batijournal.com\/?p=109352"},"modified":"2023-10-12T09:49:24","modified_gmt":"2023-10-12T07:49:24","slug":"labellisation-de-larchitecture-sportive-francilienne","status":"publish","type":"post","link":"https:\/\/batijournal.com\/index.php\/labellisation-de-larchitecture-sportive-francilienne\/109352\/","title":{"rendered":"Labellisation de l\u2019architecture sportive francilienne"},"content":{"rendered":"<p>Dans la perspective des Jeux de Paris 2024, la DRAC \u00cele-de-France a d\u00e9but\u00e9 une campagne de labellisation \u00ab\u00a0Architecture contemporaine remarquable\u00a0\u00bb sur le th\u00e8me du sport. Les architectures retenues pour ce label s\u2019\u00e9tendent de 1945 \u2013 date de cr\u00e9ation de l\u2019Institut national des sports (INS) sur le site du bois de Vincennes, devenu aujourd\u2019hui l\u2019Institut national du sport, de l\u2019expertise et de la performance (INSEP) et grand centre national d\u2019entra\u00eenement aux jeux olympiques et paralympiques \u2013 \u00e0 1998, ann\u00e9e de la coupe du monde de football et de l\u2019ach\u00e8vement du stade de France. La liste finale des \u00e9difices retenus sera pr\u00e9sent\u00e9e et vot\u00e9e lors la prochaine Commission r\u00e9gionale du patrimoine et de l\u2019architecture pr\u00e9vue \u00e0 la fin de l\u2019ann\u00e9e 2023.<\/p>\n<p>Photo : Vue de la pelouse et des gradins du Stade de France \u00a9 DRAC \u00cele-de-France<\/p>\n<p>&nbsp;<\/p>\n","protected":false},"excerpt":{"rendered":"<p>Dans la perspective des Jeux de Paris 2024, la DRAC \u00cele-de-France a d\u00e9but\u00e9 une campagne de labellisation \u00ab\u00a0Architecture contemporaine remarquable\u00a0\u00bb sur le th\u00e8me du sport. Les architectures retenues pour ce label s\u2019\u00e9tendent de 1945 \u2013 date de cr\u00e9ation de l\u2019Institut national des sports (INS) sur le site du bois de Vincennes, devenu aujourd\u2019hui l\u2019Institut national [&hellip;]<\/p>\n","protected":false},"author":17,"featured_media":109358,"comment_status":"closed","ping_status":"closed","sticky":false,"template":"","format":"standard","meta":{"_et_pb_use_builder":"","_et_pb_old_content":"","_et_gb_content_width":"","footnotes":""},"categories":[10530,6340,10789,10785],"tags":[],"class_list":["post-109352","post","type-post","status-publish","format-standard","has-post-thumbnail","hentry","category-actualites","category-architecture-conception","category-publications-atrium","category-atrium"],"yoast_head":"<!-- This site is optimized with the Yoast SEO plugin v27.4 - https:\/\/yoast.com\/product\/yoast-seo-wordpress\/ -->\n<title>Labellisation de l\u2019architecture sportive francilienne<\/title>\n<meta name=\"robots\" content=\"index, follow, max-snippet:-1, max-image-preview:large, max-video-preview:-1\" \/>\n<link rel=\"canonical\" href=\"https:\/\/batijournal.com\/index.php\/labellisation-de-larchitecture-sportive-francilienne\/109352\/\" \/>\n<meta property=\"og:locale\" content=\"fr_FR\" \/>\n<meta property=\"og:type\" content=\"article\" \/>\n<meta property=\"og:title\" content=\"Labellisation de l\u2019architecture sportive francilienne\" \/>\n<meta property=\"og:description\" content=\"Dans la perspective des Jeux de Paris 2024, la DRAC \u00cele-de-France a d\u00e9but\u00e9 une campagne de labellisation \u00ab\u00a0Architecture contemporaine remarquable\u00a0\u00bb sur le th\u00e8me du sport. Les architectures retenues pour ce label s\u2019\u00e9tendent de 1945 \u2013 date de cr\u00e9ation de l\u2019Institut national des sports (INS) sur le site du bois de Vincennes, devenu aujourd\u2019hui l\u2019Institut national [&hellip;]\" \/>\n<meta property=\"og:url\" content=\"https:\/\/batijournal.com\/index.php\/labellisation-de-larchitecture-sportive-francilienne\/109352\/\" \/>\n<meta property=\"og:site_name\" content=\"Batijournal\" \/>\n<meta property=\"article:published_time\" content=\"2023-10-12T07:49:24+00:00\" \/>\n<meta property=\"og:image\" content=\"https:\/\/batijournal.com\/wp-content\/uploads\/2023\/10\/stade-france-site-1.jpg\" \/>\n\t<meta property=\"og:image:width\" content=\"825\" \/>\n\t<meta property=\"og:image:height\" content=\"515\" \/>\n\t<meta property=\"og:image:type\" content=\"image\/jpeg\" \/>\n<meta name=\"author\" content=\"St\u00e9phane Miget\" \/>\n<meta name=\"twitter:card\" content=\"summary_large_image\" \/>\n<meta name=\"twitter:creator\" content=\"@bati_journal\" \/>\n<meta name=\"twitter:site\" content=\"@bati_journal\" \/>\n<meta name=\"twitter:label1\" content=\"\u00c9crit par\" \/>\n\t<meta name=\"twitter:data1\" content=\"St\u00e9phane Miget\" \/>\n\t<meta name=\"twitter:label2\" content=\"Dur\u00e9e de lecture estim\u00e9e\" \/>\n\t<meta name=\"twitter:data2\" content=\"1 minute\" \/>\n<script type=\"application\/ld+json\" class=\"yoast-schema-graph\">{\"@context\":\"https:\\\/\\\/schema.org\",\"@graph\":[{\"@type\":\"Article\",\"@id\":\"https:\\\/\\\/batijournal.com\\\/index.php\\\/labellisation-de-larchitecture-sportive-francilienne\\\/109352\\\/#article\",\"isPartOf\":{\"@id\":\"https:\\\/\\\/batijournal.com\\\/index.php\\\/labellisation-de-larchitecture-sportive-francilienne\\\/109352\\\/\"},\"author\":{\"name\":\"St\u00e9phane Miget\",\"@id\":\"https:\\\/\\\/batijournal.com\\\/#\\\/schema\\\/person\\\/1dc96ec6957aa1ccb25ebe78bb19f100\"},\"headline\":\"Labellisation de l\u2019architecture sportive francilienne\",\"datePublished\":\"2023-10-12T07:49:24+00:00\",\"mainEntityOfPage\":{\"@id\":\"https:\\\/\\\/batijournal.com\\\/index.php\\\/labellisation-de-larchitecture-sportive-francilienne\\\/109352\\\/\"},\"wordCount\":153,\"image\":{\"@id\":\"https:\\\/\\\/batijournal.com\\\/index.php\\\/labellisation-de-larchitecture-sportive-francilienne\\\/109352\\\/#primaryimage\"},\"thumbnailUrl\":\"https:\\\/\\\/batijournal.com\\\/wp-content\\\/uploads\\\/2023\\\/10\\\/stade-france-site-1.jpg\",\"articleSection\":[\"Actualit\u00e9s\",\"Architecture &amp; Conception\",\"zz_Actualit\u00e9s - Atrium\",\"zz_Atrium Patrimoine\"],\"inLanguage\":\"fr-FR\"},{\"@type\":\"WebPage\",\"@id\":\"https:\\\/\\\/batijournal.com\\\/index.php\\\/labellisation-de-larchitecture-sportive-francilienne\\\/109352\\\/\",\"url\":\"https:\\\/\\\/batijournal.com\\\/index.php\\\/labellisation-de-larchitecture-sportive-francilienne\\\/109352\\\/\",\"name\":\"Labellisation de l\u2019architecture sportive francilienne\",\"isPartOf\":{\"@id\":\"https:\\\/\\\/batijournal.com\\\/#website\"},\"primaryImageOfPage\":{\"@id\":\"https:\\\/\\\/batijournal.com\\\/index.php\\\/labellisation-de-larchitecture-sportive-francilienne\\\/109352\\\/#primaryimage\"},\"image\":{\"@id\":\"https:\\\/\\\/batijournal.com\\\/index.php\\\/labellisation-de-larchitecture-sportive-francilienne\\\/109352\\\/#primaryimage\"},\"thumbnailUrl\":\"https:\\\/\\\/batijournal.com\\\/wp-content\\\/uploads\\\/2023\\\/10\\\/stade-france-site-1.jpg\",\"datePublished\":\"2023-10-12T07:49:24+00:00\",\"author\":{\"@id\":\"https:\\\/\\\/batijournal.com\\\/#\\\/schema\\\/person\\\/1dc96ec6957aa1ccb25ebe78bb19f100\"},\"breadcrumb\":{\"@id\":\"https:\\\/\\\/batijournal.com\\\/index.php\\\/labellisation-de-larchitecture-sportive-francilienne\\\/109352\\\/#breadcrumb\"},\"inLanguage\":\"fr-FR\",\"potentialAction\":[{\"@type\":\"ReadAction\",\"target\":[\"https:\\\/\\\/batijournal.com\\\/index.php\\\/labellisation-de-larchitecture-sportive-francilienne\\\/109352\\\/\"]}]},{\"@type\":\"ImageObject\",\"inLanguage\":\"fr-FR\",\"@id\":\"https:\\\/\\\/batijournal.com\\\/index.php\\\/labellisation-de-larchitecture-sportive-francilienne\\\/109352\\\/#primaryimage\",\"url\":\"https:\\\/\\\/batijournal.com\\\/wp-content\\\/uploads\\\/2023\\\/10\\\/stade-france-site-1.jpg\",\"contentUrl\":\"https:\\\/\\\/batijournal.com\\\/wp-content\\\/uploads\\\/2023\\\/10\\\/stade-france-site-1.jpg\",\"width\":825,\"height\":515},{\"@type\":\"BreadcrumbList\",\"@id\":\"https:\\\/\\\/batijournal.com\\\/index.php\\\/labellisation-de-larchitecture-sportive-francilienne\\\/109352\\\/#breadcrumb\",\"itemListElement\":[{\"@type\":\"ListItem\",\"position\":1,\"name\":\"Accueil\",\"item\":\"https:\\\/\\\/batijournal.com\\\/\"},{\"@type\":\"ListItem\",\"position\":2,\"name\":\"Actualit\u00e9s\",\"item\":\"https:\\\/\\\/batijournal.com\\\/index.php\\\/category\\\/actualites\\\/\"},{\"@type\":\"ListItem\",\"position\":3,\"name\":\"Architecture &amp; Conception\",\"item\":\"https:\\\/\\\/batijournal.com\\\/index.php\\\/category\\\/actualites\\\/architecture-conception\\\/\"},{\"@type\":\"ListItem\",\"position\":4,\"name\":\"Labellisation de l\u2019architecture sportive francilienne\"}]},{\"@type\":\"WebSite\",\"@id\":\"https:\\\/\\\/batijournal.com\\\/#website\",\"url\":\"https:\\\/\\\/batijournal.com\\\/\",\"name\":\"Batijournal\",\"description\":\"L&#039;actualit\u00e9 du b\u00e2timent\",\"potentialAction\":[{\"@type\":\"SearchAction\",\"target\":{\"@type\":\"EntryPoint\",\"urlTemplate\":\"https:\\\/\\\/batijournal.com\\\/?s={search_term_string}\"},\"query-input\":{\"@type\":\"PropertyValueSpecification\",\"valueRequired\":true,\"valueName\":\"search_term_string\"}}],\"inLanguage\":\"fr-FR\"},{\"@type\":\"Person\",\"@id\":\"https:\\\/\\\/batijournal.com\\\/#\\\/schema\\\/person\\\/1dc96ec6957aa1ccb25ebe78bb19f100\",\"name\":\"St\u00e9phane Miget\",\"image\":{\"@type\":\"ImageObject\",\"inLanguage\":\"fr-FR\",\"@id\":\"https:\\\/\\\/secure.gravatar.com\\\/avatar\\\/89915563d925342126b8ef0281b93d9d7fc337043e8df017f780908eb9644451?s=96&d=mm&r=g\",\"url\":\"https:\\\/\\\/secure.gravatar.com\\\/avatar\\\/89915563d925342126b8ef0281b93d9d7fc337043e8df017f780908eb9644451?s=96&d=mm&r=g\",\"contentUrl\":\"https:\\\/\\\/secure.gravatar.com\\\/avatar\\\/89915563d925342126b8ef0281b93d9d7fc337043e8df017f780908eb9644451?s=96&d=mm&r=g\",\"caption\":\"St\u00e9phane Miget\"},\"url\":\"https:\\\/\\\/batijournal.com\\\/index.php\\\/author\\\/stephane\\\/\"}]}<\/script>\n<!-- \/ Yoast SEO plugin. -->","yoast_head_json":{"title":"Labellisation de l\u2019architecture sportive francilienne","robots":{"index":"index","follow":"follow","max-snippet":"max-snippet:-1","max-image-preview":"max-image-preview:large","max-video-preview":"max-video-preview:-1"},"canonical":"https:\/\/batijournal.com\/index.php\/labellisation-de-larchitecture-sportive-francilienne\/109352\/","og_locale":"fr_FR","og_type":"article","og_title":"Labellisation de l\u2019architecture sportive francilienne","og_description":"Dans la perspective des Jeux de Paris 2024, la DRAC \u00cele-de-France a d\u00e9but\u00e9 une campagne de labellisation \u00ab\u00a0Architecture contemporaine remarquable\u00a0\u00bb sur le th\u00e8me du sport. Les architectures retenues pour ce label s\u2019\u00e9tendent de 1945 \u2013 date de cr\u00e9ation de l\u2019Institut national des sports (INS) sur le site du bois de Vincennes, devenu aujourd\u2019hui l\u2019Institut national [&hellip;]","og_url":"https:\/\/batijournal.com\/index.php\/labellisation-de-larchitecture-sportive-francilienne\/109352\/","og_site_name":"Batijournal","article_published_time":"2023-10-12T07:49:24+00:00","og_image":[{"width":825,"height":515,"url":"https:\/\/batijournal.com\/wp-content\/uploads\/2023\/10\/stade-france-site-1.jpg","type":"image\/jpeg"}],"author":"St\u00e9phane Miget","twitter_card":"summary_large_image","twitter_creator":"@bati_journal","twitter_site":"@bati_journal","twitter_misc":{"\u00c9crit par":"St\u00e9phane Miget","Dur\u00e9e de lecture estim\u00e9e":"1 minute"},"schema":{"@context":"https:\/\/schema.org","@graph":[{"@type":"Article","@id":"https:\/\/batijournal.com\/index.php\/labellisation-de-larchitecture-sportive-francilienne\/109352\/#article","isPartOf":{"@id":"https:\/\/batijournal.com\/index.php\/labellisation-de-larchitecture-sportive-francilienne\/109352\/"},"author":{"name":"St\u00e9phane Miget","@id":"https:\/\/batijournal.com\/#\/schema\/person\/1dc96ec6957aa1ccb25ebe78bb19f100"},"headline":"Labellisation de l\u2019architecture sportive francilienne","datePublished":"2023-10-12T07:49:24+00:00","mainEntityOfPage":{"@id":"https:\/\/batijournal.com\/index.php\/labellisation-de-larchitecture-sportive-francilienne\/109352\/"},"wordCount":153,"image":{"@id":"https:\/\/batijournal.com\/index.php\/labellisation-de-larchitecture-sportive-francilienne\/109352\/#primaryimage"},"thumbnailUrl":"https:\/\/batijournal.com\/wp-content\/uploads\/2023\/10\/stade-france-site-1.jpg","articleSection":["Actualit\u00e9s","Architecture &amp; Conception","zz_Actualit\u00e9s - Atrium","zz_Atrium Patrimoine"],"inLanguage":"fr-FR"},{"@type":"WebPage","@id":"https:\/\/batijournal.com\/index.php\/labellisation-de-larchitecture-sportive-francilienne\/109352\/","url":"https:\/\/batijournal.com\/index.php\/labellisation-de-larchitecture-sportive-francilienne\/109352\/","name":"Labellisation de l\u2019architecture sportive francilienne","isPartOf":{"@id":"https:\/\/batijournal.com\/#website"},"primaryImageOfPage":{"@id":"https:\/\/batijournal.com\/index.php\/labellisation-de-larchitecture-sportive-francilienne\/109352\/#primaryimage"},"image":{"@id":"https:\/\/batijournal.com\/index.php\/labellisation-de-larchitecture-sportive-francilienne\/109352\/#primaryimage"},"thumbnailUrl":"https:\/\/batijournal.com\/wp-content\/uploads\/2023\/10\/stade-france-site-1.jpg","datePublished":"2023-10-12T07:49:24+00:00","author":{"@id":"https:\/\/batijournal.com\/#\/schema\/person\/1dc96ec6957aa1ccb25ebe78bb19f100"},"breadcrumb":{"@id":"https:\/\/batijournal.com\/index.php\/labellisation-de-larchitecture-sportive-francilienne\/109352\/#breadcrumb"},"inLanguage":"fr-FR","potentialAction":[{"@type":"ReadAction","target":["https:\/\/batijournal.com\/index.php\/labellisation-de-larchitecture-sportive-francilienne\/109352\/"]}]},{"@type":"ImageObject","inLanguage":"fr-FR","@id":"https:\/\/batijournal.com\/index.php\/labellisation-de-larchitecture-sportive-francilienne\/109352\/#primaryimage","url":"https:\/\/batijournal.com\/wp-content\/uploads\/2023\/10\/stade-france-site-1.jpg","contentUrl":"https:\/\/batijournal.com\/wp-content\/uploads\/2023\/10\/stade-france-site-1.jpg","width":825,"height":515},{"@type":"BreadcrumbList","@id":"https:\/\/batijournal.com\/index.php\/labellisation-de-larchitecture-sportive-francilienne\/109352\/#breadcrumb","itemListElement":[{"@type":"ListItem","position":1,"name":"Accueil","item":"https:\/\/batijournal.com\/"},{"@type":"ListItem","position":2,"name":"Actualit\u00e9s","item":"https:\/\/batijournal.com\/index.php\/category\/actualites\/"},{"@type":"ListItem","position":3,"name":"Architecture &amp; Conception","item":"https:\/\/batijournal.com\/index.php\/category\/actualites\/architecture-conception\/"},{"@type":"ListItem","position":4,"name":"Labellisation de l\u2019architecture sportive francilienne"}]},{"@type":"WebSite","@id":"https:\/\/batijournal.com\/#website","url":"https:\/\/batijournal.com\/","name":"Batijournal","description":"L&#039;actualit\u00e9 du b\u00e2timent","potentialAction":[{"@type":"SearchAction","target":{"@type":"EntryPoint","urlTemplate":"https:\/\/batijournal.com\/?s={search_term_string}"},"query-input":{"@type":"PropertyValueSpecification","valueRequired":true,"valueName":"search_term_string"}}],"inLanguage":"fr-FR"},{"@type":"Person","@id":"https:\/\/batijournal.com\/#\/schema\/person\/1dc96ec6957aa1ccb25ebe78bb19f100","name":"St\u00e9phane Miget","image":{"@type":"ImageObject","inLanguage":"fr-FR","@id":"https:\/\/secure.gravatar.com\/avatar\/89915563d925342126b8ef0281b93d9d7fc337043e8df017f780908eb9644451?s=96&d=mm&r=g","url":"https:\/\/secure.gravatar.com\/avatar\/89915563d925342126b8ef0281b93d9d7fc337043e8df017f780908eb9644451?s=96&d=mm&r=g","contentUrl":"https:\/\/secure.gravatar.com\/avatar\/89915563d925342126b8ef0281b93d9d7fc337043e8df017f780908eb9644451?s=96&d=mm&r=g","caption":"St\u00e9phane Miget"},"url":"https:\/\/batijournal.com\/index.php\/author\/stephane\/"}]}},"_links":{"self":[{"href":"https:\/\/batijournal.com\/index.php\/wp-json\/wp\/v2\/posts\/109352","targetHints":{"allow":["GET"]}}],"collection":[{"href":"https:\/\/batijournal.com\/index.php\/wp-json\/wp\/v2\/posts"}],"about":[{"href":"https:\/\/batijournal.com\/index.php\/wp-json\/wp\/v2\/types\/post"}],"author":[{"embeddable":true,"href":"https:\/\/batijournal.com\/index.php\/wp-json\/wp\/v2\/users\/17"}],"replies":[{"embeddable":true,"href":"https:\/\/batijournal.com\/index.php\/wp-json\/wp\/v2\/comments?post=109352"}],"version-history":[{"count":0,"href":"https:\/\/batijournal.com\/index.php\/wp-json\/wp\/v2\/posts\/109352\/revisions"}],"wp:featuredmedia":[{"embeddable":true,"href":"https:\/\/batijournal.com\/index.php\/wp-json\/wp\/v2\/media\/109358"}],"wp:attachment":[{"href":"https:\/\/batijournal.com\/index.php\/wp-json\/wp\/v2\/media?parent=109352"}],"wp:term":[{"taxonomy":"category","embeddable":true,"href":"https:\/\/batijournal.com\/index.php\/wp-json\/wp\/v2\/categories?post=109352"},{"taxonomy":"post_tag","embeddable":true,"href":"https:\/\/batijournal.com\/index.php\/wp-json\/wp\/v2\/tags?post=109352"}],"curies":[{"name":"wp","href":"https:\/\/api.w.org\/{rel}","templated":true}]}}