{"id":109359,"date":"2023-10-13T19:10:38","date_gmt":"2023-10-13T17:10:38","guid":{"rendered":"https:\/\/batijournal.com\/?p=109359"},"modified":"2023-10-13T19:12:35","modified_gmt":"2023-10-13T17:12:35","slug":"esprit-de-village-et-terre-cuite-pour-ce-nouvel-ehpad-vosgien","status":"publish","type":"post","link":"https:\/\/batijournal.com\/index.php\/esprit-de-village-et-terre-cuite-pour-ce-nouvel-ehpad-vosgien\/109359\/","title":{"rendered":"Esprit de village et terre cuite pour ce nouvel Ehpad vosgien"},"content":{"rendered":"<p>Les architectes Pietro Cremonini, Catherine Lauvergeat et Fran\u00e7ois Paccard ont con\u00e7u le nouvel Ehpad situ\u00e9 \u00e0 l&rsquo;\u00e9cart de la ville de Xertigny (88) dans un esprit de village, en veillant \u00e0 faciliter la vie des pensionnaires notamment gr\u00e2ce \u00e0 l\u2019articulation des diff\u00e9rents espaces et le choix des mat\u00e9riaux utilis\u00e9s. Derri\u00e8re les fa\u00e7ades bard\u00e9es de tuiles en terre cuite sont abrit\u00e9es les chambres tandis qu&rsquo;au premier niveau des jardins, les fa\u00e7ades munies de rideaux de bois laissent passer la lumi\u00e8re vers les salles communes. Le bardage bois signale \u00e9galement les espaces administratifs de l&rsquo;\u00e9tablissement nettement diff\u00e9renci\u00e9s des espaces de vie. Pour le bardage, les architectes ont opt\u00e9 pour la tuile Koramic Plate 301 coloris Toscane. Avec la direction de l&rsquo;Ehpad, ils souhaitaient un mat\u00e9riau durable, naturel et n\u00e9cessitant peu d&rsquo;entretien. Le choix de la teinte s&rsquo;accorde avec celle du bois, chaleureuse et vibrante selon l&rsquo;ensoleillement. La pose, quant \u00e0 elle, a exig\u00e9 organisation et m\u00e9thode. Des prototypes de rives de toitures ont \u00e9t\u00e9 r\u00e9alis\u00e9s, ainsi que des angles, pour permettre un fa\u00e7onnage en zinc impeccable. Pour l&rsquo;architecte, la terre cuite et les joints calepin\u00e9s apportent de la vie \u00e0 la structure et permettent un maillage qui \u00e9vite un aspect trop lisse.<\/p>\n<p>&nbsp;<\/p>\n<p>Photo : Gregory Tachet<\/p>\n<p>&nbsp;<\/p>\n","protected":false},"excerpt":{"rendered":"<p>Les architectes Pietro Cremonini, Catherine Lauvergeat et Fran\u00e7ois Paccard ont con\u00e7u le nouvel Ehpad situ\u00e9 \u00e0 l&rsquo;\u00e9cart de la ville de Xertigny (88) dans un esprit de village, en veillant \u00e0 faciliter la vie des pensionnaires notamment gr\u00e2ce \u00e0 l\u2019articulation des diff\u00e9rents espaces et le choix des mat\u00e9riaux utilis\u00e9s. Derri\u00e8re les fa\u00e7ades bard\u00e9es de tuiles [&hellip;]<\/p>\n","protected":false},"author":17,"featured_media":109360,"comment_status":"closed","ping_status":"closed","sticky":false,"template":"","format":"standard","meta":{"_et_pb_use_builder":"","_et_pb_old_content":"","_et_gb_content_width":"","footnotes":""},"categories":[10530,6340,10771,10775],"tags":[12885,1594,1239],"class_list":["post-109359","post","type-post","status-publish","format-standard","has-post-thumbnail","hentry","category-actualites","category-architecture-conception","category-5facades","category-actualites-5facades","tag-bardage","tag-brique","tag-terre-cuite-3"],"yoast_head":"<!-- This site is optimized with the Yoast SEO plugin v27.4 - https:\/\/yoast.com\/product\/yoast-seo-wordpress\/ -->\n<title>Esprit de village et terre cuite pour ce nouvel Ehpad vosgien<\/title>\n<meta name=\"robots\" content=\"index, follow, max-snippet:-1, max-image-preview:large, max-video-preview:-1\" \/>\n<link rel=\"canonical\" href=\"https:\/\/batijournal.com\/index.php\/esprit-de-village-et-terre-cuite-pour-ce-nouvel-ehpad-vosgien\/109359\/\" \/>\n<meta property=\"og:locale\" content=\"fr_FR\" \/>\n<meta property=\"og:type\" content=\"article\" \/>\n<meta property=\"og:title\" content=\"Esprit de village et terre cuite pour ce nouvel Ehpad vosgien\" \/>\n<meta property=\"og:description\" content=\"Les architectes Pietro Cremonini, Catherine Lauvergeat et Fran\u00e7ois Paccard ont con\u00e7u le nouvel Ehpad situ\u00e9 \u00e0 l&rsquo;\u00e9cart de la ville de Xertigny (88) dans un esprit de village, en veillant \u00e0 faciliter la vie des pensionnaires notamment gr\u00e2ce \u00e0 l\u2019articulation des diff\u00e9rents espaces et le choix des mat\u00e9riaux utilis\u00e9s. Derri\u00e8re les fa\u00e7ades bard\u00e9es de tuiles [&hellip;]\" \/>\n<meta property=\"og:url\" content=\"https:\/\/batijournal.com\/index.php\/esprit-de-village-et-terre-cuite-pour-ce-nouvel-ehpad-vosgien\/109359\/\" \/>\n<meta property=\"og:site_name\" content=\"Batijournal\" \/>\n<meta property=\"article:published_time\" content=\"2023-10-13T17:10:38+00:00\" \/>\n<meta property=\"article:modified_time\" content=\"2023-10-13T17:12:35+00:00\" \/>\n<meta property=\"og:image\" content=\"https:\/\/batijournal.com\/wp-content\/uploads\/2023\/10\/Wienerberger_Ehpad_-_Xertigny_photo_Gregory_tachet.jpg\" \/>\n\t<meta property=\"og:image:width\" content=\"1000\" \/>\n\t<meta property=\"og:image:height\" content=\"667\" \/>\n\t<meta property=\"og:image:type\" content=\"image\/jpeg\" \/>\n<meta name=\"author\" content=\"St\u00e9phane Miget\" \/>\n<meta name=\"twitter:card\" content=\"summary_large_image\" \/>\n<meta name=\"twitter:creator\" content=\"@bati_journal\" \/>\n<meta name=\"twitter:site\" content=\"@bati_journal\" \/>\n<meta name=\"twitter:label1\" content=\"\u00c9crit par\" \/>\n\t<meta name=\"twitter:data1\" content=\"St\u00e9phane Miget\" \/>\n\t<meta name=\"twitter:label2\" content=\"Dur\u00e9e de lecture estim\u00e9e\" \/>\n\t<meta name=\"twitter:data2\" content=\"1 minute\" \/>\n<script type=\"application\/ld+json\" class=\"yoast-schema-graph\">{\"@context\":\"https:\\\/\\\/schema.org\",\"@graph\":[{\"@type\":\"Article\",\"@id\":\"https:\\\/\\\/batijournal.com\\\/index.php\\\/esprit-de-village-et-terre-cuite-pour-ce-nouvel-ehpad-vosgien\\\/109359\\\/#article\",\"isPartOf\":{\"@id\":\"https:\\\/\\\/batijournal.com\\\/index.php\\\/esprit-de-village-et-terre-cuite-pour-ce-nouvel-ehpad-vosgien\\\/109359\\\/\"},\"author\":{\"name\":\"St\u00e9phane Miget\",\"@id\":\"https:\\\/\\\/batijournal.com\\\/#\\\/schema\\\/person\\\/1dc96ec6957aa1ccb25ebe78bb19f100\"},\"headline\":\"Esprit de village et terre cuite pour ce nouvel Ehpad vosgien\",\"datePublished\":\"2023-10-13T17:10:38+00:00\",\"dateModified\":\"2023-10-13T17:12:35+00:00\",\"mainEntityOfPage\":{\"@id\":\"https:\\\/\\\/batijournal.com\\\/index.php\\\/esprit-de-village-et-terre-cuite-pour-ce-nouvel-ehpad-vosgien\\\/109359\\\/\"},\"wordCount\":239,\"image\":{\"@id\":\"https:\\\/\\\/batijournal.com\\\/index.php\\\/esprit-de-village-et-terre-cuite-pour-ce-nouvel-ehpad-vosgien\\\/109359\\\/#primaryimage\"},\"thumbnailUrl\":\"https:\\\/\\\/batijournal.com\\\/wp-content\\\/uploads\\\/2023\\\/10\\\/Wienerberger_Ehpad_-_Xertigny_photo_Gregory_tachet.jpg\",\"keywords\":[\"bardage\",\"brique\",\"terre cuite\"],\"articleSection\":[\"Actualit\u00e9s\",\"Architecture &amp; Conception\",\"zz_5fa\u00e7ades\",\"zz_Actualit\u00e9s - 5fa\u00e7ades\"],\"inLanguage\":\"fr-FR\"},{\"@type\":\"WebPage\",\"@id\":\"https:\\\/\\\/batijournal.com\\\/index.php\\\/esprit-de-village-et-terre-cuite-pour-ce-nouvel-ehpad-vosgien\\\/109359\\\/\",\"url\":\"https:\\\/\\\/batijournal.com\\\/index.php\\\/esprit-de-village-et-terre-cuite-pour-ce-nouvel-ehpad-vosgien\\\/109359\\\/\",\"name\":\"Esprit de village et terre cuite pour ce nouvel Ehpad vosgien\",\"isPartOf\":{\"@id\":\"https:\\\/\\\/batijournal.com\\\/#website\"},\"primaryImageOfPage\":{\"@id\":\"https:\\\/\\\/batijournal.com\\\/index.php\\\/esprit-de-village-et-terre-cuite-pour-ce-nouvel-ehpad-vosgien\\\/109359\\\/#primaryimage\"},\"image\":{\"@id\":\"https:\\\/\\\/batijournal.com\\\/index.php\\\/esprit-de-village-et-terre-cuite-pour-ce-nouvel-ehpad-vosgien\\\/109359\\\/#primaryimage\"},\"thumbnailUrl\":\"https:\\\/\\\/batijournal.com\\\/wp-content\\\/uploads\\\/2023\\\/10\\\/Wienerberger_Ehpad_-_Xertigny_photo_Gregory_tachet.jpg\",\"datePublished\":\"2023-10-13T17:10:38+00:00\",\"dateModified\":\"2023-10-13T17:12:35+00:00\",\"author\":{\"@id\":\"https:\\\/\\\/batijournal.com\\\/#\\\/schema\\\/person\\\/1dc96ec6957aa1ccb25ebe78bb19f100\"},\"breadcrumb\":{\"@id\":\"https:\\\/\\\/batijournal.com\\\/index.php\\\/esprit-de-village-et-terre-cuite-pour-ce-nouvel-ehpad-vosgien\\\/109359\\\/#breadcrumb\"},\"inLanguage\":\"fr-FR\",\"potentialAction\":[{\"@type\":\"ReadAction\",\"target\":[\"https:\\\/\\\/batijournal.com\\\/index.php\\\/esprit-de-village-et-terre-cuite-pour-ce-nouvel-ehpad-vosgien\\\/109359\\\/\"]}]},{\"@type\":\"ImageObject\",\"inLanguage\":\"fr-FR\",\"@id\":\"https:\\\/\\\/batijournal.com\\\/index.php\\\/esprit-de-village-et-terre-cuite-pour-ce-nouvel-ehpad-vosgien\\\/109359\\\/#primaryimage\",\"url\":\"https:\\\/\\\/batijournal.com\\\/wp-content\\\/uploads\\\/2023\\\/10\\\/Wienerberger_Ehpad_-_Xertigny_photo_Gregory_tachet.jpg\",\"contentUrl\":\"https:\\\/\\\/batijournal.com\\\/wp-content\\\/uploads\\\/2023\\\/10\\\/Wienerberger_Ehpad_-_Xertigny_photo_Gregory_tachet.jpg\",\"width\":1000,\"height\":667,\"caption\":\"Koramic Prevenir de la date de realisation du reportage Architecte souhaite avoir les droits Peut-etre photos de l'interieur ? Indiquer les 3 noms des architectes Cremonini Lauvergeat Paccard Paris 01 43 57 60 72 clp-architectes@wanadoo.fr Ehpad Saint Andre Xertigny administration.ehpad-xertigny@sante-lorraine.fr 03 29 30 10 45 Ambiance Bois Concept Thierry Boutserin 06 47 34 88 50 Monde Monde 15 ans Plate 301 Toscane\"},{\"@type\":\"BreadcrumbList\",\"@id\":\"https:\\\/\\\/batijournal.com\\\/index.php\\\/esprit-de-village-et-terre-cuite-pour-ce-nouvel-ehpad-vosgien\\\/109359\\\/#breadcrumb\",\"itemListElement\":[{\"@type\":\"ListItem\",\"position\":1,\"name\":\"Accueil\",\"item\":\"https:\\\/\\\/batijournal.com\\\/\"},{\"@type\":\"ListItem\",\"position\":2,\"name\":\"Actualit\u00e9s\",\"item\":\"https:\\\/\\\/batijournal.com\\\/index.php\\\/category\\\/actualites\\\/\"},{\"@type\":\"ListItem\",\"position\":3,\"name\":\"Esprit de village et terre cuite pour ce nouvel Ehpad vosgien\"}]},{\"@type\":\"WebSite\",\"@id\":\"https:\\\/\\\/batijournal.com\\\/#website\",\"url\":\"https:\\\/\\\/batijournal.com\\\/\",\"name\":\"Batijournal\",\"description\":\"L&#039;actualit\u00e9 du b\u00e2timent\",\"potentialAction\":[{\"@type\":\"SearchAction\",\"target\":{\"@type\":\"EntryPoint\",\"urlTemplate\":\"https:\\\/\\\/batijournal.com\\\/?s={search_term_string}\"},\"query-input\":{\"@type\":\"PropertyValueSpecification\",\"valueRequired\":true,\"valueName\":\"search_term_string\"}}],\"inLanguage\":\"fr-FR\"},{\"@type\":\"Person\",\"@id\":\"https:\\\/\\\/batijournal.com\\\/#\\\/schema\\\/person\\\/1dc96ec6957aa1ccb25ebe78bb19f100\",\"name\":\"St\u00e9phane Miget\",\"image\":{\"@type\":\"ImageObject\",\"inLanguage\":\"fr-FR\",\"@id\":\"https:\\\/\\\/secure.gravatar.com\\\/avatar\\\/89915563d925342126b8ef0281b93d9d7fc337043e8df017f780908eb9644451?s=96&d=mm&r=g\",\"url\":\"https:\\\/\\\/secure.gravatar.com\\\/avatar\\\/89915563d925342126b8ef0281b93d9d7fc337043e8df017f780908eb9644451?s=96&d=mm&r=g\",\"contentUrl\":\"https:\\\/\\\/secure.gravatar.com\\\/avatar\\\/89915563d925342126b8ef0281b93d9d7fc337043e8df017f780908eb9644451?s=96&d=mm&r=g\",\"caption\":\"St\u00e9phane Miget\"},\"url\":\"https:\\\/\\\/batijournal.com\\\/index.php\\\/author\\\/stephane\\\/\"}]}<\/script>\n<!-- \/ Yoast SEO plugin. -->","yoast_head_json":{"title":"Esprit de village et terre cuite pour ce nouvel Ehpad vosgien","robots":{"index":"index","follow":"follow","max-snippet":"max-snippet:-1","max-image-preview":"max-image-preview:large","max-video-preview":"max-video-preview:-1"},"canonical":"https:\/\/batijournal.com\/index.php\/esprit-de-village-et-terre-cuite-pour-ce-nouvel-ehpad-vosgien\/109359\/","og_locale":"fr_FR","og_type":"article","og_title":"Esprit de village et terre cuite pour ce nouvel Ehpad vosgien","og_description":"Les architectes Pietro Cremonini, Catherine Lauvergeat et Fran\u00e7ois Paccard ont con\u00e7u le nouvel Ehpad situ\u00e9 \u00e0 l&rsquo;\u00e9cart de la ville de Xertigny (88) dans un esprit de village, en veillant \u00e0 faciliter la vie des pensionnaires notamment gr\u00e2ce \u00e0 l\u2019articulation des diff\u00e9rents espaces et le choix des mat\u00e9riaux utilis\u00e9s. Derri\u00e8re les fa\u00e7ades bard\u00e9es de tuiles [&hellip;]","og_url":"https:\/\/batijournal.com\/index.php\/esprit-de-village-et-terre-cuite-pour-ce-nouvel-ehpad-vosgien\/109359\/","og_site_name":"Batijournal","article_published_time":"2023-10-13T17:10:38+00:00","article_modified_time":"2023-10-13T17:12:35+00:00","og_image":[{"width":1000,"height":667,"url":"https:\/\/batijournal.com\/wp-content\/uploads\/2023\/10\/Wienerberger_Ehpad_-_Xertigny_photo_Gregory_tachet.jpg","type":"image\/jpeg"}],"author":"St\u00e9phane Miget","twitter_card":"summary_large_image","twitter_creator":"@bati_journal","twitter_site":"@bati_journal","twitter_misc":{"\u00c9crit par":"St\u00e9phane Miget","Dur\u00e9e de lecture estim\u00e9e":"1 minute"},"schema":{"@context":"https:\/\/schema.org","@graph":[{"@type":"Article","@id":"https:\/\/batijournal.com\/index.php\/esprit-de-village-et-terre-cuite-pour-ce-nouvel-ehpad-vosgien\/109359\/#article","isPartOf":{"@id":"https:\/\/batijournal.com\/index.php\/esprit-de-village-et-terre-cuite-pour-ce-nouvel-ehpad-vosgien\/109359\/"},"author":{"name":"St\u00e9phane Miget","@id":"https:\/\/batijournal.com\/#\/schema\/person\/1dc96ec6957aa1ccb25ebe78bb19f100"},"headline":"Esprit de village et terre cuite pour ce nouvel Ehpad vosgien","datePublished":"2023-10-13T17:10:38+00:00","dateModified":"2023-10-13T17:12:35+00:00","mainEntityOfPage":{"@id":"https:\/\/batijournal.com\/index.php\/esprit-de-village-et-terre-cuite-pour-ce-nouvel-ehpad-vosgien\/109359\/"},"wordCount":239,"image":{"@id":"https:\/\/batijournal.com\/index.php\/esprit-de-village-et-terre-cuite-pour-ce-nouvel-ehpad-vosgien\/109359\/#primaryimage"},"thumbnailUrl":"https:\/\/batijournal.com\/wp-content\/uploads\/2023\/10\/Wienerberger_Ehpad_-_Xertigny_photo_Gregory_tachet.jpg","keywords":["bardage","brique","terre cuite"],"articleSection":["Actualit\u00e9s","Architecture &amp; Conception","zz_5fa\u00e7ades","zz_Actualit\u00e9s - 5fa\u00e7ades"],"inLanguage":"fr-FR"},{"@type":"WebPage","@id":"https:\/\/batijournal.com\/index.php\/esprit-de-village-et-terre-cuite-pour-ce-nouvel-ehpad-vosgien\/109359\/","url":"https:\/\/batijournal.com\/index.php\/esprit-de-village-et-terre-cuite-pour-ce-nouvel-ehpad-vosgien\/109359\/","name":"Esprit de village et terre cuite pour ce nouvel Ehpad vosgien","isPartOf":{"@id":"https:\/\/batijournal.com\/#website"},"primaryImageOfPage":{"@id":"https:\/\/batijournal.com\/index.php\/esprit-de-village-et-terre-cuite-pour-ce-nouvel-ehpad-vosgien\/109359\/#primaryimage"},"image":{"@id":"https:\/\/batijournal.com\/index.php\/esprit-de-village-et-terre-cuite-pour-ce-nouvel-ehpad-vosgien\/109359\/#primaryimage"},"thumbnailUrl":"https:\/\/batijournal.com\/wp-content\/uploads\/2023\/10\/Wienerberger_Ehpad_-_Xertigny_photo_Gregory_tachet.jpg","datePublished":"2023-10-13T17:10:38+00:00","dateModified":"2023-10-13T17:12:35+00:00","author":{"@id":"https:\/\/batijournal.com\/#\/schema\/person\/1dc96ec6957aa1ccb25ebe78bb19f100"},"breadcrumb":{"@id":"https:\/\/batijournal.com\/index.php\/esprit-de-village-et-terre-cuite-pour-ce-nouvel-ehpad-vosgien\/109359\/#breadcrumb"},"inLanguage":"fr-FR","potentialAction":[{"@type":"ReadAction","target":["https:\/\/batijournal.com\/index.php\/esprit-de-village-et-terre-cuite-pour-ce-nouvel-ehpad-vosgien\/109359\/"]}]},{"@type":"ImageObject","inLanguage":"fr-FR","@id":"https:\/\/batijournal.com\/index.php\/esprit-de-village-et-terre-cuite-pour-ce-nouvel-ehpad-vosgien\/109359\/#primaryimage","url":"https:\/\/batijournal.com\/wp-content\/uploads\/2023\/10\/Wienerberger_Ehpad_-_Xertigny_photo_Gregory_tachet.jpg","contentUrl":"https:\/\/batijournal.com\/wp-content\/uploads\/2023\/10\/Wienerberger_Ehpad_-_Xertigny_photo_Gregory_tachet.jpg","width":1000,"height":667,"caption":"Koramic Prevenir de la date de realisation du reportage Architecte souhaite avoir les droits Peut-etre photos de l'interieur ? Indiquer les 3 noms des architectes Cremonini Lauvergeat Paccard Paris 01 43 57 60 72 clp-architectes@wanadoo.fr Ehpad Saint Andre Xertigny administration.ehpad-xertigny@sante-lorraine.fr 03 29 30 10 45 Ambiance Bois Concept Thierry Boutserin 06 47 34 88 50 Monde Monde 15 ans Plate 301 Toscane"},{"@type":"BreadcrumbList","@id":"https:\/\/batijournal.com\/index.php\/esprit-de-village-et-terre-cuite-pour-ce-nouvel-ehpad-vosgien\/109359\/#breadcrumb","itemListElement":[{"@type":"ListItem","position":1,"name":"Accueil","item":"https:\/\/batijournal.com\/"},{"@type":"ListItem","position":2,"name":"Actualit\u00e9s","item":"https:\/\/batijournal.com\/index.php\/category\/actualites\/"},{"@type":"ListItem","position":3,"name":"Esprit de village et terre cuite pour ce nouvel Ehpad vosgien"}]},{"@type":"WebSite","@id":"https:\/\/batijournal.com\/#website","url":"https:\/\/batijournal.com\/","name":"Batijournal","description":"L&#039;actualit\u00e9 du b\u00e2timent","potentialAction":[{"@type":"SearchAction","target":{"@type":"EntryPoint","urlTemplate":"https:\/\/batijournal.com\/?s={search_term_string}"},"query-input":{"@type":"PropertyValueSpecification","valueRequired":true,"valueName":"search_term_string"}}],"inLanguage":"fr-FR"},{"@type":"Person","@id":"https:\/\/batijournal.com\/#\/schema\/person\/1dc96ec6957aa1ccb25ebe78bb19f100","name":"St\u00e9phane Miget","image":{"@type":"ImageObject","inLanguage":"fr-FR","@id":"https:\/\/secure.gravatar.com\/avatar\/89915563d925342126b8ef0281b93d9d7fc337043e8df017f780908eb9644451?s=96&d=mm&r=g","url":"https:\/\/secure.gravatar.com\/avatar\/89915563d925342126b8ef0281b93d9d7fc337043e8df017f780908eb9644451?s=96&d=mm&r=g","contentUrl":"https:\/\/secure.gravatar.com\/avatar\/89915563d925342126b8ef0281b93d9d7fc337043e8df017f780908eb9644451?s=96&d=mm&r=g","caption":"St\u00e9phane Miget"},"url":"https:\/\/batijournal.com\/index.php\/author\/stephane\/"}]}},"_links":{"self":[{"href":"https:\/\/batijournal.com\/index.php\/wp-json\/wp\/v2\/posts\/109359","targetHints":{"allow":["GET"]}}],"collection":[{"href":"https:\/\/batijournal.com\/index.php\/wp-json\/wp\/v2\/posts"}],"about":[{"href":"https:\/\/batijournal.com\/index.php\/wp-json\/wp\/v2\/types\/post"}],"author":[{"embeddable":true,"href":"https:\/\/batijournal.com\/index.php\/wp-json\/wp\/v2\/users\/17"}],"replies":[{"embeddable":true,"href":"https:\/\/batijournal.com\/index.php\/wp-json\/wp\/v2\/comments?post=109359"}],"version-history":[{"count":0,"href":"https:\/\/batijournal.com\/index.php\/wp-json\/wp\/v2\/posts\/109359\/revisions"}],"wp:featuredmedia":[{"embeddable":true,"href":"https:\/\/batijournal.com\/index.php\/wp-json\/wp\/v2\/media\/109360"}],"wp:attachment":[{"href":"https:\/\/batijournal.com\/index.php\/wp-json\/wp\/v2\/media?parent=109359"}],"wp:term":[{"taxonomy":"category","embeddable":true,"href":"https:\/\/batijournal.com\/index.php\/wp-json\/wp\/v2\/categories?post=109359"},{"taxonomy":"post_tag","embeddable":true,"href":"https:\/\/batijournal.com\/index.php\/wp-json\/wp\/v2\/tags?post=109359"}],"curies":[{"name":"wp","href":"https:\/\/api.w.org\/{rel}","templated":true}]}}