{"id":109366,"date":"2023-10-13T19:34:36","date_gmt":"2023-10-13T17:34:36","guid":{"rendered":"https:\/\/batijournal.com\/?p=109366"},"modified":"2023-10-13T19:34:36","modified_gmt":"2023-10-13T17:34:36","slug":"facade-artistique-clara-rivault-laureate-de-lappel-a-candidatures-groupe-terrot-x-institut-francais","status":"publish","type":"post","link":"https:\/\/batijournal.com\/index.php\/facade-artistique-clara-rivault-laureate-de-lappel-a-candidatures-groupe-terrot-x-institut-francais\/109366\/","title":{"rendered":"Fa\u00e7ade artistique : Clara Rivault, laur\u00e9ate de l\u2019appel \u00e0 candidatures Groupe Terrot x Institut fran\u00e7ais"},"content":{"rendered":"<p>Afin de promouvoir la sc\u00e8ne artistique fran\u00e7aise, le Groupe Terrot et l\u2019Institut fran\u00e7ais ont lanc\u00e9 un appel \u00e0 candidatures pour la r\u00e9alisation d\u2019une \u0153uvre en fa\u00e7ade du futur si\u00e8ge de l\u2019Institut fran\u00e7ais dans le 11\u00e8me arrondissement de Paris. Apr\u00e8s un processus de s\u00e9lection rigoureux, ils ont choisi le projet artistique \u00ab Hedera \u00bb de Clara Rivault. Cette installation, pr\u00e9vue pour mi-2024, animera la fa\u00e7ade et sera pour l\u2019artiste l\u2019occasion de r\u00e9aliser pour la premi\u00e8re fois une \u0153uvre \u00e0 cette \u00e9chelle dans l\u2019espace public. Elle sera accompagn\u00e9e sur ce projet par Poi\u00e8ma, bureau d\u2019architecture et de productions d\u2019\u0153uvres d\u2019art. La d\u00e9lib\u00e9ration du jury signe la r\u00e9ussite d\u2019un projet commun et collaboratif entre une institution priv\u00e9e, le Groupe Terrot, et un \u00e9tablissement public, l\u2019Institut fran\u00e7ais. Le Groupe Terrot alloue un budget global de 100 000 euros, englobant la conception, la production et l\u2019installation de l\u2019\u0153uvre finale, ainsi qu\u2019une compensation de 1 500 euros pour chaque artiste pr\u00e9s\u00e9lectionn\u00e9 et non retenu. N\u00e9e en 1991, Clara Rivault, vit et travaille \u00e0 Paris. Elle est dipl\u00f4m\u00e9e de l\u2019\u00c9cole Sup\u00e9rieure des Beaux-Arts de Montpellier et d\u2019un Master \u00e0 La Cambre \u00e0 Bruxelles. L\u2019artiste est sp\u00e9cialis\u00e9e dans l\u2019art du vitrail et se consacre \u00e0 ce processus de cr\u00e9ation long, initi\u00e9 par des pr\u00e9l\u00e8vements photographiques. L\u2019observation minutieuse de mati\u00e8res organiques et de tissus vivants, nourrissent une palette de formes et de textures que l\u2019artiste insuffle dans le verre, leur donnant une dimension sculpturale.<\/p>\n<p>Visuel : \u00a9 Po\u00ef\u00e8ma<\/p>\n<p>&nbsp;<\/p>\n","protected":false},"excerpt":{"rendered":"<p>Afin de promouvoir la sc\u00e8ne artistique fran\u00e7aise, le Groupe Terrot et l\u2019Institut fran\u00e7ais ont lanc\u00e9 un appel \u00e0 candidatures pour la r\u00e9alisation d\u2019une \u0153uvre en fa\u00e7ade du futur si\u00e8ge de l\u2019Institut fran\u00e7ais dans le 11\u00e8me arrondissement de Paris. Apr\u00e8s un processus de s\u00e9lection rigoureux, ils ont choisi le projet artistique \u00ab Hedera \u00bb de Clara [&hellip;]<\/p>\n","protected":false},"author":17,"featured_media":109367,"comment_status":"closed","ping_status":"closed","sticky":false,"template":"","format":"standard","meta":{"_et_pb_use_builder":"","_et_pb_old_content":"","_et_gb_content_width":"","footnotes":""},"categories":[10530,6340,10771,10775],"tags":[11005,8570],"class_list":["post-109366","post","type-post","status-publish","format-standard","has-post-thumbnail","hentry","category-actualites","category-architecture-conception","category-5facades","category-actualites-5facades","tag-concours","tag-vitraux"],"yoast_head":"<!-- This site is optimized with the Yoast SEO plugin v27.4 - https:\/\/yoast.com\/product\/yoast-seo-wordpress\/ -->\n<title>Fa\u00e7ade artistique : Clara Rivault, laur\u00e9ate de l\u2019appel \u00e0 candidatures Groupe Terrot x Institut fran\u00e7ais<\/title>\n<meta name=\"robots\" content=\"index, follow, max-snippet:-1, max-image-preview:large, max-video-preview:-1\" \/>\n<link rel=\"canonical\" href=\"https:\/\/batijournal.com\/index.php\/facade-artistique-clara-rivault-laureate-de-lappel-a-candidatures-groupe-terrot-x-institut-francais\/109366\/\" \/>\n<meta property=\"og:locale\" content=\"fr_FR\" \/>\n<meta property=\"og:type\" content=\"article\" \/>\n<meta property=\"og:title\" content=\"Fa\u00e7ade artistique : Clara Rivault, laur\u00e9ate de l\u2019appel \u00e0 candidatures Groupe Terrot x Institut fran\u00e7ais\" \/>\n<meta property=\"og:description\" content=\"Afin de promouvoir la sc\u00e8ne artistique fran\u00e7aise, le Groupe Terrot et l\u2019Institut fran\u00e7ais ont lanc\u00e9 un appel \u00e0 candidatures pour la r\u00e9alisation d\u2019une \u0153uvre en fa\u00e7ade du futur si\u00e8ge de l\u2019Institut fran\u00e7ais dans le 11\u00e8me arrondissement de Paris. Apr\u00e8s un processus de s\u00e9lection rigoureux, ils ont choisi le projet artistique \u00ab Hedera \u00bb de Clara [&hellip;]\" \/>\n<meta property=\"og:url\" content=\"https:\/\/batijournal.com\/index.php\/facade-artistique-clara-rivault-laureate-de-lappel-a-candidatures-groupe-terrot-x-institut-francais\/109366\/\" \/>\n<meta property=\"og:site_name\" content=\"Batijournal\" \/>\n<meta property=\"article:published_time\" content=\"2023-10-13T17:34:36+00:00\" \/>\n<meta property=\"og:image\" content=\"https:\/\/batijournal.com\/wp-content\/uploads\/2023\/10\/Hedera3DFacade_Poiema.jpg\" \/>\n\t<meta property=\"og:image:width\" content=\"944\" \/>\n\t<meta property=\"og:image:height\" content=\"846\" \/>\n\t<meta property=\"og:image:type\" content=\"image\/jpeg\" \/>\n<meta name=\"author\" content=\"St\u00e9phane Miget\" \/>\n<meta name=\"twitter:card\" content=\"summary_large_image\" \/>\n<meta name=\"twitter:creator\" content=\"@bati_journal\" \/>\n<meta name=\"twitter:site\" content=\"@bati_journal\" \/>\n<meta name=\"twitter:label1\" content=\"\u00c9crit par\" \/>\n\t<meta name=\"twitter:data1\" content=\"St\u00e9phane Miget\" \/>\n\t<meta name=\"twitter:label2\" content=\"Dur\u00e9e de lecture estim\u00e9e\" \/>\n\t<meta name=\"twitter:data2\" content=\"1 minute\" \/>\n<script type=\"application\/ld+json\" class=\"yoast-schema-graph\">{\"@context\":\"https:\\\/\\\/schema.org\",\"@graph\":[{\"@type\":\"Article\",\"@id\":\"https:\\\/\\\/batijournal.com\\\/index.php\\\/facade-artistique-clara-rivault-laureate-de-lappel-a-candidatures-groupe-terrot-x-institut-francais\\\/109366\\\/#article\",\"isPartOf\":{\"@id\":\"https:\\\/\\\/batijournal.com\\\/index.php\\\/facade-artistique-clara-rivault-laureate-de-lappel-a-candidatures-groupe-terrot-x-institut-francais\\\/109366\\\/\"},\"author\":{\"name\":\"St\u00e9phane Miget\",\"@id\":\"https:\\\/\\\/batijournal.com\\\/#\\\/schema\\\/person\\\/1dc96ec6957aa1ccb25ebe78bb19f100\"},\"headline\":\"Fa\u00e7ade artistique : Clara Rivault, laur\u00e9ate de l\u2019appel \u00e0 candidatures Groupe Terrot x Institut fran\u00e7ais\",\"datePublished\":\"2023-10-13T17:34:36+00:00\",\"mainEntityOfPage\":{\"@id\":\"https:\\\/\\\/batijournal.com\\\/index.php\\\/facade-artistique-clara-rivault-laureate-de-lappel-a-candidatures-groupe-terrot-x-institut-francais\\\/109366\\\/\"},\"wordCount\":295,\"image\":{\"@id\":\"https:\\\/\\\/batijournal.com\\\/index.php\\\/facade-artistique-clara-rivault-laureate-de-lappel-a-candidatures-groupe-terrot-x-institut-francais\\\/109366\\\/#primaryimage\"},\"thumbnailUrl\":\"https:\\\/\\\/batijournal.com\\\/wp-content\\\/uploads\\\/2023\\\/10\\\/Hedera3DFacade_Poiema.jpg\",\"keywords\":[\"concours\",\"vitraux\"],\"articleSection\":[\"Actualit\u00e9s\",\"Architecture &amp; Conception\",\"zz_5fa\u00e7ades\",\"zz_Actualit\u00e9s - 5fa\u00e7ades\"],\"inLanguage\":\"fr-FR\"},{\"@type\":\"WebPage\",\"@id\":\"https:\\\/\\\/batijournal.com\\\/index.php\\\/facade-artistique-clara-rivault-laureate-de-lappel-a-candidatures-groupe-terrot-x-institut-francais\\\/109366\\\/\",\"url\":\"https:\\\/\\\/batijournal.com\\\/index.php\\\/facade-artistique-clara-rivault-laureate-de-lappel-a-candidatures-groupe-terrot-x-institut-francais\\\/109366\\\/\",\"name\":\"Fa\u00e7ade artistique : Clara Rivault, laur\u00e9ate de l\u2019appel \u00e0 candidatures Groupe Terrot x Institut fran\u00e7ais\",\"isPartOf\":{\"@id\":\"https:\\\/\\\/batijournal.com\\\/#website\"},\"primaryImageOfPage\":{\"@id\":\"https:\\\/\\\/batijournal.com\\\/index.php\\\/facade-artistique-clara-rivault-laureate-de-lappel-a-candidatures-groupe-terrot-x-institut-francais\\\/109366\\\/#primaryimage\"},\"image\":{\"@id\":\"https:\\\/\\\/batijournal.com\\\/index.php\\\/facade-artistique-clara-rivault-laureate-de-lappel-a-candidatures-groupe-terrot-x-institut-francais\\\/109366\\\/#primaryimage\"},\"thumbnailUrl\":\"https:\\\/\\\/batijournal.com\\\/wp-content\\\/uploads\\\/2023\\\/10\\\/Hedera3DFacade_Poiema.jpg\",\"datePublished\":\"2023-10-13T17:34:36+00:00\",\"author\":{\"@id\":\"https:\\\/\\\/batijournal.com\\\/#\\\/schema\\\/person\\\/1dc96ec6957aa1ccb25ebe78bb19f100\"},\"breadcrumb\":{\"@id\":\"https:\\\/\\\/batijournal.com\\\/index.php\\\/facade-artistique-clara-rivault-laureate-de-lappel-a-candidatures-groupe-terrot-x-institut-francais\\\/109366\\\/#breadcrumb\"},\"inLanguage\":\"fr-FR\",\"potentialAction\":[{\"@type\":\"ReadAction\",\"target\":[\"https:\\\/\\\/batijournal.com\\\/index.php\\\/facade-artistique-clara-rivault-laureate-de-lappel-a-candidatures-groupe-terrot-x-institut-francais\\\/109366\\\/\"]}]},{\"@type\":\"ImageObject\",\"inLanguage\":\"fr-FR\",\"@id\":\"https:\\\/\\\/batijournal.com\\\/index.php\\\/facade-artistique-clara-rivault-laureate-de-lappel-a-candidatures-groupe-terrot-x-institut-francais\\\/109366\\\/#primaryimage\",\"url\":\"https:\\\/\\\/batijournal.com\\\/wp-content\\\/uploads\\\/2023\\\/10\\\/Hedera3DFacade_Poiema.jpg\",\"contentUrl\":\"https:\\\/\\\/batijournal.com\\\/wp-content\\\/uploads\\\/2023\\\/10\\\/Hedera3DFacade_Poiema.jpg\",\"width\":944,\"height\":846},{\"@type\":\"BreadcrumbList\",\"@id\":\"https:\\\/\\\/batijournal.com\\\/index.php\\\/facade-artistique-clara-rivault-laureate-de-lappel-a-candidatures-groupe-terrot-x-institut-francais\\\/109366\\\/#breadcrumb\",\"itemListElement\":[{\"@type\":\"ListItem\",\"position\":1,\"name\":\"Accueil\",\"item\":\"https:\\\/\\\/batijournal.com\\\/\"},{\"@type\":\"ListItem\",\"position\":2,\"name\":\"Actualit\u00e9s\",\"item\":\"https:\\\/\\\/batijournal.com\\\/index.php\\\/category\\\/actualites\\\/\"},{\"@type\":\"ListItem\",\"position\":3,\"name\":\"Fa\u00e7ade artistique : Clara Rivault, laur\u00e9ate de l\u2019appel \u00e0 candidatures Groupe Terrot x Institut fran\u00e7ais\"}]},{\"@type\":\"WebSite\",\"@id\":\"https:\\\/\\\/batijournal.com\\\/#website\",\"url\":\"https:\\\/\\\/batijournal.com\\\/\",\"name\":\"Batijournal\",\"description\":\"L&#039;actualit\u00e9 du b\u00e2timent\",\"potentialAction\":[{\"@type\":\"SearchAction\",\"target\":{\"@type\":\"EntryPoint\",\"urlTemplate\":\"https:\\\/\\\/batijournal.com\\\/?s={search_term_string}\"},\"query-input\":{\"@type\":\"PropertyValueSpecification\",\"valueRequired\":true,\"valueName\":\"search_term_string\"}}],\"inLanguage\":\"fr-FR\"},{\"@type\":\"Person\",\"@id\":\"https:\\\/\\\/batijournal.com\\\/#\\\/schema\\\/person\\\/1dc96ec6957aa1ccb25ebe78bb19f100\",\"name\":\"St\u00e9phane Miget\",\"image\":{\"@type\":\"ImageObject\",\"inLanguage\":\"fr-FR\",\"@id\":\"https:\\\/\\\/secure.gravatar.com\\\/avatar\\\/89915563d925342126b8ef0281b93d9d7fc337043e8df017f780908eb9644451?s=96&d=mm&r=g\",\"url\":\"https:\\\/\\\/secure.gravatar.com\\\/avatar\\\/89915563d925342126b8ef0281b93d9d7fc337043e8df017f780908eb9644451?s=96&d=mm&r=g\",\"contentUrl\":\"https:\\\/\\\/secure.gravatar.com\\\/avatar\\\/89915563d925342126b8ef0281b93d9d7fc337043e8df017f780908eb9644451?s=96&d=mm&r=g\",\"caption\":\"St\u00e9phane Miget\"},\"url\":\"https:\\\/\\\/batijournal.com\\\/index.php\\\/author\\\/stephane\\\/\"}]}<\/script>\n<!-- \/ Yoast SEO plugin. -->","yoast_head_json":{"title":"Fa\u00e7ade artistique : Clara Rivault, laur\u00e9ate de l\u2019appel \u00e0 candidatures Groupe Terrot x Institut fran\u00e7ais","robots":{"index":"index","follow":"follow","max-snippet":"max-snippet:-1","max-image-preview":"max-image-preview:large","max-video-preview":"max-video-preview:-1"},"canonical":"https:\/\/batijournal.com\/index.php\/facade-artistique-clara-rivault-laureate-de-lappel-a-candidatures-groupe-terrot-x-institut-francais\/109366\/","og_locale":"fr_FR","og_type":"article","og_title":"Fa\u00e7ade artistique : Clara Rivault, laur\u00e9ate de l\u2019appel \u00e0 candidatures Groupe Terrot x Institut fran\u00e7ais","og_description":"Afin de promouvoir la sc\u00e8ne artistique fran\u00e7aise, le Groupe Terrot et l\u2019Institut fran\u00e7ais ont lanc\u00e9 un appel \u00e0 candidatures pour la r\u00e9alisation d\u2019une \u0153uvre en fa\u00e7ade du futur si\u00e8ge de l\u2019Institut fran\u00e7ais dans le 11\u00e8me arrondissement de Paris. Apr\u00e8s un processus de s\u00e9lection rigoureux, ils ont choisi le projet artistique \u00ab Hedera \u00bb de Clara [&hellip;]","og_url":"https:\/\/batijournal.com\/index.php\/facade-artistique-clara-rivault-laureate-de-lappel-a-candidatures-groupe-terrot-x-institut-francais\/109366\/","og_site_name":"Batijournal","article_published_time":"2023-10-13T17:34:36+00:00","og_image":[{"width":944,"height":846,"url":"https:\/\/batijournal.com\/wp-content\/uploads\/2023\/10\/Hedera3DFacade_Poiema.jpg","type":"image\/jpeg"}],"author":"St\u00e9phane Miget","twitter_card":"summary_large_image","twitter_creator":"@bati_journal","twitter_site":"@bati_journal","twitter_misc":{"\u00c9crit par":"St\u00e9phane Miget","Dur\u00e9e de lecture estim\u00e9e":"1 minute"},"schema":{"@context":"https:\/\/schema.org","@graph":[{"@type":"Article","@id":"https:\/\/batijournal.com\/index.php\/facade-artistique-clara-rivault-laureate-de-lappel-a-candidatures-groupe-terrot-x-institut-francais\/109366\/#article","isPartOf":{"@id":"https:\/\/batijournal.com\/index.php\/facade-artistique-clara-rivault-laureate-de-lappel-a-candidatures-groupe-terrot-x-institut-francais\/109366\/"},"author":{"name":"St\u00e9phane Miget","@id":"https:\/\/batijournal.com\/#\/schema\/person\/1dc96ec6957aa1ccb25ebe78bb19f100"},"headline":"Fa\u00e7ade artistique : Clara Rivault, laur\u00e9ate de l\u2019appel \u00e0 candidatures Groupe Terrot x Institut fran\u00e7ais","datePublished":"2023-10-13T17:34:36+00:00","mainEntityOfPage":{"@id":"https:\/\/batijournal.com\/index.php\/facade-artistique-clara-rivault-laureate-de-lappel-a-candidatures-groupe-terrot-x-institut-francais\/109366\/"},"wordCount":295,"image":{"@id":"https:\/\/batijournal.com\/index.php\/facade-artistique-clara-rivault-laureate-de-lappel-a-candidatures-groupe-terrot-x-institut-francais\/109366\/#primaryimage"},"thumbnailUrl":"https:\/\/batijournal.com\/wp-content\/uploads\/2023\/10\/Hedera3DFacade_Poiema.jpg","keywords":["concours","vitraux"],"articleSection":["Actualit\u00e9s","Architecture &amp; Conception","zz_5fa\u00e7ades","zz_Actualit\u00e9s - 5fa\u00e7ades"],"inLanguage":"fr-FR"},{"@type":"WebPage","@id":"https:\/\/batijournal.com\/index.php\/facade-artistique-clara-rivault-laureate-de-lappel-a-candidatures-groupe-terrot-x-institut-francais\/109366\/","url":"https:\/\/batijournal.com\/index.php\/facade-artistique-clara-rivault-laureate-de-lappel-a-candidatures-groupe-terrot-x-institut-francais\/109366\/","name":"Fa\u00e7ade artistique : Clara Rivault, laur\u00e9ate de l\u2019appel \u00e0 candidatures Groupe Terrot x Institut fran\u00e7ais","isPartOf":{"@id":"https:\/\/batijournal.com\/#website"},"primaryImageOfPage":{"@id":"https:\/\/batijournal.com\/index.php\/facade-artistique-clara-rivault-laureate-de-lappel-a-candidatures-groupe-terrot-x-institut-francais\/109366\/#primaryimage"},"image":{"@id":"https:\/\/batijournal.com\/index.php\/facade-artistique-clara-rivault-laureate-de-lappel-a-candidatures-groupe-terrot-x-institut-francais\/109366\/#primaryimage"},"thumbnailUrl":"https:\/\/batijournal.com\/wp-content\/uploads\/2023\/10\/Hedera3DFacade_Poiema.jpg","datePublished":"2023-10-13T17:34:36+00:00","author":{"@id":"https:\/\/batijournal.com\/#\/schema\/person\/1dc96ec6957aa1ccb25ebe78bb19f100"},"breadcrumb":{"@id":"https:\/\/batijournal.com\/index.php\/facade-artistique-clara-rivault-laureate-de-lappel-a-candidatures-groupe-terrot-x-institut-francais\/109366\/#breadcrumb"},"inLanguage":"fr-FR","potentialAction":[{"@type":"ReadAction","target":["https:\/\/batijournal.com\/index.php\/facade-artistique-clara-rivault-laureate-de-lappel-a-candidatures-groupe-terrot-x-institut-francais\/109366\/"]}]},{"@type":"ImageObject","inLanguage":"fr-FR","@id":"https:\/\/batijournal.com\/index.php\/facade-artistique-clara-rivault-laureate-de-lappel-a-candidatures-groupe-terrot-x-institut-francais\/109366\/#primaryimage","url":"https:\/\/batijournal.com\/wp-content\/uploads\/2023\/10\/Hedera3DFacade_Poiema.jpg","contentUrl":"https:\/\/batijournal.com\/wp-content\/uploads\/2023\/10\/Hedera3DFacade_Poiema.jpg","width":944,"height":846},{"@type":"BreadcrumbList","@id":"https:\/\/batijournal.com\/index.php\/facade-artistique-clara-rivault-laureate-de-lappel-a-candidatures-groupe-terrot-x-institut-francais\/109366\/#breadcrumb","itemListElement":[{"@type":"ListItem","position":1,"name":"Accueil","item":"https:\/\/batijournal.com\/"},{"@type":"ListItem","position":2,"name":"Actualit\u00e9s","item":"https:\/\/batijournal.com\/index.php\/category\/actualites\/"},{"@type":"ListItem","position":3,"name":"Fa\u00e7ade artistique : Clara Rivault, laur\u00e9ate de l\u2019appel \u00e0 candidatures Groupe Terrot x Institut fran\u00e7ais"}]},{"@type":"WebSite","@id":"https:\/\/batijournal.com\/#website","url":"https:\/\/batijournal.com\/","name":"Batijournal","description":"L&#039;actualit\u00e9 du b\u00e2timent","potentialAction":[{"@type":"SearchAction","target":{"@type":"EntryPoint","urlTemplate":"https:\/\/batijournal.com\/?s={search_term_string}"},"query-input":{"@type":"PropertyValueSpecification","valueRequired":true,"valueName":"search_term_string"}}],"inLanguage":"fr-FR"},{"@type":"Person","@id":"https:\/\/batijournal.com\/#\/schema\/person\/1dc96ec6957aa1ccb25ebe78bb19f100","name":"St\u00e9phane Miget","image":{"@type":"ImageObject","inLanguage":"fr-FR","@id":"https:\/\/secure.gravatar.com\/avatar\/89915563d925342126b8ef0281b93d9d7fc337043e8df017f780908eb9644451?s=96&d=mm&r=g","url":"https:\/\/secure.gravatar.com\/avatar\/89915563d925342126b8ef0281b93d9d7fc337043e8df017f780908eb9644451?s=96&d=mm&r=g","contentUrl":"https:\/\/secure.gravatar.com\/avatar\/89915563d925342126b8ef0281b93d9d7fc337043e8df017f780908eb9644451?s=96&d=mm&r=g","caption":"St\u00e9phane Miget"},"url":"https:\/\/batijournal.com\/index.php\/author\/stephane\/"}]}},"_links":{"self":[{"href":"https:\/\/batijournal.com\/index.php\/wp-json\/wp\/v2\/posts\/109366","targetHints":{"allow":["GET"]}}],"collection":[{"href":"https:\/\/batijournal.com\/index.php\/wp-json\/wp\/v2\/posts"}],"about":[{"href":"https:\/\/batijournal.com\/index.php\/wp-json\/wp\/v2\/types\/post"}],"author":[{"embeddable":true,"href":"https:\/\/batijournal.com\/index.php\/wp-json\/wp\/v2\/users\/17"}],"replies":[{"embeddable":true,"href":"https:\/\/batijournal.com\/index.php\/wp-json\/wp\/v2\/comments?post=109366"}],"version-history":[{"count":0,"href":"https:\/\/batijournal.com\/index.php\/wp-json\/wp\/v2\/posts\/109366\/revisions"}],"wp:featuredmedia":[{"embeddable":true,"href":"https:\/\/batijournal.com\/index.php\/wp-json\/wp\/v2\/media\/109367"}],"wp:attachment":[{"href":"https:\/\/batijournal.com\/index.php\/wp-json\/wp\/v2\/media?parent=109366"}],"wp:term":[{"taxonomy":"category","embeddable":true,"href":"https:\/\/batijournal.com\/index.php\/wp-json\/wp\/v2\/categories?post=109366"},{"taxonomy":"post_tag","embeddable":true,"href":"https:\/\/batijournal.com\/index.php\/wp-json\/wp\/v2\/tags?post=109366"}],"curies":[{"name":"wp","href":"https:\/\/api.w.org\/{rel}","templated":true}]}}