{"id":109384,"date":"2023-10-18T17:35:13","date_gmt":"2023-10-18T15:35:13","guid":{"rendered":"https:\/\/batijournal.com\/?p=109384"},"modified":"2023-10-18T17:35:13","modified_gmt":"2023-10-18T15:35:13","slug":"latelier-serre-ancienne-sera-present-au-salon-du-patrimoine-culturel","status":"publish","type":"post","link":"https:\/\/batijournal.com\/index.php\/latelier-serre-ancienne-sera-present-au-salon-du-patrimoine-culturel\/109384\/","title":{"rendered":"L&rsquo;atelier Serre Ancienne sera pr\u00e9sent au Salon du Patrimoine Culturel"},"content":{"rendered":"<p>Sp\u00e9cialis\u00e9 depuis 12 ans dans la restauration et la cr\u00e9ation d\u2019\u0153uvres patrimoniales, avec \u00e0 son actif des r\u00e9alisations embl\u00e9matiques telles que le Kiosque Origami du Relais &amp; Ch\u00e2teau la Chapelle Saint Martin \u00e0 Nieul ou la restauration du jardin d&rsquo;hiver de la maison natale de Charles de Gaulle \u00e0 Lille, l&rsquo;atelier Serre Ancienne sera pr\u00e9sent au Salon du Patrimoine Culturel au Carrousel du Louvre du 2 au 5 novembre 2023. Situ\u00e9e \u00e0 Limoges, l&rsquo;atelier est sp\u00e9cialis\u00e9 dans la conception et la restauration d&rsquo;ouvrages d&rsquo;exception, notamment des serres, des jardins d&rsquo;hiver et d&rsquo;autres structures en verre et acier. Fond\u00e9 par le plasticien Guillaume Durost, la soci\u00e9t\u00e9 employant 9 collaborateurs et pilote des projets dans toute la France ainsi que dans les pays limitrophes.<\/p>\n<p>Le Kiosque Origami du Relais &amp; Ch\u00e2teau la Chapelle Saint Martin \u00e0 Nieul<\/p>\n<p>L\u2019id\u00e9e de ce projet est n\u00e9e d&rsquo;une rencontre entre le chef \u00e9toil\u00e9 Gilles Dudognon du Relais &amp; Ch\u00e2teau la Chapelle Saint Martin \u00e0 Nieul et Guillaume Durost, plasticien \u00e0 la t\u00eate de Serre Ancienne. De leur discussion est n\u00e9e l&rsquo;envie de cr\u00e9er un espace o\u00f9 les convives pourraient profiter des d\u00e9lices du potager dans un cadre architecturalement remarquable. Inspir\u00e9 des kiosques \u00e0 musique du XIX\u00e8me si\u00e8cle, le Kiosque Origami pr\u00e9sente une toiture en acier pli\u00e9, telle une feuille d&rsquo;origami, laissant p\u00e9n\u00e9trer une douce lumi\u00e8re z\u00e9nithale \u00e0 travers sa verri\u00e8re centrale.<\/p>\n<p>&nbsp;<\/p>\n","protected":false},"excerpt":{"rendered":"<p>Sp\u00e9cialis\u00e9 depuis 12 ans dans la restauration et la cr\u00e9ation d\u2019\u0153uvres patrimoniales, avec \u00e0 son actif des r\u00e9alisations embl\u00e9matiques telles que le Kiosque Origami du Relais &amp; Ch\u00e2teau la Chapelle Saint Martin \u00e0 Nieul ou la restauration du jardin d&rsquo;hiver de la maison natale de Charles de Gaulle \u00e0 Lille, l&rsquo;atelier Serre Ancienne sera pr\u00e9sent [&hellip;]<\/p>\n","protected":false},"author":17,"featured_media":109385,"comment_status":"closed","ping_status":"closed","sticky":false,"template":"","format":"standard","meta":{"_et_pb_use_builder":"","_et_pb_old_content":"","_et_gb_content_width":"","footnotes":""},"categories":[10530,6340,10789,10785],"tags":[12069],"class_list":["post-109384","post","type-post","status-publish","format-standard","has-post-thumbnail","hentry","category-actualites","category-architecture-conception","category-publications-atrium","category-atrium","tag-serres"],"yoast_head":"<!-- This site is optimized with the Yoast SEO plugin v27.4 - https:\/\/yoast.com\/product\/yoast-seo-wordpress\/ -->\n<title>L&#039;atelier Serre Ancienne sera pr\u00e9sent au Salon du Patrimoine Culturel<\/title>\n<meta name=\"robots\" content=\"index, follow, max-snippet:-1, max-image-preview:large, max-video-preview:-1\" \/>\n<link rel=\"canonical\" href=\"https:\/\/batijournal.com\/index.php\/latelier-serre-ancienne-sera-present-au-salon-du-patrimoine-culturel\/109384\/\" \/>\n<meta property=\"og:locale\" content=\"fr_FR\" \/>\n<meta property=\"og:type\" content=\"article\" \/>\n<meta property=\"og:title\" content=\"L&#039;atelier Serre Ancienne sera pr\u00e9sent au Salon du Patrimoine Culturel\" \/>\n<meta property=\"og:description\" content=\"Sp\u00e9cialis\u00e9 depuis 12 ans dans la restauration et la cr\u00e9ation d\u2019\u0153uvres patrimoniales, avec \u00e0 son actif des r\u00e9alisations embl\u00e9matiques telles que le Kiosque Origami du Relais &amp; Ch\u00e2teau la Chapelle Saint Martin \u00e0 Nieul ou la restauration du jardin d&rsquo;hiver de la maison natale de Charles de Gaulle \u00e0 Lille, l&rsquo;atelier Serre Ancienne sera pr\u00e9sent [&hellip;]\" \/>\n<meta property=\"og:url\" content=\"https:\/\/batijournal.com\/index.php\/latelier-serre-ancienne-sera-present-au-salon-du-patrimoine-culturel\/109384\/\" \/>\n<meta property=\"og:site_name\" content=\"Batijournal\" \/>\n<meta property=\"article:published_time\" content=\"2023-10-18T15:35:13+00:00\" \/>\n<meta property=\"og:image\" content=\"https:\/\/batijournal.com\/wp-content\/uploads\/2023\/10\/Kiosque-Origami-du-Relais-et-Chateau-la-Chapelle-Saint-Martin-Nieul.jpg\" \/>\n\t<meta property=\"og:image:width\" content=\"1000\" \/>\n\t<meta property=\"og:image:height\" content=\"700\" \/>\n\t<meta property=\"og:image:type\" content=\"image\/jpeg\" \/>\n<meta name=\"author\" content=\"St\u00e9phane Miget\" \/>\n<meta name=\"twitter:card\" content=\"summary_large_image\" \/>\n<meta name=\"twitter:creator\" content=\"@bati_journal\" \/>\n<meta name=\"twitter:site\" content=\"@bati_journal\" \/>\n<meta name=\"twitter:label1\" content=\"\u00c9crit par\" \/>\n\t<meta name=\"twitter:data1\" content=\"St\u00e9phane Miget\" \/>\n\t<meta name=\"twitter:label2\" content=\"Dur\u00e9e de lecture estim\u00e9e\" \/>\n\t<meta name=\"twitter:data2\" content=\"1 minute\" \/>\n<script type=\"application\/ld+json\" class=\"yoast-schema-graph\">{\"@context\":\"https:\\\/\\\/schema.org\",\"@graph\":[{\"@type\":\"Article\",\"@id\":\"https:\\\/\\\/batijournal.com\\\/index.php\\\/latelier-serre-ancienne-sera-present-au-salon-du-patrimoine-culturel\\\/109384\\\/#article\",\"isPartOf\":{\"@id\":\"https:\\\/\\\/batijournal.com\\\/index.php\\\/latelier-serre-ancienne-sera-present-au-salon-du-patrimoine-culturel\\\/109384\\\/\"},\"author\":{\"name\":\"St\u00e9phane Miget\",\"@id\":\"https:\\\/\\\/batijournal.com\\\/#\\\/schema\\\/person\\\/1dc96ec6957aa1ccb25ebe78bb19f100\"},\"headline\":\"L&rsquo;atelier Serre Ancienne sera pr\u00e9sent au Salon du Patrimoine Culturel\",\"datePublished\":\"2023-10-18T15:35:13+00:00\",\"mainEntityOfPage\":{\"@id\":\"https:\\\/\\\/batijournal.com\\\/index.php\\\/latelier-serre-ancienne-sera-present-au-salon-du-patrimoine-culturel\\\/109384\\\/\"},\"wordCount\":261,\"image\":{\"@id\":\"https:\\\/\\\/batijournal.com\\\/index.php\\\/latelier-serre-ancienne-sera-present-au-salon-du-patrimoine-culturel\\\/109384\\\/#primaryimage\"},\"thumbnailUrl\":\"https:\\\/\\\/batijournal.com\\\/wp-content\\\/uploads\\\/2023\\\/10\\\/Kiosque-Origami-du-Relais-et-Chateau-la-Chapelle-Saint-Martin-Nieul.jpg\",\"keywords\":[\"serres\"],\"articleSection\":[\"Actualit\u00e9s\",\"Architecture &amp; Conception\",\"zz_Actualit\u00e9s - Atrium\",\"zz_Atrium Patrimoine\"],\"inLanguage\":\"fr-FR\"},{\"@type\":\"WebPage\",\"@id\":\"https:\\\/\\\/batijournal.com\\\/index.php\\\/latelier-serre-ancienne-sera-present-au-salon-du-patrimoine-culturel\\\/109384\\\/\",\"url\":\"https:\\\/\\\/batijournal.com\\\/index.php\\\/latelier-serre-ancienne-sera-present-au-salon-du-patrimoine-culturel\\\/109384\\\/\",\"name\":\"L'atelier Serre Ancienne sera pr\u00e9sent au Salon du Patrimoine Culturel\",\"isPartOf\":{\"@id\":\"https:\\\/\\\/batijournal.com\\\/#website\"},\"primaryImageOfPage\":{\"@id\":\"https:\\\/\\\/batijournal.com\\\/index.php\\\/latelier-serre-ancienne-sera-present-au-salon-du-patrimoine-culturel\\\/109384\\\/#primaryimage\"},\"image\":{\"@id\":\"https:\\\/\\\/batijournal.com\\\/index.php\\\/latelier-serre-ancienne-sera-present-au-salon-du-patrimoine-culturel\\\/109384\\\/#primaryimage\"},\"thumbnailUrl\":\"https:\\\/\\\/batijournal.com\\\/wp-content\\\/uploads\\\/2023\\\/10\\\/Kiosque-Origami-du-Relais-et-Chateau-la-Chapelle-Saint-Martin-Nieul.jpg\",\"datePublished\":\"2023-10-18T15:35:13+00:00\",\"author\":{\"@id\":\"https:\\\/\\\/batijournal.com\\\/#\\\/schema\\\/person\\\/1dc96ec6957aa1ccb25ebe78bb19f100\"},\"breadcrumb\":{\"@id\":\"https:\\\/\\\/batijournal.com\\\/index.php\\\/latelier-serre-ancienne-sera-present-au-salon-du-patrimoine-culturel\\\/109384\\\/#breadcrumb\"},\"inLanguage\":\"fr-FR\",\"potentialAction\":[{\"@type\":\"ReadAction\",\"target\":[\"https:\\\/\\\/batijournal.com\\\/index.php\\\/latelier-serre-ancienne-sera-present-au-salon-du-patrimoine-culturel\\\/109384\\\/\"]}]},{\"@type\":\"ImageObject\",\"inLanguage\":\"fr-FR\",\"@id\":\"https:\\\/\\\/batijournal.com\\\/index.php\\\/latelier-serre-ancienne-sera-present-au-salon-du-patrimoine-culturel\\\/109384\\\/#primaryimage\",\"url\":\"https:\\\/\\\/batijournal.com\\\/wp-content\\\/uploads\\\/2023\\\/10\\\/Kiosque-Origami-du-Relais-et-Chateau-la-Chapelle-Saint-Martin-Nieul.jpg\",\"contentUrl\":\"https:\\\/\\\/batijournal.com\\\/wp-content\\\/uploads\\\/2023\\\/10\\\/Kiosque-Origami-du-Relais-et-Chateau-la-Chapelle-Saint-Martin-Nieul.jpg\",\"width\":1000,\"height\":700},{\"@type\":\"BreadcrumbList\",\"@id\":\"https:\\\/\\\/batijournal.com\\\/index.php\\\/latelier-serre-ancienne-sera-present-au-salon-du-patrimoine-culturel\\\/109384\\\/#breadcrumb\",\"itemListElement\":[{\"@type\":\"ListItem\",\"position\":1,\"name\":\"Accueil\",\"item\":\"https:\\\/\\\/batijournal.com\\\/\"},{\"@type\":\"ListItem\",\"position\":2,\"name\":\"Actualit\u00e9s\",\"item\":\"https:\\\/\\\/batijournal.com\\\/index.php\\\/category\\\/actualites\\\/\"},{\"@type\":\"ListItem\",\"position\":3,\"name\":\"L&rsquo;atelier Serre Ancienne sera pr\u00e9sent au Salon du Patrimoine Culturel\"}]},{\"@type\":\"WebSite\",\"@id\":\"https:\\\/\\\/batijournal.com\\\/#website\",\"url\":\"https:\\\/\\\/batijournal.com\\\/\",\"name\":\"Batijournal\",\"description\":\"L&#039;actualit\u00e9 du b\u00e2timent\",\"potentialAction\":[{\"@type\":\"SearchAction\",\"target\":{\"@type\":\"EntryPoint\",\"urlTemplate\":\"https:\\\/\\\/batijournal.com\\\/?s={search_term_string}\"},\"query-input\":{\"@type\":\"PropertyValueSpecification\",\"valueRequired\":true,\"valueName\":\"search_term_string\"}}],\"inLanguage\":\"fr-FR\"},{\"@type\":\"Person\",\"@id\":\"https:\\\/\\\/batijournal.com\\\/#\\\/schema\\\/person\\\/1dc96ec6957aa1ccb25ebe78bb19f100\",\"name\":\"St\u00e9phane Miget\",\"image\":{\"@type\":\"ImageObject\",\"inLanguage\":\"fr-FR\",\"@id\":\"https:\\\/\\\/secure.gravatar.com\\\/avatar\\\/89915563d925342126b8ef0281b93d9d7fc337043e8df017f780908eb9644451?s=96&d=mm&r=g\",\"url\":\"https:\\\/\\\/secure.gravatar.com\\\/avatar\\\/89915563d925342126b8ef0281b93d9d7fc337043e8df017f780908eb9644451?s=96&d=mm&r=g\",\"contentUrl\":\"https:\\\/\\\/secure.gravatar.com\\\/avatar\\\/89915563d925342126b8ef0281b93d9d7fc337043e8df017f780908eb9644451?s=96&d=mm&r=g\",\"caption\":\"St\u00e9phane Miget\"},\"url\":\"https:\\\/\\\/batijournal.com\\\/index.php\\\/author\\\/stephane\\\/\"}]}<\/script>\n<!-- \/ Yoast SEO plugin. -->","yoast_head_json":{"title":"L'atelier Serre Ancienne sera pr\u00e9sent au Salon du Patrimoine Culturel","robots":{"index":"index","follow":"follow","max-snippet":"max-snippet:-1","max-image-preview":"max-image-preview:large","max-video-preview":"max-video-preview:-1"},"canonical":"https:\/\/batijournal.com\/index.php\/latelier-serre-ancienne-sera-present-au-salon-du-patrimoine-culturel\/109384\/","og_locale":"fr_FR","og_type":"article","og_title":"L'atelier Serre Ancienne sera pr\u00e9sent au Salon du Patrimoine Culturel","og_description":"Sp\u00e9cialis\u00e9 depuis 12 ans dans la restauration et la cr\u00e9ation d\u2019\u0153uvres patrimoniales, avec \u00e0 son actif des r\u00e9alisations embl\u00e9matiques telles que le Kiosque Origami du Relais &amp; Ch\u00e2teau la Chapelle Saint Martin \u00e0 Nieul ou la restauration du jardin d&rsquo;hiver de la maison natale de Charles de Gaulle \u00e0 Lille, l&rsquo;atelier Serre Ancienne sera pr\u00e9sent [&hellip;]","og_url":"https:\/\/batijournal.com\/index.php\/latelier-serre-ancienne-sera-present-au-salon-du-patrimoine-culturel\/109384\/","og_site_name":"Batijournal","article_published_time":"2023-10-18T15:35:13+00:00","og_image":[{"width":1000,"height":700,"url":"https:\/\/batijournal.com\/wp-content\/uploads\/2023\/10\/Kiosque-Origami-du-Relais-et-Chateau-la-Chapelle-Saint-Martin-Nieul.jpg","type":"image\/jpeg"}],"author":"St\u00e9phane Miget","twitter_card":"summary_large_image","twitter_creator":"@bati_journal","twitter_site":"@bati_journal","twitter_misc":{"\u00c9crit par":"St\u00e9phane Miget","Dur\u00e9e de lecture estim\u00e9e":"1 minute"},"schema":{"@context":"https:\/\/schema.org","@graph":[{"@type":"Article","@id":"https:\/\/batijournal.com\/index.php\/latelier-serre-ancienne-sera-present-au-salon-du-patrimoine-culturel\/109384\/#article","isPartOf":{"@id":"https:\/\/batijournal.com\/index.php\/latelier-serre-ancienne-sera-present-au-salon-du-patrimoine-culturel\/109384\/"},"author":{"name":"St\u00e9phane Miget","@id":"https:\/\/batijournal.com\/#\/schema\/person\/1dc96ec6957aa1ccb25ebe78bb19f100"},"headline":"L&rsquo;atelier Serre Ancienne sera pr\u00e9sent au Salon du Patrimoine Culturel","datePublished":"2023-10-18T15:35:13+00:00","mainEntityOfPage":{"@id":"https:\/\/batijournal.com\/index.php\/latelier-serre-ancienne-sera-present-au-salon-du-patrimoine-culturel\/109384\/"},"wordCount":261,"image":{"@id":"https:\/\/batijournal.com\/index.php\/latelier-serre-ancienne-sera-present-au-salon-du-patrimoine-culturel\/109384\/#primaryimage"},"thumbnailUrl":"https:\/\/batijournal.com\/wp-content\/uploads\/2023\/10\/Kiosque-Origami-du-Relais-et-Chateau-la-Chapelle-Saint-Martin-Nieul.jpg","keywords":["serres"],"articleSection":["Actualit\u00e9s","Architecture &amp; Conception","zz_Actualit\u00e9s - Atrium","zz_Atrium Patrimoine"],"inLanguage":"fr-FR"},{"@type":"WebPage","@id":"https:\/\/batijournal.com\/index.php\/latelier-serre-ancienne-sera-present-au-salon-du-patrimoine-culturel\/109384\/","url":"https:\/\/batijournal.com\/index.php\/latelier-serre-ancienne-sera-present-au-salon-du-patrimoine-culturel\/109384\/","name":"L'atelier Serre Ancienne sera pr\u00e9sent au Salon du Patrimoine Culturel","isPartOf":{"@id":"https:\/\/batijournal.com\/#website"},"primaryImageOfPage":{"@id":"https:\/\/batijournal.com\/index.php\/latelier-serre-ancienne-sera-present-au-salon-du-patrimoine-culturel\/109384\/#primaryimage"},"image":{"@id":"https:\/\/batijournal.com\/index.php\/latelier-serre-ancienne-sera-present-au-salon-du-patrimoine-culturel\/109384\/#primaryimage"},"thumbnailUrl":"https:\/\/batijournal.com\/wp-content\/uploads\/2023\/10\/Kiosque-Origami-du-Relais-et-Chateau-la-Chapelle-Saint-Martin-Nieul.jpg","datePublished":"2023-10-18T15:35:13+00:00","author":{"@id":"https:\/\/batijournal.com\/#\/schema\/person\/1dc96ec6957aa1ccb25ebe78bb19f100"},"breadcrumb":{"@id":"https:\/\/batijournal.com\/index.php\/latelier-serre-ancienne-sera-present-au-salon-du-patrimoine-culturel\/109384\/#breadcrumb"},"inLanguage":"fr-FR","potentialAction":[{"@type":"ReadAction","target":["https:\/\/batijournal.com\/index.php\/latelier-serre-ancienne-sera-present-au-salon-du-patrimoine-culturel\/109384\/"]}]},{"@type":"ImageObject","inLanguage":"fr-FR","@id":"https:\/\/batijournal.com\/index.php\/latelier-serre-ancienne-sera-present-au-salon-du-patrimoine-culturel\/109384\/#primaryimage","url":"https:\/\/batijournal.com\/wp-content\/uploads\/2023\/10\/Kiosque-Origami-du-Relais-et-Chateau-la-Chapelle-Saint-Martin-Nieul.jpg","contentUrl":"https:\/\/batijournal.com\/wp-content\/uploads\/2023\/10\/Kiosque-Origami-du-Relais-et-Chateau-la-Chapelle-Saint-Martin-Nieul.jpg","width":1000,"height":700},{"@type":"BreadcrumbList","@id":"https:\/\/batijournal.com\/index.php\/latelier-serre-ancienne-sera-present-au-salon-du-patrimoine-culturel\/109384\/#breadcrumb","itemListElement":[{"@type":"ListItem","position":1,"name":"Accueil","item":"https:\/\/batijournal.com\/"},{"@type":"ListItem","position":2,"name":"Actualit\u00e9s","item":"https:\/\/batijournal.com\/index.php\/category\/actualites\/"},{"@type":"ListItem","position":3,"name":"L&rsquo;atelier Serre Ancienne sera pr\u00e9sent au Salon du Patrimoine Culturel"}]},{"@type":"WebSite","@id":"https:\/\/batijournal.com\/#website","url":"https:\/\/batijournal.com\/","name":"Batijournal","description":"L&#039;actualit\u00e9 du b\u00e2timent","potentialAction":[{"@type":"SearchAction","target":{"@type":"EntryPoint","urlTemplate":"https:\/\/batijournal.com\/?s={search_term_string}"},"query-input":{"@type":"PropertyValueSpecification","valueRequired":true,"valueName":"search_term_string"}}],"inLanguage":"fr-FR"},{"@type":"Person","@id":"https:\/\/batijournal.com\/#\/schema\/person\/1dc96ec6957aa1ccb25ebe78bb19f100","name":"St\u00e9phane Miget","image":{"@type":"ImageObject","inLanguage":"fr-FR","@id":"https:\/\/secure.gravatar.com\/avatar\/89915563d925342126b8ef0281b93d9d7fc337043e8df017f780908eb9644451?s=96&d=mm&r=g","url":"https:\/\/secure.gravatar.com\/avatar\/89915563d925342126b8ef0281b93d9d7fc337043e8df017f780908eb9644451?s=96&d=mm&r=g","contentUrl":"https:\/\/secure.gravatar.com\/avatar\/89915563d925342126b8ef0281b93d9d7fc337043e8df017f780908eb9644451?s=96&d=mm&r=g","caption":"St\u00e9phane Miget"},"url":"https:\/\/batijournal.com\/index.php\/author\/stephane\/"}]}},"_links":{"self":[{"href":"https:\/\/batijournal.com\/index.php\/wp-json\/wp\/v2\/posts\/109384","targetHints":{"allow":["GET"]}}],"collection":[{"href":"https:\/\/batijournal.com\/index.php\/wp-json\/wp\/v2\/posts"}],"about":[{"href":"https:\/\/batijournal.com\/index.php\/wp-json\/wp\/v2\/types\/post"}],"author":[{"embeddable":true,"href":"https:\/\/batijournal.com\/index.php\/wp-json\/wp\/v2\/users\/17"}],"replies":[{"embeddable":true,"href":"https:\/\/batijournal.com\/index.php\/wp-json\/wp\/v2\/comments?post=109384"}],"version-history":[{"count":0,"href":"https:\/\/batijournal.com\/index.php\/wp-json\/wp\/v2\/posts\/109384\/revisions"}],"wp:featuredmedia":[{"embeddable":true,"href":"https:\/\/batijournal.com\/index.php\/wp-json\/wp\/v2\/media\/109385"}],"wp:attachment":[{"href":"https:\/\/batijournal.com\/index.php\/wp-json\/wp\/v2\/media?parent=109384"}],"wp:term":[{"taxonomy":"category","embeddable":true,"href":"https:\/\/batijournal.com\/index.php\/wp-json\/wp\/v2\/categories?post=109384"},{"taxonomy":"post_tag","embeddable":true,"href":"https:\/\/batijournal.com\/index.php\/wp-json\/wp\/v2\/tags?post=109384"}],"curies":[{"name":"wp","href":"https:\/\/api.w.org\/{rel}","templated":true}]}}