{"id":109386,"date":"2023-10-18T18:06:10","date_gmt":"2023-10-18T16:06:10","guid":{"rendered":"https:\/\/batijournal.com\/?p=109386"},"modified":"2023-10-18T18:06:10","modified_gmt":"2023-10-18T16:06:10","slug":"18eme-ceremonie-des-trophees-aleonard","status":"publish","type":"post","link":"https:\/\/batijournal.com\/index.php\/18eme-ceremonie-des-trophees-aleonard\/109386\/","title":{"rendered":"18\u00e8me c\u00e9r\u00e9monie des Troph\u00e9es Al\u00e9onard"},"content":{"rendered":"<p>La 18\u00e8me c\u00e9r\u00e9monie des Troph\u00e9es Al\u00e9onard s\u2019est tenue le 12 octobre au sein de l\u2019Abbaye de Royaumont, \u00e0 Asni\u00e8res-sur-Oise. Cette ann\u00e9e, 41 dossiers de candidature ont \u00e9t\u00e9 examin\u00e9s par un jury d\u2019experts dans les cat\u00e9gories suivantes : Premier chantier, Demeure Al\u00e9onard, Edifice &amp; Patrimoine et Monument Historique.<\/p>\n<p><strong>Premier chantier<\/strong><br \/>\nCette cat\u00e9gorie r\u00e9compense les entreprises r\u00e9alisant pour la premi\u00e8re fois une couverture en tuiles Al\u00e9onard.<br \/>\n<strong>La couverture d\u2019une maison individuelle de caract\u00e8re situ\u00e9e dans les Yvelines (78), a \u00e9t\u00e9 prim\u00e9e pour le premier chantier en tuiles Al\u00e9onard pour l\u2019entreprise Audelan Baron, situ\u00e9e \u00e0 Nogent-le-Phaye (28).<\/strong><br \/>\nCette toiture de 324 m2 est compos\u00e9e de tuiles Saint- Vincent 16&#215;27 rectangulaires de coloris Ambre Clair. Le m\u00e9lange des tuiles a \u00e9t\u00e9 tr\u00e8s bien r\u00e9alis\u00e9, offrant un rendu visuel parfaitement homog\u00e8ne sur l\u2019ensemble des rampants. Les nombreux points techniques singuliers, tels que la d\u00e9coupe des lucarnes \u00e0 capucine ou le fa\u00eetage \u00e0 cr\u00eate de coq sont particuli\u00e8rement bien ex\u00e9cut\u00e9s. De m\u00eame, les ar\u00eatiers tranch\u00e9s et les noues ferm\u00e9es sont parfaitement raccord\u00e9s et assurent une belle lin\u00e9arit\u00e9 de la toiture, d\u2019un versant \u00e0 l\u2019autre.<\/p>\n<p><strong>Demeure Al\u00e9onard<\/strong><br \/>\nCette cat\u00e9gorie r\u00e9compense la r\u00e9alisation d\u2019une toiture Al\u00e9onard sur maison individuelle, maisons en bande, ou b\u00e2timent d\u2019habitation, neuf ou ancien.<br \/>\n<strong>Dans cette cat\u00e9gorie, le laur\u00e9at est l\u2019entreprise Harlin Couverture situ\u00e9e \u00e0 Luneray (76), pour la r\u00e9alisation de la toiture d\u2019un manoir en Seine-Maritime, en collaboration avec le cabinet d\u2019architectes Bachmann Associ\u00e9s (35).<\/strong><br \/>\nA nouveau, le jury a soulign\u00e9 la ma\u00eetrise de l\u2019ex\u00e9cution des nombreux points singuliers pour la r\u00e9novation compl\u00e8te (int\u00e9rieure et ext\u00e9rieure) de cette toiture de 238 m2 : la qualit\u00e9 du fa\u00eetage \u00e0 cr\u00eates de coq avec fa\u00eeti\u00e8res angulaires et des ar\u00eatiers corniers scell\u00e9s souligne la r\u00e9gularit\u00e9 des lignes. De plus, la proximit\u00e9 des lignes d\u2019ar\u00eatiers avec celles de noues ferm\u00e9es a complexifi\u00e9 la pose pour garantir l\u2019\u00e9tanch\u00e9it\u00e9. On remarque \u00e9galement les coyaux ainsi que les lucarnes \u00e0 capucines, et les tuiles scell\u00e9es, \u00e9corn\u00e9es et \u00e9paul\u00e9es sur les rives d\u00e9bordantes. A noter \u00e9galement : une extension dans un style art d\u00e9co dot\u00e9e de 4 rampants cintr\u00e9s, avec un motif r\u00e9alis\u00e9 \u00e0 l\u2019aide de tuiles \u00e9caille 16&#215;27 \u00e9maill\u00e9es Vert Emeraude. Le projet m\u00e9lange avec soin quatre coloris diff\u00e9rents : des tuiles Pontigny 16&#215;27 rectangulaires Rouge flamm\u00e9 (21 %) et des tuiles Esprit Patrimoine 16&#215;27 rectangulaires Ocr\u00e9 Lichen (21 %), Vert de Lichen (21 %) et Rouge de mars (27 %).<\/p>\n<p><strong>Edifice &amp; Patrimoine<\/strong><br \/>\nCette cat\u00e9gorie r\u00e9compense la r\u00e9alisation en tuiles Al\u00e9onard d\u2019un chantier de r\u00e9novation ou d\u2019un b\u00e2timent neuf, participant au Patrimoine r\u00e9gional ou national.<br \/>\n<strong>Le laur\u00e9at de cette cat\u00e9gorie est l\u2019entreprise Cabat Patrick situ\u00e9e \u00e0 Brassy (58), prim\u00e9e pour la r\u00e9alisation de la toiture du Ch\u00e2teau de Domecy-sur- Cure (89), datant du XVI\u00e8me si\u00e8cle.<\/strong><br \/>\nL\u2019ouvrage de 430 m2 a \u00e9t\u00e9 r\u00e9alis\u00e9 en tuiles Esprit Patrimoine 16&#215;27 rectangulaires, avec un panachage de Rouge de mars (50 %), Ocr\u00e9 Lichen (25 %) et Vert de Lichen (25 %). Le fa\u00eetage \u00e0 cr\u00eates de coq a \u00e9t\u00e9 scell\u00e9 \u00e0 la chaux blanche et color\u00e9 avec des ocres ajout\u00e9s par les soins de l\u2019entreprise. Le jury a notamment salu\u00e9 le travail remarquable r\u00e9alis\u00e9 sur les tourelles : celles-ci p\u00e9n\u00e8trent les versants principaux en noues ferm\u00e9es. Les tuiles ont \u00e9t\u00e9 gironn\u00e9es sur place et pos\u00e9es sur des liteaux en peuplier, appr\u00e9ci\u00e9 pour sa flexibilit\u00e9 qui permet d\u2019\u00e9pouser les courbes de la charpente. On remarque \u00e9galement l\u2019emploi du cuivre pour les goutti\u00e8res, les noquets ainsi que les \u00e9pis de fa\u00eetage au sommet des tours, fa\u00e7onn\u00e9s par l\u2019entreprise.<\/p>\n<p><strong>Monument Historique<\/strong><br \/>\nCette cat\u00e9gorie r\u00e9compense les entreprises qui r\u00e9alisent un chantier remarquable en tuiles Al\u00e9onard dans la cat\u00e9gorie des b\u00e2timents inscrits ou class\u00e9s ou non-inscrits et supervis\u00e9s par un Architecte du Patrimoine ou Monument Historique.<br \/>\n<strong>L\u2019entreprise Faucheux situ\u00e9e \u00e0 Cr\u00e9py (02), associ\u00e9e \u00e0 l\u2019architecte Pascal Brassart \u00e0 Amiens (80), ont \u00e9t\u00e9 prim\u00e9s dans cette cat\u00e9gorie pour la r\u00e9novation comme \u00e0 l\u2019origine de l\u2019Eglise d\u2019Andelain (02).<\/strong><br \/>\nSur ce projet, la qualit\u00e9 et l\u2019harmonie du panachage des tuiles Esprit Patrimoine en quatre coloris (46 % Ocr\u00e9 Lichen ; 30 % Rouge de mars ; 30 % Vert de Lichen et 4 % Noir de vigne) et trois formats diff\u00e9rents (14 x 25 ; 15 x 26 et 16 x 27) a particuli\u00e8rement attir\u00e9 l\u2019\u0153il du jury. L\u2019importance donn\u00e9e \u00e0 l\u2019esth\u00e9tique a \u00e9t\u00e9 conserv\u00e9e jusque sur les points singuliers dont la ma\u00eetrise technique doit \u00e9galement \u00eatre soulign\u00e9e. En effet, des d\u00e9coupes ont \u00e9t\u00e9 r\u00e9alis\u00e9es sur les tuiles d\u2019approche afin d\u2019\u00e9pouser parfaitement l\u2019ar\u00eatier ferm\u00e9. Afin de pr\u00e9server le rythme donn\u00e9 par le panachage des diff\u00e9rents formats, les tuiles d\u2019approche des lignes d\u2019ar\u00eatiers ont-elles aussi \u00e9t\u00e9 choisies dans diff\u00e9rents formats pour une parfaite harmonie sur l\u2019ensemble de la toiture. De plus, de superbes noues ferm\u00e9es arrondies ont \u00e9t\u00e9 r\u00e9alis\u00e9es gr\u00e2ce \u00e0 une d\u00e9coupe tr\u00e8s pr\u00e9cise des tuiles permettant d\u2019\u00e9pouser la courbe tout en garantissant l\u2019\u00e9tanch\u00e9it\u00e9. Enfin, afin de renouer avec l\u2019architecture originelle du XV\u00e8me si\u00e8cle, le clocher a \u00e9t\u00e9 restaur\u00e9 avec de l\u2019ardoise venant d\u2019Argentine et dont la teinte gris vert est identique \u00e0 celle d\u2019origine, provenant des carri\u00e8res des Ardennes et ayant ferm\u00e9 en 1970.<\/p>\n<p>&nbsp;<\/p>\n<p>Photo de la remise des prix : Sylvain renard<\/p>\n<p>&nbsp;<\/p>\n","protected":false},"excerpt":{"rendered":"<p>La 18\u00e8me c\u00e9r\u00e9monie des Troph\u00e9es Al\u00e9onard s\u2019est tenue le 12 octobre au sein de l\u2019Abbaye de Royaumont, \u00e0 Asni\u00e8res-sur-Oise. Cette ann\u00e9e, 41 dossiers de candidature ont \u00e9t\u00e9 examin\u00e9s par un jury d\u2019experts dans les cat\u00e9gories suivantes : Premier chantier, Demeure Al\u00e9onard, Edifice &amp; Patrimoine et Monument Historique. Premier chantier Cette cat\u00e9gorie r\u00e9compense les entreprises r\u00e9alisant [&hellip;]<\/p>\n","protected":false},"author":17,"featured_media":109387,"comment_status":"closed","ping_status":"closed","sticky":false,"template":"","format":"standard","meta":{"_et_pb_use_builder":"","_et_pb_old_content":"","_et_gb_content_width":"","footnotes":""},"categories":[10530,6362,10771,10775,10789,10785],"tags":[940],"class_list":["post-109386","post","type-post","status-publish","format-standard","has-post-thumbnail","hentry","category-actualites","category-services-equipements","category-5facades","category-actualites-5facades","category-publications-atrium","category-atrium","tag-tuile"],"yoast_head":"<!-- This site is optimized with the Yoast SEO plugin v27.4 - https:\/\/yoast.com\/product\/yoast-seo-wordpress\/ -->\n<title>18\u00e8me c\u00e9r\u00e9monie des Troph\u00e9es Al\u00e9onard<\/title>\n<meta name=\"robots\" content=\"index, follow, max-snippet:-1, max-image-preview:large, max-video-preview:-1\" \/>\n<link rel=\"canonical\" href=\"https:\/\/batijournal.com\/index.php\/18eme-ceremonie-des-trophees-aleonard\/109386\/\" \/>\n<meta property=\"og:locale\" content=\"fr_FR\" \/>\n<meta property=\"og:type\" content=\"article\" \/>\n<meta property=\"og:title\" content=\"18\u00e8me c\u00e9r\u00e9monie des Troph\u00e9es Al\u00e9onard\" \/>\n<meta property=\"og:description\" content=\"La 18\u00e8me c\u00e9r\u00e9monie des Troph\u00e9es Al\u00e9onard s\u2019est tenue le 12 octobre au sein de l\u2019Abbaye de Royaumont, \u00e0 Asni\u00e8res-sur-Oise. Cette ann\u00e9e, 41 dossiers de candidature ont \u00e9t\u00e9 examin\u00e9s par un jury d\u2019experts dans les cat\u00e9gories suivantes : Premier chantier, Demeure Al\u00e9onard, Edifice &amp; Patrimoine et Monument Historique. Premier chantier Cette cat\u00e9gorie r\u00e9compense les entreprises r\u00e9alisant [&hellip;]\" \/>\n<meta property=\"og:url\" content=\"https:\/\/batijournal.com\/index.php\/18eme-ceremonie-des-trophees-aleonard\/109386\/\" \/>\n<meta property=\"og:site_name\" content=\"Batijournal\" \/>\n<meta property=\"article:published_time\" content=\"2023-10-18T16:06:10+00:00\" \/>\n<meta property=\"og:image\" content=\"https:\/\/batijournal.com\/wp-content\/uploads\/2023\/10\/Trophees-Aleonard-2023_Sylvain-Renard.jpg\" \/>\n\t<meta property=\"og:image:width\" content=\"1000\" \/>\n\t<meta property=\"og:image:height\" content=\"562\" \/>\n\t<meta property=\"og:image:type\" content=\"image\/jpeg\" \/>\n<meta name=\"author\" content=\"St\u00e9phane Miget\" \/>\n<meta name=\"twitter:card\" content=\"summary_large_image\" \/>\n<meta name=\"twitter:creator\" content=\"@bati_journal\" \/>\n<meta name=\"twitter:site\" content=\"@bati_journal\" \/>\n<meta name=\"twitter:label1\" content=\"\u00c9crit par\" \/>\n\t<meta name=\"twitter:data1\" content=\"St\u00e9phane Miget\" \/>\n\t<meta name=\"twitter:label2\" content=\"Dur\u00e9e de lecture estim\u00e9e\" \/>\n\t<meta name=\"twitter:data2\" content=\"5 minutes\" \/>\n<script type=\"application\/ld+json\" class=\"yoast-schema-graph\">{\"@context\":\"https:\\\/\\\/schema.org\",\"@graph\":[{\"@type\":\"Article\",\"@id\":\"https:\\\/\\\/batijournal.com\\\/index.php\\\/18eme-ceremonie-des-trophees-aleonard\\\/109386\\\/#article\",\"isPartOf\":{\"@id\":\"https:\\\/\\\/batijournal.com\\\/index.php\\\/18eme-ceremonie-des-trophees-aleonard\\\/109386\\\/\"},\"author\":{\"name\":\"St\u00e9phane Miget\",\"@id\":\"https:\\\/\\\/batijournal.com\\\/#\\\/schema\\\/person\\\/1dc96ec6957aa1ccb25ebe78bb19f100\"},\"headline\":\"18\u00e8me c\u00e9r\u00e9monie des Troph\u00e9es Al\u00e9onard\",\"datePublished\":\"2023-10-18T16:06:10+00:00\",\"mainEntityOfPage\":{\"@id\":\"https:\\\/\\\/batijournal.com\\\/index.php\\\/18eme-ceremonie-des-trophees-aleonard\\\/109386\\\/\"},\"wordCount\":972,\"image\":{\"@id\":\"https:\\\/\\\/batijournal.com\\\/index.php\\\/18eme-ceremonie-des-trophees-aleonard\\\/109386\\\/#primaryimage\"},\"thumbnailUrl\":\"https:\\\/\\\/batijournal.com\\\/wp-content\\\/uploads\\\/2023\\\/10\\\/Trophees-Aleonard-2023_Sylvain-Renard.jpg\",\"keywords\":[\"tuile\"],\"articleSection\":[\"Actualit\u00e9s\",\"Divers\",\"zz_5fa\u00e7ades\",\"zz_Actualit\u00e9s - 5fa\u00e7ades\",\"zz_Actualit\u00e9s - Atrium\",\"zz_Atrium Patrimoine\"],\"inLanguage\":\"fr-FR\"},{\"@type\":\"WebPage\",\"@id\":\"https:\\\/\\\/batijournal.com\\\/index.php\\\/18eme-ceremonie-des-trophees-aleonard\\\/109386\\\/\",\"url\":\"https:\\\/\\\/batijournal.com\\\/index.php\\\/18eme-ceremonie-des-trophees-aleonard\\\/109386\\\/\",\"name\":\"18\u00e8me c\u00e9r\u00e9monie des Troph\u00e9es Al\u00e9onard\",\"isPartOf\":{\"@id\":\"https:\\\/\\\/batijournal.com\\\/#website\"},\"primaryImageOfPage\":{\"@id\":\"https:\\\/\\\/batijournal.com\\\/index.php\\\/18eme-ceremonie-des-trophees-aleonard\\\/109386\\\/#primaryimage\"},\"image\":{\"@id\":\"https:\\\/\\\/batijournal.com\\\/index.php\\\/18eme-ceremonie-des-trophees-aleonard\\\/109386\\\/#primaryimage\"},\"thumbnailUrl\":\"https:\\\/\\\/batijournal.com\\\/wp-content\\\/uploads\\\/2023\\\/10\\\/Trophees-Aleonard-2023_Sylvain-Renard.jpg\",\"datePublished\":\"2023-10-18T16:06:10+00:00\",\"author\":{\"@id\":\"https:\\\/\\\/batijournal.com\\\/#\\\/schema\\\/person\\\/1dc96ec6957aa1ccb25ebe78bb19f100\"},\"breadcrumb\":{\"@id\":\"https:\\\/\\\/batijournal.com\\\/index.php\\\/18eme-ceremonie-des-trophees-aleonard\\\/109386\\\/#breadcrumb\"},\"inLanguage\":\"fr-FR\",\"potentialAction\":[{\"@type\":\"ReadAction\",\"target\":[\"https:\\\/\\\/batijournal.com\\\/index.php\\\/18eme-ceremonie-des-trophees-aleonard\\\/109386\\\/\"]}]},{\"@type\":\"ImageObject\",\"inLanguage\":\"fr-FR\",\"@id\":\"https:\\\/\\\/batijournal.com\\\/index.php\\\/18eme-ceremonie-des-trophees-aleonard\\\/109386\\\/#primaryimage\",\"url\":\"https:\\\/\\\/batijournal.com\\\/wp-content\\\/uploads\\\/2023\\\/10\\\/Trophees-Aleonard-2023_Sylvain-Renard.jpg\",\"contentUrl\":\"https:\\\/\\\/batijournal.com\\\/wp-content\\\/uploads\\\/2023\\\/10\\\/Trophees-Aleonard-2023_Sylvain-Renard.jpg\",\"width\":1000,\"height\":562},{\"@type\":\"BreadcrumbList\",\"@id\":\"https:\\\/\\\/batijournal.com\\\/index.php\\\/18eme-ceremonie-des-trophees-aleonard\\\/109386\\\/#breadcrumb\",\"itemListElement\":[{\"@type\":\"ListItem\",\"position\":1,\"name\":\"Accueil\",\"item\":\"https:\\\/\\\/batijournal.com\\\/\"},{\"@type\":\"ListItem\",\"position\":2,\"name\":\"Actualit\u00e9s\",\"item\":\"https:\\\/\\\/batijournal.com\\\/index.php\\\/category\\\/actualites\\\/\"},{\"@type\":\"ListItem\",\"position\":3,\"name\":\"18\u00e8me c\u00e9r\u00e9monie des Troph\u00e9es Al\u00e9onard\"}]},{\"@type\":\"WebSite\",\"@id\":\"https:\\\/\\\/batijournal.com\\\/#website\",\"url\":\"https:\\\/\\\/batijournal.com\\\/\",\"name\":\"Batijournal\",\"description\":\"L&#039;actualit\u00e9 du b\u00e2timent\",\"potentialAction\":[{\"@type\":\"SearchAction\",\"target\":{\"@type\":\"EntryPoint\",\"urlTemplate\":\"https:\\\/\\\/batijournal.com\\\/?s={search_term_string}\"},\"query-input\":{\"@type\":\"PropertyValueSpecification\",\"valueRequired\":true,\"valueName\":\"search_term_string\"}}],\"inLanguage\":\"fr-FR\"},{\"@type\":\"Person\",\"@id\":\"https:\\\/\\\/batijournal.com\\\/#\\\/schema\\\/person\\\/1dc96ec6957aa1ccb25ebe78bb19f100\",\"name\":\"St\u00e9phane Miget\",\"image\":{\"@type\":\"ImageObject\",\"inLanguage\":\"fr-FR\",\"@id\":\"https:\\\/\\\/secure.gravatar.com\\\/avatar\\\/89915563d925342126b8ef0281b93d9d7fc337043e8df017f780908eb9644451?s=96&d=mm&r=g\",\"url\":\"https:\\\/\\\/secure.gravatar.com\\\/avatar\\\/89915563d925342126b8ef0281b93d9d7fc337043e8df017f780908eb9644451?s=96&d=mm&r=g\",\"contentUrl\":\"https:\\\/\\\/secure.gravatar.com\\\/avatar\\\/89915563d925342126b8ef0281b93d9d7fc337043e8df017f780908eb9644451?s=96&d=mm&r=g\",\"caption\":\"St\u00e9phane Miget\"},\"url\":\"https:\\\/\\\/batijournal.com\\\/index.php\\\/author\\\/stephane\\\/\"}]}<\/script>\n<!-- \/ Yoast SEO plugin. -->","yoast_head_json":{"title":"18\u00e8me c\u00e9r\u00e9monie des Troph\u00e9es Al\u00e9onard","robots":{"index":"index","follow":"follow","max-snippet":"max-snippet:-1","max-image-preview":"max-image-preview:large","max-video-preview":"max-video-preview:-1"},"canonical":"https:\/\/batijournal.com\/index.php\/18eme-ceremonie-des-trophees-aleonard\/109386\/","og_locale":"fr_FR","og_type":"article","og_title":"18\u00e8me c\u00e9r\u00e9monie des Troph\u00e9es Al\u00e9onard","og_description":"La 18\u00e8me c\u00e9r\u00e9monie des Troph\u00e9es Al\u00e9onard s\u2019est tenue le 12 octobre au sein de l\u2019Abbaye de Royaumont, \u00e0 Asni\u00e8res-sur-Oise. Cette ann\u00e9e, 41 dossiers de candidature ont \u00e9t\u00e9 examin\u00e9s par un jury d\u2019experts dans les cat\u00e9gories suivantes : Premier chantier, Demeure Al\u00e9onard, Edifice &amp; Patrimoine et Monument Historique. Premier chantier Cette cat\u00e9gorie r\u00e9compense les entreprises r\u00e9alisant [&hellip;]","og_url":"https:\/\/batijournal.com\/index.php\/18eme-ceremonie-des-trophees-aleonard\/109386\/","og_site_name":"Batijournal","article_published_time":"2023-10-18T16:06:10+00:00","og_image":[{"width":1000,"height":562,"url":"https:\/\/batijournal.com\/wp-content\/uploads\/2023\/10\/Trophees-Aleonard-2023_Sylvain-Renard.jpg","type":"image\/jpeg"}],"author":"St\u00e9phane Miget","twitter_card":"summary_large_image","twitter_creator":"@bati_journal","twitter_site":"@bati_journal","twitter_misc":{"\u00c9crit par":"St\u00e9phane Miget","Dur\u00e9e de lecture estim\u00e9e":"5 minutes"},"schema":{"@context":"https:\/\/schema.org","@graph":[{"@type":"Article","@id":"https:\/\/batijournal.com\/index.php\/18eme-ceremonie-des-trophees-aleonard\/109386\/#article","isPartOf":{"@id":"https:\/\/batijournal.com\/index.php\/18eme-ceremonie-des-trophees-aleonard\/109386\/"},"author":{"name":"St\u00e9phane Miget","@id":"https:\/\/batijournal.com\/#\/schema\/person\/1dc96ec6957aa1ccb25ebe78bb19f100"},"headline":"18\u00e8me c\u00e9r\u00e9monie des Troph\u00e9es Al\u00e9onard","datePublished":"2023-10-18T16:06:10+00:00","mainEntityOfPage":{"@id":"https:\/\/batijournal.com\/index.php\/18eme-ceremonie-des-trophees-aleonard\/109386\/"},"wordCount":972,"image":{"@id":"https:\/\/batijournal.com\/index.php\/18eme-ceremonie-des-trophees-aleonard\/109386\/#primaryimage"},"thumbnailUrl":"https:\/\/batijournal.com\/wp-content\/uploads\/2023\/10\/Trophees-Aleonard-2023_Sylvain-Renard.jpg","keywords":["tuile"],"articleSection":["Actualit\u00e9s","Divers","zz_5fa\u00e7ades","zz_Actualit\u00e9s - 5fa\u00e7ades","zz_Actualit\u00e9s - Atrium","zz_Atrium Patrimoine"],"inLanguage":"fr-FR"},{"@type":"WebPage","@id":"https:\/\/batijournal.com\/index.php\/18eme-ceremonie-des-trophees-aleonard\/109386\/","url":"https:\/\/batijournal.com\/index.php\/18eme-ceremonie-des-trophees-aleonard\/109386\/","name":"18\u00e8me c\u00e9r\u00e9monie des Troph\u00e9es Al\u00e9onard","isPartOf":{"@id":"https:\/\/batijournal.com\/#website"},"primaryImageOfPage":{"@id":"https:\/\/batijournal.com\/index.php\/18eme-ceremonie-des-trophees-aleonard\/109386\/#primaryimage"},"image":{"@id":"https:\/\/batijournal.com\/index.php\/18eme-ceremonie-des-trophees-aleonard\/109386\/#primaryimage"},"thumbnailUrl":"https:\/\/batijournal.com\/wp-content\/uploads\/2023\/10\/Trophees-Aleonard-2023_Sylvain-Renard.jpg","datePublished":"2023-10-18T16:06:10+00:00","author":{"@id":"https:\/\/batijournal.com\/#\/schema\/person\/1dc96ec6957aa1ccb25ebe78bb19f100"},"breadcrumb":{"@id":"https:\/\/batijournal.com\/index.php\/18eme-ceremonie-des-trophees-aleonard\/109386\/#breadcrumb"},"inLanguage":"fr-FR","potentialAction":[{"@type":"ReadAction","target":["https:\/\/batijournal.com\/index.php\/18eme-ceremonie-des-trophees-aleonard\/109386\/"]}]},{"@type":"ImageObject","inLanguage":"fr-FR","@id":"https:\/\/batijournal.com\/index.php\/18eme-ceremonie-des-trophees-aleonard\/109386\/#primaryimage","url":"https:\/\/batijournal.com\/wp-content\/uploads\/2023\/10\/Trophees-Aleonard-2023_Sylvain-Renard.jpg","contentUrl":"https:\/\/batijournal.com\/wp-content\/uploads\/2023\/10\/Trophees-Aleonard-2023_Sylvain-Renard.jpg","width":1000,"height":562},{"@type":"BreadcrumbList","@id":"https:\/\/batijournal.com\/index.php\/18eme-ceremonie-des-trophees-aleonard\/109386\/#breadcrumb","itemListElement":[{"@type":"ListItem","position":1,"name":"Accueil","item":"https:\/\/batijournal.com\/"},{"@type":"ListItem","position":2,"name":"Actualit\u00e9s","item":"https:\/\/batijournal.com\/index.php\/category\/actualites\/"},{"@type":"ListItem","position":3,"name":"18\u00e8me c\u00e9r\u00e9monie des Troph\u00e9es Al\u00e9onard"}]},{"@type":"WebSite","@id":"https:\/\/batijournal.com\/#website","url":"https:\/\/batijournal.com\/","name":"Batijournal","description":"L&#039;actualit\u00e9 du b\u00e2timent","potentialAction":[{"@type":"SearchAction","target":{"@type":"EntryPoint","urlTemplate":"https:\/\/batijournal.com\/?s={search_term_string}"},"query-input":{"@type":"PropertyValueSpecification","valueRequired":true,"valueName":"search_term_string"}}],"inLanguage":"fr-FR"},{"@type":"Person","@id":"https:\/\/batijournal.com\/#\/schema\/person\/1dc96ec6957aa1ccb25ebe78bb19f100","name":"St\u00e9phane Miget","image":{"@type":"ImageObject","inLanguage":"fr-FR","@id":"https:\/\/secure.gravatar.com\/avatar\/89915563d925342126b8ef0281b93d9d7fc337043e8df017f780908eb9644451?s=96&d=mm&r=g","url":"https:\/\/secure.gravatar.com\/avatar\/89915563d925342126b8ef0281b93d9d7fc337043e8df017f780908eb9644451?s=96&d=mm&r=g","contentUrl":"https:\/\/secure.gravatar.com\/avatar\/89915563d925342126b8ef0281b93d9d7fc337043e8df017f780908eb9644451?s=96&d=mm&r=g","caption":"St\u00e9phane Miget"},"url":"https:\/\/batijournal.com\/index.php\/author\/stephane\/"}]}},"_links":{"self":[{"href":"https:\/\/batijournal.com\/index.php\/wp-json\/wp\/v2\/posts\/109386","targetHints":{"allow":["GET"]}}],"collection":[{"href":"https:\/\/batijournal.com\/index.php\/wp-json\/wp\/v2\/posts"}],"about":[{"href":"https:\/\/batijournal.com\/index.php\/wp-json\/wp\/v2\/types\/post"}],"author":[{"embeddable":true,"href":"https:\/\/batijournal.com\/index.php\/wp-json\/wp\/v2\/users\/17"}],"replies":[{"embeddable":true,"href":"https:\/\/batijournal.com\/index.php\/wp-json\/wp\/v2\/comments?post=109386"}],"version-history":[{"count":0,"href":"https:\/\/batijournal.com\/index.php\/wp-json\/wp\/v2\/posts\/109386\/revisions"}],"wp:featuredmedia":[{"embeddable":true,"href":"https:\/\/batijournal.com\/index.php\/wp-json\/wp\/v2\/media\/109387"}],"wp:attachment":[{"href":"https:\/\/batijournal.com\/index.php\/wp-json\/wp\/v2\/media?parent=109386"}],"wp:term":[{"taxonomy":"category","embeddable":true,"href":"https:\/\/batijournal.com\/index.php\/wp-json\/wp\/v2\/categories?post=109386"},{"taxonomy":"post_tag","embeddable":true,"href":"https:\/\/batijournal.com\/index.php\/wp-json\/wp\/v2\/tags?post=109386"}],"curies":[{"name":"wp","href":"https:\/\/api.w.org\/{rel}","templated":true}]}}