{"id":109390,"date":"2023-10-19T10:15:59","date_gmt":"2023-10-19T08:15:59","guid":{"rendered":"https:\/\/batijournal.com\/?p=109390"},"modified":"2023-10-19T10:15:59","modified_gmt":"2023-10-19T08:15:59","slug":"lufme-prone-le-changement-des-menuiseries-a-double-vitrage-de-premiere-generation","status":"publish","type":"post","link":"https:\/\/batijournal.com\/index.php\/lufme-prone-le-changement-des-menuiseries-a-double-vitrage-de-premiere-generation\/109390\/","title":{"rendered":"L\u2019UFME pr\u00f4ne le changement des menuiseries \u00e0 double vitrage de premi\u00e8re g\u00e9n\u00e9ration"},"content":{"rendered":"<p>L\u2019UFME met en lumi\u00e8re la n\u00e9cessit\u00e9 d\u2019int\u00e9grer le changement des fen\u00eatres \u00e9quip\u00e9es de double vitrage de premi\u00e8re g\u00e9n\u00e9ration pour contribuer efficacement \u00e0 l\u2019atteinte des objectifs fix\u00e9s. Ce type de fen\u00eatres (coefficient de transmission thermique sup\u00e9rieur \u00e0 3W\/m2.K) \u00e9tait install\u00e9 jusqu\u2019\u00e0 la fin des ann\u00e9es 1990, avant la g\u00e9n\u00e9ralisation des vitrages \u00e0 hautes performances d\u2019isolation. Ces menuiseries repr\u00e9sentent aujourd\u2019hui pr\u00e8s d\u2019un quart du parc existant et \u00e9quipent la plupart des logements fran\u00e7ais dits \u00ab passoires thermiques \u00bb (classes F et G du DPE) ou de performance \u00e9nerg\u00e9tique faible (classe E). Cette proportion pouvant s\u2019\u00e9lever m\u00eame \u00e0 plus de 30 % pour les logements collectifs*. Au-del\u00e0 de la d\u00e9gradation de la performance \u00e9nerg\u00e9tique des b\u00e2timents, leur conservation peut aussi entra\u00eener un risque accru de pathologies n\u00e9fastes pour les occupants (apparition de moisissures, d\u00e9gradation de la qualit\u00e9 de l\u2019air int\u00e9rieur voire insalubrit\u00e9). L\u2019UFME propose ainsi de rendre \u00e9ligible leur remplacement aux aides \u00e0 la r\u00e9novation \u00e9nerg\u00e9tique, notamment MaPrimeR\u00e9nov\u2019 alors que la quasi-totalit\u00e9 des dispositifs d\u2019aide \u00e0 la r\u00e9novation est adoss\u00e9e \u00e0 l&rsquo;article 200 quater du Code G\u00e9n\u00e9ral des Imp\u00f4ts qui limite l\u2019\u00e9ligibilit\u00e9 de la r\u00e9novation des fen\u00eatres au remplacement de parois en simple vitrage.<\/p>\n","protected":false},"excerpt":{"rendered":"<p>L\u2019UFME met en lumi\u00e8re la n\u00e9cessit\u00e9 d\u2019int\u00e9grer le changement des fen\u00eatres \u00e9quip\u00e9es de double vitrage de premi\u00e8re g\u00e9n\u00e9ration pour contribuer efficacement \u00e0 l\u2019atteinte des objectifs fix\u00e9s. Ce type de fen\u00eatres (coefficient de transmission thermique sup\u00e9rieur \u00e0 3W\/m2.K) \u00e9tait install\u00e9 jusqu\u2019\u00e0 la fin des ann\u00e9es 1990, avant la g\u00e9n\u00e9ralisation des vitrages \u00e0 hautes performances d\u2019isolation. Ces [&hellip;]<\/p>\n","protected":false},"author":17,"featured_media":109391,"comment_status":"closed","ping_status":"closed","sticky":false,"template":"","format":"standard","meta":{"_et_pb_use_builder":"","_et_pb_old_content":"","_et_gb_content_width":"","footnotes":""},"categories":[10530,6351,10771,10775,10781,10778],"tags":[466,1016,1683,2500],"class_list":["post-109390","post","type-post","status-publish","format-standard","has-post-thumbnail","hentry","category-actualites","category-energie-environnement","category-5facades","category-actualites-5facades","category-publications-planete","category-planete","tag-fenetres","tag-menuiseries","tag-renovation-energetique","tag-ufme"],"yoast_head":"<!-- This site is optimized with the Yoast SEO plugin v27.4 - https:\/\/yoast.com\/product\/yoast-seo-wordpress\/ -->\n<title>L\u2019UFME pr\u00f4ne le changement des menuiseries \u00e0 double vitrage de premi\u00e8re g\u00e9n\u00e9ration<\/title>\n<meta name=\"robots\" content=\"index, follow, max-snippet:-1, max-image-preview:large, max-video-preview:-1\" \/>\n<link rel=\"canonical\" href=\"https:\/\/batijournal.com\/index.php\/lufme-prone-le-changement-des-menuiseries-a-double-vitrage-de-premiere-generation\/109390\/\" \/>\n<meta property=\"og:locale\" content=\"fr_FR\" \/>\n<meta property=\"og:type\" content=\"article\" \/>\n<meta property=\"og:title\" content=\"L\u2019UFME pr\u00f4ne le changement des menuiseries \u00e0 double vitrage de premi\u00e8re g\u00e9n\u00e9ration\" \/>\n<meta property=\"og:description\" content=\"L\u2019UFME met en lumi\u00e8re la n\u00e9cessit\u00e9 d\u2019int\u00e9grer le changement des fen\u00eatres \u00e9quip\u00e9es de double vitrage de premi\u00e8re g\u00e9n\u00e9ration pour contribuer efficacement \u00e0 l\u2019atteinte des objectifs fix\u00e9s. Ce type de fen\u00eatres (coefficient de transmission thermique sup\u00e9rieur \u00e0 3W\/m2.K) \u00e9tait install\u00e9 jusqu\u2019\u00e0 la fin des ann\u00e9es 1990, avant la g\u00e9n\u00e9ralisation des vitrages \u00e0 hautes performances d\u2019isolation. Ces [&hellip;]\" \/>\n<meta property=\"og:url\" content=\"https:\/\/batijournal.com\/index.php\/lufme-prone-le-changement-des-menuiseries-a-double-vitrage-de-premiere-generation\/109390\/\" \/>\n<meta property=\"og:site_name\" content=\"Batijournal\" \/>\n<meta property=\"article:published_time\" content=\"2023-10-19T08:15:59+00:00\" \/>\n<meta property=\"og:image\" content=\"https:\/\/batijournal.com\/wp-content\/uploads\/2023\/10\/double-vitrage.jpg\" \/>\n\t<meta property=\"og:image:width\" content=\"1000\" \/>\n\t<meta property=\"og:image:height\" content=\"560\" \/>\n\t<meta property=\"og:image:type\" content=\"image\/jpeg\" \/>\n<meta name=\"author\" content=\"St\u00e9phane Miget\" \/>\n<meta name=\"twitter:card\" content=\"summary_large_image\" \/>\n<meta name=\"twitter:creator\" content=\"@bati_journal\" \/>\n<meta name=\"twitter:site\" content=\"@bati_journal\" \/>\n<meta name=\"twitter:label1\" content=\"\u00c9crit par\" \/>\n\t<meta name=\"twitter:data1\" content=\"St\u00e9phane Miget\" \/>\n\t<meta name=\"twitter:label2\" content=\"Dur\u00e9e de lecture estim\u00e9e\" \/>\n\t<meta name=\"twitter:data2\" content=\"1 minute\" \/>\n<script type=\"application\/ld+json\" class=\"yoast-schema-graph\">{\"@context\":\"https:\\\/\\\/schema.org\",\"@graph\":[{\"@type\":\"Article\",\"@id\":\"https:\\\/\\\/batijournal.com\\\/index.php\\\/lufme-prone-le-changement-des-menuiseries-a-double-vitrage-de-premiere-generation\\\/109390\\\/#article\",\"isPartOf\":{\"@id\":\"https:\\\/\\\/batijournal.com\\\/index.php\\\/lufme-prone-le-changement-des-menuiseries-a-double-vitrage-de-premiere-generation\\\/109390\\\/\"},\"author\":{\"name\":\"St\u00e9phane Miget\",\"@id\":\"https:\\\/\\\/batijournal.com\\\/#\\\/schema\\\/person\\\/1dc96ec6957aa1ccb25ebe78bb19f100\"},\"headline\":\"L\u2019UFME pr\u00f4ne le changement des menuiseries \u00e0 double vitrage de premi\u00e8re g\u00e9n\u00e9ration\",\"datePublished\":\"2023-10-19T08:15:59+00:00\",\"mainEntityOfPage\":{\"@id\":\"https:\\\/\\\/batijournal.com\\\/index.php\\\/lufme-prone-le-changement-des-menuiseries-a-double-vitrage-de-premiere-generation\\\/109390\\\/\"},\"wordCount\":244,\"image\":{\"@id\":\"https:\\\/\\\/batijournal.com\\\/index.php\\\/lufme-prone-le-changement-des-menuiseries-a-double-vitrage-de-premiere-generation\\\/109390\\\/#primaryimage\"},\"thumbnailUrl\":\"https:\\\/\\\/batijournal.com\\\/wp-content\\\/uploads\\\/2023\\\/10\\\/double-vitrage.jpg\",\"keywords\":[\"fen\u00eatres\",\"menuiseries\",\"renovation energetique\",\"UFME\"],\"articleSection\":[\"Actualit\u00e9s\",\"\u00c9nergie &amp; Environnement\",\"zz_5fa\u00e7ades\",\"zz_Actualit\u00e9s - 5fa\u00e7ades\",\"zz_Actualit\u00e9s - Plan\u00e8te\",\"zz_Plan\u00e8te B\u00e2timent\"],\"inLanguage\":\"fr-FR\"},{\"@type\":\"WebPage\",\"@id\":\"https:\\\/\\\/batijournal.com\\\/index.php\\\/lufme-prone-le-changement-des-menuiseries-a-double-vitrage-de-premiere-generation\\\/109390\\\/\",\"url\":\"https:\\\/\\\/batijournal.com\\\/index.php\\\/lufme-prone-le-changement-des-menuiseries-a-double-vitrage-de-premiere-generation\\\/109390\\\/\",\"name\":\"L\u2019UFME pr\u00f4ne le changement des menuiseries \u00e0 double vitrage de premi\u00e8re g\u00e9n\u00e9ration\",\"isPartOf\":{\"@id\":\"https:\\\/\\\/batijournal.com\\\/#website\"},\"primaryImageOfPage\":{\"@id\":\"https:\\\/\\\/batijournal.com\\\/index.php\\\/lufme-prone-le-changement-des-menuiseries-a-double-vitrage-de-premiere-generation\\\/109390\\\/#primaryimage\"},\"image\":{\"@id\":\"https:\\\/\\\/batijournal.com\\\/index.php\\\/lufme-prone-le-changement-des-menuiseries-a-double-vitrage-de-premiere-generation\\\/109390\\\/#primaryimage\"},\"thumbnailUrl\":\"https:\\\/\\\/batijournal.com\\\/wp-content\\\/uploads\\\/2023\\\/10\\\/double-vitrage.jpg\",\"datePublished\":\"2023-10-19T08:15:59+00:00\",\"author\":{\"@id\":\"https:\\\/\\\/batijournal.com\\\/#\\\/schema\\\/person\\\/1dc96ec6957aa1ccb25ebe78bb19f100\"},\"breadcrumb\":{\"@id\":\"https:\\\/\\\/batijournal.com\\\/index.php\\\/lufme-prone-le-changement-des-menuiseries-a-double-vitrage-de-premiere-generation\\\/109390\\\/#breadcrumb\"},\"inLanguage\":\"fr-FR\",\"potentialAction\":[{\"@type\":\"ReadAction\",\"target\":[\"https:\\\/\\\/batijournal.com\\\/index.php\\\/lufme-prone-le-changement-des-menuiseries-a-double-vitrage-de-premiere-generation\\\/109390\\\/\"]}]},{\"@type\":\"ImageObject\",\"inLanguage\":\"fr-FR\",\"@id\":\"https:\\\/\\\/batijournal.com\\\/index.php\\\/lufme-prone-le-changement-des-menuiseries-a-double-vitrage-de-premiere-generation\\\/109390\\\/#primaryimage\",\"url\":\"https:\\\/\\\/batijournal.com\\\/wp-content\\\/uploads\\\/2023\\\/10\\\/double-vitrage.jpg\",\"contentUrl\":\"https:\\\/\\\/batijournal.com\\\/wp-content\\\/uploads\\\/2023\\\/10\\\/double-vitrage.jpg\",\"width\":1000,\"height\":560},{\"@type\":\"BreadcrumbList\",\"@id\":\"https:\\\/\\\/batijournal.com\\\/index.php\\\/lufme-prone-le-changement-des-menuiseries-a-double-vitrage-de-premiere-generation\\\/109390\\\/#breadcrumb\",\"itemListElement\":[{\"@type\":\"ListItem\",\"position\":1,\"name\":\"Accueil\",\"item\":\"https:\\\/\\\/batijournal.com\\\/\"},{\"@type\":\"ListItem\",\"position\":2,\"name\":\"Actualit\u00e9s\",\"item\":\"https:\\\/\\\/batijournal.com\\\/index.php\\\/category\\\/actualites\\\/\"},{\"@type\":\"ListItem\",\"position\":3,\"name\":\"L\u2019UFME pr\u00f4ne le changement des menuiseries \u00e0 double vitrage de premi\u00e8re g\u00e9n\u00e9ration\"}]},{\"@type\":\"WebSite\",\"@id\":\"https:\\\/\\\/batijournal.com\\\/#website\",\"url\":\"https:\\\/\\\/batijournal.com\\\/\",\"name\":\"Batijournal\",\"description\":\"L&#039;actualit\u00e9 du b\u00e2timent\",\"potentialAction\":[{\"@type\":\"SearchAction\",\"target\":{\"@type\":\"EntryPoint\",\"urlTemplate\":\"https:\\\/\\\/batijournal.com\\\/?s={search_term_string}\"},\"query-input\":{\"@type\":\"PropertyValueSpecification\",\"valueRequired\":true,\"valueName\":\"search_term_string\"}}],\"inLanguage\":\"fr-FR\"},{\"@type\":\"Person\",\"@id\":\"https:\\\/\\\/batijournal.com\\\/#\\\/schema\\\/person\\\/1dc96ec6957aa1ccb25ebe78bb19f100\",\"name\":\"St\u00e9phane Miget\",\"image\":{\"@type\":\"ImageObject\",\"inLanguage\":\"fr-FR\",\"@id\":\"https:\\\/\\\/secure.gravatar.com\\\/avatar\\\/89915563d925342126b8ef0281b93d9d7fc337043e8df017f780908eb9644451?s=96&d=mm&r=g\",\"url\":\"https:\\\/\\\/secure.gravatar.com\\\/avatar\\\/89915563d925342126b8ef0281b93d9d7fc337043e8df017f780908eb9644451?s=96&d=mm&r=g\",\"contentUrl\":\"https:\\\/\\\/secure.gravatar.com\\\/avatar\\\/89915563d925342126b8ef0281b93d9d7fc337043e8df017f780908eb9644451?s=96&d=mm&r=g\",\"caption\":\"St\u00e9phane Miget\"},\"url\":\"https:\\\/\\\/batijournal.com\\\/index.php\\\/author\\\/stephane\\\/\"}]}<\/script>\n<!-- \/ Yoast SEO plugin. -->","yoast_head_json":{"title":"L\u2019UFME pr\u00f4ne le changement des menuiseries \u00e0 double vitrage de premi\u00e8re g\u00e9n\u00e9ration","robots":{"index":"index","follow":"follow","max-snippet":"max-snippet:-1","max-image-preview":"max-image-preview:large","max-video-preview":"max-video-preview:-1"},"canonical":"https:\/\/batijournal.com\/index.php\/lufme-prone-le-changement-des-menuiseries-a-double-vitrage-de-premiere-generation\/109390\/","og_locale":"fr_FR","og_type":"article","og_title":"L\u2019UFME pr\u00f4ne le changement des menuiseries \u00e0 double vitrage de premi\u00e8re g\u00e9n\u00e9ration","og_description":"L\u2019UFME met en lumi\u00e8re la n\u00e9cessit\u00e9 d\u2019int\u00e9grer le changement des fen\u00eatres \u00e9quip\u00e9es de double vitrage de premi\u00e8re g\u00e9n\u00e9ration pour contribuer efficacement \u00e0 l\u2019atteinte des objectifs fix\u00e9s. Ce type de fen\u00eatres (coefficient de transmission thermique sup\u00e9rieur \u00e0 3W\/m2.K) \u00e9tait install\u00e9 jusqu\u2019\u00e0 la fin des ann\u00e9es 1990, avant la g\u00e9n\u00e9ralisation des vitrages \u00e0 hautes performances d\u2019isolation. Ces [&hellip;]","og_url":"https:\/\/batijournal.com\/index.php\/lufme-prone-le-changement-des-menuiseries-a-double-vitrage-de-premiere-generation\/109390\/","og_site_name":"Batijournal","article_published_time":"2023-10-19T08:15:59+00:00","og_image":[{"width":1000,"height":560,"url":"https:\/\/batijournal.com\/wp-content\/uploads\/2023\/10\/double-vitrage.jpg","type":"image\/jpeg"}],"author":"St\u00e9phane Miget","twitter_card":"summary_large_image","twitter_creator":"@bati_journal","twitter_site":"@bati_journal","twitter_misc":{"\u00c9crit par":"St\u00e9phane Miget","Dur\u00e9e de lecture estim\u00e9e":"1 minute"},"schema":{"@context":"https:\/\/schema.org","@graph":[{"@type":"Article","@id":"https:\/\/batijournal.com\/index.php\/lufme-prone-le-changement-des-menuiseries-a-double-vitrage-de-premiere-generation\/109390\/#article","isPartOf":{"@id":"https:\/\/batijournal.com\/index.php\/lufme-prone-le-changement-des-menuiseries-a-double-vitrage-de-premiere-generation\/109390\/"},"author":{"name":"St\u00e9phane Miget","@id":"https:\/\/batijournal.com\/#\/schema\/person\/1dc96ec6957aa1ccb25ebe78bb19f100"},"headline":"L\u2019UFME pr\u00f4ne le changement des menuiseries \u00e0 double vitrage de premi\u00e8re g\u00e9n\u00e9ration","datePublished":"2023-10-19T08:15:59+00:00","mainEntityOfPage":{"@id":"https:\/\/batijournal.com\/index.php\/lufme-prone-le-changement-des-menuiseries-a-double-vitrage-de-premiere-generation\/109390\/"},"wordCount":244,"image":{"@id":"https:\/\/batijournal.com\/index.php\/lufme-prone-le-changement-des-menuiseries-a-double-vitrage-de-premiere-generation\/109390\/#primaryimage"},"thumbnailUrl":"https:\/\/batijournal.com\/wp-content\/uploads\/2023\/10\/double-vitrage.jpg","keywords":["fen\u00eatres","menuiseries","renovation energetique","UFME"],"articleSection":["Actualit\u00e9s","\u00c9nergie &amp; Environnement","zz_5fa\u00e7ades","zz_Actualit\u00e9s - 5fa\u00e7ades","zz_Actualit\u00e9s - Plan\u00e8te","zz_Plan\u00e8te B\u00e2timent"],"inLanguage":"fr-FR"},{"@type":"WebPage","@id":"https:\/\/batijournal.com\/index.php\/lufme-prone-le-changement-des-menuiseries-a-double-vitrage-de-premiere-generation\/109390\/","url":"https:\/\/batijournal.com\/index.php\/lufme-prone-le-changement-des-menuiseries-a-double-vitrage-de-premiere-generation\/109390\/","name":"L\u2019UFME pr\u00f4ne le changement des menuiseries \u00e0 double vitrage de premi\u00e8re g\u00e9n\u00e9ration","isPartOf":{"@id":"https:\/\/batijournal.com\/#website"},"primaryImageOfPage":{"@id":"https:\/\/batijournal.com\/index.php\/lufme-prone-le-changement-des-menuiseries-a-double-vitrage-de-premiere-generation\/109390\/#primaryimage"},"image":{"@id":"https:\/\/batijournal.com\/index.php\/lufme-prone-le-changement-des-menuiseries-a-double-vitrage-de-premiere-generation\/109390\/#primaryimage"},"thumbnailUrl":"https:\/\/batijournal.com\/wp-content\/uploads\/2023\/10\/double-vitrage.jpg","datePublished":"2023-10-19T08:15:59+00:00","author":{"@id":"https:\/\/batijournal.com\/#\/schema\/person\/1dc96ec6957aa1ccb25ebe78bb19f100"},"breadcrumb":{"@id":"https:\/\/batijournal.com\/index.php\/lufme-prone-le-changement-des-menuiseries-a-double-vitrage-de-premiere-generation\/109390\/#breadcrumb"},"inLanguage":"fr-FR","potentialAction":[{"@type":"ReadAction","target":["https:\/\/batijournal.com\/index.php\/lufme-prone-le-changement-des-menuiseries-a-double-vitrage-de-premiere-generation\/109390\/"]}]},{"@type":"ImageObject","inLanguage":"fr-FR","@id":"https:\/\/batijournal.com\/index.php\/lufme-prone-le-changement-des-menuiseries-a-double-vitrage-de-premiere-generation\/109390\/#primaryimage","url":"https:\/\/batijournal.com\/wp-content\/uploads\/2023\/10\/double-vitrage.jpg","contentUrl":"https:\/\/batijournal.com\/wp-content\/uploads\/2023\/10\/double-vitrage.jpg","width":1000,"height":560},{"@type":"BreadcrumbList","@id":"https:\/\/batijournal.com\/index.php\/lufme-prone-le-changement-des-menuiseries-a-double-vitrage-de-premiere-generation\/109390\/#breadcrumb","itemListElement":[{"@type":"ListItem","position":1,"name":"Accueil","item":"https:\/\/batijournal.com\/"},{"@type":"ListItem","position":2,"name":"Actualit\u00e9s","item":"https:\/\/batijournal.com\/index.php\/category\/actualites\/"},{"@type":"ListItem","position":3,"name":"L\u2019UFME pr\u00f4ne le changement des menuiseries \u00e0 double vitrage de premi\u00e8re g\u00e9n\u00e9ration"}]},{"@type":"WebSite","@id":"https:\/\/batijournal.com\/#website","url":"https:\/\/batijournal.com\/","name":"Batijournal","description":"L&#039;actualit\u00e9 du b\u00e2timent","potentialAction":[{"@type":"SearchAction","target":{"@type":"EntryPoint","urlTemplate":"https:\/\/batijournal.com\/?s={search_term_string}"},"query-input":{"@type":"PropertyValueSpecification","valueRequired":true,"valueName":"search_term_string"}}],"inLanguage":"fr-FR"},{"@type":"Person","@id":"https:\/\/batijournal.com\/#\/schema\/person\/1dc96ec6957aa1ccb25ebe78bb19f100","name":"St\u00e9phane Miget","image":{"@type":"ImageObject","inLanguage":"fr-FR","@id":"https:\/\/secure.gravatar.com\/avatar\/89915563d925342126b8ef0281b93d9d7fc337043e8df017f780908eb9644451?s=96&d=mm&r=g","url":"https:\/\/secure.gravatar.com\/avatar\/89915563d925342126b8ef0281b93d9d7fc337043e8df017f780908eb9644451?s=96&d=mm&r=g","contentUrl":"https:\/\/secure.gravatar.com\/avatar\/89915563d925342126b8ef0281b93d9d7fc337043e8df017f780908eb9644451?s=96&d=mm&r=g","caption":"St\u00e9phane Miget"},"url":"https:\/\/batijournal.com\/index.php\/author\/stephane\/"}]}},"_links":{"self":[{"href":"https:\/\/batijournal.com\/index.php\/wp-json\/wp\/v2\/posts\/109390","targetHints":{"allow":["GET"]}}],"collection":[{"href":"https:\/\/batijournal.com\/index.php\/wp-json\/wp\/v2\/posts"}],"about":[{"href":"https:\/\/batijournal.com\/index.php\/wp-json\/wp\/v2\/types\/post"}],"author":[{"embeddable":true,"href":"https:\/\/batijournal.com\/index.php\/wp-json\/wp\/v2\/users\/17"}],"replies":[{"embeddable":true,"href":"https:\/\/batijournal.com\/index.php\/wp-json\/wp\/v2\/comments?post=109390"}],"version-history":[{"count":0,"href":"https:\/\/batijournal.com\/index.php\/wp-json\/wp\/v2\/posts\/109390\/revisions"}],"wp:featuredmedia":[{"embeddable":true,"href":"https:\/\/batijournal.com\/index.php\/wp-json\/wp\/v2\/media\/109391"}],"wp:attachment":[{"href":"https:\/\/batijournal.com\/index.php\/wp-json\/wp\/v2\/media?parent=109390"}],"wp:term":[{"taxonomy":"category","embeddable":true,"href":"https:\/\/batijournal.com\/index.php\/wp-json\/wp\/v2\/categories?post=109390"},{"taxonomy":"post_tag","embeddable":true,"href":"https:\/\/batijournal.com\/index.php\/wp-json\/wp\/v2\/tags?post=109390"}],"curies":[{"name":"wp","href":"https:\/\/api.w.org\/{rel}","templated":true}]}}