{"id":109396,"date":"2023-10-19T16:21:24","date_gmt":"2023-10-19T14:21:24","guid":{"rendered":"https:\/\/batijournal.com\/?p=109396"},"modified":"2023-10-19T16:21:24","modified_gmt":"2023-10-19T14:21:24","slug":"bieber-se-reorganise-pour-relever-les-defis-de-demain","status":"publish","type":"post","link":"https:\/\/batijournal.com\/index.php\/bieber-se-reorganise-pour-relever-les-defis-de-demain\/109396\/","title":{"rendered":"Bieber se r\u00e9organise pour relever les d\u00e9fis de demain"},"content":{"rendered":"<p>Le fabricant de menuiseries sur-mesure Bieber, a enti\u00e8rement repens\u00e9 son site historique de Waldhambach (67). Pour mettre en valeur l\u2019\u00e9tendue du savoir-faire de l\u2019entreprise, l&rsquo;industriel a transform\u00e9 un b\u00e2timent de stockage en un show-room. Sur une surface de 320 m2, ce nouvel espace d\u2019exposition a \u00e9t\u00e9 judicieusement agenc\u00e9 selon les diff\u00e9rentes typologies de produits et pr\u00e9sente les solutions embl\u00e9matiques de la marque pour le r\u00e9sidentiel et le tertiaire. Il accueille les menuisiers, les prescripteurs mais aussi les particuliers. En 2022, il a d\u00e9plac\u00e9 sa petite unit\u00e9 de production aluminium du Bordelais \u00e0 l\u2019Alsace pour lui permettre de s\u2019accro\u00eetre. Un nouvel atelier aluminium de 1300 m2 a ainsi \u00e9t\u00e9 cr\u00e9\u00e9 en quelques mois dans des b\u00e2timents existants. L\u2019atelier bois de 21 000 m2 a b\u00e9n\u00e9fici\u00e9 d\u2019un investissement d\u20191,5 millions d\u2019euros pour accueillir d\u2019ici la fin de l\u2019ann\u00e9e un centre d\u2019usinage dernier cri. Cette nouvelle machine permettra d\u2019augmenter la capacit\u00e9 de production, d\u2019apporter plus de flexibilit\u00e9 et d\u2019\u00e9conomiser de la mati\u00e8re premi\u00e8re. Pour r\u00e9pondre \u00e0 la cr\u00e9ation de 100 nouveaux emplois, Bieber a mis en place une politique de recrutement tr\u00e8s active.<\/p>\n","protected":false},"excerpt":{"rendered":"<p>Le fabricant de menuiseries sur-mesure Bieber, a enti\u00e8rement repens\u00e9 son site historique de Waldhambach (67). Pour mettre en valeur l\u2019\u00e9tendue du savoir-faire de l\u2019entreprise, l&rsquo;industriel a transform\u00e9 un b\u00e2timent de stockage en un show-room. Sur une surface de 320 m2, ce nouvel espace d\u2019exposition a \u00e9t\u00e9 judicieusement agenc\u00e9 selon les diff\u00e9rentes typologies de produits et [&hellip;]<\/p>\n","protected":false},"author":17,"featured_media":109397,"comment_status":"closed","ping_status":"closed","sticky":false,"template":"","format":"standard","meta":{"_et_pb_use_builder":"","_et_pb_old_content":"","_et_gb_content_width":"","footnotes":""},"categories":[10530,6345,10771,10775],"tags":[1016],"class_list":["post-109396","post","type-post","status-publish","format-standard","has-post-thumbnail","hentry","category-actualites","category-economie-marches","category-5facades","category-actualites-5facades","tag-menuiseries"],"yoast_head":"<!-- This site is optimized with the Yoast SEO plugin v27.4 - https:\/\/yoast.com\/product\/yoast-seo-wordpress\/ -->\n<title>Bieber se r\u00e9organise pour relever les d\u00e9fis de demain<\/title>\n<meta name=\"robots\" content=\"index, follow, max-snippet:-1, max-image-preview:large, max-video-preview:-1\" \/>\n<link rel=\"canonical\" href=\"https:\/\/batijournal.com\/index.php\/bieber-se-reorganise-pour-relever-les-defis-de-demain\/109396\/\" \/>\n<meta property=\"og:locale\" content=\"fr_FR\" \/>\n<meta property=\"og:type\" content=\"article\" \/>\n<meta property=\"og:title\" content=\"Bieber se r\u00e9organise pour relever les d\u00e9fis de demain\" \/>\n<meta property=\"og:description\" content=\"Le fabricant de menuiseries sur-mesure Bieber, a enti\u00e8rement repens\u00e9 son site historique de Waldhambach (67). Pour mettre en valeur l\u2019\u00e9tendue du savoir-faire de l\u2019entreprise, l&rsquo;industriel a transform\u00e9 un b\u00e2timent de stockage en un show-room. Sur une surface de 320 m2, ce nouvel espace d\u2019exposition a \u00e9t\u00e9 judicieusement agenc\u00e9 selon les diff\u00e9rentes typologies de produits et [&hellip;]\" \/>\n<meta property=\"og:url\" content=\"https:\/\/batijournal.com\/index.php\/bieber-se-reorganise-pour-relever-les-defis-de-demain\/109396\/\" \/>\n<meta property=\"og:site_name\" content=\"Batijournal\" \/>\n<meta property=\"article:published_time\" content=\"2023-10-19T14:21:24+00:00\" \/>\n<meta property=\"og:image\" content=\"https:\/\/batijournal.com\/wp-content\/uploads\/2023\/10\/BIEBER_SHOWROOM00379_cover.jpg\" \/>\n\t<meta property=\"og:image:width\" content=\"810\" \/>\n\t<meta property=\"og:image:height\" content=\"456\" \/>\n\t<meta property=\"og:image:type\" content=\"image\/jpeg\" \/>\n<meta name=\"author\" content=\"St\u00e9phane Miget\" \/>\n<meta name=\"twitter:card\" content=\"summary_large_image\" \/>\n<meta name=\"twitter:creator\" content=\"@bati_journal\" \/>\n<meta name=\"twitter:site\" content=\"@bati_journal\" \/>\n<meta name=\"twitter:label1\" content=\"\u00c9crit par\" \/>\n\t<meta name=\"twitter:data1\" content=\"St\u00e9phane Miget\" \/>\n\t<meta name=\"twitter:label2\" content=\"Dur\u00e9e de lecture estim\u00e9e\" \/>\n\t<meta name=\"twitter:data2\" content=\"1 minute\" \/>\n<script type=\"application\/ld+json\" class=\"yoast-schema-graph\">{\"@context\":\"https:\\\/\\\/schema.org\",\"@graph\":[{\"@type\":\"Article\",\"@id\":\"https:\\\/\\\/batijournal.com\\\/index.php\\\/bieber-se-reorganise-pour-relever-les-defis-de-demain\\\/109396\\\/#article\",\"isPartOf\":{\"@id\":\"https:\\\/\\\/batijournal.com\\\/index.php\\\/bieber-se-reorganise-pour-relever-les-defis-de-demain\\\/109396\\\/\"},\"author\":{\"name\":\"St\u00e9phane Miget\",\"@id\":\"https:\\\/\\\/batijournal.com\\\/#\\\/schema\\\/person\\\/1dc96ec6957aa1ccb25ebe78bb19f100\"},\"headline\":\"Bieber se r\u00e9organise pour relever les d\u00e9fis de demain\",\"datePublished\":\"2023-10-19T14:21:24+00:00\",\"mainEntityOfPage\":{\"@id\":\"https:\\\/\\\/batijournal.com\\\/index.php\\\/bieber-se-reorganise-pour-relever-les-defis-de-demain\\\/109396\\\/\"},\"wordCount\":214,\"image\":{\"@id\":\"https:\\\/\\\/batijournal.com\\\/index.php\\\/bieber-se-reorganise-pour-relever-les-defis-de-demain\\\/109396\\\/#primaryimage\"},\"thumbnailUrl\":\"https:\\\/\\\/batijournal.com\\\/wp-content\\\/uploads\\\/2023\\\/10\\\/BIEBER_SHOWROOM00379_cover.jpg\",\"keywords\":[\"menuiseries\"],\"articleSection\":[\"Actualit\u00e9s\",\"\u00c9conomie &amp; March\u00e9s\",\"zz_5fa\u00e7ades\",\"zz_Actualit\u00e9s - 5fa\u00e7ades\"],\"inLanguage\":\"fr-FR\"},{\"@type\":\"WebPage\",\"@id\":\"https:\\\/\\\/batijournal.com\\\/index.php\\\/bieber-se-reorganise-pour-relever-les-defis-de-demain\\\/109396\\\/\",\"url\":\"https:\\\/\\\/batijournal.com\\\/index.php\\\/bieber-se-reorganise-pour-relever-les-defis-de-demain\\\/109396\\\/\",\"name\":\"Bieber se r\u00e9organise pour relever les d\u00e9fis de demain\",\"isPartOf\":{\"@id\":\"https:\\\/\\\/batijournal.com\\\/#website\"},\"primaryImageOfPage\":{\"@id\":\"https:\\\/\\\/batijournal.com\\\/index.php\\\/bieber-se-reorganise-pour-relever-les-defis-de-demain\\\/109396\\\/#primaryimage\"},\"image\":{\"@id\":\"https:\\\/\\\/batijournal.com\\\/index.php\\\/bieber-se-reorganise-pour-relever-les-defis-de-demain\\\/109396\\\/#primaryimage\"},\"thumbnailUrl\":\"https:\\\/\\\/batijournal.com\\\/wp-content\\\/uploads\\\/2023\\\/10\\\/BIEBER_SHOWROOM00379_cover.jpg\",\"datePublished\":\"2023-10-19T14:21:24+00:00\",\"author\":{\"@id\":\"https:\\\/\\\/batijournal.com\\\/#\\\/schema\\\/person\\\/1dc96ec6957aa1ccb25ebe78bb19f100\"},\"breadcrumb\":{\"@id\":\"https:\\\/\\\/batijournal.com\\\/index.php\\\/bieber-se-reorganise-pour-relever-les-defis-de-demain\\\/109396\\\/#breadcrumb\"},\"inLanguage\":\"fr-FR\",\"potentialAction\":[{\"@type\":\"ReadAction\",\"target\":[\"https:\\\/\\\/batijournal.com\\\/index.php\\\/bieber-se-reorganise-pour-relever-les-defis-de-demain\\\/109396\\\/\"]}]},{\"@type\":\"ImageObject\",\"inLanguage\":\"fr-FR\",\"@id\":\"https:\\\/\\\/batijournal.com\\\/index.php\\\/bieber-se-reorganise-pour-relever-les-defis-de-demain\\\/109396\\\/#primaryimage\",\"url\":\"https:\\\/\\\/batijournal.com\\\/wp-content\\\/uploads\\\/2023\\\/10\\\/BIEBER_SHOWROOM00379_cover.jpg\",\"contentUrl\":\"https:\\\/\\\/batijournal.com\\\/wp-content\\\/uploads\\\/2023\\\/10\\\/BIEBER_SHOWROOM00379_cover.jpg\",\"width\":810,\"height\":456},{\"@type\":\"BreadcrumbList\",\"@id\":\"https:\\\/\\\/batijournal.com\\\/index.php\\\/bieber-se-reorganise-pour-relever-les-defis-de-demain\\\/109396\\\/#breadcrumb\",\"itemListElement\":[{\"@type\":\"ListItem\",\"position\":1,\"name\":\"Accueil\",\"item\":\"https:\\\/\\\/batijournal.com\\\/\"},{\"@type\":\"ListItem\",\"position\":2,\"name\":\"Actualit\u00e9s\",\"item\":\"https:\\\/\\\/batijournal.com\\\/index.php\\\/category\\\/actualites\\\/\"},{\"@type\":\"ListItem\",\"position\":3,\"name\":\"Bieber se r\u00e9organise pour relever les d\u00e9fis de demain\"}]},{\"@type\":\"WebSite\",\"@id\":\"https:\\\/\\\/batijournal.com\\\/#website\",\"url\":\"https:\\\/\\\/batijournal.com\\\/\",\"name\":\"Batijournal\",\"description\":\"L&#039;actualit\u00e9 du b\u00e2timent\",\"potentialAction\":[{\"@type\":\"SearchAction\",\"target\":{\"@type\":\"EntryPoint\",\"urlTemplate\":\"https:\\\/\\\/batijournal.com\\\/?s={search_term_string}\"},\"query-input\":{\"@type\":\"PropertyValueSpecification\",\"valueRequired\":true,\"valueName\":\"search_term_string\"}}],\"inLanguage\":\"fr-FR\"},{\"@type\":\"Person\",\"@id\":\"https:\\\/\\\/batijournal.com\\\/#\\\/schema\\\/person\\\/1dc96ec6957aa1ccb25ebe78bb19f100\",\"name\":\"St\u00e9phane Miget\",\"image\":{\"@type\":\"ImageObject\",\"inLanguage\":\"fr-FR\",\"@id\":\"https:\\\/\\\/secure.gravatar.com\\\/avatar\\\/89915563d925342126b8ef0281b93d9d7fc337043e8df017f780908eb9644451?s=96&d=mm&r=g\",\"url\":\"https:\\\/\\\/secure.gravatar.com\\\/avatar\\\/89915563d925342126b8ef0281b93d9d7fc337043e8df017f780908eb9644451?s=96&d=mm&r=g\",\"contentUrl\":\"https:\\\/\\\/secure.gravatar.com\\\/avatar\\\/89915563d925342126b8ef0281b93d9d7fc337043e8df017f780908eb9644451?s=96&d=mm&r=g\",\"caption\":\"St\u00e9phane Miget\"},\"url\":\"https:\\\/\\\/batijournal.com\\\/index.php\\\/author\\\/stephane\\\/\"}]}<\/script>\n<!-- \/ Yoast SEO plugin. -->","yoast_head_json":{"title":"Bieber se r\u00e9organise pour relever les d\u00e9fis de demain","robots":{"index":"index","follow":"follow","max-snippet":"max-snippet:-1","max-image-preview":"max-image-preview:large","max-video-preview":"max-video-preview:-1"},"canonical":"https:\/\/batijournal.com\/index.php\/bieber-se-reorganise-pour-relever-les-defis-de-demain\/109396\/","og_locale":"fr_FR","og_type":"article","og_title":"Bieber se r\u00e9organise pour relever les d\u00e9fis de demain","og_description":"Le fabricant de menuiseries sur-mesure Bieber, a enti\u00e8rement repens\u00e9 son site historique de Waldhambach (67). Pour mettre en valeur l\u2019\u00e9tendue du savoir-faire de l\u2019entreprise, l&rsquo;industriel a transform\u00e9 un b\u00e2timent de stockage en un show-room. Sur une surface de 320 m2, ce nouvel espace d\u2019exposition a \u00e9t\u00e9 judicieusement agenc\u00e9 selon les diff\u00e9rentes typologies de produits et [&hellip;]","og_url":"https:\/\/batijournal.com\/index.php\/bieber-se-reorganise-pour-relever-les-defis-de-demain\/109396\/","og_site_name":"Batijournal","article_published_time":"2023-10-19T14:21:24+00:00","og_image":[{"width":810,"height":456,"url":"https:\/\/batijournal.com\/wp-content\/uploads\/2023\/10\/BIEBER_SHOWROOM00379_cover.jpg","type":"image\/jpeg"}],"author":"St\u00e9phane Miget","twitter_card":"summary_large_image","twitter_creator":"@bati_journal","twitter_site":"@bati_journal","twitter_misc":{"\u00c9crit par":"St\u00e9phane Miget","Dur\u00e9e de lecture estim\u00e9e":"1 minute"},"schema":{"@context":"https:\/\/schema.org","@graph":[{"@type":"Article","@id":"https:\/\/batijournal.com\/index.php\/bieber-se-reorganise-pour-relever-les-defis-de-demain\/109396\/#article","isPartOf":{"@id":"https:\/\/batijournal.com\/index.php\/bieber-se-reorganise-pour-relever-les-defis-de-demain\/109396\/"},"author":{"name":"St\u00e9phane Miget","@id":"https:\/\/batijournal.com\/#\/schema\/person\/1dc96ec6957aa1ccb25ebe78bb19f100"},"headline":"Bieber se r\u00e9organise pour relever les d\u00e9fis de demain","datePublished":"2023-10-19T14:21:24+00:00","mainEntityOfPage":{"@id":"https:\/\/batijournal.com\/index.php\/bieber-se-reorganise-pour-relever-les-defis-de-demain\/109396\/"},"wordCount":214,"image":{"@id":"https:\/\/batijournal.com\/index.php\/bieber-se-reorganise-pour-relever-les-defis-de-demain\/109396\/#primaryimage"},"thumbnailUrl":"https:\/\/batijournal.com\/wp-content\/uploads\/2023\/10\/BIEBER_SHOWROOM00379_cover.jpg","keywords":["menuiseries"],"articleSection":["Actualit\u00e9s","\u00c9conomie &amp; March\u00e9s","zz_5fa\u00e7ades","zz_Actualit\u00e9s - 5fa\u00e7ades"],"inLanguage":"fr-FR"},{"@type":"WebPage","@id":"https:\/\/batijournal.com\/index.php\/bieber-se-reorganise-pour-relever-les-defis-de-demain\/109396\/","url":"https:\/\/batijournal.com\/index.php\/bieber-se-reorganise-pour-relever-les-defis-de-demain\/109396\/","name":"Bieber se r\u00e9organise pour relever les d\u00e9fis de demain","isPartOf":{"@id":"https:\/\/batijournal.com\/#website"},"primaryImageOfPage":{"@id":"https:\/\/batijournal.com\/index.php\/bieber-se-reorganise-pour-relever-les-defis-de-demain\/109396\/#primaryimage"},"image":{"@id":"https:\/\/batijournal.com\/index.php\/bieber-se-reorganise-pour-relever-les-defis-de-demain\/109396\/#primaryimage"},"thumbnailUrl":"https:\/\/batijournal.com\/wp-content\/uploads\/2023\/10\/BIEBER_SHOWROOM00379_cover.jpg","datePublished":"2023-10-19T14:21:24+00:00","author":{"@id":"https:\/\/batijournal.com\/#\/schema\/person\/1dc96ec6957aa1ccb25ebe78bb19f100"},"breadcrumb":{"@id":"https:\/\/batijournal.com\/index.php\/bieber-se-reorganise-pour-relever-les-defis-de-demain\/109396\/#breadcrumb"},"inLanguage":"fr-FR","potentialAction":[{"@type":"ReadAction","target":["https:\/\/batijournal.com\/index.php\/bieber-se-reorganise-pour-relever-les-defis-de-demain\/109396\/"]}]},{"@type":"ImageObject","inLanguage":"fr-FR","@id":"https:\/\/batijournal.com\/index.php\/bieber-se-reorganise-pour-relever-les-defis-de-demain\/109396\/#primaryimage","url":"https:\/\/batijournal.com\/wp-content\/uploads\/2023\/10\/BIEBER_SHOWROOM00379_cover.jpg","contentUrl":"https:\/\/batijournal.com\/wp-content\/uploads\/2023\/10\/BIEBER_SHOWROOM00379_cover.jpg","width":810,"height":456},{"@type":"BreadcrumbList","@id":"https:\/\/batijournal.com\/index.php\/bieber-se-reorganise-pour-relever-les-defis-de-demain\/109396\/#breadcrumb","itemListElement":[{"@type":"ListItem","position":1,"name":"Accueil","item":"https:\/\/batijournal.com\/"},{"@type":"ListItem","position":2,"name":"Actualit\u00e9s","item":"https:\/\/batijournal.com\/index.php\/category\/actualites\/"},{"@type":"ListItem","position":3,"name":"Bieber se r\u00e9organise pour relever les d\u00e9fis de demain"}]},{"@type":"WebSite","@id":"https:\/\/batijournal.com\/#website","url":"https:\/\/batijournal.com\/","name":"Batijournal","description":"L&#039;actualit\u00e9 du b\u00e2timent","potentialAction":[{"@type":"SearchAction","target":{"@type":"EntryPoint","urlTemplate":"https:\/\/batijournal.com\/?s={search_term_string}"},"query-input":{"@type":"PropertyValueSpecification","valueRequired":true,"valueName":"search_term_string"}}],"inLanguage":"fr-FR"},{"@type":"Person","@id":"https:\/\/batijournal.com\/#\/schema\/person\/1dc96ec6957aa1ccb25ebe78bb19f100","name":"St\u00e9phane Miget","image":{"@type":"ImageObject","inLanguage":"fr-FR","@id":"https:\/\/secure.gravatar.com\/avatar\/89915563d925342126b8ef0281b93d9d7fc337043e8df017f780908eb9644451?s=96&d=mm&r=g","url":"https:\/\/secure.gravatar.com\/avatar\/89915563d925342126b8ef0281b93d9d7fc337043e8df017f780908eb9644451?s=96&d=mm&r=g","contentUrl":"https:\/\/secure.gravatar.com\/avatar\/89915563d925342126b8ef0281b93d9d7fc337043e8df017f780908eb9644451?s=96&d=mm&r=g","caption":"St\u00e9phane Miget"},"url":"https:\/\/batijournal.com\/index.php\/author\/stephane\/"}]}},"_links":{"self":[{"href":"https:\/\/batijournal.com\/index.php\/wp-json\/wp\/v2\/posts\/109396","targetHints":{"allow":["GET"]}}],"collection":[{"href":"https:\/\/batijournal.com\/index.php\/wp-json\/wp\/v2\/posts"}],"about":[{"href":"https:\/\/batijournal.com\/index.php\/wp-json\/wp\/v2\/types\/post"}],"author":[{"embeddable":true,"href":"https:\/\/batijournal.com\/index.php\/wp-json\/wp\/v2\/users\/17"}],"replies":[{"embeddable":true,"href":"https:\/\/batijournal.com\/index.php\/wp-json\/wp\/v2\/comments?post=109396"}],"version-history":[{"count":0,"href":"https:\/\/batijournal.com\/index.php\/wp-json\/wp\/v2\/posts\/109396\/revisions"}],"wp:featuredmedia":[{"embeddable":true,"href":"https:\/\/batijournal.com\/index.php\/wp-json\/wp\/v2\/media\/109397"}],"wp:attachment":[{"href":"https:\/\/batijournal.com\/index.php\/wp-json\/wp\/v2\/media?parent=109396"}],"wp:term":[{"taxonomy":"category","embeddable":true,"href":"https:\/\/batijournal.com\/index.php\/wp-json\/wp\/v2\/categories?post=109396"},{"taxonomy":"post_tag","embeddable":true,"href":"https:\/\/batijournal.com\/index.php\/wp-json\/wp\/v2\/tags?post=109396"}],"curies":[{"name":"wp","href":"https:\/\/api.w.org\/{rel}","templated":true}]}}