{"id":109409,"date":"2023-10-24T16:40:46","date_gmt":"2023-10-24T14:40:46","guid":{"rendered":"https:\/\/batijournal.com\/?p=109409"},"modified":"2023-10-24T16:40:46","modified_gmt":"2023-10-24T14:40:46","slug":"thibaut-moulin-pdg-de-mob-engage-pour-la-transition-ecologique","status":"publish","type":"post","link":"https:\/\/batijournal.com\/index.php\/thibaut-moulin-pdg-de-mob-engage-pour-la-transition-ecologique\/109409\/","title":{"rendered":"Thibaut Moulin, PDG de MOB, engag\u00e9 pour la transition \u00e9cologique"},"content":{"rendered":"<p>Il y a 25 ans, la France comptait environ 80 usines d\u2019outillage \u00e0 main, aujourd\u2019hui, il n&rsquo;en reste qu&rsquo;une vingtaine. La question de quitter l\u2019Hexagone s\u2019est r\u00e9guli\u00e8rement pos\u00e9e \u00e0 Thibaut Moulin, PDG de Mob, fabricant fran\u00e7ais d&rsquo;outils \u00e0 mains. Le projet de loi Industrie verte vient d\u2019\u00eatre adopt\u00e9 d\u00e9finitivement par le parlement. Son objectif : r\u00e9pondre aux d\u00e9fis industriels et \u00e9cologiques de la France, en acc\u00e9l\u00e9rant la r\u00e9industrialisation de notre pays. Le PDG s&rsquo;en f\u00e9licite, pour Mob, ces enjeux ne sont pas nouveaux. \u00ab Nous nous inscrivons pleinement et depuis longtemps dans l\u2019objectif de faire de la France le pays leader de l\u2019industrie verte en Europe. Car agir en faveur de la pr\u00e9servation de nos savoir-faire Made in Loire et \u00eatre un acteur de la transition \u00e9cologique et de la d\u00e9carbonation de l\u2019industrie, c\u2019est ce que notre marque d\u2019outillage \u00e0 main s\u2019emploie \u00e0 faire depuis sa cr\u00e9ation en 1920. Nous avons relev\u00e9 le d\u00e9fi de rester en France et en Europe, avec nos plus de 300 salari\u00e9s et 3 sites de production, en relocalisant parfois m\u00eame en France certaines lignes de production europ\u00e9ennes, comme \u00e7a a \u00e9t\u00e9 le cas avec notre pince \u00e0 d\u00e9coffrer PowerBar. Car la d\u00e9localisation &#8211; comme la transition \u00e9cologique \u2013 ne sont pas une option ! \u00bb<\/p>\n<p>Alors \u00eatre une industrie verte, c\u2019est quoi ? Thibaut Moulin est convaincu que c\u2019est \u00eatre une industrie qui prend ses responsabilit\u00e9s, qui prend des engagements, qui les tient. Pourson entreprise, les objectifs fix\u00e9s par l\u2019Accord de Paris sont la seule boussole. \u00ab Nous devons contribuer \u00e0 limiter l\u2019augmentation de la temp\u00e9rature \u00e0 1,5\u00b0C au-dessus des niveaux pr\u00e9industriels et diminuer nos \u00e9missions de gaz \u00e0 effet de serre de 43% d\u2019ici \u00e0 2030, comme le stipule ce trait\u00e9 international issu de la COP21 des Nations Unies conclu en 2015. Pour ce faire, nous avons engag\u00e9 depuis longtemps des actions tr\u00e8s concr\u00e8tes : faire le choix de l\u2019\u00e9lectricit\u00e9 \u2013 fran\u00e7aise donc tr\u00e8s bas carbone \u2013 pour la majorit\u00e9 de nos \u00e9quipements industriels, et ce, d\u00e8s les ann\u00e9es 90. Et depuis quelques ann\u00e9es, nous rempla\u00e7ons progressivement les process de chauffage au gaz encore restant pour passer \u00e0 l\u2019induction \u00e9lectrique pour la chauffe de l\u2019acier, avant forge ou pour la trempe. Est-ce que \u00e7a marche ? La r\u00e9ponse est oui ! Par exemple, la consommation \u00e9nerg\u00e9tique de notre activit\u00e9 de traitement thermique a \u00e9t\u00e9 divis\u00e9e par cinq ! Et sur un site de production qui consomme quelques 3,5 Gigawatts par an, ce n\u2019est pas rien. Pour la suite ? Nous ne comptons pas nous arr\u00eater l\u00e0 : avec notre comit\u00e9 de pilotage \u00ab sobri\u00e9t\u00e9 \u00e9nerg\u00e9tique \u00bb, une centaine d\u2019actions a \u00e9t\u00e9 identifi\u00e9e pour acc\u00e9l\u00e9rer encore la d\u00e9carbonation de notre industrie.<\/p>\n<p>N\u00e9anmoins, la strat\u00e9gie des pouvoirs publics de r\u00e9industrialiser la France se heurte \u00e0 plusieurs difficult\u00e9s importantes : l\u2019augmentation du prix de l\u2019\u00e9nergie, et surtout, les difficult\u00e9s de recrutement et les difficult\u00e9s pour trouver du foncier pour construire de nouvelles usines. Ce sont aujourd\u2019hui les principaux freins, m\u00eame si l\u2019Etat a commenc\u00e9 \u00e0 baisser les imp\u00f4ts de production. Localement, nous b\u00e9n\u00e9ficions du \u00ab Pack relocalisation \u00bb de la R\u00e9gion Auvergne-Rh\u00f4ne-Alpes, permettant de soutenir l\u2019investissement industriel et d\u00e9velopper le Fabriqu\u00e9 en France. Nous sommes conscients de la responsabilit\u00e9 soci\u00e9tale que nous avons. Il faut passer maintenant \u00e0 la vitesse sup\u00e9rieure. Cette nouvelle loi, je l\u2019esp\u00e8re, permettra d\u2019acc\u00e9l\u00e9rer encore le mouvement de d\u00e9carbonation et de r\u00e9industrialisation. Mais une chose est s\u00fbre : l\u2019industrie fran\u00e7aise doit \u00eatre verte. \u00bb<\/p>\n","protected":false},"excerpt":{"rendered":"<p>Il y a 25 ans, la France comptait environ 80 usines d\u2019outillage \u00e0 main, aujourd\u2019hui, il n&rsquo;en reste qu&rsquo;une vingtaine. La question de quitter l\u2019Hexagone s\u2019est r\u00e9guli\u00e8rement pos\u00e9e \u00e0 Thibaut Moulin, PDG de Mob, fabricant fran\u00e7ais d&rsquo;outils \u00e0 mains. Le projet de loi Industrie verte vient d\u2019\u00eatre adopt\u00e9 d\u00e9finitivement par le parlement. Son objectif : [&hellip;]<\/p>\n","protected":false},"author":17,"featured_media":109410,"comment_status":"closed","ping_status":"closed","sticky":false,"template":"","format":"standard","meta":{"_et_pb_use_builder":"","_et_pb_old_content":"","_et_gb_content_width":"","footnotes":""},"categories":[10530,6345,10781,10778],"tags":[1215],"class_list":["post-109409","post","type-post","status-publish","format-standard","has-post-thumbnail","hentry","category-actualites","category-economie-marches","category-publications-planete","category-planete","tag-outillage-2"],"yoast_head":"<!-- This site is optimized with the Yoast SEO plugin v27.4 - https:\/\/yoast.com\/product\/yoast-seo-wordpress\/ -->\n<title>Thibaut Moulin, PDG de MOB, engag\u00e9 pour la transition \u00e9cologique<\/title>\n<meta name=\"robots\" content=\"index, follow, max-snippet:-1, max-image-preview:large, max-video-preview:-1\" \/>\n<link rel=\"canonical\" href=\"https:\/\/batijournal.com\/index.php\/thibaut-moulin-pdg-de-mob-engage-pour-la-transition-ecologique\/109409\/\" \/>\n<meta property=\"og:locale\" content=\"fr_FR\" \/>\n<meta property=\"og:type\" content=\"article\" \/>\n<meta property=\"og:title\" content=\"Thibaut Moulin, PDG de MOB, engag\u00e9 pour la transition \u00e9cologique\" \/>\n<meta property=\"og:description\" content=\"Il y a 25 ans, la France comptait environ 80 usines d\u2019outillage \u00e0 main, aujourd\u2019hui, il n&rsquo;en reste qu&rsquo;une vingtaine. La question de quitter l\u2019Hexagone s\u2019est r\u00e9guli\u00e8rement pos\u00e9e \u00e0 Thibaut Moulin, PDG de Mob, fabricant fran\u00e7ais d&rsquo;outils \u00e0 mains. Le projet de loi Industrie verte vient d\u2019\u00eatre adopt\u00e9 d\u00e9finitivement par le parlement. Son objectif : [&hellip;]\" \/>\n<meta property=\"og:url\" content=\"https:\/\/batijournal.com\/index.php\/thibaut-moulin-pdg-de-mob-engage-pour-la-transition-ecologique\/109409\/\" \/>\n<meta property=\"og:site_name\" content=\"Batijournal\" \/>\n<meta property=\"article:published_time\" content=\"2023-10-24T14:40:46+00:00\" \/>\n<meta property=\"og:image\" content=\"https:\/\/batijournal.com\/wp-content\/uploads\/2023\/10\/thibaut-moulin-pdg-de-mob-la-transition-ecologique-de-notre-industrie-n-est-pas-une-option-_T1.jpg\" \/>\n\t<meta property=\"og:image:width\" content=\"1020\" \/>\n\t<meta property=\"og:image:height\" content=\"710\" \/>\n\t<meta property=\"og:image:type\" content=\"image\/jpeg\" \/>\n<meta name=\"author\" content=\"St\u00e9phane Miget\" \/>\n<meta name=\"twitter:card\" content=\"summary_large_image\" \/>\n<meta name=\"twitter:creator\" content=\"@bati_journal\" \/>\n<meta name=\"twitter:site\" content=\"@bati_journal\" \/>\n<meta name=\"twitter:label1\" content=\"\u00c9crit par\" \/>\n\t<meta name=\"twitter:data1\" content=\"St\u00e9phane Miget\" \/>\n\t<meta name=\"twitter:label2\" content=\"Dur\u00e9e de lecture estim\u00e9e\" \/>\n\t<meta name=\"twitter:data2\" content=\"3 minutes\" \/>\n<script type=\"application\/ld+json\" class=\"yoast-schema-graph\">{\"@context\":\"https:\\\/\\\/schema.org\",\"@graph\":[{\"@type\":\"Article\",\"@id\":\"https:\\\/\\\/batijournal.com\\\/index.php\\\/thibaut-moulin-pdg-de-mob-engage-pour-la-transition-ecologique\\\/109409\\\/#article\",\"isPartOf\":{\"@id\":\"https:\\\/\\\/batijournal.com\\\/index.php\\\/thibaut-moulin-pdg-de-mob-engage-pour-la-transition-ecologique\\\/109409\\\/\"},\"author\":{\"name\":\"St\u00e9phane Miget\",\"@id\":\"https:\\\/\\\/batijournal.com\\\/#\\\/schema\\\/person\\\/1dc96ec6957aa1ccb25ebe78bb19f100\"},\"headline\":\"Thibaut Moulin, PDG de MOB, engag\u00e9 pour la transition \u00e9cologique\",\"datePublished\":\"2023-10-24T14:40:46+00:00\",\"mainEntityOfPage\":{\"@id\":\"https:\\\/\\\/batijournal.com\\\/index.php\\\/thibaut-moulin-pdg-de-mob-engage-pour-la-transition-ecologique\\\/109409\\\/\"},\"wordCount\":633,\"image\":{\"@id\":\"https:\\\/\\\/batijournal.com\\\/index.php\\\/thibaut-moulin-pdg-de-mob-engage-pour-la-transition-ecologique\\\/109409\\\/#primaryimage\"},\"thumbnailUrl\":\"https:\\\/\\\/batijournal.com\\\/wp-content\\\/uploads\\\/2023\\\/10\\\/thibaut-moulin-pdg-de-mob-la-transition-ecologique-de-notre-industrie-n-est-pas-une-option-_T1.jpg\",\"keywords\":[\"outillage\"],\"articleSection\":[\"Actualit\u00e9s\",\"\u00c9conomie &amp; March\u00e9s\",\"zz_Actualit\u00e9s - Plan\u00e8te\",\"zz_Plan\u00e8te B\u00e2timent\"],\"inLanguage\":\"fr-FR\"},{\"@type\":\"WebPage\",\"@id\":\"https:\\\/\\\/batijournal.com\\\/index.php\\\/thibaut-moulin-pdg-de-mob-engage-pour-la-transition-ecologique\\\/109409\\\/\",\"url\":\"https:\\\/\\\/batijournal.com\\\/index.php\\\/thibaut-moulin-pdg-de-mob-engage-pour-la-transition-ecologique\\\/109409\\\/\",\"name\":\"Thibaut Moulin, PDG de MOB, engag\u00e9 pour la transition \u00e9cologique\",\"isPartOf\":{\"@id\":\"https:\\\/\\\/batijournal.com\\\/#website\"},\"primaryImageOfPage\":{\"@id\":\"https:\\\/\\\/batijournal.com\\\/index.php\\\/thibaut-moulin-pdg-de-mob-engage-pour-la-transition-ecologique\\\/109409\\\/#primaryimage\"},\"image\":{\"@id\":\"https:\\\/\\\/batijournal.com\\\/index.php\\\/thibaut-moulin-pdg-de-mob-engage-pour-la-transition-ecologique\\\/109409\\\/#primaryimage\"},\"thumbnailUrl\":\"https:\\\/\\\/batijournal.com\\\/wp-content\\\/uploads\\\/2023\\\/10\\\/thibaut-moulin-pdg-de-mob-la-transition-ecologique-de-notre-industrie-n-est-pas-une-option-_T1.jpg\",\"datePublished\":\"2023-10-24T14:40:46+00:00\",\"author\":{\"@id\":\"https:\\\/\\\/batijournal.com\\\/#\\\/schema\\\/person\\\/1dc96ec6957aa1ccb25ebe78bb19f100\"},\"breadcrumb\":{\"@id\":\"https:\\\/\\\/batijournal.com\\\/index.php\\\/thibaut-moulin-pdg-de-mob-engage-pour-la-transition-ecologique\\\/109409\\\/#breadcrumb\"},\"inLanguage\":\"fr-FR\",\"potentialAction\":[{\"@type\":\"ReadAction\",\"target\":[\"https:\\\/\\\/batijournal.com\\\/index.php\\\/thibaut-moulin-pdg-de-mob-engage-pour-la-transition-ecologique\\\/109409\\\/\"]}]},{\"@type\":\"ImageObject\",\"inLanguage\":\"fr-FR\",\"@id\":\"https:\\\/\\\/batijournal.com\\\/index.php\\\/thibaut-moulin-pdg-de-mob-engage-pour-la-transition-ecologique\\\/109409\\\/#primaryimage\",\"url\":\"https:\\\/\\\/batijournal.com\\\/wp-content\\\/uploads\\\/2023\\\/10\\\/thibaut-moulin-pdg-de-mob-la-transition-ecologique-de-notre-industrie-n-est-pas-une-option-_T1.jpg\",\"contentUrl\":\"https:\\\/\\\/batijournal.com\\\/wp-content\\\/uploads\\\/2023\\\/10\\\/thibaut-moulin-pdg-de-mob-la-transition-ecologique-de-notre-industrie-n-est-pas-une-option-_T1.jpg\",\"width\":1020,\"height\":710},{\"@type\":\"BreadcrumbList\",\"@id\":\"https:\\\/\\\/batijournal.com\\\/index.php\\\/thibaut-moulin-pdg-de-mob-engage-pour-la-transition-ecologique\\\/109409\\\/#breadcrumb\",\"itemListElement\":[{\"@type\":\"ListItem\",\"position\":1,\"name\":\"Accueil\",\"item\":\"https:\\\/\\\/batijournal.com\\\/\"},{\"@type\":\"ListItem\",\"position\":2,\"name\":\"Actualit\u00e9s\",\"item\":\"https:\\\/\\\/batijournal.com\\\/index.php\\\/category\\\/actualites\\\/\"},{\"@type\":\"ListItem\",\"position\":3,\"name\":\"Thibaut Moulin, PDG de MOB, engag\u00e9 pour la transition \u00e9cologique\"}]},{\"@type\":\"WebSite\",\"@id\":\"https:\\\/\\\/batijournal.com\\\/#website\",\"url\":\"https:\\\/\\\/batijournal.com\\\/\",\"name\":\"Batijournal\",\"description\":\"L&#039;actualit\u00e9 du b\u00e2timent\",\"potentialAction\":[{\"@type\":\"SearchAction\",\"target\":{\"@type\":\"EntryPoint\",\"urlTemplate\":\"https:\\\/\\\/batijournal.com\\\/?s={search_term_string}\"},\"query-input\":{\"@type\":\"PropertyValueSpecification\",\"valueRequired\":true,\"valueName\":\"search_term_string\"}}],\"inLanguage\":\"fr-FR\"},{\"@type\":\"Person\",\"@id\":\"https:\\\/\\\/batijournal.com\\\/#\\\/schema\\\/person\\\/1dc96ec6957aa1ccb25ebe78bb19f100\",\"name\":\"St\u00e9phane Miget\",\"image\":{\"@type\":\"ImageObject\",\"inLanguage\":\"fr-FR\",\"@id\":\"https:\\\/\\\/secure.gravatar.com\\\/avatar\\\/89915563d925342126b8ef0281b93d9d7fc337043e8df017f780908eb9644451?s=96&d=mm&r=g\",\"url\":\"https:\\\/\\\/secure.gravatar.com\\\/avatar\\\/89915563d925342126b8ef0281b93d9d7fc337043e8df017f780908eb9644451?s=96&d=mm&r=g\",\"contentUrl\":\"https:\\\/\\\/secure.gravatar.com\\\/avatar\\\/89915563d925342126b8ef0281b93d9d7fc337043e8df017f780908eb9644451?s=96&d=mm&r=g\",\"caption\":\"St\u00e9phane Miget\"},\"url\":\"https:\\\/\\\/batijournal.com\\\/index.php\\\/author\\\/stephane\\\/\"}]}<\/script>\n<!-- \/ Yoast SEO plugin. -->","yoast_head_json":{"title":"Thibaut Moulin, PDG de MOB, engag\u00e9 pour la transition \u00e9cologique","robots":{"index":"index","follow":"follow","max-snippet":"max-snippet:-1","max-image-preview":"max-image-preview:large","max-video-preview":"max-video-preview:-1"},"canonical":"https:\/\/batijournal.com\/index.php\/thibaut-moulin-pdg-de-mob-engage-pour-la-transition-ecologique\/109409\/","og_locale":"fr_FR","og_type":"article","og_title":"Thibaut Moulin, PDG de MOB, engag\u00e9 pour la transition \u00e9cologique","og_description":"Il y a 25 ans, la France comptait environ 80 usines d\u2019outillage \u00e0 main, aujourd\u2019hui, il n&rsquo;en reste qu&rsquo;une vingtaine. La question de quitter l\u2019Hexagone s\u2019est r\u00e9guli\u00e8rement pos\u00e9e \u00e0 Thibaut Moulin, PDG de Mob, fabricant fran\u00e7ais d&rsquo;outils \u00e0 mains. Le projet de loi Industrie verte vient d\u2019\u00eatre adopt\u00e9 d\u00e9finitivement par le parlement. Son objectif : [&hellip;]","og_url":"https:\/\/batijournal.com\/index.php\/thibaut-moulin-pdg-de-mob-engage-pour-la-transition-ecologique\/109409\/","og_site_name":"Batijournal","article_published_time":"2023-10-24T14:40:46+00:00","og_image":[{"width":1020,"height":710,"url":"https:\/\/batijournal.com\/wp-content\/uploads\/2023\/10\/thibaut-moulin-pdg-de-mob-la-transition-ecologique-de-notre-industrie-n-est-pas-une-option-_T1.jpg","type":"image\/jpeg"}],"author":"St\u00e9phane Miget","twitter_card":"summary_large_image","twitter_creator":"@bati_journal","twitter_site":"@bati_journal","twitter_misc":{"\u00c9crit par":"St\u00e9phane Miget","Dur\u00e9e de lecture estim\u00e9e":"3 minutes"},"schema":{"@context":"https:\/\/schema.org","@graph":[{"@type":"Article","@id":"https:\/\/batijournal.com\/index.php\/thibaut-moulin-pdg-de-mob-engage-pour-la-transition-ecologique\/109409\/#article","isPartOf":{"@id":"https:\/\/batijournal.com\/index.php\/thibaut-moulin-pdg-de-mob-engage-pour-la-transition-ecologique\/109409\/"},"author":{"name":"St\u00e9phane Miget","@id":"https:\/\/batijournal.com\/#\/schema\/person\/1dc96ec6957aa1ccb25ebe78bb19f100"},"headline":"Thibaut Moulin, PDG de MOB, engag\u00e9 pour la transition \u00e9cologique","datePublished":"2023-10-24T14:40:46+00:00","mainEntityOfPage":{"@id":"https:\/\/batijournal.com\/index.php\/thibaut-moulin-pdg-de-mob-engage-pour-la-transition-ecologique\/109409\/"},"wordCount":633,"image":{"@id":"https:\/\/batijournal.com\/index.php\/thibaut-moulin-pdg-de-mob-engage-pour-la-transition-ecologique\/109409\/#primaryimage"},"thumbnailUrl":"https:\/\/batijournal.com\/wp-content\/uploads\/2023\/10\/thibaut-moulin-pdg-de-mob-la-transition-ecologique-de-notre-industrie-n-est-pas-une-option-_T1.jpg","keywords":["outillage"],"articleSection":["Actualit\u00e9s","\u00c9conomie &amp; March\u00e9s","zz_Actualit\u00e9s - Plan\u00e8te","zz_Plan\u00e8te B\u00e2timent"],"inLanguage":"fr-FR"},{"@type":"WebPage","@id":"https:\/\/batijournal.com\/index.php\/thibaut-moulin-pdg-de-mob-engage-pour-la-transition-ecologique\/109409\/","url":"https:\/\/batijournal.com\/index.php\/thibaut-moulin-pdg-de-mob-engage-pour-la-transition-ecologique\/109409\/","name":"Thibaut Moulin, PDG de MOB, engag\u00e9 pour la transition \u00e9cologique","isPartOf":{"@id":"https:\/\/batijournal.com\/#website"},"primaryImageOfPage":{"@id":"https:\/\/batijournal.com\/index.php\/thibaut-moulin-pdg-de-mob-engage-pour-la-transition-ecologique\/109409\/#primaryimage"},"image":{"@id":"https:\/\/batijournal.com\/index.php\/thibaut-moulin-pdg-de-mob-engage-pour-la-transition-ecologique\/109409\/#primaryimage"},"thumbnailUrl":"https:\/\/batijournal.com\/wp-content\/uploads\/2023\/10\/thibaut-moulin-pdg-de-mob-la-transition-ecologique-de-notre-industrie-n-est-pas-une-option-_T1.jpg","datePublished":"2023-10-24T14:40:46+00:00","author":{"@id":"https:\/\/batijournal.com\/#\/schema\/person\/1dc96ec6957aa1ccb25ebe78bb19f100"},"breadcrumb":{"@id":"https:\/\/batijournal.com\/index.php\/thibaut-moulin-pdg-de-mob-engage-pour-la-transition-ecologique\/109409\/#breadcrumb"},"inLanguage":"fr-FR","potentialAction":[{"@type":"ReadAction","target":["https:\/\/batijournal.com\/index.php\/thibaut-moulin-pdg-de-mob-engage-pour-la-transition-ecologique\/109409\/"]}]},{"@type":"ImageObject","inLanguage":"fr-FR","@id":"https:\/\/batijournal.com\/index.php\/thibaut-moulin-pdg-de-mob-engage-pour-la-transition-ecologique\/109409\/#primaryimage","url":"https:\/\/batijournal.com\/wp-content\/uploads\/2023\/10\/thibaut-moulin-pdg-de-mob-la-transition-ecologique-de-notre-industrie-n-est-pas-une-option-_T1.jpg","contentUrl":"https:\/\/batijournal.com\/wp-content\/uploads\/2023\/10\/thibaut-moulin-pdg-de-mob-la-transition-ecologique-de-notre-industrie-n-est-pas-une-option-_T1.jpg","width":1020,"height":710},{"@type":"BreadcrumbList","@id":"https:\/\/batijournal.com\/index.php\/thibaut-moulin-pdg-de-mob-engage-pour-la-transition-ecologique\/109409\/#breadcrumb","itemListElement":[{"@type":"ListItem","position":1,"name":"Accueil","item":"https:\/\/batijournal.com\/"},{"@type":"ListItem","position":2,"name":"Actualit\u00e9s","item":"https:\/\/batijournal.com\/index.php\/category\/actualites\/"},{"@type":"ListItem","position":3,"name":"Thibaut Moulin, PDG de MOB, engag\u00e9 pour la transition \u00e9cologique"}]},{"@type":"WebSite","@id":"https:\/\/batijournal.com\/#website","url":"https:\/\/batijournal.com\/","name":"Batijournal","description":"L&#039;actualit\u00e9 du b\u00e2timent","potentialAction":[{"@type":"SearchAction","target":{"@type":"EntryPoint","urlTemplate":"https:\/\/batijournal.com\/?s={search_term_string}"},"query-input":{"@type":"PropertyValueSpecification","valueRequired":true,"valueName":"search_term_string"}}],"inLanguage":"fr-FR"},{"@type":"Person","@id":"https:\/\/batijournal.com\/#\/schema\/person\/1dc96ec6957aa1ccb25ebe78bb19f100","name":"St\u00e9phane Miget","image":{"@type":"ImageObject","inLanguage":"fr-FR","@id":"https:\/\/secure.gravatar.com\/avatar\/89915563d925342126b8ef0281b93d9d7fc337043e8df017f780908eb9644451?s=96&d=mm&r=g","url":"https:\/\/secure.gravatar.com\/avatar\/89915563d925342126b8ef0281b93d9d7fc337043e8df017f780908eb9644451?s=96&d=mm&r=g","contentUrl":"https:\/\/secure.gravatar.com\/avatar\/89915563d925342126b8ef0281b93d9d7fc337043e8df017f780908eb9644451?s=96&d=mm&r=g","caption":"St\u00e9phane Miget"},"url":"https:\/\/batijournal.com\/index.php\/author\/stephane\/"}]}},"_links":{"self":[{"href":"https:\/\/batijournal.com\/index.php\/wp-json\/wp\/v2\/posts\/109409","targetHints":{"allow":["GET"]}}],"collection":[{"href":"https:\/\/batijournal.com\/index.php\/wp-json\/wp\/v2\/posts"}],"about":[{"href":"https:\/\/batijournal.com\/index.php\/wp-json\/wp\/v2\/types\/post"}],"author":[{"embeddable":true,"href":"https:\/\/batijournal.com\/index.php\/wp-json\/wp\/v2\/users\/17"}],"replies":[{"embeddable":true,"href":"https:\/\/batijournal.com\/index.php\/wp-json\/wp\/v2\/comments?post=109409"}],"version-history":[{"count":0,"href":"https:\/\/batijournal.com\/index.php\/wp-json\/wp\/v2\/posts\/109409\/revisions"}],"wp:featuredmedia":[{"embeddable":true,"href":"https:\/\/batijournal.com\/index.php\/wp-json\/wp\/v2\/media\/109410"}],"wp:attachment":[{"href":"https:\/\/batijournal.com\/index.php\/wp-json\/wp\/v2\/media?parent=109409"}],"wp:term":[{"taxonomy":"category","embeddable":true,"href":"https:\/\/batijournal.com\/index.php\/wp-json\/wp\/v2\/categories?post=109409"},{"taxonomy":"post_tag","embeddable":true,"href":"https:\/\/batijournal.com\/index.php\/wp-json\/wp\/v2\/tags?post=109409"}],"curies":[{"name":"wp","href":"https:\/\/api.w.org\/{rel}","templated":true}]}}