{"id":109538,"date":"2023-10-31T14:13:49","date_gmt":"2023-10-31T13:13:49","guid":{"rendered":"https:\/\/batijournal.com\/?p=109538"},"modified":"2023-10-31T14:13:49","modified_gmt":"2023-10-31T13:13:49","slug":"salon-du-patrimoine-2023-le-defi-de-la-transmission","status":"publish","type":"post","link":"https:\/\/batijournal.com\/index.php\/salon-du-patrimoine-2023-le-defi-de-la-transmission\/109538\/","title":{"rendered":"Salon du patrimoine 2023 : le d\u00e9fi de la transmission"},"content":{"rendered":"<p>Fondement de la notion de patrimoine, la transmission est l\u2019un des enjeux essentiels de l\u2019ensemble des acteurs du secteur. Conserver, faire durer, d\u00e9velopper, former : ce sont autant d\u2019aspects \u00e0 l\u2019\u0153uvre chez l\u2019ensemble des acteurs du secteur. Toutes les facettes de ce terme cher au patrimoine et \u00e0 ses acteurs seront ainsi mises au c\u0153ur des \u00e9changes et de la programmation de la 28\u00e8me \u00e9dition du Salon International du Patrimoine Culturel.<\/p>\n<p>La transmission immat\u00e9rielle, celle des savoir-faire, pour p\u00e9renniser une culture, maintenir des savoirs et \u0153uvrer \u00e0 leur diffusion, est le fer de lance des \u00e9coles, centres de formations ainsi que des ateliers et manufactures d\u2019art. Le salon met en lumi\u00e8re ces acteurs, parmi lesquels le plus ancien et pourtant le plus moderne atelier de battage d\u2019or allemand Eytzinger ; ou l\u2019Atelier Marie-H\u00e9l\u00e8ne Poisson, entreprise familiale sp\u00e9cialis\u00e9e dans la restauration des meubles Boulle depuis quatre g\u00e9n\u00e9rations, transmettant son savoir-faire depuis pr\u00e8s de 20 ans via des cours et des stages dont la riche histoire de l\u2019atelier se poursuit aujourd\u2019hui avec l\u2019int\u00e9gration de la fille de la cr\u00e9atrice.<\/p>\n<p>Les enjeux de formation, de recrutement et de reconversion professionnelle sont autant de dimensions de ce d\u00e9fi de la transmission. Le salon est le lieu de mise en lumi\u00e8re d\u2019initiatives d\u2019entreprises telles que celle de la soci\u00e9t\u00e9 de recherche scientifique Archa\u00efos d\u00e9veloppe des projets arch\u00e9ologiques \u00e0 l\u2019international, offre une expertise patrimoniale ainsi que la formation d\u2019arch\u00e9ologues, en s\u2019appuyant sur les comp\u00e9tences pluridisciplinaires de son \u00e9quipe de chercheurs.<\/p>\n<p>La question de la transmission mat\u00e9rielle \u2013 d\u2019entreprises et de biens immobiliers \u2013 v\u00e9ritable d\u00e9fi du patrimoine, fait l\u2019objet de nombreuses initiatives, allant de la reprise familiale au initiatives associatives, locales, gouvernementales. Dans le secteur du patrimoine b\u00e2ti, les probl\u00e9matiques li\u00e9es \u00e0 la transmission sont multiples. La transmission d\u2019entreprise et la p\u00e9rennisation de son activit\u00e9 sont un enjeu pour tous les exposants du salon : fournisseurs de mati\u00e8res premi\u00e8res, architectes, acteurs de l\u2019immobilier de caract\u00e8re tels que Patrice Besse. Certains d\u00e9voilent des parcours romanesques, entre industrialisation, reprise familiale et transmission \u00e0 des apprentis. Unique et derni\u00e8re tuilerie de Lorraine, la Tuilerie de Niderviller, en activit\u00e9 depuis 1815, est aujourd\u2019hui une entreprise familiale, au fonctionnement plus artisanal que lors d\u2019autres phases de sa riche histoire. La pr\u00e9servation du patrimoine passe aussi par la conservation de collections pour des longues p\u00e9riodes de temps via l\u2019usage de traitements visant \u00e0 emp\u00eacher la progression des nuisibles sur les supports, \u00e0 l\u2019image de ceux d\u00e9velopp\u00e9s par la soci\u00e9t\u00e9 3PA. Les m\u00e9tiers d\u2019art au service de la restauration sont \u00e9galement \u00e0 l\u2019honneur, parmi eux, l\u2019Atelier Hugues Losfeld pour les d\u00e9cors peints ou l\u2019Atelier Muranese pour les vitraux patrimoniaux.<\/p>\n<p>Cette \u00e9dition souligne cette ann\u00e9e encore le r\u00f4le essentiel des associations de sauvegarde du patrimoine pour assurer sa transmission, \u00e0 l\u2019image d\u2019Urgences Patrimoine, luttant contre la disparition de certains savoir- faire comme contre les d\u00e9molitions de patrimoine. Vecteur d\u2019attractivit\u00e9 et d\u2019identit\u00e9 territoriale, le patrimoine est l\u2019objet d\u2019attention des acteurs locaux, collectivit\u00e9s territoriales comme Chambres de M\u00e9tiers et de l&rsquo;Artisanat (d\u2019\u00cele-de-France, de la R\u00e9gion Grand Est, de la Nouvelle Aquitaine), impliqu\u00e9s dans la transmission de savoir-faire et d\u2019entreprises comme dans la sauvegarde de monuments en p\u00e9ril.<\/p>\n<p>Pour cette 28\u00e8me \u00e9dition, le Salon International du Patrimoine Culturel s\u2019affirme comme lieu d\u2019\u00e9changes privil\u00e9gi\u00e9s entre propri\u00e9taires de biens et professionnels, entreprises et futurs apprentis, institutions et m\u00e9c\u00e8nes, porteurs de projets et associations de sauvegarde, experts et passionn\u00e9s.<\/p>\n<p>Photo : Atelier Hugues Losfeld \u00a9 Alex Gallosi<\/p>\n<p>&nbsp;<\/p>\n","protected":false},"excerpt":{"rendered":"<p>Fondement de la notion de patrimoine, la transmission est l\u2019un des enjeux essentiels de l\u2019ensemble des acteurs du secteur. Conserver, faire durer, d\u00e9velopper, former : ce sont autant d\u2019aspects \u00e0 l\u2019\u0153uvre chez l\u2019ensemble des acteurs du secteur. Toutes les facettes de ce terme cher au patrimoine et \u00e0 ses acteurs seront ainsi mises au c\u0153ur [&hellip;]<\/p>\n","protected":false},"author":17,"featured_media":109539,"comment_status":"closed","ping_status":"closed","sticky":false,"template":"","format":"standard","meta":{"_et_pb_use_builder":"","_et_pb_old_content":"","_et_gb_content_width":"","footnotes":""},"categories":[10530,6362,10789,10785],"tags":[91],"class_list":["post-109538","post","type-post","status-publish","format-standard","has-post-thumbnail","hentry","category-actualites","category-services-equipements","category-publications-atrium","category-atrium","tag-salon-du-patrimoine-culturel"],"yoast_head":"<!-- This site is optimized with the Yoast SEO plugin v27.4 - https:\/\/yoast.com\/product\/yoast-seo-wordpress\/ -->\n<title>Salon du patrimoine 2023 : le d\u00e9fi de la transmission<\/title>\n<meta name=\"robots\" content=\"index, follow, max-snippet:-1, max-image-preview:large, max-video-preview:-1\" \/>\n<link rel=\"canonical\" href=\"https:\/\/batijournal.com\/index.php\/salon-du-patrimoine-2023-le-defi-de-la-transmission\/109538\/\" \/>\n<meta property=\"og:locale\" content=\"fr_FR\" \/>\n<meta property=\"og:type\" content=\"article\" \/>\n<meta property=\"og:title\" content=\"Salon du patrimoine 2023 : le d\u00e9fi de la transmission\" \/>\n<meta property=\"og:description\" content=\"Fondement de la notion de patrimoine, la transmission est l\u2019un des enjeux essentiels de l\u2019ensemble des acteurs du secteur. Conserver, faire durer, d\u00e9velopper, former : ce sont autant d\u2019aspects \u00e0 l\u2019\u0153uvre chez l\u2019ensemble des acteurs du secteur. Toutes les facettes de ce terme cher au patrimoine et \u00e0 ses acteurs seront ainsi mises au c\u0153ur [&hellip;]\" \/>\n<meta property=\"og:url\" content=\"https:\/\/batijournal.com\/index.php\/salon-du-patrimoine-2023-le-defi-de-la-transmission\/109538\/\" \/>\n<meta property=\"og:site_name\" content=\"Batijournal\" \/>\n<meta property=\"article:published_time\" content=\"2023-10-31T13:13:49+00:00\" \/>\n<meta property=\"og:image\" content=\"https:\/\/batijournal.com\/wp-content\/uploads\/2023\/10\/Atelier-Hugues-Losfeld.png\" \/>\n\t<meta property=\"og:image:width\" content=\"634\" \/>\n\t<meta property=\"og:image:height\" content=\"519\" \/>\n\t<meta property=\"og:image:type\" content=\"image\/png\" \/>\n<meta name=\"author\" content=\"St\u00e9phane Miget\" \/>\n<meta name=\"twitter:card\" content=\"summary_large_image\" \/>\n<meta name=\"twitter:creator\" content=\"@bati_journal\" \/>\n<meta name=\"twitter:site\" content=\"@bati_journal\" \/>\n<meta name=\"twitter:label1\" content=\"\u00c9crit par\" \/>\n\t<meta name=\"twitter:data1\" content=\"St\u00e9phane Miget\" \/>\n\t<meta name=\"twitter:label2\" content=\"Dur\u00e9e de lecture estim\u00e9e\" \/>\n\t<meta name=\"twitter:data2\" content=\"3 minutes\" \/>\n<script type=\"application\/ld+json\" class=\"yoast-schema-graph\">{\"@context\":\"https:\\\/\\\/schema.org\",\"@graph\":[{\"@type\":\"Article\",\"@id\":\"https:\\\/\\\/batijournal.com\\\/index.php\\\/salon-du-patrimoine-2023-le-defi-de-la-transmission\\\/109538\\\/#article\",\"isPartOf\":{\"@id\":\"https:\\\/\\\/batijournal.com\\\/index.php\\\/salon-du-patrimoine-2023-le-defi-de-la-transmission\\\/109538\\\/\"},\"author\":{\"name\":\"St\u00e9phane Miget\",\"@id\":\"https:\\\/\\\/batijournal.com\\\/#\\\/schema\\\/person\\\/1dc96ec6957aa1ccb25ebe78bb19f100\"},\"headline\":\"Salon du patrimoine 2023 : le d\u00e9fi de la transmission\",\"datePublished\":\"2023-10-31T13:13:49+00:00\",\"mainEntityOfPage\":{\"@id\":\"https:\\\/\\\/batijournal.com\\\/index.php\\\/salon-du-patrimoine-2023-le-defi-de-la-transmission\\\/109538\\\/\"},\"wordCount\":653,\"image\":{\"@id\":\"https:\\\/\\\/batijournal.com\\\/index.php\\\/salon-du-patrimoine-2023-le-defi-de-la-transmission\\\/109538\\\/#primaryimage\"},\"thumbnailUrl\":\"https:\\\/\\\/batijournal.com\\\/wp-content\\\/uploads\\\/2023\\\/10\\\/Atelier-Hugues-Losfeld.png\",\"keywords\":[\"salon du patrimoine culturel\"],\"articleSection\":[\"Actualit\u00e9s\",\"Divers\",\"zz_Actualit\u00e9s - Atrium\",\"zz_Atrium Patrimoine\"],\"inLanguage\":\"fr-FR\"},{\"@type\":\"WebPage\",\"@id\":\"https:\\\/\\\/batijournal.com\\\/index.php\\\/salon-du-patrimoine-2023-le-defi-de-la-transmission\\\/109538\\\/\",\"url\":\"https:\\\/\\\/batijournal.com\\\/index.php\\\/salon-du-patrimoine-2023-le-defi-de-la-transmission\\\/109538\\\/\",\"name\":\"Salon du patrimoine 2023 : le d\u00e9fi de la transmission\",\"isPartOf\":{\"@id\":\"https:\\\/\\\/batijournal.com\\\/#website\"},\"primaryImageOfPage\":{\"@id\":\"https:\\\/\\\/batijournal.com\\\/index.php\\\/salon-du-patrimoine-2023-le-defi-de-la-transmission\\\/109538\\\/#primaryimage\"},\"image\":{\"@id\":\"https:\\\/\\\/batijournal.com\\\/index.php\\\/salon-du-patrimoine-2023-le-defi-de-la-transmission\\\/109538\\\/#primaryimage\"},\"thumbnailUrl\":\"https:\\\/\\\/batijournal.com\\\/wp-content\\\/uploads\\\/2023\\\/10\\\/Atelier-Hugues-Losfeld.png\",\"datePublished\":\"2023-10-31T13:13:49+00:00\",\"author\":{\"@id\":\"https:\\\/\\\/batijournal.com\\\/#\\\/schema\\\/person\\\/1dc96ec6957aa1ccb25ebe78bb19f100\"},\"breadcrumb\":{\"@id\":\"https:\\\/\\\/batijournal.com\\\/index.php\\\/salon-du-patrimoine-2023-le-defi-de-la-transmission\\\/109538\\\/#breadcrumb\"},\"inLanguage\":\"fr-FR\",\"potentialAction\":[{\"@type\":\"ReadAction\",\"target\":[\"https:\\\/\\\/batijournal.com\\\/index.php\\\/salon-du-patrimoine-2023-le-defi-de-la-transmission\\\/109538\\\/\"]}]},{\"@type\":\"ImageObject\",\"inLanguage\":\"fr-FR\",\"@id\":\"https:\\\/\\\/batijournal.com\\\/index.php\\\/salon-du-patrimoine-2023-le-defi-de-la-transmission\\\/109538\\\/#primaryimage\",\"url\":\"https:\\\/\\\/batijournal.com\\\/wp-content\\\/uploads\\\/2023\\\/10\\\/Atelier-Hugues-Losfeld.png\",\"contentUrl\":\"https:\\\/\\\/batijournal.com\\\/wp-content\\\/uploads\\\/2023\\\/10\\\/Atelier-Hugues-Losfeld.png\",\"width\":634,\"height\":519},{\"@type\":\"BreadcrumbList\",\"@id\":\"https:\\\/\\\/batijournal.com\\\/index.php\\\/salon-du-patrimoine-2023-le-defi-de-la-transmission\\\/109538\\\/#breadcrumb\",\"itemListElement\":[{\"@type\":\"ListItem\",\"position\":1,\"name\":\"Accueil\",\"item\":\"https:\\\/\\\/batijournal.com\\\/\"},{\"@type\":\"ListItem\",\"position\":2,\"name\":\"Actualit\u00e9s\",\"item\":\"https:\\\/\\\/batijournal.com\\\/index.php\\\/category\\\/actualites\\\/\"},{\"@type\":\"ListItem\",\"position\":3,\"name\":\"Salon du patrimoine 2023 : le d\u00e9fi de la transmission\"}]},{\"@type\":\"WebSite\",\"@id\":\"https:\\\/\\\/batijournal.com\\\/#website\",\"url\":\"https:\\\/\\\/batijournal.com\\\/\",\"name\":\"Batijournal\",\"description\":\"L&#039;actualit\u00e9 du b\u00e2timent\",\"potentialAction\":[{\"@type\":\"SearchAction\",\"target\":{\"@type\":\"EntryPoint\",\"urlTemplate\":\"https:\\\/\\\/batijournal.com\\\/?s={search_term_string}\"},\"query-input\":{\"@type\":\"PropertyValueSpecification\",\"valueRequired\":true,\"valueName\":\"search_term_string\"}}],\"inLanguage\":\"fr-FR\"},{\"@type\":\"Person\",\"@id\":\"https:\\\/\\\/batijournal.com\\\/#\\\/schema\\\/person\\\/1dc96ec6957aa1ccb25ebe78bb19f100\",\"name\":\"St\u00e9phane Miget\",\"image\":{\"@type\":\"ImageObject\",\"inLanguage\":\"fr-FR\",\"@id\":\"https:\\\/\\\/secure.gravatar.com\\\/avatar\\\/89915563d925342126b8ef0281b93d9d7fc337043e8df017f780908eb9644451?s=96&d=mm&r=g\",\"url\":\"https:\\\/\\\/secure.gravatar.com\\\/avatar\\\/89915563d925342126b8ef0281b93d9d7fc337043e8df017f780908eb9644451?s=96&d=mm&r=g\",\"contentUrl\":\"https:\\\/\\\/secure.gravatar.com\\\/avatar\\\/89915563d925342126b8ef0281b93d9d7fc337043e8df017f780908eb9644451?s=96&d=mm&r=g\",\"caption\":\"St\u00e9phane Miget\"},\"url\":\"https:\\\/\\\/batijournal.com\\\/index.php\\\/author\\\/stephane\\\/\"}]}<\/script>\n<!-- \/ Yoast SEO plugin. -->","yoast_head_json":{"title":"Salon du patrimoine 2023 : le d\u00e9fi de la transmission","robots":{"index":"index","follow":"follow","max-snippet":"max-snippet:-1","max-image-preview":"max-image-preview:large","max-video-preview":"max-video-preview:-1"},"canonical":"https:\/\/batijournal.com\/index.php\/salon-du-patrimoine-2023-le-defi-de-la-transmission\/109538\/","og_locale":"fr_FR","og_type":"article","og_title":"Salon du patrimoine 2023 : le d\u00e9fi de la transmission","og_description":"Fondement de la notion de patrimoine, la transmission est l\u2019un des enjeux essentiels de l\u2019ensemble des acteurs du secteur. Conserver, faire durer, d\u00e9velopper, former : ce sont autant d\u2019aspects \u00e0 l\u2019\u0153uvre chez l\u2019ensemble des acteurs du secteur. Toutes les facettes de ce terme cher au patrimoine et \u00e0 ses acteurs seront ainsi mises au c\u0153ur [&hellip;]","og_url":"https:\/\/batijournal.com\/index.php\/salon-du-patrimoine-2023-le-defi-de-la-transmission\/109538\/","og_site_name":"Batijournal","article_published_time":"2023-10-31T13:13:49+00:00","og_image":[{"width":634,"height":519,"url":"https:\/\/batijournal.com\/wp-content\/uploads\/2023\/10\/Atelier-Hugues-Losfeld.png","type":"image\/png"}],"author":"St\u00e9phane Miget","twitter_card":"summary_large_image","twitter_creator":"@bati_journal","twitter_site":"@bati_journal","twitter_misc":{"\u00c9crit par":"St\u00e9phane Miget","Dur\u00e9e de lecture estim\u00e9e":"3 minutes"},"schema":{"@context":"https:\/\/schema.org","@graph":[{"@type":"Article","@id":"https:\/\/batijournal.com\/index.php\/salon-du-patrimoine-2023-le-defi-de-la-transmission\/109538\/#article","isPartOf":{"@id":"https:\/\/batijournal.com\/index.php\/salon-du-patrimoine-2023-le-defi-de-la-transmission\/109538\/"},"author":{"name":"St\u00e9phane Miget","@id":"https:\/\/batijournal.com\/#\/schema\/person\/1dc96ec6957aa1ccb25ebe78bb19f100"},"headline":"Salon du patrimoine 2023 : le d\u00e9fi de la transmission","datePublished":"2023-10-31T13:13:49+00:00","mainEntityOfPage":{"@id":"https:\/\/batijournal.com\/index.php\/salon-du-patrimoine-2023-le-defi-de-la-transmission\/109538\/"},"wordCount":653,"image":{"@id":"https:\/\/batijournal.com\/index.php\/salon-du-patrimoine-2023-le-defi-de-la-transmission\/109538\/#primaryimage"},"thumbnailUrl":"https:\/\/batijournal.com\/wp-content\/uploads\/2023\/10\/Atelier-Hugues-Losfeld.png","keywords":["salon du patrimoine culturel"],"articleSection":["Actualit\u00e9s","Divers","zz_Actualit\u00e9s - Atrium","zz_Atrium Patrimoine"],"inLanguage":"fr-FR"},{"@type":"WebPage","@id":"https:\/\/batijournal.com\/index.php\/salon-du-patrimoine-2023-le-defi-de-la-transmission\/109538\/","url":"https:\/\/batijournal.com\/index.php\/salon-du-patrimoine-2023-le-defi-de-la-transmission\/109538\/","name":"Salon du patrimoine 2023 : le d\u00e9fi de la transmission","isPartOf":{"@id":"https:\/\/batijournal.com\/#website"},"primaryImageOfPage":{"@id":"https:\/\/batijournal.com\/index.php\/salon-du-patrimoine-2023-le-defi-de-la-transmission\/109538\/#primaryimage"},"image":{"@id":"https:\/\/batijournal.com\/index.php\/salon-du-patrimoine-2023-le-defi-de-la-transmission\/109538\/#primaryimage"},"thumbnailUrl":"https:\/\/batijournal.com\/wp-content\/uploads\/2023\/10\/Atelier-Hugues-Losfeld.png","datePublished":"2023-10-31T13:13:49+00:00","author":{"@id":"https:\/\/batijournal.com\/#\/schema\/person\/1dc96ec6957aa1ccb25ebe78bb19f100"},"breadcrumb":{"@id":"https:\/\/batijournal.com\/index.php\/salon-du-patrimoine-2023-le-defi-de-la-transmission\/109538\/#breadcrumb"},"inLanguage":"fr-FR","potentialAction":[{"@type":"ReadAction","target":["https:\/\/batijournal.com\/index.php\/salon-du-patrimoine-2023-le-defi-de-la-transmission\/109538\/"]}]},{"@type":"ImageObject","inLanguage":"fr-FR","@id":"https:\/\/batijournal.com\/index.php\/salon-du-patrimoine-2023-le-defi-de-la-transmission\/109538\/#primaryimage","url":"https:\/\/batijournal.com\/wp-content\/uploads\/2023\/10\/Atelier-Hugues-Losfeld.png","contentUrl":"https:\/\/batijournal.com\/wp-content\/uploads\/2023\/10\/Atelier-Hugues-Losfeld.png","width":634,"height":519},{"@type":"BreadcrumbList","@id":"https:\/\/batijournal.com\/index.php\/salon-du-patrimoine-2023-le-defi-de-la-transmission\/109538\/#breadcrumb","itemListElement":[{"@type":"ListItem","position":1,"name":"Accueil","item":"https:\/\/batijournal.com\/"},{"@type":"ListItem","position":2,"name":"Actualit\u00e9s","item":"https:\/\/batijournal.com\/index.php\/category\/actualites\/"},{"@type":"ListItem","position":3,"name":"Salon du patrimoine 2023 : le d\u00e9fi de la transmission"}]},{"@type":"WebSite","@id":"https:\/\/batijournal.com\/#website","url":"https:\/\/batijournal.com\/","name":"Batijournal","description":"L&#039;actualit\u00e9 du b\u00e2timent","potentialAction":[{"@type":"SearchAction","target":{"@type":"EntryPoint","urlTemplate":"https:\/\/batijournal.com\/?s={search_term_string}"},"query-input":{"@type":"PropertyValueSpecification","valueRequired":true,"valueName":"search_term_string"}}],"inLanguage":"fr-FR"},{"@type":"Person","@id":"https:\/\/batijournal.com\/#\/schema\/person\/1dc96ec6957aa1ccb25ebe78bb19f100","name":"St\u00e9phane Miget","image":{"@type":"ImageObject","inLanguage":"fr-FR","@id":"https:\/\/secure.gravatar.com\/avatar\/89915563d925342126b8ef0281b93d9d7fc337043e8df017f780908eb9644451?s=96&d=mm&r=g","url":"https:\/\/secure.gravatar.com\/avatar\/89915563d925342126b8ef0281b93d9d7fc337043e8df017f780908eb9644451?s=96&d=mm&r=g","contentUrl":"https:\/\/secure.gravatar.com\/avatar\/89915563d925342126b8ef0281b93d9d7fc337043e8df017f780908eb9644451?s=96&d=mm&r=g","caption":"St\u00e9phane Miget"},"url":"https:\/\/batijournal.com\/index.php\/author\/stephane\/"}]}},"_links":{"self":[{"href":"https:\/\/batijournal.com\/index.php\/wp-json\/wp\/v2\/posts\/109538","targetHints":{"allow":["GET"]}}],"collection":[{"href":"https:\/\/batijournal.com\/index.php\/wp-json\/wp\/v2\/posts"}],"about":[{"href":"https:\/\/batijournal.com\/index.php\/wp-json\/wp\/v2\/types\/post"}],"author":[{"embeddable":true,"href":"https:\/\/batijournal.com\/index.php\/wp-json\/wp\/v2\/users\/17"}],"replies":[{"embeddable":true,"href":"https:\/\/batijournal.com\/index.php\/wp-json\/wp\/v2\/comments?post=109538"}],"version-history":[{"count":0,"href":"https:\/\/batijournal.com\/index.php\/wp-json\/wp\/v2\/posts\/109538\/revisions"}],"wp:featuredmedia":[{"embeddable":true,"href":"https:\/\/batijournal.com\/index.php\/wp-json\/wp\/v2\/media\/109539"}],"wp:attachment":[{"href":"https:\/\/batijournal.com\/index.php\/wp-json\/wp\/v2\/media?parent=109538"}],"wp:term":[{"taxonomy":"category","embeddable":true,"href":"https:\/\/batijournal.com\/index.php\/wp-json\/wp\/v2\/categories?post=109538"},{"taxonomy":"post_tag","embeddable":true,"href":"https:\/\/batijournal.com\/index.php\/wp-json\/wp\/v2\/tags?post=109538"}],"curies":[{"name":"wp","href":"https:\/\/api.w.org\/{rel}","templated":true}]}}