{"id":109542,"date":"2023-10-31T15:09:47","date_gmt":"2023-10-31T14:09:47","guid":{"rendered":"https:\/\/batijournal.com\/?p=109542"},"modified":"2023-10-31T15:09:47","modified_gmt":"2023-10-31T14:09:47","slug":"maprimerenov-et-maprimeadapt-la-cour-des-comptes-critique","status":"publish","type":"post","link":"https:\/\/batijournal.com\/index.php\/maprimerenov-et-maprimeadapt-la-cour-des-comptes-critique\/109542\/","title":{"rendered":"MaPrimeR\u00e9nov\u2019 et MaPrimeAdapt\u2019 : la Cour des comptes critique"},"content":{"rendered":"<p><strong>Dans un rapport sur \u00ab le soutien aux logements face aux \u00e9volutions climatiques et au vieillissement de la population \u00bb, la Cour des comptes reste critique face \u00e0 l\u2019efficacit\u00e9 des aides. L\u2019horizon 2050 lie urgence climatique et urgence d\u00e9mographique. Alors que la France vient de retenir un sc\u00e9nario de r\u00e9chauffement possible d\u2019environ 2\u00b0 Celsius en 2050, le pays pourrait compter, la m\u00eame ann\u00e9e, 7,2 millions d\u2019habitants \u00e2g\u00e9s de 75 \u00e0 84 ans, soit 75 % de plus qu\u2019aujourd\u2019hui. L\u2019objectif du \u00ab mieux vivre chez soi \u00bb int\u00e8gre ainsi les efforts de lutte contre le r\u00e9chauffement climatique, pour la sobri\u00e9t\u00e9 \u00e9nerg\u00e9tique et le confort thermique des logements, ainsi que l\u2019adaptation des r\u00e9sidences principales au vieillissement \u00e0 domicile, auquel plus de 85 % des Fran\u00e7ais aspirent.<\/strong><\/p>\n<p>Alors que les politiques publiques en mati\u00e8re d\u2019habitat ont prioris\u00e9 la r\u00e9novation \u00e9nerg\u00e9tique depuis plus de quinze ans, elles ne prennent en compte le vieillissement \u00e0 domicile que de mani\u00e8re embryonnaire. Depuis 2005, le l\u00e9gislateur aborde r\u00e9guli\u00e8rement les questions de r\u00e9novation \u00e9nerg\u00e9tique des logements. Les premiers programmes d\u2019aide d\u00e9velopp\u00e9s en 2010 ont \u00e9t\u00e9 amplifi\u00e9s depuis 2020, principalement par la mise en place de \u00ab MaPrimeR\u00e9nov\u2019 \u00bb. En ce qui concerne l\u2019adaptation des logements au vieillissement, le 1er janvier 2024, un nouveau dispositif aussi pilot\u00e9 par l\u2019Anah, \u00ab MaPrimeAdapt\u2019 \u00bb devrait \u00eatre ouvert aux m\u00e9nages modestes. Ce dispositif s\u2019inspire, dans sa m\u00e9canique budg\u00e9taire, de celui de \u00ab MaPrimeR\u00e9nov\u2019 \u00bb en fusionnant les aides nationales \u00e9parses en une subvention unique et en instaurant un parcours simplifi\u00e9 pour les b\u00e9n\u00e9ficiaires. Cette nouvelle prime permettrait d\u2019augmenter la mobilisation des aides publiques sans chercher \u00e0 atteindre tous les logements, contrairement \u00e0 \u00ab MaPrimeR\u00e9nov\u2019 \u00bb puisque les besoins sont li\u00e9s \u00e0 la situation des personnes de plus de 70 ans et non \u00e0 leur logement. Une enveloppe a \u00e9t\u00e9 estim\u00e9e \u00e0 410 M\u20ac par an sur 10 ans pour une cible de 680 000 logements \u00e0 r\u00e9nover. La direction du budget signale toutefois que ce financement n\u2019est pas assur\u00e9 aujourd\u2019hui. L\u2019absence de prise en compte des travaux de confort d\u2019\u00e9t\u00e9 reste difficilement explicable au regard des enjeux de sant\u00e9 publique que suscite le r\u00e9chauffement climatique, notamment pour les personnes \u00e2g\u00e9es. Par ailleurs, cette nouvelle subvention pourrait ne pas r\u00e9pondre aux enjeux d\u2019adaptation des r\u00e9sidences principales des quelque deux millions de m\u00e9nages jug\u00e9s prioritaires aujourd\u2019hui. Elle ne pourra pas non plus r\u00e9sumer l\u2019action publique en mati\u00e8re d\u2019accompagnement du vieillissement, dont les enjeux sont majeurs et plus vastes, allant des parcours r\u00e9sidentiels \u00e0 l\u2019urbanisme adapt\u00e9 en passant par les mobilit\u00e9s. En mati\u00e8re de r\u00e9novation \u00e9nerg\u00e9tique, alors que la massification des aides ne se traduit pas par des r\u00e9sultats environnementaux suffisamment probants, le choix d\u2019une aide \u00e0 la personne plut\u00f4t que d\u2019une aide \u00e0 la pierre pose question. En privil\u00e9giant une aide centralis\u00e9e, d\u2019abord fond\u00e9e sur la situation sociale des b\u00e9n\u00e9ficiaires, l\u2019action publique se prive d\u2019une approche plus pr\u00e9cise par logement, comme c\u2019\u00e9tait le cas dans le cadre du programme \u00ab Habiter Mieux \u00bb de l\u2019Anah. Cette question est d\u2019autant plus pr\u00e9gnante que ces aides modifient durablement le logement, tout comme sa valeur, ind\u00e9pendamment de ses occupants. En conclusion la Cour des Comptes fait remarquer que la cat\u00e9gorisation des aides aux logements devient peu pertinente et d\u00e9voy\u00e9e face aux nouveaux enjeux, et invite \u00e0 une r\u00e9forme et \u00e0 une simplification du syst\u00e8me.<\/p>\n<p>Source : Cour des comptes<\/p>\n<p>&nbsp;<\/p>\n","protected":false},"excerpt":{"rendered":"<p>Dans un rapport sur \u00ab le soutien aux logements face aux \u00e9volutions climatiques et au vieillissement de la population \u00bb, la Cour des comptes reste critique face \u00e0 l\u2019efficacit\u00e9 des aides. L\u2019horizon 2050 lie urgence climatique et urgence d\u00e9mographique. Alors que la France vient de retenir un sc\u00e9nario de r\u00e9chauffement possible d\u2019environ 2\u00b0 Celsius en [&hellip;]<\/p>\n","protected":false},"author":17,"featured_media":95524,"comment_status":"closed","ping_status":"closed","sticky":false,"template":"","format":"standard","meta":{"_et_pb_use_builder":"","_et_pb_old_content":"","_et_gb_content_width":"","footnotes":""},"categories":[10736,10530,6351,10781,10778],"tags":[13188,12942,871],"class_list":["post-109542","post","type-post","status-publish","format-standard","has-post-thumbnail","hentry","category-a-la-une","category-actualites","category-energie-environnement","category-publications-planete","category-planete","tag-maprimeadapt","tag-maprimerenov","tag-renovation-thermique"],"yoast_head":"<!-- This site is optimized with the Yoast SEO plugin v27.4 - https:\/\/yoast.com\/product\/yoast-seo-wordpress\/ -->\n<title>MaPrimeR\u00e9nov\u2019 et MaPrimeAdapt\u2019 : la Cour des comptes critique<\/title>\n<meta name=\"robots\" content=\"index, follow, max-snippet:-1, max-image-preview:large, max-video-preview:-1\" \/>\n<link rel=\"canonical\" href=\"https:\/\/batijournal.com\/index.php\/maprimerenov-et-maprimeadapt-la-cour-des-comptes-critique\/109542\/\" \/>\n<meta property=\"og:locale\" content=\"fr_FR\" \/>\n<meta property=\"og:type\" content=\"article\" \/>\n<meta property=\"og:title\" content=\"MaPrimeR\u00e9nov\u2019 et MaPrimeAdapt\u2019 : la Cour des comptes critique\" \/>\n<meta property=\"og:description\" content=\"Dans un rapport sur \u00ab le soutien aux logements face aux \u00e9volutions climatiques et au vieillissement de la population \u00bb, la Cour des comptes reste critique face \u00e0 l\u2019efficacit\u00e9 des aides. L\u2019horizon 2050 lie urgence climatique et urgence d\u00e9mographique. Alors que la France vient de retenir un sc\u00e9nario de r\u00e9chauffement possible d\u2019environ 2\u00b0 Celsius en [&hellip;]\" \/>\n<meta property=\"og:url\" content=\"https:\/\/batijournal.com\/index.php\/maprimerenov-et-maprimeadapt-la-cour-des-comptes-critique\/109542\/\" \/>\n<meta property=\"og:site_name\" content=\"Batijournal\" \/>\n<meta property=\"article:published_time\" content=\"2023-10-31T14:09:47+00:00\" \/>\n<meta property=\"og:image\" content=\"https:\/\/batijournal.com\/wp-content\/uploads\/2017\/03\/cour-des-comptes.png\" \/>\n\t<meta property=\"og:image:width\" content=\"820\" \/>\n\t<meta property=\"og:image:height\" content=\"431\" \/>\n\t<meta property=\"og:image:type\" content=\"image\/png\" \/>\n<meta name=\"author\" content=\"St\u00e9phane Miget\" \/>\n<meta name=\"twitter:card\" content=\"summary_large_image\" \/>\n<meta name=\"twitter:creator\" content=\"@bati_journal\" \/>\n<meta name=\"twitter:site\" content=\"@bati_journal\" \/>\n<meta name=\"twitter:label1\" content=\"\u00c9crit par\" \/>\n\t<meta name=\"twitter:data1\" content=\"St\u00e9phane Miget\" \/>\n\t<meta name=\"twitter:label2\" content=\"Dur\u00e9e de lecture estim\u00e9e\" \/>\n\t<meta name=\"twitter:data2\" content=\"3 minutes\" \/>\n<script type=\"application\/ld+json\" class=\"yoast-schema-graph\">{\"@context\":\"https:\\\/\\\/schema.org\",\"@graph\":[{\"@type\":\"Article\",\"@id\":\"https:\\\/\\\/batijournal.com\\\/index.php\\\/maprimerenov-et-maprimeadapt-la-cour-des-comptes-critique\\\/109542\\\/#article\",\"isPartOf\":{\"@id\":\"https:\\\/\\\/batijournal.com\\\/index.php\\\/maprimerenov-et-maprimeadapt-la-cour-des-comptes-critique\\\/109542\\\/\"},\"author\":{\"name\":\"St\u00e9phane Miget\",\"@id\":\"https:\\\/\\\/batijournal.com\\\/#\\\/schema\\\/person\\\/1dc96ec6957aa1ccb25ebe78bb19f100\"},\"headline\":\"MaPrimeR\u00e9nov\u2019 et MaPrimeAdapt\u2019 : la Cour des comptes critique\",\"datePublished\":\"2023-10-31T14:09:47+00:00\",\"mainEntityOfPage\":{\"@id\":\"https:\\\/\\\/batijournal.com\\\/index.php\\\/maprimerenov-et-maprimeadapt-la-cour-des-comptes-critique\\\/109542\\\/\"},\"wordCount\":607,\"image\":{\"@id\":\"https:\\\/\\\/batijournal.com\\\/index.php\\\/maprimerenov-et-maprimeadapt-la-cour-des-comptes-critique\\\/109542\\\/#primaryimage\"},\"thumbnailUrl\":\"https:\\\/\\\/batijournal.com\\\/wp-content\\\/uploads\\\/2017\\\/03\\\/cour-des-comptes.png\",\"keywords\":[\"MaPrimeAdapt\",\"MaPrimeRenov\",\"r\u00e9novation thermique\"],\"articleSection\":[\"A la Une\",\"Actualit\u00e9s\",\"\u00c9nergie &amp; Environnement\",\"zz_Actualit\u00e9s - Plan\u00e8te\",\"zz_Plan\u00e8te B\u00e2timent\"],\"inLanguage\":\"fr-FR\"},{\"@type\":\"WebPage\",\"@id\":\"https:\\\/\\\/batijournal.com\\\/index.php\\\/maprimerenov-et-maprimeadapt-la-cour-des-comptes-critique\\\/109542\\\/\",\"url\":\"https:\\\/\\\/batijournal.com\\\/index.php\\\/maprimerenov-et-maprimeadapt-la-cour-des-comptes-critique\\\/109542\\\/\",\"name\":\"MaPrimeR\u00e9nov\u2019 et MaPrimeAdapt\u2019 : la Cour des comptes critique\",\"isPartOf\":{\"@id\":\"https:\\\/\\\/batijournal.com\\\/#website\"},\"primaryImageOfPage\":{\"@id\":\"https:\\\/\\\/batijournal.com\\\/index.php\\\/maprimerenov-et-maprimeadapt-la-cour-des-comptes-critique\\\/109542\\\/#primaryimage\"},\"image\":{\"@id\":\"https:\\\/\\\/batijournal.com\\\/index.php\\\/maprimerenov-et-maprimeadapt-la-cour-des-comptes-critique\\\/109542\\\/#primaryimage\"},\"thumbnailUrl\":\"https:\\\/\\\/batijournal.com\\\/wp-content\\\/uploads\\\/2017\\\/03\\\/cour-des-comptes.png\",\"datePublished\":\"2023-10-31T14:09:47+00:00\",\"author\":{\"@id\":\"https:\\\/\\\/batijournal.com\\\/#\\\/schema\\\/person\\\/1dc96ec6957aa1ccb25ebe78bb19f100\"},\"breadcrumb\":{\"@id\":\"https:\\\/\\\/batijournal.com\\\/index.php\\\/maprimerenov-et-maprimeadapt-la-cour-des-comptes-critique\\\/109542\\\/#breadcrumb\"},\"inLanguage\":\"fr-FR\",\"potentialAction\":[{\"@type\":\"ReadAction\",\"target\":[\"https:\\\/\\\/batijournal.com\\\/index.php\\\/maprimerenov-et-maprimeadapt-la-cour-des-comptes-critique\\\/109542\\\/\"]}]},{\"@type\":\"ImageObject\",\"inLanguage\":\"fr-FR\",\"@id\":\"https:\\\/\\\/batijournal.com\\\/index.php\\\/maprimerenov-et-maprimeadapt-la-cour-des-comptes-critique\\\/109542\\\/#primaryimage\",\"url\":\"https:\\\/\\\/batijournal.com\\\/wp-content\\\/uploads\\\/2017\\\/03\\\/cour-des-comptes.png\",\"contentUrl\":\"https:\\\/\\\/batijournal.com\\\/wp-content\\\/uploads\\\/2017\\\/03\\\/cour-des-comptes.png\",\"width\":820,\"height\":431},{\"@type\":\"BreadcrumbList\",\"@id\":\"https:\\\/\\\/batijournal.com\\\/index.php\\\/maprimerenov-et-maprimeadapt-la-cour-des-comptes-critique\\\/109542\\\/#breadcrumb\",\"itemListElement\":[{\"@type\":\"ListItem\",\"position\":1,\"name\":\"Accueil\",\"item\":\"https:\\\/\\\/batijournal.com\\\/\"},{\"@type\":\"ListItem\",\"position\":2,\"name\":\"Actualit\u00e9s\",\"item\":\"https:\\\/\\\/batijournal.com\\\/index.php\\\/category\\\/actualites\\\/\"},{\"@type\":\"ListItem\",\"position\":3,\"name\":\"MaPrimeR\u00e9nov\u2019 et MaPrimeAdapt\u2019 : la Cour des comptes critique\"}]},{\"@type\":\"WebSite\",\"@id\":\"https:\\\/\\\/batijournal.com\\\/#website\",\"url\":\"https:\\\/\\\/batijournal.com\\\/\",\"name\":\"Batijournal\",\"description\":\"L&#039;actualit\u00e9 du b\u00e2timent\",\"potentialAction\":[{\"@type\":\"SearchAction\",\"target\":{\"@type\":\"EntryPoint\",\"urlTemplate\":\"https:\\\/\\\/batijournal.com\\\/?s={search_term_string}\"},\"query-input\":{\"@type\":\"PropertyValueSpecification\",\"valueRequired\":true,\"valueName\":\"search_term_string\"}}],\"inLanguage\":\"fr-FR\"},{\"@type\":\"Person\",\"@id\":\"https:\\\/\\\/batijournal.com\\\/#\\\/schema\\\/person\\\/1dc96ec6957aa1ccb25ebe78bb19f100\",\"name\":\"St\u00e9phane Miget\",\"image\":{\"@type\":\"ImageObject\",\"inLanguage\":\"fr-FR\",\"@id\":\"https:\\\/\\\/secure.gravatar.com\\\/avatar\\\/89915563d925342126b8ef0281b93d9d7fc337043e8df017f780908eb9644451?s=96&d=mm&r=g\",\"url\":\"https:\\\/\\\/secure.gravatar.com\\\/avatar\\\/89915563d925342126b8ef0281b93d9d7fc337043e8df017f780908eb9644451?s=96&d=mm&r=g\",\"contentUrl\":\"https:\\\/\\\/secure.gravatar.com\\\/avatar\\\/89915563d925342126b8ef0281b93d9d7fc337043e8df017f780908eb9644451?s=96&d=mm&r=g\",\"caption\":\"St\u00e9phane Miget\"},\"url\":\"https:\\\/\\\/batijournal.com\\\/index.php\\\/author\\\/stephane\\\/\"}]}<\/script>\n<!-- \/ Yoast SEO plugin. -->","yoast_head_json":{"title":"MaPrimeR\u00e9nov\u2019 et MaPrimeAdapt\u2019 : la Cour des comptes critique","robots":{"index":"index","follow":"follow","max-snippet":"max-snippet:-1","max-image-preview":"max-image-preview:large","max-video-preview":"max-video-preview:-1"},"canonical":"https:\/\/batijournal.com\/index.php\/maprimerenov-et-maprimeadapt-la-cour-des-comptes-critique\/109542\/","og_locale":"fr_FR","og_type":"article","og_title":"MaPrimeR\u00e9nov\u2019 et MaPrimeAdapt\u2019 : la Cour des comptes critique","og_description":"Dans un rapport sur \u00ab le soutien aux logements face aux \u00e9volutions climatiques et au vieillissement de la population \u00bb, la Cour des comptes reste critique face \u00e0 l\u2019efficacit\u00e9 des aides. L\u2019horizon 2050 lie urgence climatique et urgence d\u00e9mographique. Alors que la France vient de retenir un sc\u00e9nario de r\u00e9chauffement possible d\u2019environ 2\u00b0 Celsius en [&hellip;]","og_url":"https:\/\/batijournal.com\/index.php\/maprimerenov-et-maprimeadapt-la-cour-des-comptes-critique\/109542\/","og_site_name":"Batijournal","article_published_time":"2023-10-31T14:09:47+00:00","og_image":[{"width":820,"height":431,"url":"https:\/\/batijournal.com\/wp-content\/uploads\/2017\/03\/cour-des-comptes.png","type":"image\/png"}],"author":"St\u00e9phane Miget","twitter_card":"summary_large_image","twitter_creator":"@bati_journal","twitter_site":"@bati_journal","twitter_misc":{"\u00c9crit par":"St\u00e9phane Miget","Dur\u00e9e de lecture estim\u00e9e":"3 minutes"},"schema":{"@context":"https:\/\/schema.org","@graph":[{"@type":"Article","@id":"https:\/\/batijournal.com\/index.php\/maprimerenov-et-maprimeadapt-la-cour-des-comptes-critique\/109542\/#article","isPartOf":{"@id":"https:\/\/batijournal.com\/index.php\/maprimerenov-et-maprimeadapt-la-cour-des-comptes-critique\/109542\/"},"author":{"name":"St\u00e9phane Miget","@id":"https:\/\/batijournal.com\/#\/schema\/person\/1dc96ec6957aa1ccb25ebe78bb19f100"},"headline":"MaPrimeR\u00e9nov\u2019 et MaPrimeAdapt\u2019 : la Cour des comptes critique","datePublished":"2023-10-31T14:09:47+00:00","mainEntityOfPage":{"@id":"https:\/\/batijournal.com\/index.php\/maprimerenov-et-maprimeadapt-la-cour-des-comptes-critique\/109542\/"},"wordCount":607,"image":{"@id":"https:\/\/batijournal.com\/index.php\/maprimerenov-et-maprimeadapt-la-cour-des-comptes-critique\/109542\/#primaryimage"},"thumbnailUrl":"https:\/\/batijournal.com\/wp-content\/uploads\/2017\/03\/cour-des-comptes.png","keywords":["MaPrimeAdapt","MaPrimeRenov","r\u00e9novation thermique"],"articleSection":["A la Une","Actualit\u00e9s","\u00c9nergie &amp; Environnement","zz_Actualit\u00e9s - Plan\u00e8te","zz_Plan\u00e8te B\u00e2timent"],"inLanguage":"fr-FR"},{"@type":"WebPage","@id":"https:\/\/batijournal.com\/index.php\/maprimerenov-et-maprimeadapt-la-cour-des-comptes-critique\/109542\/","url":"https:\/\/batijournal.com\/index.php\/maprimerenov-et-maprimeadapt-la-cour-des-comptes-critique\/109542\/","name":"MaPrimeR\u00e9nov\u2019 et MaPrimeAdapt\u2019 : la Cour des comptes critique","isPartOf":{"@id":"https:\/\/batijournal.com\/#website"},"primaryImageOfPage":{"@id":"https:\/\/batijournal.com\/index.php\/maprimerenov-et-maprimeadapt-la-cour-des-comptes-critique\/109542\/#primaryimage"},"image":{"@id":"https:\/\/batijournal.com\/index.php\/maprimerenov-et-maprimeadapt-la-cour-des-comptes-critique\/109542\/#primaryimage"},"thumbnailUrl":"https:\/\/batijournal.com\/wp-content\/uploads\/2017\/03\/cour-des-comptes.png","datePublished":"2023-10-31T14:09:47+00:00","author":{"@id":"https:\/\/batijournal.com\/#\/schema\/person\/1dc96ec6957aa1ccb25ebe78bb19f100"},"breadcrumb":{"@id":"https:\/\/batijournal.com\/index.php\/maprimerenov-et-maprimeadapt-la-cour-des-comptes-critique\/109542\/#breadcrumb"},"inLanguage":"fr-FR","potentialAction":[{"@type":"ReadAction","target":["https:\/\/batijournal.com\/index.php\/maprimerenov-et-maprimeadapt-la-cour-des-comptes-critique\/109542\/"]}]},{"@type":"ImageObject","inLanguage":"fr-FR","@id":"https:\/\/batijournal.com\/index.php\/maprimerenov-et-maprimeadapt-la-cour-des-comptes-critique\/109542\/#primaryimage","url":"https:\/\/batijournal.com\/wp-content\/uploads\/2017\/03\/cour-des-comptes.png","contentUrl":"https:\/\/batijournal.com\/wp-content\/uploads\/2017\/03\/cour-des-comptes.png","width":820,"height":431},{"@type":"BreadcrumbList","@id":"https:\/\/batijournal.com\/index.php\/maprimerenov-et-maprimeadapt-la-cour-des-comptes-critique\/109542\/#breadcrumb","itemListElement":[{"@type":"ListItem","position":1,"name":"Accueil","item":"https:\/\/batijournal.com\/"},{"@type":"ListItem","position":2,"name":"Actualit\u00e9s","item":"https:\/\/batijournal.com\/index.php\/category\/actualites\/"},{"@type":"ListItem","position":3,"name":"MaPrimeR\u00e9nov\u2019 et MaPrimeAdapt\u2019 : la Cour des comptes critique"}]},{"@type":"WebSite","@id":"https:\/\/batijournal.com\/#website","url":"https:\/\/batijournal.com\/","name":"Batijournal","description":"L&#039;actualit\u00e9 du b\u00e2timent","potentialAction":[{"@type":"SearchAction","target":{"@type":"EntryPoint","urlTemplate":"https:\/\/batijournal.com\/?s={search_term_string}"},"query-input":{"@type":"PropertyValueSpecification","valueRequired":true,"valueName":"search_term_string"}}],"inLanguage":"fr-FR"},{"@type":"Person","@id":"https:\/\/batijournal.com\/#\/schema\/person\/1dc96ec6957aa1ccb25ebe78bb19f100","name":"St\u00e9phane Miget","image":{"@type":"ImageObject","inLanguage":"fr-FR","@id":"https:\/\/secure.gravatar.com\/avatar\/89915563d925342126b8ef0281b93d9d7fc337043e8df017f780908eb9644451?s=96&d=mm&r=g","url":"https:\/\/secure.gravatar.com\/avatar\/89915563d925342126b8ef0281b93d9d7fc337043e8df017f780908eb9644451?s=96&d=mm&r=g","contentUrl":"https:\/\/secure.gravatar.com\/avatar\/89915563d925342126b8ef0281b93d9d7fc337043e8df017f780908eb9644451?s=96&d=mm&r=g","caption":"St\u00e9phane Miget"},"url":"https:\/\/batijournal.com\/index.php\/author\/stephane\/"}]}},"_links":{"self":[{"href":"https:\/\/batijournal.com\/index.php\/wp-json\/wp\/v2\/posts\/109542","targetHints":{"allow":["GET"]}}],"collection":[{"href":"https:\/\/batijournal.com\/index.php\/wp-json\/wp\/v2\/posts"}],"about":[{"href":"https:\/\/batijournal.com\/index.php\/wp-json\/wp\/v2\/types\/post"}],"author":[{"embeddable":true,"href":"https:\/\/batijournal.com\/index.php\/wp-json\/wp\/v2\/users\/17"}],"replies":[{"embeddable":true,"href":"https:\/\/batijournal.com\/index.php\/wp-json\/wp\/v2\/comments?post=109542"}],"version-history":[{"count":0,"href":"https:\/\/batijournal.com\/index.php\/wp-json\/wp\/v2\/posts\/109542\/revisions"}],"wp:featuredmedia":[{"embeddable":true,"href":"https:\/\/batijournal.com\/index.php\/wp-json\/wp\/v2\/media\/95524"}],"wp:attachment":[{"href":"https:\/\/batijournal.com\/index.php\/wp-json\/wp\/v2\/media?parent=109542"}],"wp:term":[{"taxonomy":"category","embeddable":true,"href":"https:\/\/batijournal.com\/index.php\/wp-json\/wp\/v2\/categories?post=109542"},{"taxonomy":"post_tag","embeddable":true,"href":"https:\/\/batijournal.com\/index.php\/wp-json\/wp\/v2\/tags?post=109542"}],"curies":[{"name":"wp","href":"https:\/\/api.w.org\/{rel}","templated":true}]}}