{"id":109600,"date":"2023-11-06T14:02:30","date_gmt":"2023-11-06T13:02:30","guid":{"rendered":"https:\/\/batijournal.com\/?p=109600"},"modified":"2023-11-06T14:02:30","modified_gmt":"2023-11-06T13:02:30","slug":"arnaud-tractere-nouveau-directeur-general-de-saint-gobain-weber-france","status":"publish","type":"post","link":"https:\/\/batijournal.com\/index.php\/arnaud-tractere-nouveau-directeur-general-de-saint-gobain-weber-france\/109600\/","title":{"rendered":"Arnaud TRACTERE, nouveau Directeur G\u00e9n\u00e9ral de Saint-Gobain Weber France"},"content":{"rendered":"<p>Weber, leader mondial des mortiers industriels, annonce la nomination d\u2019Arnaud TRACTERE, Directeur G\u00e9n\u00e9ral de Saint-Gobain Weber France. Il a pris ses fonctions le 1er novembre 2023, succ\u00e9dant \u00e0 Marine CHARLES. Arnaud TRACTERE aura en charge la poursuite et le d\u00e9veloppement de la strat\u00e9gie Weber en termes d\u2019innovation, de performance et de construction\/r\u00e9novation plus durable. Arnaud TRACTERE a rejoint le Groupe Saint-Gobain chez Weber France, en Juillet 2000, en tant qu\u2019Agent Technico-Commercial, puis apr\u00e8s avoir occup\u00e9 de nombreuses fonctions commerciales et marketing, il en devint Directeur Commercial en 2012. Il rejoint ensuite l\u2019enseigne POINT.P comme Directeur Marketing et Achats en juillet 2016. En janvier 2020, il prend la Direction G\u00e9n\u00e9rale de POINT.P Bretagne et Pays de Loire, avant d\u2019occuper, depuis octobre 2022, le poste de Directeur G\u00e9n\u00e9ral de Saint-Gobain Solutions France.<\/p>\n<p>&nbsp;<\/p>\n","protected":false},"excerpt":{"rendered":"<p>Weber, leader mondial des mortiers industriels, annonce la nomination d\u2019Arnaud TRACTERE, Directeur G\u00e9n\u00e9ral de Saint-Gobain Weber France. Il a pris ses fonctions le 1er novembre 2023, succ\u00e9dant \u00e0 Marine CHARLES. Arnaud TRACTERE aura en charge la poursuite et le d\u00e9veloppement de la strat\u00e9gie Weber en termes d\u2019innovation, de performance et de construction\/r\u00e9novation plus durable. Arnaud [&hellip;]<\/p>\n","protected":false},"author":17,"featured_media":109601,"comment_status":"closed","ping_status":"closed","sticky":false,"template":"","format":"standard","meta":{"_et_pb_use_builder":"","_et_pb_old_content":"","_et_gb_content_width":"","footnotes":""},"categories":[10530,6345,10771,10775],"tags":[1422,11040,12622,1873],"class_list":["post-109600","post","type-post","status-publish","format-standard","has-post-thumbnail","hentry","category-actualites","category-economie-marches","category-5facades","category-actualites-5facades","tag-materiaux","tag-negoce","tag-saint-gobain-weber-france","tag-weber"],"yoast_head":"<!-- This site is optimized with the Yoast SEO plugin v27.4 - https:\/\/yoast.com\/product\/yoast-seo-wordpress\/ -->\n<title>Arnaud TRACTERE, nouveau Directeur G\u00e9n\u00e9ral de Saint-Gobain Weber France<\/title>\n<meta name=\"robots\" content=\"index, follow, max-snippet:-1, max-image-preview:large, max-video-preview:-1\" \/>\n<link rel=\"canonical\" href=\"https:\/\/batijournal.com\/index.php\/arnaud-tractere-nouveau-directeur-general-de-saint-gobain-weber-france\/109600\/\" \/>\n<meta property=\"og:locale\" content=\"fr_FR\" \/>\n<meta property=\"og:type\" content=\"article\" \/>\n<meta property=\"og:title\" content=\"Arnaud TRACTERE, nouveau Directeur G\u00e9n\u00e9ral de Saint-Gobain Weber France\" \/>\n<meta property=\"og:description\" content=\"Weber, leader mondial des mortiers industriels, annonce la nomination d\u2019Arnaud TRACTERE, Directeur G\u00e9n\u00e9ral de Saint-Gobain Weber France. Il a pris ses fonctions le 1er novembre 2023, succ\u00e9dant \u00e0 Marine CHARLES. Arnaud TRACTERE aura en charge la poursuite et le d\u00e9veloppement de la strat\u00e9gie Weber en termes d\u2019innovation, de performance et de construction\/r\u00e9novation plus durable. Arnaud [&hellip;]\" \/>\n<meta property=\"og:url\" content=\"https:\/\/batijournal.com\/index.php\/arnaud-tractere-nouveau-directeur-general-de-saint-gobain-weber-france\/109600\/\" \/>\n<meta property=\"og:site_name\" content=\"Batijournal\" \/>\n<meta property=\"article:published_time\" content=\"2023-11-06T13:02:30+00:00\" \/>\n<meta property=\"og:image\" content=\"https:\/\/batijournal.com\/wp-content\/uploads\/2023\/11\/1_Weber-Arnaud-Tractere.jpg\" \/>\n\t<meta property=\"og:image:width\" content=\"852\" \/>\n\t<meta property=\"og:image:height\" content=\"567\" \/>\n\t<meta property=\"og:image:type\" content=\"image\/jpeg\" \/>\n<meta name=\"author\" content=\"St\u00e9phane Miget\" \/>\n<meta name=\"twitter:card\" content=\"summary_large_image\" \/>\n<meta name=\"twitter:creator\" content=\"@bati_journal\" \/>\n<meta name=\"twitter:site\" content=\"@bati_journal\" \/>\n<meta name=\"twitter:label1\" content=\"\u00c9crit par\" \/>\n\t<meta name=\"twitter:data1\" content=\"St\u00e9phane Miget\" \/>\n\t<meta name=\"twitter:label2\" content=\"Dur\u00e9e de lecture estim\u00e9e\" \/>\n\t<meta name=\"twitter:data2\" content=\"1 minute\" \/>\n<script type=\"application\/ld+json\" class=\"yoast-schema-graph\">{\"@context\":\"https:\\\/\\\/schema.org\",\"@graph\":[{\"@type\":\"Article\",\"@id\":\"https:\\\/\\\/batijournal.com\\\/index.php\\\/arnaud-tractere-nouveau-directeur-general-de-saint-gobain-weber-france\\\/109600\\\/#article\",\"isPartOf\":{\"@id\":\"https:\\\/\\\/batijournal.com\\\/index.php\\\/arnaud-tractere-nouveau-directeur-general-de-saint-gobain-weber-france\\\/109600\\\/\"},\"author\":{\"name\":\"St\u00e9phane Miget\",\"@id\":\"https:\\\/\\\/batijournal.com\\\/#\\\/schema\\\/person\\\/1dc96ec6957aa1ccb25ebe78bb19f100\"},\"headline\":\"Arnaud TRACTERE, nouveau Directeur G\u00e9n\u00e9ral de Saint-Gobain Weber France\",\"datePublished\":\"2023-11-06T13:02:30+00:00\",\"mainEntityOfPage\":{\"@id\":\"https:\\\/\\\/batijournal.com\\\/index.php\\\/arnaud-tractere-nouveau-directeur-general-de-saint-gobain-weber-france\\\/109600\\\/\"},\"wordCount\":154,\"image\":{\"@id\":\"https:\\\/\\\/batijournal.com\\\/index.php\\\/arnaud-tractere-nouveau-directeur-general-de-saint-gobain-weber-france\\\/109600\\\/#primaryimage\"},\"thumbnailUrl\":\"https:\\\/\\\/batijournal.com\\\/wp-content\\\/uploads\\\/2023\\\/11\\\/1_Weber-Arnaud-Tractere.jpg\",\"keywords\":[\"mat\u00e9riaux\",\"n\u00e9goce\",\"Saint-Gobain Weber France\",\"Weber\"],\"articleSection\":[\"Actualit\u00e9s\",\"\u00c9conomie &amp; March\u00e9s\",\"zz_5fa\u00e7ades\",\"zz_Actualit\u00e9s - 5fa\u00e7ades\"],\"inLanguage\":\"fr-FR\"},{\"@type\":\"WebPage\",\"@id\":\"https:\\\/\\\/batijournal.com\\\/index.php\\\/arnaud-tractere-nouveau-directeur-general-de-saint-gobain-weber-france\\\/109600\\\/\",\"url\":\"https:\\\/\\\/batijournal.com\\\/index.php\\\/arnaud-tractere-nouveau-directeur-general-de-saint-gobain-weber-france\\\/109600\\\/\",\"name\":\"Arnaud TRACTERE, nouveau Directeur G\u00e9n\u00e9ral de Saint-Gobain Weber France\",\"isPartOf\":{\"@id\":\"https:\\\/\\\/batijournal.com\\\/#website\"},\"primaryImageOfPage\":{\"@id\":\"https:\\\/\\\/batijournal.com\\\/index.php\\\/arnaud-tractere-nouveau-directeur-general-de-saint-gobain-weber-france\\\/109600\\\/#primaryimage\"},\"image\":{\"@id\":\"https:\\\/\\\/batijournal.com\\\/index.php\\\/arnaud-tractere-nouveau-directeur-general-de-saint-gobain-weber-france\\\/109600\\\/#primaryimage\"},\"thumbnailUrl\":\"https:\\\/\\\/batijournal.com\\\/wp-content\\\/uploads\\\/2023\\\/11\\\/1_Weber-Arnaud-Tractere.jpg\",\"datePublished\":\"2023-11-06T13:02:30+00:00\",\"author\":{\"@id\":\"https:\\\/\\\/batijournal.com\\\/#\\\/schema\\\/person\\\/1dc96ec6957aa1ccb25ebe78bb19f100\"},\"breadcrumb\":{\"@id\":\"https:\\\/\\\/batijournal.com\\\/index.php\\\/arnaud-tractere-nouveau-directeur-general-de-saint-gobain-weber-france\\\/109600\\\/#breadcrumb\"},\"inLanguage\":\"fr-FR\",\"potentialAction\":[{\"@type\":\"ReadAction\",\"target\":[\"https:\\\/\\\/batijournal.com\\\/index.php\\\/arnaud-tractere-nouveau-directeur-general-de-saint-gobain-weber-france\\\/109600\\\/\"]}]},{\"@type\":\"ImageObject\",\"inLanguage\":\"fr-FR\",\"@id\":\"https:\\\/\\\/batijournal.com\\\/index.php\\\/arnaud-tractere-nouveau-directeur-general-de-saint-gobain-weber-france\\\/109600\\\/#primaryimage\",\"url\":\"https:\\\/\\\/batijournal.com\\\/wp-content\\\/uploads\\\/2023\\\/11\\\/1_Weber-Arnaud-Tractere.jpg\",\"contentUrl\":\"https:\\\/\\\/batijournal.com\\\/wp-content\\\/uploads\\\/2023\\\/11\\\/1_Weber-Arnaud-Tractere.jpg\",\"width\":852,\"height\":567},{\"@type\":\"BreadcrumbList\",\"@id\":\"https:\\\/\\\/batijournal.com\\\/index.php\\\/arnaud-tractere-nouveau-directeur-general-de-saint-gobain-weber-france\\\/109600\\\/#breadcrumb\",\"itemListElement\":[{\"@type\":\"ListItem\",\"position\":1,\"name\":\"Accueil\",\"item\":\"https:\\\/\\\/batijournal.com\\\/\"},{\"@type\":\"ListItem\",\"position\":2,\"name\":\"Actualit\u00e9s\",\"item\":\"https:\\\/\\\/batijournal.com\\\/index.php\\\/category\\\/actualites\\\/\"},{\"@type\":\"ListItem\",\"position\":3,\"name\":\"Arnaud TRACTERE, nouveau Directeur G\u00e9n\u00e9ral de Saint-Gobain Weber France\"}]},{\"@type\":\"WebSite\",\"@id\":\"https:\\\/\\\/batijournal.com\\\/#website\",\"url\":\"https:\\\/\\\/batijournal.com\\\/\",\"name\":\"Batijournal\",\"description\":\"L&#039;actualit\u00e9 du b\u00e2timent\",\"potentialAction\":[{\"@type\":\"SearchAction\",\"target\":{\"@type\":\"EntryPoint\",\"urlTemplate\":\"https:\\\/\\\/batijournal.com\\\/?s={search_term_string}\"},\"query-input\":{\"@type\":\"PropertyValueSpecification\",\"valueRequired\":true,\"valueName\":\"search_term_string\"}}],\"inLanguage\":\"fr-FR\"},{\"@type\":\"Person\",\"@id\":\"https:\\\/\\\/batijournal.com\\\/#\\\/schema\\\/person\\\/1dc96ec6957aa1ccb25ebe78bb19f100\",\"name\":\"St\u00e9phane Miget\",\"image\":{\"@type\":\"ImageObject\",\"inLanguage\":\"fr-FR\",\"@id\":\"https:\\\/\\\/secure.gravatar.com\\\/avatar\\\/89915563d925342126b8ef0281b93d9d7fc337043e8df017f780908eb9644451?s=96&d=mm&r=g\",\"url\":\"https:\\\/\\\/secure.gravatar.com\\\/avatar\\\/89915563d925342126b8ef0281b93d9d7fc337043e8df017f780908eb9644451?s=96&d=mm&r=g\",\"contentUrl\":\"https:\\\/\\\/secure.gravatar.com\\\/avatar\\\/89915563d925342126b8ef0281b93d9d7fc337043e8df017f780908eb9644451?s=96&d=mm&r=g\",\"caption\":\"St\u00e9phane Miget\"},\"url\":\"https:\\\/\\\/batijournal.com\\\/index.php\\\/author\\\/stephane\\\/\"}]}<\/script>\n<!-- \/ Yoast SEO plugin. -->","yoast_head_json":{"title":"Arnaud TRACTERE, nouveau Directeur G\u00e9n\u00e9ral de Saint-Gobain Weber France","robots":{"index":"index","follow":"follow","max-snippet":"max-snippet:-1","max-image-preview":"max-image-preview:large","max-video-preview":"max-video-preview:-1"},"canonical":"https:\/\/batijournal.com\/index.php\/arnaud-tractere-nouveau-directeur-general-de-saint-gobain-weber-france\/109600\/","og_locale":"fr_FR","og_type":"article","og_title":"Arnaud TRACTERE, nouveau Directeur G\u00e9n\u00e9ral de Saint-Gobain Weber France","og_description":"Weber, leader mondial des mortiers industriels, annonce la nomination d\u2019Arnaud TRACTERE, Directeur G\u00e9n\u00e9ral de Saint-Gobain Weber France. Il a pris ses fonctions le 1er novembre 2023, succ\u00e9dant \u00e0 Marine CHARLES. Arnaud TRACTERE aura en charge la poursuite et le d\u00e9veloppement de la strat\u00e9gie Weber en termes d\u2019innovation, de performance et de construction\/r\u00e9novation plus durable. Arnaud [&hellip;]","og_url":"https:\/\/batijournal.com\/index.php\/arnaud-tractere-nouveau-directeur-general-de-saint-gobain-weber-france\/109600\/","og_site_name":"Batijournal","article_published_time":"2023-11-06T13:02:30+00:00","og_image":[{"width":852,"height":567,"url":"https:\/\/batijournal.com\/wp-content\/uploads\/2023\/11\/1_Weber-Arnaud-Tractere.jpg","type":"image\/jpeg"}],"author":"St\u00e9phane Miget","twitter_card":"summary_large_image","twitter_creator":"@bati_journal","twitter_site":"@bati_journal","twitter_misc":{"\u00c9crit par":"St\u00e9phane Miget","Dur\u00e9e de lecture estim\u00e9e":"1 minute"},"schema":{"@context":"https:\/\/schema.org","@graph":[{"@type":"Article","@id":"https:\/\/batijournal.com\/index.php\/arnaud-tractere-nouveau-directeur-general-de-saint-gobain-weber-france\/109600\/#article","isPartOf":{"@id":"https:\/\/batijournal.com\/index.php\/arnaud-tractere-nouveau-directeur-general-de-saint-gobain-weber-france\/109600\/"},"author":{"name":"St\u00e9phane Miget","@id":"https:\/\/batijournal.com\/#\/schema\/person\/1dc96ec6957aa1ccb25ebe78bb19f100"},"headline":"Arnaud TRACTERE, nouveau Directeur G\u00e9n\u00e9ral de Saint-Gobain Weber France","datePublished":"2023-11-06T13:02:30+00:00","mainEntityOfPage":{"@id":"https:\/\/batijournal.com\/index.php\/arnaud-tractere-nouveau-directeur-general-de-saint-gobain-weber-france\/109600\/"},"wordCount":154,"image":{"@id":"https:\/\/batijournal.com\/index.php\/arnaud-tractere-nouveau-directeur-general-de-saint-gobain-weber-france\/109600\/#primaryimage"},"thumbnailUrl":"https:\/\/batijournal.com\/wp-content\/uploads\/2023\/11\/1_Weber-Arnaud-Tractere.jpg","keywords":["mat\u00e9riaux","n\u00e9goce","Saint-Gobain Weber France","Weber"],"articleSection":["Actualit\u00e9s","\u00c9conomie &amp; March\u00e9s","zz_5fa\u00e7ades","zz_Actualit\u00e9s - 5fa\u00e7ades"],"inLanguage":"fr-FR"},{"@type":"WebPage","@id":"https:\/\/batijournal.com\/index.php\/arnaud-tractere-nouveau-directeur-general-de-saint-gobain-weber-france\/109600\/","url":"https:\/\/batijournal.com\/index.php\/arnaud-tractere-nouveau-directeur-general-de-saint-gobain-weber-france\/109600\/","name":"Arnaud TRACTERE, nouveau Directeur G\u00e9n\u00e9ral de Saint-Gobain Weber France","isPartOf":{"@id":"https:\/\/batijournal.com\/#website"},"primaryImageOfPage":{"@id":"https:\/\/batijournal.com\/index.php\/arnaud-tractere-nouveau-directeur-general-de-saint-gobain-weber-france\/109600\/#primaryimage"},"image":{"@id":"https:\/\/batijournal.com\/index.php\/arnaud-tractere-nouveau-directeur-general-de-saint-gobain-weber-france\/109600\/#primaryimage"},"thumbnailUrl":"https:\/\/batijournal.com\/wp-content\/uploads\/2023\/11\/1_Weber-Arnaud-Tractere.jpg","datePublished":"2023-11-06T13:02:30+00:00","author":{"@id":"https:\/\/batijournal.com\/#\/schema\/person\/1dc96ec6957aa1ccb25ebe78bb19f100"},"breadcrumb":{"@id":"https:\/\/batijournal.com\/index.php\/arnaud-tractere-nouveau-directeur-general-de-saint-gobain-weber-france\/109600\/#breadcrumb"},"inLanguage":"fr-FR","potentialAction":[{"@type":"ReadAction","target":["https:\/\/batijournal.com\/index.php\/arnaud-tractere-nouveau-directeur-general-de-saint-gobain-weber-france\/109600\/"]}]},{"@type":"ImageObject","inLanguage":"fr-FR","@id":"https:\/\/batijournal.com\/index.php\/arnaud-tractere-nouveau-directeur-general-de-saint-gobain-weber-france\/109600\/#primaryimage","url":"https:\/\/batijournal.com\/wp-content\/uploads\/2023\/11\/1_Weber-Arnaud-Tractere.jpg","contentUrl":"https:\/\/batijournal.com\/wp-content\/uploads\/2023\/11\/1_Weber-Arnaud-Tractere.jpg","width":852,"height":567},{"@type":"BreadcrumbList","@id":"https:\/\/batijournal.com\/index.php\/arnaud-tractere-nouveau-directeur-general-de-saint-gobain-weber-france\/109600\/#breadcrumb","itemListElement":[{"@type":"ListItem","position":1,"name":"Accueil","item":"https:\/\/batijournal.com\/"},{"@type":"ListItem","position":2,"name":"Actualit\u00e9s","item":"https:\/\/batijournal.com\/index.php\/category\/actualites\/"},{"@type":"ListItem","position":3,"name":"Arnaud TRACTERE, nouveau Directeur G\u00e9n\u00e9ral de Saint-Gobain Weber France"}]},{"@type":"WebSite","@id":"https:\/\/batijournal.com\/#website","url":"https:\/\/batijournal.com\/","name":"Batijournal","description":"L&#039;actualit\u00e9 du b\u00e2timent","potentialAction":[{"@type":"SearchAction","target":{"@type":"EntryPoint","urlTemplate":"https:\/\/batijournal.com\/?s={search_term_string}"},"query-input":{"@type":"PropertyValueSpecification","valueRequired":true,"valueName":"search_term_string"}}],"inLanguage":"fr-FR"},{"@type":"Person","@id":"https:\/\/batijournal.com\/#\/schema\/person\/1dc96ec6957aa1ccb25ebe78bb19f100","name":"St\u00e9phane Miget","image":{"@type":"ImageObject","inLanguage":"fr-FR","@id":"https:\/\/secure.gravatar.com\/avatar\/89915563d925342126b8ef0281b93d9d7fc337043e8df017f780908eb9644451?s=96&d=mm&r=g","url":"https:\/\/secure.gravatar.com\/avatar\/89915563d925342126b8ef0281b93d9d7fc337043e8df017f780908eb9644451?s=96&d=mm&r=g","contentUrl":"https:\/\/secure.gravatar.com\/avatar\/89915563d925342126b8ef0281b93d9d7fc337043e8df017f780908eb9644451?s=96&d=mm&r=g","caption":"St\u00e9phane Miget"},"url":"https:\/\/batijournal.com\/index.php\/author\/stephane\/"}]}},"_links":{"self":[{"href":"https:\/\/batijournal.com\/index.php\/wp-json\/wp\/v2\/posts\/109600","targetHints":{"allow":["GET"]}}],"collection":[{"href":"https:\/\/batijournal.com\/index.php\/wp-json\/wp\/v2\/posts"}],"about":[{"href":"https:\/\/batijournal.com\/index.php\/wp-json\/wp\/v2\/types\/post"}],"author":[{"embeddable":true,"href":"https:\/\/batijournal.com\/index.php\/wp-json\/wp\/v2\/users\/17"}],"replies":[{"embeddable":true,"href":"https:\/\/batijournal.com\/index.php\/wp-json\/wp\/v2\/comments?post=109600"}],"version-history":[{"count":0,"href":"https:\/\/batijournal.com\/index.php\/wp-json\/wp\/v2\/posts\/109600\/revisions"}],"wp:featuredmedia":[{"embeddable":true,"href":"https:\/\/batijournal.com\/index.php\/wp-json\/wp\/v2\/media\/109601"}],"wp:attachment":[{"href":"https:\/\/batijournal.com\/index.php\/wp-json\/wp\/v2\/media?parent=109600"}],"wp:term":[{"taxonomy":"category","embeddable":true,"href":"https:\/\/batijournal.com\/index.php\/wp-json\/wp\/v2\/categories?post=109600"},{"taxonomy":"post_tag","embeddable":true,"href":"https:\/\/batijournal.com\/index.php\/wp-json\/wp\/v2\/tags?post=109600"}],"curies":[{"name":"wp","href":"https:\/\/api.w.org\/{rel}","templated":true}]}}